{"id":28887,"date":"2018-04-07T21:30:19","date_gmt":"2018-04-07T19:30:19","guid":{"rendered":"https:\/\/sagavinaestartit.com\/2018\/04\/07\/street-view-van-cala-montgo-van-lestartit\/"},"modified":"2018-04-07T21:30:19","modified_gmt":"2018-04-07T19:30:19","slug":"street-view-van-cala-montgo-van-lestartit","status":"publish","type":"post","link":"https:\/\/sagavinaestartit.com\/nl\/street-view-van-cala-montgo-van-lestartit\/","title":{"rendered":"Street view van cala montg\u00f3 van l&#8217;Estartit"},"content":{"rendered":"<p style=\"text-align: justify;\">In april 2014 Google Maps, met behulp van Google Earth-technologie, stelt ons in staat het te zien met veel meer presicion overal in de wereld, en natuurlijk onze appartementen in L&#8217;Estartit (<strong>Verhuur appartementen Sa Gavina Gaudi<\/strong>\u00a0en\u00a0<strong>Verhuur appartementen Sa Gavina Medes<\/strong>).<\/p>\n<p style=\"text-align: justify;\"><a href=\"https:\/\/www.google.es\/maps\/place\/Apartamentos+Sa+Gavina+Gaud%C3%AD\/@42.0494195,3.1923328,278m\/data=!3m1!1e3!4m2!3m1!1s0x0:0x85a8e9fb367e1a3e\"><strong>Link Sa Gavina Gaudi<\/strong><\/a><\/p>\n<p style=\"text-align: justify;\"><a href=\"https:\/\/www.google.es\/maps\/place\/Apartamentos+Sa+Gavina+Medes\/@42.0491658,3.1949144,17z\/data=!3m1!4b1!4m2!3m1!1s0x12ba5a147a82c387:0x1bbb065e678171ba\"><strong>Link Sa Gavina Medes<\/strong><\/a><\/p>\n<p style=\"text-align: justify;\">Met het verstrijken van de tijd Google verzamelt 360\u00ba beelden van verschillende delen van ons grondgebied aan te bieden aan gebruikers.<\/p>\n<p style=\"text-align: justify;\">Op dit moment kunnen we toegang krijgen tot 21 wandelpaden, in de nationale parken van Cataloni\u00eb:<\/p>\n<p style=\"text-align: justify;\">Aig\u00fcestortes i Estany de Sant Maurici, Alt Pirineu, Cad\u00ed-Moixer\u00f3, Pedraforca, Cap de Creus, Montgr\u00ed i Illes Medes, l&#8217;Albera, Serra de Montsant, Els Ports y Delta de l&#8217;Ebre.<\/p>\n","protected":false},"excerpt":{"rendered":"<p>In april 2014 Google Maps, met behulp van Google Earth-technologie, stelt ons in staat het te zien met veel meer presicion overal in de wereld, en natuurlijk onze appartementen in L&#8217;Estartit (Verhuur appartementen Sa Gavina Gaudi\u00a0en\u00a0Verhuur appartementen Sa Gavina Medes).  [&#8230;]<\/p>\n","protected":false},"author":1,"featured_media":26855,"comment_status":"open","ping_status":"open","sticky":false,"template":"","format":"standard","meta":{"footnotes":""},"categories":[136],"tags":[],"class_list":["post-28887","post","type-post","status-publish","format-standard","has-post-thumbnail","hentry","category-nieuws"],"yoast_head":"<!-- This site is optimized with the Yoast SEO plugin v27.1.1 - https:\/\/yoast.com\/product\/yoast-seo-wordpress\/ -->\n<title>Street view van cala montg\u00f3 van l&#039;Estartit | Sa Gavina Apartaments<\/title>\n<meta name=\"robots\" content=\"index, follow, max-snippet:-1, max-image-preview:large, max-video-preview:-1\" \/>\n<link rel=\"canonical\" href=\"https:\/\/sagavinaestartit.com\/nl\/street-view-van-cala-montgo-van-lestartit\/\" \/>\n<meta property=\"og:locale\" content=\"nl_NL\" \/>\n<meta property=\"og:type\" content=\"article\" \/>\n<meta property=\"og:title\" content=\"Street view van cala montg\u00f3 van l&#039;Estartit | Sa Gavina Apartaments\" \/>\n<meta property=\"og:description\" content=\"In april 2014 Google Maps, met behulp van Google Earth-technologie, stelt ons in staat het te zien met veel meer presicion overal in de wereld, en natuurlijk onze appartementen in L&#8217;Estartit (Verhuur appartementen Sa Gavina Gaudi\u00a0en\u00a0Verhuur appartementen Sa Gavina Medes). [...]\" \/>\n<meta property=\"og:url\" content=\"https:\/\/sagavinaestartit.com\/nl\/street-view-van-cala-montgo-van-lestartit\/\" \/>\n<meta property=\"og:site_name\" content=\"Sa Gavina Apartaments\" \/>\n<meta property=\"article:published_time\" content=\"2018-04-07T19:30:19+00:00\" \/>\n<meta property=\"og:image\" content=\"https:\/\/sagavinaestartit.com\/wp-content\/uploads\/2018\/04\/large_Cala_Montgo.jpg\" \/>\n\t<meta property=\"og:image:width\" content=\"335\" \/>\n\t<meta property=\"og:image:height\" content=\"206\" \/>\n\t<meta property=\"og:image:type\" content=\"image\/jpeg\" \/>\n<meta name=\"author\" content=\"tecnico_alojapro\" \/>\n<meta name=\"twitter:card\" content=\"summary_large_image\" \/>\n<meta name=\"twitter:label1\" content=\"Geschreven door\" \/>\n\t<meta name=\"twitter:data1\" content=\"tecnico_alojapro\" \/>\n\t<meta name=\"twitter:label2\" content=\"Geschatte leestijd\" \/>\n\t<meta name=\"twitter:data2\" content=\"1 minuut\" \/>\n<script type=\"application\/ld+json\" class=\"yoast-schema-graph\">{\"@context\":\"https:\/\/schema.org\",\"@graph\":[{\"@type\":\"Article\",\"@id\":\"https:\/\/sagavinaestartit.com\/nl\/street-view-van-cala-montgo-van-lestartit\/#article\",\"isPartOf\":{\"@id\":\"https:\/\/sagavinaestartit.com\/nl\/street-view-van-cala-montgo-van-lestartit\/\"},\"author\":{\"name\":\"tecnico_alojapro\",\"@id\":\"https:\/\/sagavinaestartit.com\/nl\/#\/schema\/person\/72b3f9a420869474351007377bde83c0\"},\"headline\":\"Street view van cala montg\u00f3 van l&#8217;Estartit\",\"datePublished\":\"2018-04-07T19:30:19+00:00\",\"mainEntityOfPage\":{\"@id\":\"https:\/\/sagavinaestartit.com\/nl\/street-view-van-cala-montgo-van-lestartit\/\"},\"wordCount\":124,\"commentCount\":0,\"publisher\":{\"@id\":\"https:\/\/sagavinaestartit.com\/nl\/#organization\"},\"image\":{\"@id\":\"https:\/\/sagavinaestartit.com\/nl\/street-view-van-cala-montgo-van-lestartit\/#primaryimage\"},\"thumbnailUrl\":\"https:\/\/sagavinaestartit.com\/wp-content\/uploads\/2018\/04\/large_Cala_Montgo.jpg\",\"articleSection\":[\"Nieuws\"],\"inLanguage\":\"nl-NL\",\"potentialAction\":[{\"@type\":\"CommentAction\",\"name\":\"Comment\",\"target\":[\"https:\/\/sagavinaestartit.com\/nl\/street-view-van-cala-montgo-van-lestartit\/#respond\"]}]},{\"@type\":\"WebPage\",\"@id\":\"https:\/\/sagavinaestartit.com\/nl\/street-view-van-cala-montgo-van-lestartit\/\",\"url\":\"https:\/\/sagavinaestartit.com\/nl\/street-view-van-cala-montgo-van-lestartit\/\",\"name\":\"Street view van cala montg\u00f3 van l'Estartit | Sa Gavina Apartaments\",\"isPartOf\":{\"@id\":\"https:\/\/sagavinaestartit.com\/nl\/#website\"},\"primaryImageOfPage\":{\"@id\":\"https:\/\/sagavinaestartit.com\/nl\/street-view-van-cala-montgo-van-lestartit\/#primaryimage\"},\"image\":{\"@id\":\"https:\/\/sagavinaestartit.com\/nl\/street-view-van-cala-montgo-van-lestartit\/#primaryimage\"},\"thumbnailUrl\":\"https:\/\/sagavinaestartit.com\/wp-content\/uploads\/2018\/04\/large_Cala_Montgo.jpg\",\"datePublished\":\"2018-04-07T19:30:19+00:00\",\"breadcrumb\":{\"@id\":\"https:\/\/sagavinaestartit.com\/nl\/street-view-van-cala-montgo-van-lestartit\/#breadcrumb\"},\"inLanguage\":\"nl-NL\",\"potentialAction\":[{\"@type\":\"ReadAction\",\"target\":[\"https:\/\/sagavinaestartit.com\/nl\/street-view-van-cala-montgo-van-lestartit\/\"]}]},{\"@type\":\"ImageObject\",\"inLanguage\":\"nl-NL\",\"@id\":\"https:\/\/sagavinaestartit.com\/nl\/street-view-van-cala-montgo-van-lestartit\/#primaryimage\",\"url\":\"https:\/\/sagavinaestartit.com\/wp-content\/uploads\/2018\/04\/large_Cala_Montgo.jpg\",\"contentUrl\":\"https:\/\/sagavinaestartit.com\/wp-content\/uploads\/2018\/04\/large_Cala_Montgo.jpg\",\"width\":335,\"height\":206},{\"@type\":\"BreadcrumbList\",\"@id\":\"https:\/\/sagavinaestartit.com\/nl\/street-view-van-cala-montgo-van-lestartit\/#breadcrumb\",\"itemListElement\":[{\"@type\":\"ListItem\",\"position\":1,\"name\":\"Portada\",\"item\":\"https:\/\/sagavinaestartit.com\/nl\/home\/\"},{\"@type\":\"ListItem\",\"position\":2,\"name\":\"Street view van cala montg\u00f3 van l&#8217;Estartit\"}]},{\"@type\":\"WebSite\",\"@id\":\"https:\/\/sagavinaestartit.com\/nl\/#website\",\"url\":\"https:\/\/sagavinaestartit.com\/nl\/\",\"name\":\"Sa Gavina Apartaments\",\"description\":\"Sa Gavina Apartments\",\"publisher\":{\"@id\":\"https:\/\/sagavinaestartit.com\/nl\/#organization\"},\"potentialAction\":[{\"@type\":\"SearchAction\",\"target\":{\"@type\":\"EntryPoint\",\"urlTemplate\":\"https:\/\/sagavinaestartit.com\/nl\/?s={search_term_string}\"},\"query-input\":{\"@type\":\"PropertyValueSpecification\",\"valueRequired\":true,\"valueName\":\"search_term_string\"}}],\"inLanguage\":\"nl-NL\"},{\"@type\":\"Organization\",\"@id\":\"https:\/\/sagavinaestartit.com\/nl\/#organization\",\"name\":\"Sa Gavina Apartments\",\"url\":\"https:\/\/sagavinaestartit.com\/nl\/\",\"logo\":{\"@type\":\"ImageObject\",\"inLanguage\":\"nl-NL\",\"@id\":\"https:\/\/sagavinaestartit.com\/nl\/#\/schema\/logo\/image\/\",\"url\":\"https:\/\/sagavinaestartit.com\/wp-content\/uploads\/2024\/12\/3-1.png\",\"contentUrl\":\"https:\/\/sagavinaestartit.com\/wp-content\/uploads\/2024\/12\/3-1.png\",\"width\":500,\"height\":200,\"caption\":\"Sa Gavina Apartments\"},\"image\":{\"@id\":\"https:\/\/sagavinaestartit.com\/nl\/#\/schema\/logo\/image\/\"}},{\"@type\":\"Person\",\"@id\":\"https:\/\/sagavinaestartit.com\/nl\/#\/schema\/person\/72b3f9a420869474351007377bde83c0\",\"name\":\"tecnico_alojapro\",\"sameAs\":[\"https:\/\/sagavinaestartit.com\"]}]}<\/script>\n<!-- \/ Yoast SEO plugin. -->","yoast_head_json":{"title":"Street view van cala montg\u00f3 van l'Estartit | Sa Gavina Apartaments","robots":{"index":"index","follow":"follow","max-snippet":"max-snippet:-1","max-image-preview":"max-image-preview:large","max-video-preview":"max-video-preview:-1"},"canonical":"https:\/\/sagavinaestartit.com\/nl\/street-view-van-cala-montgo-van-lestartit\/","og_locale":"nl_NL","og_type":"article","og_title":"Street view van cala montg\u00f3 van l'Estartit | Sa Gavina Apartaments","og_description":"In april 2014 Google Maps, met behulp van Google Earth-technologie, stelt ons in staat het te zien met veel meer presicion overal in de wereld, en natuurlijk onze appartementen in L&#8217;Estartit (Verhuur appartementen Sa Gavina Gaudi\u00a0en\u00a0Verhuur appartementen Sa Gavina Medes). [...]","og_url":"https:\/\/sagavinaestartit.com\/nl\/street-view-van-cala-montgo-van-lestartit\/","og_site_name":"Sa Gavina Apartaments","article_published_time":"2018-04-07T19:30:19+00:00","og_image":[{"width":335,"height":206,"url":"https:\/\/sagavinaestartit.com\/wp-content\/uploads\/2018\/04\/large_Cala_Montgo.jpg","type":"image\/jpeg"}],"author":"tecnico_alojapro","twitter_card":"summary_large_image","twitter_misc":{"Geschreven door":"tecnico_alojapro","Geschatte leestijd":"1 minuut"},"schema":{"@context":"https:\/\/schema.org","@graph":[{"@type":"Article","@id":"https:\/\/sagavinaestartit.com\/nl\/street-view-van-cala-montgo-van-lestartit\/#article","isPartOf":{"@id":"https:\/\/sagavinaestartit.com\/nl\/street-view-van-cala-montgo-van-lestartit\/"},"author":{"name":"tecnico_alojapro","@id":"https:\/\/sagavinaestartit.com\/nl\/#\/schema\/person\/72b3f9a420869474351007377bde83c0"},"headline":"Street view van cala montg\u00f3 van l&#8217;Estartit","datePublished":"2018-04-07T19:30:19+00:00","mainEntityOfPage":{"@id":"https:\/\/sagavinaestartit.com\/nl\/street-view-van-cala-montgo-van-lestartit\/"},"wordCount":124,"commentCount":0,"publisher":{"@id":"https:\/\/sagavinaestartit.com\/nl\/#organization"},"image":{"@id":"https:\/\/sagavinaestartit.com\/nl\/street-view-van-cala-montgo-van-lestartit\/#primaryimage"},"thumbnailUrl":"https:\/\/sagavinaestartit.com\/wp-content\/uploads\/2018\/04\/large_Cala_Montgo.jpg","articleSection":["Nieuws"],"inLanguage":"nl-NL","potentialAction":[{"@type":"CommentAction","name":"Comment","target":["https:\/\/sagavinaestartit.com\/nl\/street-view-van-cala-montgo-van-lestartit\/#respond"]}]},{"@type":"WebPage","@id":"https:\/\/sagavinaestartit.com\/nl\/street-view-van-cala-montgo-van-lestartit\/","url":"https:\/\/sagavinaestartit.com\/nl\/street-view-van-cala-montgo-van-lestartit\/","name":"Street view van cala montg\u00f3 van l'Estartit | Sa Gavina Apartaments","isPartOf":{"@id":"https:\/\/sagavinaestartit.com\/nl\/#website"},"primaryImageOfPage":{"@id":"https:\/\/sagavinaestartit.com\/nl\/street-view-van-cala-montgo-van-lestartit\/#primaryimage"},"image":{"@id":"https:\/\/sagavinaestartit.com\/nl\/street-view-van-cala-montgo-van-lestartit\/#primaryimage"},"thumbnailUrl":"https:\/\/sagavinaestartit.com\/wp-content\/uploads\/2018\/04\/large_Cala_Montgo.jpg","datePublished":"2018-04-07T19:30:19+00:00","breadcrumb":{"@id":"https:\/\/sagavinaestartit.com\/nl\/street-view-van-cala-montgo-van-lestartit\/#breadcrumb"},"inLanguage":"nl-NL","potentialAction":[{"@type":"ReadAction","target":["https:\/\/sagavinaestartit.com\/nl\/street-view-van-cala-montgo-van-lestartit\/"]}]},{"@type":"ImageObject","inLanguage":"nl-NL","@id":"https:\/\/sagavinaestartit.com\/nl\/street-view-van-cala-montgo-van-lestartit\/#primaryimage","url":"https:\/\/sagavinaestartit.com\/wp-content\/uploads\/2018\/04\/large_Cala_Montgo.jpg","contentUrl":"https:\/\/sagavinaestartit.com\/wp-content\/uploads\/2018\/04\/large_Cala_Montgo.jpg","width":335,"height":206},{"@type":"BreadcrumbList","@id":"https:\/\/sagavinaestartit.com\/nl\/street-view-van-cala-montgo-van-lestartit\/#breadcrumb","itemListElement":[{"@type":"ListItem","position":1,"name":"Portada","item":"https:\/\/sagavinaestartit.com\/nl\/home\/"},{"@type":"ListItem","position":2,"name":"Street view van cala montg\u00f3 van l&#8217;Estartit"}]},{"@type":"WebSite","@id":"https:\/\/sagavinaestartit.com\/nl\/#website","url":"https:\/\/sagavinaestartit.com\/nl\/","name":"Sa Gavina Apartaments","description":"Sa Gavina Apartments","publisher":{"@id":"https:\/\/sagavinaestartit.com\/nl\/#organization"},"potentialAction":[{"@type":"SearchAction","target":{"@type":"EntryPoint","urlTemplate":"https:\/\/sagavinaestartit.com\/nl\/?s={search_term_string}"},"query-input":{"@type":"PropertyValueSpecification","valueRequired":true,"valueName":"search_term_string"}}],"inLanguage":"nl-NL"},{"@type":"Organization","@id":"https:\/\/sagavinaestartit.com\/nl\/#organization","name":"Sa Gavina Apartments","url":"https:\/\/sagavinaestartit.com\/nl\/","logo":{"@type":"ImageObject","inLanguage":"nl-NL","@id":"https:\/\/sagavinaestartit.com\/nl\/#\/schema\/logo\/image\/","url":"https:\/\/sagavinaestartit.com\/wp-content\/uploads\/2024\/12\/3-1.png","contentUrl":"https:\/\/sagavinaestartit.com\/wp-content\/uploads\/2024\/12\/3-1.png","width":500,"height":200,"caption":"Sa Gavina Apartments"},"image":{"@id":"https:\/\/sagavinaestartit.com\/nl\/#\/schema\/logo\/image\/"}},{"@type":"Person","@id":"https:\/\/sagavinaestartit.com\/nl\/#\/schema\/person\/72b3f9a420869474351007377bde83c0","name":"tecnico_alojapro","sameAs":["https:\/\/sagavinaestartit.com"]}]}},"_links":{"self":[{"href":"https:\/\/sagavinaestartit.com\/nl\/wp-json\/wp\/v2\/posts\/28887","targetHints":{"allow":["GET"]}}],"collection":[{"href":"https:\/\/sagavinaestartit.com\/nl\/wp-json\/wp\/v2\/posts"}],"about":[{"href":"https:\/\/sagavinaestartit.com\/nl\/wp-json\/wp\/v2\/types\/post"}],"author":[{"embeddable":true,"href":"https:\/\/sagavinaestartit.com\/nl\/wp-json\/wp\/v2\/users\/1"}],"replies":[{"embeddable":true,"href":"https:\/\/sagavinaestartit.com\/nl\/wp-json\/wp\/v2\/comments?post=28887"}],"version-history":[{"count":0,"href":"https:\/\/sagavinaestartit.com\/nl\/wp-json\/wp\/v2\/posts\/28887\/revisions"}],"wp:featuredmedia":[{"embeddable":true,"href":"https:\/\/sagavinaestartit.com\/nl\/wp-json\/wp\/v2\/media\/26855"}],"wp:attachment":[{"href":"https:\/\/sagavinaestartit.com\/nl\/wp-json\/wp\/v2\/media?parent=28887"}],"wp:term":[{"taxonomy":"category","embeddable":true,"href":"https:\/\/sagavinaestartit.com\/nl\/wp-json\/wp\/v2\/categories?post=28887"},{"taxonomy":"post_tag","embeddable":true,"href":"https:\/\/sagavinaestartit.com\/nl\/wp-json\/wp\/v2\/tags?post=28887"}],"curies":[{"name":"wp","href":"https:\/\/api.w.org\/{rel}","templated":true}]}}