{"id":28859,"date":"2018-01-30T13:55:32","date_gmt":"2018-01-30T12:55:32","guid":{"rendered":"https:\/\/sagavinaestartit.com\/2018\/01\/30\/ontdek-medes-islands-per-kajak\/"},"modified":"2018-01-30T13:55:32","modified_gmt":"2018-01-30T12:55:32","slug":"ontdek-medes-islands-per-kajak","status":"publish","type":"post","link":"https:\/\/sagavinaestartit.com\/nl\/ontdek-medes-islands-per-kajak\/","title":{"rendered":"Ontdek Medes Islands per kajak"},"content":{"rendered":"<p>Medes Islands zijn gelegen op ongeveer een mijl uit de kust van Estartit waar onze appartementen zijn gelegen in het hart van de Costa Brava. Ze bestaan uit zeven kleine eilanden kalksteen die samen 22 hectare natuurgebied.<\/p>\n<p>Toegang tot het eiland per kajak laat ons toe om van het prachtige uitzicht van de muren van de eilanden te genieten met veel hoeken en gaten. Onze appartementen in Estartit is de perfecte plek om te ontspannen en te discussi\u00ebren over de duizend en \u00e9\u00e9n verhalen.<\/p>\n<p>Ruige kustlijn met dennenbossen, eilanden, groepen van rotsen, grotten, smalle doorgangen, helder water &#8230; een fantastische, magische plek.<\/p>\n<p>Voor degenen die niet genoeg voor een bezoek aan de Medes-eilanden hebben, en als de tijd het toelaat, kunnen zij doorgaan met het noorden van Estartit met zijn vele grotten en spleten in de kalkstenen kliffen. Het hoogtepunt is een grote grot genaamd &#8220;La Foradada&#8221;.<\/p>\n<p>Een ideale keuze voor een sport te beoefenen tijdens hun vakantie met het gezin.<\/p>\n","protected":false},"excerpt":{"rendered":"<p>Medes Islands zijn gelegen op ongeveer een mijl uit de kust van Estartit waar onze appartementen zijn gelegen in het hart van de Costa Brava. Ze bestaan uit zeven kleine eilanden kalksteen die samen 22 hectare natuurgebied. Toegang tot het  [&#8230;]<\/p>\n","protected":false},"author":1,"featured_media":26776,"comment_status":"open","ping_status":"open","sticky":false,"template":"","format":"standard","meta":{"footnotes":""},"categories":[133],"tags":[],"class_list":["post-28859","post","type-post","status-publish","format-standard","has-post-thumbnail","hentry","category-activiteiten"],"yoast_head":"<!-- This site is optimized with the Yoast SEO plugin v27.1.1 - https:\/\/yoast.com\/product\/yoast-seo-wordpress\/ -->\n<title>Ontdek Medes Islands per kajak | Sa Gavina Apartaments<\/title>\n<meta name=\"robots\" content=\"index, follow, max-snippet:-1, max-image-preview:large, max-video-preview:-1\" \/>\n<link rel=\"canonical\" href=\"https:\/\/sagavinaestartit.com\/nl\/ontdek-medes-islands-per-kajak\/\" \/>\n<meta property=\"og:locale\" content=\"nl_NL\" \/>\n<meta property=\"og:type\" content=\"article\" \/>\n<meta property=\"og:title\" content=\"Ontdek Medes Islands per kajak | Sa Gavina Apartaments\" \/>\n<meta property=\"og:description\" content=\"Medes Islands zijn gelegen op ongeveer een mijl uit de kust van Estartit waar onze appartementen zijn gelegen in het hart van de Costa Brava. Ze bestaan uit zeven kleine eilanden kalksteen die samen 22 hectare natuurgebied. Toegang tot het [...]\" \/>\n<meta property=\"og:url\" content=\"https:\/\/sagavinaestartit.com\/nl\/ontdek-medes-islands-per-kajak\/\" \/>\n<meta property=\"og:site_name\" content=\"Sa Gavina Apartaments\" \/>\n<meta property=\"article:published_time\" content=\"2018-01-30T12:55:32+00:00\" \/>\n<meta property=\"og:image\" content=\"https:\/\/sagavinaestartit.com\/wp-content\/uploads\/2018\/01\/alquiler_apartamentos_estartit_kayak.jpg\" \/>\n\t<meta property=\"og:image:width\" content=\"600\" \/>\n\t<meta property=\"og:image:height\" content=\"400\" \/>\n\t<meta property=\"og:image:type\" content=\"image\/jpeg\" \/>\n<meta name=\"author\" content=\"tecnico_alojapro\" \/>\n<meta name=\"twitter:card\" content=\"summary_large_image\" \/>\n<meta name=\"twitter:label1\" content=\"Geschreven door\" \/>\n\t<meta name=\"twitter:data1\" content=\"tecnico_alojapro\" \/>\n\t<meta name=\"twitter:label2\" content=\"Geschatte leestijd\" \/>\n\t<meta name=\"twitter:data2\" content=\"1 minuut\" \/>\n<script type=\"application\/ld+json\" class=\"yoast-schema-graph\">{\"@context\":\"https:\/\/schema.org\",\"@graph\":[{\"@type\":\"Article\",\"@id\":\"https:\/\/sagavinaestartit.com\/nl\/ontdek-medes-islands-per-kajak\/#article\",\"isPartOf\":{\"@id\":\"https:\/\/sagavinaestartit.com\/nl\/ontdek-medes-islands-per-kajak\/\"},\"author\":{\"name\":\"tecnico_alojapro\",\"@id\":\"https:\/\/sagavinaestartit.com\/nl\/#\/schema\/person\/72b3f9a420869474351007377bde83c0\"},\"headline\":\"Ontdek Medes Islands per kajak\",\"datePublished\":\"2018-01-30T12:55:32+00:00\",\"mainEntityOfPage\":{\"@id\":\"https:\/\/sagavinaestartit.com\/nl\/ontdek-medes-islands-per-kajak\/\"},\"wordCount\":165,\"commentCount\":0,\"publisher\":{\"@id\":\"https:\/\/sagavinaestartit.com\/nl\/#organization\"},\"image\":{\"@id\":\"https:\/\/sagavinaestartit.com\/nl\/ontdek-medes-islands-per-kajak\/#primaryimage\"},\"thumbnailUrl\":\"https:\/\/sagavinaestartit.com\/wp-content\/uploads\/2018\/01\/alquiler_apartamentos_estartit_kayak.jpg\",\"articleSection\":[\"Activiteiten\"],\"inLanguage\":\"nl-NL\",\"potentialAction\":[{\"@type\":\"CommentAction\",\"name\":\"Comment\",\"target\":[\"https:\/\/sagavinaestartit.com\/nl\/ontdek-medes-islands-per-kajak\/#respond\"]}]},{\"@type\":\"WebPage\",\"@id\":\"https:\/\/sagavinaestartit.com\/nl\/ontdek-medes-islands-per-kajak\/\",\"url\":\"https:\/\/sagavinaestartit.com\/nl\/ontdek-medes-islands-per-kajak\/\",\"name\":\"Ontdek Medes Islands per kajak | Sa Gavina Apartaments\",\"isPartOf\":{\"@id\":\"https:\/\/sagavinaestartit.com\/nl\/#website\"},\"primaryImageOfPage\":{\"@id\":\"https:\/\/sagavinaestartit.com\/nl\/ontdek-medes-islands-per-kajak\/#primaryimage\"},\"image\":{\"@id\":\"https:\/\/sagavinaestartit.com\/nl\/ontdek-medes-islands-per-kajak\/#primaryimage\"},\"thumbnailUrl\":\"https:\/\/sagavinaestartit.com\/wp-content\/uploads\/2018\/01\/alquiler_apartamentos_estartit_kayak.jpg\",\"datePublished\":\"2018-01-30T12:55:32+00:00\",\"breadcrumb\":{\"@id\":\"https:\/\/sagavinaestartit.com\/nl\/ontdek-medes-islands-per-kajak\/#breadcrumb\"},\"inLanguage\":\"nl-NL\",\"potentialAction\":[{\"@type\":\"ReadAction\",\"target\":[\"https:\/\/sagavinaestartit.com\/nl\/ontdek-medes-islands-per-kajak\/\"]}]},{\"@type\":\"ImageObject\",\"inLanguage\":\"nl-NL\",\"@id\":\"https:\/\/sagavinaestartit.com\/nl\/ontdek-medes-islands-per-kajak\/#primaryimage\",\"url\":\"https:\/\/sagavinaestartit.com\/wp-content\/uploads\/2018\/01\/alquiler_apartamentos_estartit_kayak.jpg\",\"contentUrl\":\"https:\/\/sagavinaestartit.com\/wp-content\/uploads\/2018\/01\/alquiler_apartamentos_estartit_kayak.jpg\",\"width\":600,\"height\":400},{\"@type\":\"BreadcrumbList\",\"@id\":\"https:\/\/sagavinaestartit.com\/nl\/ontdek-medes-islands-per-kajak\/#breadcrumb\",\"itemListElement\":[{\"@type\":\"ListItem\",\"position\":1,\"name\":\"Portada\",\"item\":\"https:\/\/sagavinaestartit.com\/nl\/home\/\"},{\"@type\":\"ListItem\",\"position\":2,\"name\":\"Ontdek Medes Islands per kajak\"}]},{\"@type\":\"WebSite\",\"@id\":\"https:\/\/sagavinaestartit.com\/nl\/#website\",\"url\":\"https:\/\/sagavinaestartit.com\/nl\/\",\"name\":\"Sa Gavina Apartaments\",\"description\":\"Sa Gavina Apartments\",\"publisher\":{\"@id\":\"https:\/\/sagavinaestartit.com\/nl\/#organization\"},\"potentialAction\":[{\"@type\":\"SearchAction\",\"target\":{\"@type\":\"EntryPoint\",\"urlTemplate\":\"https:\/\/sagavinaestartit.com\/nl\/?s={search_term_string}\"},\"query-input\":{\"@type\":\"PropertyValueSpecification\",\"valueRequired\":true,\"valueName\":\"search_term_string\"}}],\"inLanguage\":\"nl-NL\"},{\"@type\":\"Organization\",\"@id\":\"https:\/\/sagavinaestartit.com\/nl\/#organization\",\"name\":\"Sa Gavina Apartments\",\"url\":\"https:\/\/sagavinaestartit.com\/nl\/\",\"logo\":{\"@type\":\"ImageObject\",\"inLanguage\":\"nl-NL\",\"@id\":\"https:\/\/sagavinaestartit.com\/nl\/#\/schema\/logo\/image\/\",\"url\":\"https:\/\/sagavinaestartit.com\/wp-content\/uploads\/2024\/12\/3-1.png\",\"contentUrl\":\"https:\/\/sagavinaestartit.com\/wp-content\/uploads\/2024\/12\/3-1.png\",\"width\":500,\"height\":200,\"caption\":\"Sa Gavina Apartments\"},\"image\":{\"@id\":\"https:\/\/sagavinaestartit.com\/nl\/#\/schema\/logo\/image\/\"}},{\"@type\":\"Person\",\"@id\":\"https:\/\/sagavinaestartit.com\/nl\/#\/schema\/person\/72b3f9a420869474351007377bde83c0\",\"name\":\"tecnico_alojapro\",\"sameAs\":[\"https:\/\/sagavinaestartit.com\"]}]}<\/script>\n<!-- \/ Yoast SEO plugin. -->","yoast_head_json":{"title":"Ontdek Medes Islands per kajak | Sa Gavina Apartaments","robots":{"index":"index","follow":"follow","max-snippet":"max-snippet:-1","max-image-preview":"max-image-preview:large","max-video-preview":"max-video-preview:-1"},"canonical":"https:\/\/sagavinaestartit.com\/nl\/ontdek-medes-islands-per-kajak\/","og_locale":"nl_NL","og_type":"article","og_title":"Ontdek Medes Islands per kajak | Sa Gavina Apartaments","og_description":"Medes Islands zijn gelegen op ongeveer een mijl uit de kust van Estartit waar onze appartementen zijn gelegen in het hart van de Costa Brava. Ze bestaan uit zeven kleine eilanden kalksteen die samen 22 hectare natuurgebied. Toegang tot het [...]","og_url":"https:\/\/sagavinaestartit.com\/nl\/ontdek-medes-islands-per-kajak\/","og_site_name":"Sa Gavina Apartaments","article_published_time":"2018-01-30T12:55:32+00:00","og_image":[{"width":600,"height":400,"url":"https:\/\/sagavinaestartit.com\/wp-content\/uploads\/2018\/01\/alquiler_apartamentos_estartit_kayak.jpg","type":"image\/jpeg"}],"author":"tecnico_alojapro","twitter_card":"summary_large_image","twitter_misc":{"Geschreven door":"tecnico_alojapro","Geschatte leestijd":"1 minuut"},"schema":{"@context":"https:\/\/schema.org","@graph":[{"@type":"Article","@id":"https:\/\/sagavinaestartit.com\/nl\/ontdek-medes-islands-per-kajak\/#article","isPartOf":{"@id":"https:\/\/sagavinaestartit.com\/nl\/ontdek-medes-islands-per-kajak\/"},"author":{"name":"tecnico_alojapro","@id":"https:\/\/sagavinaestartit.com\/nl\/#\/schema\/person\/72b3f9a420869474351007377bde83c0"},"headline":"Ontdek Medes Islands per kajak","datePublished":"2018-01-30T12:55:32+00:00","mainEntityOfPage":{"@id":"https:\/\/sagavinaestartit.com\/nl\/ontdek-medes-islands-per-kajak\/"},"wordCount":165,"commentCount":0,"publisher":{"@id":"https:\/\/sagavinaestartit.com\/nl\/#organization"},"image":{"@id":"https:\/\/sagavinaestartit.com\/nl\/ontdek-medes-islands-per-kajak\/#primaryimage"},"thumbnailUrl":"https:\/\/sagavinaestartit.com\/wp-content\/uploads\/2018\/01\/alquiler_apartamentos_estartit_kayak.jpg","articleSection":["Activiteiten"],"inLanguage":"nl-NL","potentialAction":[{"@type":"CommentAction","name":"Comment","target":["https:\/\/sagavinaestartit.com\/nl\/ontdek-medes-islands-per-kajak\/#respond"]}]},{"@type":"WebPage","@id":"https:\/\/sagavinaestartit.com\/nl\/ontdek-medes-islands-per-kajak\/","url":"https:\/\/sagavinaestartit.com\/nl\/ontdek-medes-islands-per-kajak\/","name":"Ontdek Medes Islands per kajak | Sa Gavina Apartaments","isPartOf":{"@id":"https:\/\/sagavinaestartit.com\/nl\/#website"},"primaryImageOfPage":{"@id":"https:\/\/sagavinaestartit.com\/nl\/ontdek-medes-islands-per-kajak\/#primaryimage"},"image":{"@id":"https:\/\/sagavinaestartit.com\/nl\/ontdek-medes-islands-per-kajak\/#primaryimage"},"thumbnailUrl":"https:\/\/sagavinaestartit.com\/wp-content\/uploads\/2018\/01\/alquiler_apartamentos_estartit_kayak.jpg","datePublished":"2018-01-30T12:55:32+00:00","breadcrumb":{"@id":"https:\/\/sagavinaestartit.com\/nl\/ontdek-medes-islands-per-kajak\/#breadcrumb"},"inLanguage":"nl-NL","potentialAction":[{"@type":"ReadAction","target":["https:\/\/sagavinaestartit.com\/nl\/ontdek-medes-islands-per-kajak\/"]}]},{"@type":"ImageObject","inLanguage":"nl-NL","@id":"https:\/\/sagavinaestartit.com\/nl\/ontdek-medes-islands-per-kajak\/#primaryimage","url":"https:\/\/sagavinaestartit.com\/wp-content\/uploads\/2018\/01\/alquiler_apartamentos_estartit_kayak.jpg","contentUrl":"https:\/\/sagavinaestartit.com\/wp-content\/uploads\/2018\/01\/alquiler_apartamentos_estartit_kayak.jpg","width":600,"height":400},{"@type":"BreadcrumbList","@id":"https:\/\/sagavinaestartit.com\/nl\/ontdek-medes-islands-per-kajak\/#breadcrumb","itemListElement":[{"@type":"ListItem","position":1,"name":"Portada","item":"https:\/\/sagavinaestartit.com\/nl\/home\/"},{"@type":"ListItem","position":2,"name":"Ontdek Medes Islands per kajak"}]},{"@type":"WebSite","@id":"https:\/\/sagavinaestartit.com\/nl\/#website","url":"https:\/\/sagavinaestartit.com\/nl\/","name":"Sa Gavina Apartaments","description":"Sa Gavina Apartments","publisher":{"@id":"https:\/\/sagavinaestartit.com\/nl\/#organization"},"potentialAction":[{"@type":"SearchAction","target":{"@type":"EntryPoint","urlTemplate":"https:\/\/sagavinaestartit.com\/nl\/?s={search_term_string}"},"query-input":{"@type":"PropertyValueSpecification","valueRequired":true,"valueName":"search_term_string"}}],"inLanguage":"nl-NL"},{"@type":"Organization","@id":"https:\/\/sagavinaestartit.com\/nl\/#organization","name":"Sa Gavina Apartments","url":"https:\/\/sagavinaestartit.com\/nl\/","logo":{"@type":"ImageObject","inLanguage":"nl-NL","@id":"https:\/\/sagavinaestartit.com\/nl\/#\/schema\/logo\/image\/","url":"https:\/\/sagavinaestartit.com\/wp-content\/uploads\/2024\/12\/3-1.png","contentUrl":"https:\/\/sagavinaestartit.com\/wp-content\/uploads\/2024\/12\/3-1.png","width":500,"height":200,"caption":"Sa Gavina Apartments"},"image":{"@id":"https:\/\/sagavinaestartit.com\/nl\/#\/schema\/logo\/image\/"}},{"@type":"Person","@id":"https:\/\/sagavinaestartit.com\/nl\/#\/schema\/person\/72b3f9a420869474351007377bde83c0","name":"tecnico_alojapro","sameAs":["https:\/\/sagavinaestartit.com"]}]}},"_links":{"self":[{"href":"https:\/\/sagavinaestartit.com\/nl\/wp-json\/wp\/v2\/posts\/28859","targetHints":{"allow":["GET"]}}],"collection":[{"href":"https:\/\/sagavinaestartit.com\/nl\/wp-json\/wp\/v2\/posts"}],"about":[{"href":"https:\/\/sagavinaestartit.com\/nl\/wp-json\/wp\/v2\/types\/post"}],"author":[{"embeddable":true,"href":"https:\/\/sagavinaestartit.com\/nl\/wp-json\/wp\/v2\/users\/1"}],"replies":[{"embeddable":true,"href":"https:\/\/sagavinaestartit.com\/nl\/wp-json\/wp\/v2\/comments?post=28859"}],"version-history":[{"count":0,"href":"https:\/\/sagavinaestartit.com\/nl\/wp-json\/wp\/v2\/posts\/28859\/revisions"}],"wp:featuredmedia":[{"embeddable":true,"href":"https:\/\/sagavinaestartit.com\/nl\/wp-json\/wp\/v2\/media\/26776"}],"wp:attachment":[{"href":"https:\/\/sagavinaestartit.com\/nl\/wp-json\/wp\/v2\/media?parent=28859"}],"wp:term":[{"taxonomy":"category","embeddable":true,"href":"https:\/\/sagavinaestartit.com\/nl\/wp-json\/wp\/v2\/categories?post=28859"},{"taxonomy":"post_tag","embeddable":true,"href":"https:\/\/sagavinaestartit.com\/nl\/wp-json\/wp\/v2\/tags?post=28859"}],"curies":[{"name":"wp","href":"https:\/\/api.w.org\/{rel}","templated":true}]}}