{"id":28837,"date":"2018-04-21T10:30:34","date_gmt":"2018-04-21T08:30:34","guid":{"rendered":"https:\/\/sagavinaestartit.com\/2018\/04\/21\/figueres-en-het-theater-museum-dali\/"},"modified":"2018-04-21T10:30:34","modified_gmt":"2018-04-21T08:30:34","slug":"figueres-en-het-theater-museum-dali","status":"publish","type":"post","link":"https:\/\/sagavinaestartit.com\/nl\/figueres-en-het-theater-museum-dali\/","title":{"rendered":"Figueres en het theater-museum Dal\u00ed"},"content":{"rendered":"<p style=\"font-weight: 400; text-align: justify;\">Figueres is de hoofdstad van de Alt Empord\u00e0 en ligt op 43 kilometer van de Apartaments Sa Gavina Medes en Sa Gavina Gaud\u00ed van L\u2019Estartit.<\/p>\n<p style=\"font-weight: 400; text-align: justify;\">Een bezoek aan Figueres is een aanrader voor alle families die in onze appartementen maar ook elders aan de Costa Brava logeren.<\/p>\n<p style=\"font-weight: 400; text-align: justify;\">Figueres is een gemeente met 43.000 inwoners met een belangrijke industri\u00eble, commerci\u00eble en toeristische activiteit waar belangrijke historische figuren, zoals Narc\u00eds Monturiol, uitvinder van de eerste bemande onderzee\u00ebr en Salvador Dal\u00ed, geboren zijn.<\/p>\n<p style=\"font-weight: 400; text-align: justify;\">Salvador Dal\u00ed (1904-1989) is gekend als een van de meest surrealistische kunstenaars en zijn werken worden overal ter wereld tentoongesteld.<\/p>\n<p style=\"font-weight: 400; text-align: justify;\">Het Museum-Theater Dal\u00ed opende zijn deuren in het jaar 1974 en herbergt 1.500 werken van \u00a0Dal\u00ed van allerlei aard zoals schilderijen, tekeningen, gravures, beeldhouwwerken, enz. evenals werken van andere kunstenaars waarvan Dal\u00ed ook wilde dat ze tentoongesteld werden, zoals die van Antoni Pixot en Evarist Vall\u00e8s, evenals zijn eigen priv\u00e9verzameling met werken van onder andere El Greco en Modest Urgell.<\/p>\n<p style=\"font-weight: 400; text-align: justify;\">Behalve dit monumentale erfgoed van Figueres is het ook de moeite waard een bezoek te brengen aan de Kerk van Sant Pere en het Kasteel van San Fernando, evenals aan het stadcentrum met talrijke merkwinkels die druk bezocht worden door Franse toeristen daar Figueres niet ver van de Franse grens ligt.<\/p>\n<p style=\"font-weight: 400; text-align: justify;\">Belangrijk zijn tevens de festiviteiten van la Santa Creu tijdens de eerste week van de maand mei met tentoonstellingen van ambachtsartikelen, tekeningen, schilderijen, enz. evenals concerten en attracties.<\/p>\n<p style=\"font-weight: 400; text-align: justify;\">De gastronomie is een belangrijke toeristische troef met traditionele gerechten gaande van vleesgerechten tot zoete varkensworst, de ui van Figueres tot visgerechten van de Costa Brava. Een ander typisch gerecht is de \u201cmar y monta\u00f1a\u201d: kip met gamba\u2019s of kreeft met slakken of \u00a0intvis met erwten, enz.<\/p>\n","protected":false},"excerpt":{"rendered":"<p>Figueres is de hoofdstad van de Alt Empord\u00e0 en ligt op 43 kilometer van de Apartaments Sa Gavina Medes en Sa Gavina Gaud\u00ed van L\u2019Estartit. Een bezoek aan Figueres is een aanrader voor alle families die in onze appartementen maar  [&#8230;]<\/p>\n","protected":false},"author":1,"featured_media":26694,"comment_status":"open","ping_status":"open","sticky":false,"template":"","format":"standard","meta":{"footnotes":""},"categories":[133],"tags":[],"class_list":["post-28837","post","type-post","status-publish","format-standard","has-post-thumbnail","hentry","category-activiteiten"],"yoast_head":"<!-- This site is optimized with the Yoast SEO plugin v27.1.1 - https:\/\/yoast.com\/product\/yoast-seo-wordpress\/ -->\n<title>Figueres en het theater-museum Dal\u00ed | Sa Gavina Apartaments<\/title>\n<meta name=\"robots\" content=\"index, follow, max-snippet:-1, max-image-preview:large, max-video-preview:-1\" \/>\n<link rel=\"canonical\" href=\"https:\/\/sagavinaestartit.com\/nl\/figueres-en-het-theater-museum-dali\/\" \/>\n<meta property=\"og:locale\" content=\"nl_NL\" \/>\n<meta property=\"og:type\" content=\"article\" \/>\n<meta property=\"og:title\" content=\"Figueres en het theater-museum Dal\u00ed | Sa Gavina Apartaments\" \/>\n<meta property=\"og:description\" content=\"Figueres is de hoofdstad van de Alt Empord\u00e0 en ligt op 43 kilometer van de Apartaments Sa Gavina Medes en Sa Gavina Gaud\u00ed van L\u2019Estartit. Een bezoek aan Figueres is een aanrader voor alle families die in onze appartementen maar [...]\" \/>\n<meta property=\"og:url\" content=\"https:\/\/sagavinaestartit.com\/nl\/figueres-en-het-theater-museum-dali\/\" \/>\n<meta property=\"og:site_name\" content=\"Sa Gavina Apartaments\" \/>\n<meta property=\"article:published_time\" content=\"2018-04-21T08:30:34+00:00\" \/>\n<meta property=\"og:image\" content=\"https:\/\/sagavinaestartit.com\/wp-content\/uploads\/2018\/04\/museodali-1.jpg\" \/>\n\t<meta property=\"og:image:width\" content=\"600\" \/>\n\t<meta property=\"og:image:height\" content=\"400\" \/>\n\t<meta property=\"og:image:type\" content=\"image\/jpeg\" \/>\n<meta name=\"author\" content=\"tecnico_alojapro\" \/>\n<meta name=\"twitter:card\" content=\"summary_large_image\" \/>\n<meta name=\"twitter:label1\" content=\"Geschreven door\" \/>\n\t<meta name=\"twitter:data1\" content=\"tecnico_alojapro\" \/>\n\t<meta name=\"twitter:label2\" content=\"Geschatte leestijd\" \/>\n\t<meta name=\"twitter:data2\" content=\"1 minuut\" \/>\n<script type=\"application\/ld+json\" class=\"yoast-schema-graph\">{\"@context\":\"https:\/\/schema.org\",\"@graph\":[{\"@type\":\"Article\",\"@id\":\"https:\/\/sagavinaestartit.com\/nl\/figueres-en-het-theater-museum-dali\/#article\",\"isPartOf\":{\"@id\":\"https:\/\/sagavinaestartit.com\/nl\/figueres-en-het-theater-museum-dali\/\"},\"author\":{\"name\":\"tecnico_alojapro\",\"@id\":\"https:\/\/sagavinaestartit.com\/nl\/#\/schema\/person\/72b3f9a420869474351007377bde83c0\"},\"headline\":\"Figueres en het theater-museum Dal\u00ed\",\"datePublished\":\"2018-04-21T08:30:34+00:00\",\"mainEntityOfPage\":{\"@id\":\"https:\/\/sagavinaestartit.com\/nl\/figueres-en-het-theater-museum-dali\/\"},\"wordCount\":296,\"commentCount\":0,\"publisher\":{\"@id\":\"https:\/\/sagavinaestartit.com\/nl\/#organization\"},\"image\":{\"@id\":\"https:\/\/sagavinaestartit.com\/nl\/figueres-en-het-theater-museum-dali\/#primaryimage\"},\"thumbnailUrl\":\"https:\/\/sagavinaestartit.com\/wp-content\/uploads\/2018\/04\/museodali-1.jpg\",\"articleSection\":[\"Activiteiten\"],\"inLanguage\":\"nl-NL\",\"potentialAction\":[{\"@type\":\"CommentAction\",\"name\":\"Comment\",\"target\":[\"https:\/\/sagavinaestartit.com\/nl\/figueres-en-het-theater-museum-dali\/#respond\"]}]},{\"@type\":\"WebPage\",\"@id\":\"https:\/\/sagavinaestartit.com\/nl\/figueres-en-het-theater-museum-dali\/\",\"url\":\"https:\/\/sagavinaestartit.com\/nl\/figueres-en-het-theater-museum-dali\/\",\"name\":\"Figueres en het theater-museum Dal\u00ed | Sa Gavina Apartaments\",\"isPartOf\":{\"@id\":\"https:\/\/sagavinaestartit.com\/nl\/#website\"},\"primaryImageOfPage\":{\"@id\":\"https:\/\/sagavinaestartit.com\/nl\/figueres-en-het-theater-museum-dali\/#primaryimage\"},\"image\":{\"@id\":\"https:\/\/sagavinaestartit.com\/nl\/figueres-en-het-theater-museum-dali\/#primaryimage\"},\"thumbnailUrl\":\"https:\/\/sagavinaestartit.com\/wp-content\/uploads\/2018\/04\/museodali-1.jpg\",\"datePublished\":\"2018-04-21T08:30:34+00:00\",\"breadcrumb\":{\"@id\":\"https:\/\/sagavinaestartit.com\/nl\/figueres-en-het-theater-museum-dali\/#breadcrumb\"},\"inLanguage\":\"nl-NL\",\"potentialAction\":[{\"@type\":\"ReadAction\",\"target\":[\"https:\/\/sagavinaestartit.com\/nl\/figueres-en-het-theater-museum-dali\/\"]}]},{\"@type\":\"ImageObject\",\"inLanguage\":\"nl-NL\",\"@id\":\"https:\/\/sagavinaestartit.com\/nl\/figueres-en-het-theater-museum-dali\/#primaryimage\",\"url\":\"https:\/\/sagavinaestartit.com\/wp-content\/uploads\/2018\/04\/museodali-1.jpg\",\"contentUrl\":\"https:\/\/sagavinaestartit.com\/wp-content\/uploads\/2018\/04\/museodali-1.jpg\",\"width\":600,\"height\":400},{\"@type\":\"BreadcrumbList\",\"@id\":\"https:\/\/sagavinaestartit.com\/nl\/figueres-en-het-theater-museum-dali\/#breadcrumb\",\"itemListElement\":[{\"@type\":\"ListItem\",\"position\":1,\"name\":\"Portada\",\"item\":\"https:\/\/sagavinaestartit.com\/nl\/home\/\"},{\"@type\":\"ListItem\",\"position\":2,\"name\":\"Figueres en het theater-museum Dal\u00ed\"}]},{\"@type\":\"WebSite\",\"@id\":\"https:\/\/sagavinaestartit.com\/nl\/#website\",\"url\":\"https:\/\/sagavinaestartit.com\/nl\/\",\"name\":\"Sa Gavina Apartaments\",\"description\":\"Sa Gavina Apartments\",\"publisher\":{\"@id\":\"https:\/\/sagavinaestartit.com\/nl\/#organization\"},\"potentialAction\":[{\"@type\":\"SearchAction\",\"target\":{\"@type\":\"EntryPoint\",\"urlTemplate\":\"https:\/\/sagavinaestartit.com\/nl\/?s={search_term_string}\"},\"query-input\":{\"@type\":\"PropertyValueSpecification\",\"valueRequired\":true,\"valueName\":\"search_term_string\"}}],\"inLanguage\":\"nl-NL\"},{\"@type\":\"Organization\",\"@id\":\"https:\/\/sagavinaestartit.com\/nl\/#organization\",\"name\":\"Sa Gavina Apartments\",\"url\":\"https:\/\/sagavinaestartit.com\/nl\/\",\"logo\":{\"@type\":\"ImageObject\",\"inLanguage\":\"nl-NL\",\"@id\":\"https:\/\/sagavinaestartit.com\/nl\/#\/schema\/logo\/image\/\",\"url\":\"https:\/\/sagavinaestartit.com\/wp-content\/uploads\/2024\/12\/3-1.png\",\"contentUrl\":\"https:\/\/sagavinaestartit.com\/wp-content\/uploads\/2024\/12\/3-1.png\",\"width\":500,\"height\":200,\"caption\":\"Sa Gavina Apartments\"},\"image\":{\"@id\":\"https:\/\/sagavinaestartit.com\/nl\/#\/schema\/logo\/image\/\"}},{\"@type\":\"Person\",\"@id\":\"https:\/\/sagavinaestartit.com\/nl\/#\/schema\/person\/72b3f9a420869474351007377bde83c0\",\"name\":\"tecnico_alojapro\",\"sameAs\":[\"https:\/\/sagavinaestartit.com\"]}]}<\/script>\n<!-- \/ Yoast SEO plugin. -->","yoast_head_json":{"title":"Figueres en het theater-museum Dal\u00ed | Sa Gavina Apartaments","robots":{"index":"index","follow":"follow","max-snippet":"max-snippet:-1","max-image-preview":"max-image-preview:large","max-video-preview":"max-video-preview:-1"},"canonical":"https:\/\/sagavinaestartit.com\/nl\/figueres-en-het-theater-museum-dali\/","og_locale":"nl_NL","og_type":"article","og_title":"Figueres en het theater-museum Dal\u00ed | Sa Gavina Apartaments","og_description":"Figueres is de hoofdstad van de Alt Empord\u00e0 en ligt op 43 kilometer van de Apartaments Sa Gavina Medes en Sa Gavina Gaud\u00ed van L\u2019Estartit. Een bezoek aan Figueres is een aanrader voor alle families die in onze appartementen maar [...]","og_url":"https:\/\/sagavinaestartit.com\/nl\/figueres-en-het-theater-museum-dali\/","og_site_name":"Sa Gavina Apartaments","article_published_time":"2018-04-21T08:30:34+00:00","og_image":[{"width":600,"height":400,"url":"https:\/\/sagavinaestartit.com\/wp-content\/uploads\/2018\/04\/museodali-1.jpg","type":"image\/jpeg"}],"author":"tecnico_alojapro","twitter_card":"summary_large_image","twitter_misc":{"Geschreven door":"tecnico_alojapro","Geschatte leestijd":"1 minuut"},"schema":{"@context":"https:\/\/schema.org","@graph":[{"@type":"Article","@id":"https:\/\/sagavinaestartit.com\/nl\/figueres-en-het-theater-museum-dali\/#article","isPartOf":{"@id":"https:\/\/sagavinaestartit.com\/nl\/figueres-en-het-theater-museum-dali\/"},"author":{"name":"tecnico_alojapro","@id":"https:\/\/sagavinaestartit.com\/nl\/#\/schema\/person\/72b3f9a420869474351007377bde83c0"},"headline":"Figueres en het theater-museum Dal\u00ed","datePublished":"2018-04-21T08:30:34+00:00","mainEntityOfPage":{"@id":"https:\/\/sagavinaestartit.com\/nl\/figueres-en-het-theater-museum-dali\/"},"wordCount":296,"commentCount":0,"publisher":{"@id":"https:\/\/sagavinaestartit.com\/nl\/#organization"},"image":{"@id":"https:\/\/sagavinaestartit.com\/nl\/figueres-en-het-theater-museum-dali\/#primaryimage"},"thumbnailUrl":"https:\/\/sagavinaestartit.com\/wp-content\/uploads\/2018\/04\/museodali-1.jpg","articleSection":["Activiteiten"],"inLanguage":"nl-NL","potentialAction":[{"@type":"CommentAction","name":"Comment","target":["https:\/\/sagavinaestartit.com\/nl\/figueres-en-het-theater-museum-dali\/#respond"]}]},{"@type":"WebPage","@id":"https:\/\/sagavinaestartit.com\/nl\/figueres-en-het-theater-museum-dali\/","url":"https:\/\/sagavinaestartit.com\/nl\/figueres-en-het-theater-museum-dali\/","name":"Figueres en het theater-museum Dal\u00ed | Sa Gavina Apartaments","isPartOf":{"@id":"https:\/\/sagavinaestartit.com\/nl\/#website"},"primaryImageOfPage":{"@id":"https:\/\/sagavinaestartit.com\/nl\/figueres-en-het-theater-museum-dali\/#primaryimage"},"image":{"@id":"https:\/\/sagavinaestartit.com\/nl\/figueres-en-het-theater-museum-dali\/#primaryimage"},"thumbnailUrl":"https:\/\/sagavinaestartit.com\/wp-content\/uploads\/2018\/04\/museodali-1.jpg","datePublished":"2018-04-21T08:30:34+00:00","breadcrumb":{"@id":"https:\/\/sagavinaestartit.com\/nl\/figueres-en-het-theater-museum-dali\/#breadcrumb"},"inLanguage":"nl-NL","potentialAction":[{"@type":"ReadAction","target":["https:\/\/sagavinaestartit.com\/nl\/figueres-en-het-theater-museum-dali\/"]}]},{"@type":"ImageObject","inLanguage":"nl-NL","@id":"https:\/\/sagavinaestartit.com\/nl\/figueres-en-het-theater-museum-dali\/#primaryimage","url":"https:\/\/sagavinaestartit.com\/wp-content\/uploads\/2018\/04\/museodali-1.jpg","contentUrl":"https:\/\/sagavinaestartit.com\/wp-content\/uploads\/2018\/04\/museodali-1.jpg","width":600,"height":400},{"@type":"BreadcrumbList","@id":"https:\/\/sagavinaestartit.com\/nl\/figueres-en-het-theater-museum-dali\/#breadcrumb","itemListElement":[{"@type":"ListItem","position":1,"name":"Portada","item":"https:\/\/sagavinaestartit.com\/nl\/home\/"},{"@type":"ListItem","position":2,"name":"Figueres en het theater-museum Dal\u00ed"}]},{"@type":"WebSite","@id":"https:\/\/sagavinaestartit.com\/nl\/#website","url":"https:\/\/sagavinaestartit.com\/nl\/","name":"Sa Gavina Apartaments","description":"Sa Gavina Apartments","publisher":{"@id":"https:\/\/sagavinaestartit.com\/nl\/#organization"},"potentialAction":[{"@type":"SearchAction","target":{"@type":"EntryPoint","urlTemplate":"https:\/\/sagavinaestartit.com\/nl\/?s={search_term_string}"},"query-input":{"@type":"PropertyValueSpecification","valueRequired":true,"valueName":"search_term_string"}}],"inLanguage":"nl-NL"},{"@type":"Organization","@id":"https:\/\/sagavinaestartit.com\/nl\/#organization","name":"Sa Gavina Apartments","url":"https:\/\/sagavinaestartit.com\/nl\/","logo":{"@type":"ImageObject","inLanguage":"nl-NL","@id":"https:\/\/sagavinaestartit.com\/nl\/#\/schema\/logo\/image\/","url":"https:\/\/sagavinaestartit.com\/wp-content\/uploads\/2024\/12\/3-1.png","contentUrl":"https:\/\/sagavinaestartit.com\/wp-content\/uploads\/2024\/12\/3-1.png","width":500,"height":200,"caption":"Sa Gavina Apartments"},"image":{"@id":"https:\/\/sagavinaestartit.com\/nl\/#\/schema\/logo\/image\/"}},{"@type":"Person","@id":"https:\/\/sagavinaestartit.com\/nl\/#\/schema\/person\/72b3f9a420869474351007377bde83c0","name":"tecnico_alojapro","sameAs":["https:\/\/sagavinaestartit.com"]}]}},"_links":{"self":[{"href":"https:\/\/sagavinaestartit.com\/nl\/wp-json\/wp\/v2\/posts\/28837","targetHints":{"allow":["GET"]}}],"collection":[{"href":"https:\/\/sagavinaestartit.com\/nl\/wp-json\/wp\/v2\/posts"}],"about":[{"href":"https:\/\/sagavinaestartit.com\/nl\/wp-json\/wp\/v2\/types\/post"}],"author":[{"embeddable":true,"href":"https:\/\/sagavinaestartit.com\/nl\/wp-json\/wp\/v2\/users\/1"}],"replies":[{"embeddable":true,"href":"https:\/\/sagavinaestartit.com\/nl\/wp-json\/wp\/v2\/comments?post=28837"}],"version-history":[{"count":0,"href":"https:\/\/sagavinaestartit.com\/nl\/wp-json\/wp\/v2\/posts\/28837\/revisions"}],"wp:featuredmedia":[{"embeddable":true,"href":"https:\/\/sagavinaestartit.com\/nl\/wp-json\/wp\/v2\/media\/26694"}],"wp:attachment":[{"href":"https:\/\/sagavinaestartit.com\/nl\/wp-json\/wp\/v2\/media?parent=28837"}],"wp:term":[{"taxonomy":"category","embeddable":true,"href":"https:\/\/sagavinaestartit.com\/nl\/wp-json\/wp\/v2\/categories?post=28837"},{"taxonomy":"post_tag","embeddable":true,"href":"https:\/\/sagavinaestartit.com\/nl\/wp-json\/wp\/v2\/tags?post=28837"}],"curies":[{"name":"wp","href":"https:\/\/api.w.org\/{rel}","templated":true}]}}