{"id":35985,"date":"2019-09-02T13:35:43","date_gmt":"2019-09-02T11:35:43","guid":{"rendered":"https:\/\/sagavinaestartit.com\/les-geants-et-les-personnages-festifs-de-torroella-de-montgri\/"},"modified":"2025-11-12T17:41:38","modified_gmt":"2025-11-12T16:41:38","slug":"geants-et-personnages-torroella-montgri","status":"publish","type":"post","link":"https:\/\/sagavinaestartit.com\/fr\/geants-et-personnages-torroella-montgri\/","title":{"rendered":"Les g\u00e9ants et les personnages festifs de Torroella de Montgr\u00ed"},"content":{"rendered":"<p>Torroella de Montgr\u00ed poss\u00e8de une riche tradition populaire, dont font partie les g\u00e9ants, les grosses t\u00eates et autres personnages festifs.<\/p>\n<p>Les premi\u00e8res r\u00e9f\u00e9rences aux g\u00e9ants et \u00e0 un dragon remontent \u00e0 1608, et le premier couple de g\u00e9ants (un homme et une femme) date de 1758.<\/p>\n<p>Ces personnages ont accompagn\u00e9 des g\u00e9n\u00e9rations d&rsquo;habitants de Torroella lors de c\u00e9l\u00e9brations, de d\u00e9fil\u00e9s et de f\u00eates locales, devenant ainsi un symbole de l&rsquo;identit\u00e9 locale.<\/p>\n<h2><strong>\u00ab Montgr\u00ed. Une histoire de g\u00e9ants \u00bb<\/strong><\/h2>\n<p>En 2019, le Mus\u00e9e de la M\u00e9diterran\u00e9e et l&rsquo;Association des amis des g\u00e9ants et des grosses t\u00eates de Torroella de Montgr\u00ed ont cr\u00e9\u00e9 l&rsquo;exposition \u00ab Montgr\u00ed. Une histoire de g\u00e9ants \u00bb, un projet qui a donn\u00e9 naissance \u00e0 une salle permanente, <strong><a href=\"https:\/\/www.museudelamediterrania.cat\/ca\/programacio\/c\/5232-la-sala-de-les-besties-i-dels-gegants.html\">\u00ab la Salle des b\u00eates et des g\u00e9ants \u00bb.<\/a><\/strong><\/p>\n<p>Le fruit d&rsquo;un travail de recherche intense et exhaustif dans diff\u00e9rentes archives du pays, l&rsquo;exposition est organis\u00e9e par Xavier Cordom\u00ed, expert dans le domaine de l&rsquo;imagerie festive en Catalogne, qui a \u00e9crit <a href=\"https:\/\/www.museudelamediterrania.cat\/pujades\/files\/Cat%C3%A0leg%20complet%20llibre%20dels%20gegants.pdf\">un livre qui leur est consacr\u00e9.<\/a><\/p>\n<p>L&rsquo;exposition est n\u00e9e de la n\u00e9cessit\u00e9 de faire un examen exhaustif de l&rsquo;histoire des g\u00e9ants de <strong>Torroella de Montgr\u00ed<\/strong> depuis la premi\u00e8re date document\u00e9e jusqu&rsquo;\u00e0 nos jours. L&rsquo;exposition est un regard sur les faits et \u00e9v\u00e9nements les plus importants dans lesquels les g\u00e9ants ont jou\u00e9 un r\u00f4le de premier plan, tout en reconnaissant le travail pr\u00e9cieux des personnes qui les fabriquent.<\/p>\n<p>Les enfants qui visitent l&rsquo;exposition pourront essayer une t\u00eate g\u00e9ante.<\/p>\n<p>Les visiteurs peuvent d\u00e9couvrir de pr\u00e8s les figures les plus embl\u00e9matiques de la tradition locale :<\/p>\n<ul>\n<li><strong>Gegants de Torroella de Montgr\u00ed<\/strong> : le <em>Gegant<\/em> et la <em>Geganta,<\/em> populairement connus sous le nom d&rsquo;E<em>l Porrer<\/em> (en raison du gourdin qu&rsquo;il tient). Ils repr\u00e9sentent des propri\u00e9taires terriens de la commune.<\/li>\n<li><strong>Drac de Torroella<\/strong>: avec des r\u00e9f\u00e9rences historiques remontant \u00e0 1666, c&rsquo;est l&rsquo;une des pi\u00e8ces les plus anciennes et les plus symboliques de l&rsquo;imagerie locale<\/li>\n<li><strong>Autres figures festives :<\/strong> les cabezudos (t\u00eates g\u00e9antes) et l&rsquo;\u00c0liga, qui participent activement aux f\u00eates et aux d\u00e9fil\u00e9s populaires.<\/li>\n<\/ul>\n<p>Il y a aussi les <strong>Gegants de l&rsquo;Estartit<\/strong> : Xiscu et Remei, qui repr\u00e9sentent un p\u00eacheur et une raccommodeuse.<\/p>\n<p>Si vous venez passer quelques jours dans l&rsquo;un de nos appartements \u00e0 l&rsquo;Estartit, Sa Gavina et que vous \u00eates passionn\u00e9 par le monde des g\u00e9ants, ne manquez pas cette fantastique exposition. Une occasion unique de d\u00e9couvrir l&rsquo;<strong>histoire vivante et festive de Torroella de Montgr\u00ed<\/strong>, o\u00f9 l&rsquo;art populaire et l&rsquo;identit\u00e9 locale se c\u00f4toient.<\/p>\n<p>&nbsp;<\/p>\n","protected":false},"excerpt":{"rendered":"<p>Torroella de Montgr\u00ed poss\u00e8de une riche tradition populaire, dont font partie les g\u00e9ants, les grosses t\u00eates et autres personnages festifs. Les premi\u00e8res r\u00e9f\u00e9rences aux g\u00e9ants et \u00e0 un dragon remontent \u00e0 1608, et le premier couple de g\u00e9ants (un homme  [&#8230;]<\/p>\n","protected":false},"author":1,"featured_media":35972,"comment_status":"closed","ping_status":"closed","sticky":false,"template":"","format":"standard","meta":{"footnotes":""},"categories":[127,681,682,683,130,605],"tags":[247,606,647,526,238,687,608,811],"class_list":["post-35985","post","type-post","status-publish","format-standard","has-post-thumbnail","hentry","category-activites-a-lestartit","category-costa-brava-fr","category-emporda-fr","category-excursion-dune-journee","category-nouvelles","category-que-faire-avec-les-enfants","tag-activites-a-lestartit","tag-activites-familiales","tag-animaux-de-compagnie-estartit","tag-costa-brava-fr","tag-lieux-dinteret","tag-que-faire-a-lestartit","tag-que-faire-avec-les-enfants","tag-traditions-de-catalogne"],"yoast_head":"<!-- This site is optimized with the Yoast SEO plugin v27.1.1 - https:\/\/yoast.com\/product\/yoast-seo-wordpress\/ -->\n<title>Les g\u00e9ants et les personnages festifs de Torroella de Montgr\u00ed | Sa Gavina Apartaments<\/title>\n<meta name=\"description\" content=\"Vivez la magie des g\u00e9ants de Torroella de Montgr\u00ed : tradition, art et culture populaire au Museu de la Mediterr\u00e0nia.\" \/>\n<meta name=\"robots\" content=\"index, follow, max-snippet:-1, max-image-preview:large, max-video-preview:-1\" \/>\n<link rel=\"canonical\" href=\"https:\/\/sagavinaestartit.com\/fr\/geants-et-personnages-torroella-montgri\/\" \/>\n<meta property=\"og:locale\" content=\"fr_FR\" \/>\n<meta property=\"og:type\" content=\"article\" \/>\n<meta property=\"og:title\" content=\"Les g\u00e9ants et les personnages festifs de Torroella de Montgr\u00ed | Sa Gavina Apartaments\" \/>\n<meta property=\"og:description\" content=\"Vivez la magie des g\u00e9ants de Torroella de Montgr\u00ed : tradition, art et culture populaire au Museu de la Mediterr\u00e0nia.\" \/>\n<meta property=\"og:url\" content=\"https:\/\/sagavinaestartit.com\/fr\/geants-et-personnages-torroella-montgri\/\" \/>\n<meta property=\"og:site_name\" content=\"Sa Gavina Apartaments\" \/>\n<meta property=\"article:published_time\" content=\"2019-09-02T11:35:43+00:00\" \/>\n<meta property=\"article:modified_time\" content=\"2025-11-12T16:41:38+00:00\" \/>\n<meta property=\"og:image\" content=\"https:\/\/sagavinaestartit.com\/wp-content\/uploads\/2019\/09\/Montgri-terra-de-gegants-scaled.webp\" \/>\n\t<meta property=\"og:image:width\" content=\"2560\" \/>\n\t<meta property=\"og:image:height\" content=\"1280\" \/>\n\t<meta property=\"og:image:type\" content=\"image\/webp\" \/>\n<meta name=\"author\" content=\"tecnico_alojapro\" \/>\n<meta name=\"twitter:card\" content=\"summary_large_image\" \/>\n<meta name=\"twitter:label1\" content=\"\u00c9crit par\" \/>\n\t<meta name=\"twitter:data1\" content=\"tecnico_alojapro\" \/>\n\t<meta name=\"twitter:label2\" content=\"Dur\u00e9e de lecture estim\u00e9e\" \/>\n\t<meta name=\"twitter:data2\" content=\"2 minutes\" \/>\n<script type=\"application\/ld+json\" class=\"yoast-schema-graph\">{\"@context\":\"https:\/\/schema.org\",\"@graph\":[{\"@type\":\"Article\",\"@id\":\"https:\/\/sagavinaestartit.com\/fr\/geants-et-personnages-torroella-montgri\/#article\",\"isPartOf\":{\"@id\":\"https:\/\/sagavinaestartit.com\/fr\/geants-et-personnages-torroella-montgri\/\"},\"author\":{\"name\":\"tecnico_alojapro\",\"@id\":\"https:\/\/sagavinaestartit.com\/fr\/#\/schema\/person\/72b3f9a420869474351007377bde83c0\"},\"headline\":\"Les g\u00e9ants et les personnages festifs de Torroella de Montgr\u00ed\",\"datePublished\":\"2019-09-02T11:35:43+00:00\",\"dateModified\":\"2025-11-12T16:41:38+00:00\",\"mainEntityOfPage\":{\"@id\":\"https:\/\/sagavinaestartit.com\/fr\/geants-et-personnages-torroella-montgri\/\"},\"wordCount\":470,\"publisher\":{\"@id\":\"https:\/\/sagavinaestartit.com\/fr\/#organization\"},\"image\":{\"@id\":\"https:\/\/sagavinaestartit.com\/fr\/geants-et-personnages-torroella-montgri\/#primaryimage\"},\"thumbnailUrl\":\"https:\/\/sagavinaestartit.com\/wp-content\/uploads\/2019\/09\/Montgri-terra-de-gegants-scaled.webp\",\"keywords\":[\"activit\u00e9s \u00e0 l'Estartit\",\"activit\u00e9s familiales\",\"animaux de compagnie estartit\",\"Costa Brava\",\"lieux d'int\u00e9r\u00eat\",\"Que faire \u00e0 l'Estartit\",\"Que faire avec les enfants\",\"Traditions de Catalogne\"],\"articleSection\":[\"Activit\u00e9s a l'Estartit\",\"Costa Brava\",\"Empord\u00e0\",\"Excursion d'une journ\u00e9e\",\"Nouvelles\",\"Que faire avec les enfants\"],\"inLanguage\":\"fr-FR\"},{\"@type\":\"WebPage\",\"@id\":\"https:\/\/sagavinaestartit.com\/fr\/geants-et-personnages-torroella-montgri\/\",\"url\":\"https:\/\/sagavinaestartit.com\/fr\/geants-et-personnages-torroella-montgri\/\",\"name\":\"Les g\u00e9ants et les personnages festifs de Torroella de Montgr\u00ed | Sa Gavina Apartaments\",\"isPartOf\":{\"@id\":\"https:\/\/sagavinaestartit.com\/fr\/#website\"},\"primaryImageOfPage\":{\"@id\":\"https:\/\/sagavinaestartit.com\/fr\/geants-et-personnages-torroella-montgri\/#primaryimage\"},\"image\":{\"@id\":\"https:\/\/sagavinaestartit.com\/fr\/geants-et-personnages-torroella-montgri\/#primaryimage\"},\"thumbnailUrl\":\"https:\/\/sagavinaestartit.com\/wp-content\/uploads\/2019\/09\/Montgri-terra-de-gegants-scaled.webp\",\"datePublished\":\"2019-09-02T11:35:43+00:00\",\"dateModified\":\"2025-11-12T16:41:38+00:00\",\"description\":\"Vivez la magie des g\u00e9ants de Torroella de Montgr\u00ed : tradition, art et culture populaire au Museu de la Mediterr\u00e0nia.\",\"breadcrumb\":{\"@id\":\"https:\/\/sagavinaestartit.com\/fr\/geants-et-personnages-torroella-montgri\/#breadcrumb\"},\"inLanguage\":\"fr-FR\",\"potentialAction\":[{\"@type\":\"ReadAction\",\"target\":[\"https:\/\/sagavinaestartit.com\/fr\/geants-et-personnages-torroella-montgri\/\"]}]},{\"@type\":\"ImageObject\",\"inLanguage\":\"fr-FR\",\"@id\":\"https:\/\/sagavinaestartit.com\/fr\/geants-et-personnages-torroella-montgri\/#primaryimage\",\"url\":\"https:\/\/sagavinaestartit.com\/wp-content\/uploads\/2019\/09\/Montgri-terra-de-gegants-scaled.webp\",\"contentUrl\":\"https:\/\/sagavinaestartit.com\/wp-content\/uploads\/2019\/09\/Montgri-terra-de-gegants-scaled.webp\",\"width\":2560,\"height\":1280,\"caption\":\"Montgr\u00ed terra de gegants\"},{\"@type\":\"BreadcrumbList\",\"@id\":\"https:\/\/sagavinaestartit.com\/fr\/geants-et-personnages-torroella-montgri\/#breadcrumb\",\"itemListElement\":[{\"@type\":\"ListItem\",\"position\":1,\"name\":\"Portada\",\"item\":\"https:\/\/sagavinaestartit.com\/fr\/home\/\"},{\"@type\":\"ListItem\",\"position\":2,\"name\":\"Les g\u00e9ants et les personnages festifs de Torroella de Montgr\u00ed\"}]},{\"@type\":\"WebSite\",\"@id\":\"https:\/\/sagavinaestartit.com\/fr\/#website\",\"url\":\"https:\/\/sagavinaestartit.com\/fr\/\",\"name\":\"Sa Gavina Apartaments\",\"description\":\"Sa Gavina Apartments\",\"publisher\":{\"@id\":\"https:\/\/sagavinaestartit.com\/fr\/#organization\"},\"potentialAction\":[{\"@type\":\"SearchAction\",\"target\":{\"@type\":\"EntryPoint\",\"urlTemplate\":\"https:\/\/sagavinaestartit.com\/fr\/?s={search_term_string}\"},\"query-input\":{\"@type\":\"PropertyValueSpecification\",\"valueRequired\":true,\"valueName\":\"search_term_string\"}}],\"inLanguage\":\"fr-FR\"},{\"@type\":\"Organization\",\"@id\":\"https:\/\/sagavinaestartit.com\/fr\/#organization\",\"name\":\"Sa Gavina Apartments\",\"url\":\"https:\/\/sagavinaestartit.com\/fr\/\",\"logo\":{\"@type\":\"ImageObject\",\"inLanguage\":\"fr-FR\",\"@id\":\"https:\/\/sagavinaestartit.com\/fr\/#\/schema\/logo\/image\/\",\"url\":\"https:\/\/sagavinaestartit.com\/wp-content\/uploads\/2024\/12\/3-1.png\",\"contentUrl\":\"https:\/\/sagavinaestartit.com\/wp-content\/uploads\/2024\/12\/3-1.png\",\"width\":500,\"height\":200,\"caption\":\"Sa Gavina Apartments\"},\"image\":{\"@id\":\"https:\/\/sagavinaestartit.com\/fr\/#\/schema\/logo\/image\/\"}},{\"@type\":\"Person\",\"@id\":\"https:\/\/sagavinaestartit.com\/fr\/#\/schema\/person\/72b3f9a420869474351007377bde83c0\",\"name\":\"tecnico_alojapro\",\"sameAs\":[\"https:\/\/sagavinaestartit.com\"]}]}<\/script>\n<!-- \/ Yoast SEO plugin. -->","yoast_head_json":{"title":"Les g\u00e9ants et les personnages festifs de Torroella de Montgr\u00ed | Sa Gavina Apartaments","description":"Vivez la magie des g\u00e9ants de Torroella de Montgr\u00ed : tradition, art et culture populaire au Museu de la Mediterr\u00e0nia.","robots":{"index":"index","follow":"follow","max-snippet":"max-snippet:-1","max-image-preview":"max-image-preview:large","max-video-preview":"max-video-preview:-1"},"canonical":"https:\/\/sagavinaestartit.com\/fr\/geants-et-personnages-torroella-montgri\/","og_locale":"fr_FR","og_type":"article","og_title":"Les g\u00e9ants et les personnages festifs de Torroella de Montgr\u00ed | Sa Gavina Apartaments","og_description":"Vivez la magie des g\u00e9ants de Torroella de Montgr\u00ed : tradition, art et culture populaire au Museu de la Mediterr\u00e0nia.","og_url":"https:\/\/sagavinaestartit.com\/fr\/geants-et-personnages-torroella-montgri\/","og_site_name":"Sa Gavina Apartaments","article_published_time":"2019-09-02T11:35:43+00:00","article_modified_time":"2025-11-12T16:41:38+00:00","og_image":[{"width":2560,"height":1280,"url":"https:\/\/sagavinaestartit.com\/wp-content\/uploads\/2019\/09\/Montgri-terra-de-gegants-scaled.webp","type":"image\/webp"}],"author":"tecnico_alojapro","twitter_card":"summary_large_image","twitter_misc":{"\u00c9crit par":"tecnico_alojapro","Dur\u00e9e de lecture estim\u00e9e":"2 minutes"},"schema":{"@context":"https:\/\/schema.org","@graph":[{"@type":"Article","@id":"https:\/\/sagavinaestartit.com\/fr\/geants-et-personnages-torroella-montgri\/#article","isPartOf":{"@id":"https:\/\/sagavinaestartit.com\/fr\/geants-et-personnages-torroella-montgri\/"},"author":{"name":"tecnico_alojapro","@id":"https:\/\/sagavinaestartit.com\/fr\/#\/schema\/person\/72b3f9a420869474351007377bde83c0"},"headline":"Les g\u00e9ants et les personnages festifs de Torroella de Montgr\u00ed","datePublished":"2019-09-02T11:35:43+00:00","dateModified":"2025-11-12T16:41:38+00:00","mainEntityOfPage":{"@id":"https:\/\/sagavinaestartit.com\/fr\/geants-et-personnages-torroella-montgri\/"},"wordCount":470,"publisher":{"@id":"https:\/\/sagavinaestartit.com\/fr\/#organization"},"image":{"@id":"https:\/\/sagavinaestartit.com\/fr\/geants-et-personnages-torroella-montgri\/#primaryimage"},"thumbnailUrl":"https:\/\/sagavinaestartit.com\/wp-content\/uploads\/2019\/09\/Montgri-terra-de-gegants-scaled.webp","keywords":["activit\u00e9s \u00e0 l'Estartit","activit\u00e9s familiales","animaux de compagnie estartit","Costa Brava","lieux d'int\u00e9r\u00eat","Que faire \u00e0 l'Estartit","Que faire avec les enfants","Traditions de Catalogne"],"articleSection":["Activit\u00e9s a l'Estartit","Costa Brava","Empord\u00e0","Excursion d'une journ\u00e9e","Nouvelles","Que faire avec les enfants"],"inLanguage":"fr-FR"},{"@type":"WebPage","@id":"https:\/\/sagavinaestartit.com\/fr\/geants-et-personnages-torroella-montgri\/","url":"https:\/\/sagavinaestartit.com\/fr\/geants-et-personnages-torroella-montgri\/","name":"Les g\u00e9ants et les personnages festifs de Torroella de Montgr\u00ed | Sa Gavina Apartaments","isPartOf":{"@id":"https:\/\/sagavinaestartit.com\/fr\/#website"},"primaryImageOfPage":{"@id":"https:\/\/sagavinaestartit.com\/fr\/geants-et-personnages-torroella-montgri\/#primaryimage"},"image":{"@id":"https:\/\/sagavinaestartit.com\/fr\/geants-et-personnages-torroella-montgri\/#primaryimage"},"thumbnailUrl":"https:\/\/sagavinaestartit.com\/wp-content\/uploads\/2019\/09\/Montgri-terra-de-gegants-scaled.webp","datePublished":"2019-09-02T11:35:43+00:00","dateModified":"2025-11-12T16:41:38+00:00","description":"Vivez la magie des g\u00e9ants de Torroella de Montgr\u00ed : tradition, art et culture populaire au Museu de la Mediterr\u00e0nia.","breadcrumb":{"@id":"https:\/\/sagavinaestartit.com\/fr\/geants-et-personnages-torroella-montgri\/#breadcrumb"},"inLanguage":"fr-FR","potentialAction":[{"@type":"ReadAction","target":["https:\/\/sagavinaestartit.com\/fr\/geants-et-personnages-torroella-montgri\/"]}]},{"@type":"ImageObject","inLanguage":"fr-FR","@id":"https:\/\/sagavinaestartit.com\/fr\/geants-et-personnages-torroella-montgri\/#primaryimage","url":"https:\/\/sagavinaestartit.com\/wp-content\/uploads\/2019\/09\/Montgri-terra-de-gegants-scaled.webp","contentUrl":"https:\/\/sagavinaestartit.com\/wp-content\/uploads\/2019\/09\/Montgri-terra-de-gegants-scaled.webp","width":2560,"height":1280,"caption":"Montgr\u00ed terra de gegants"},{"@type":"BreadcrumbList","@id":"https:\/\/sagavinaestartit.com\/fr\/geants-et-personnages-torroella-montgri\/#breadcrumb","itemListElement":[{"@type":"ListItem","position":1,"name":"Portada","item":"https:\/\/sagavinaestartit.com\/fr\/home\/"},{"@type":"ListItem","position":2,"name":"Les g\u00e9ants et les personnages festifs de Torroella de Montgr\u00ed"}]},{"@type":"WebSite","@id":"https:\/\/sagavinaestartit.com\/fr\/#website","url":"https:\/\/sagavinaestartit.com\/fr\/","name":"Sa Gavina Apartaments","description":"Sa Gavina Apartments","publisher":{"@id":"https:\/\/sagavinaestartit.com\/fr\/#organization"},"potentialAction":[{"@type":"SearchAction","target":{"@type":"EntryPoint","urlTemplate":"https:\/\/sagavinaestartit.com\/fr\/?s={search_term_string}"},"query-input":{"@type":"PropertyValueSpecification","valueRequired":true,"valueName":"search_term_string"}}],"inLanguage":"fr-FR"},{"@type":"Organization","@id":"https:\/\/sagavinaestartit.com\/fr\/#organization","name":"Sa Gavina Apartments","url":"https:\/\/sagavinaestartit.com\/fr\/","logo":{"@type":"ImageObject","inLanguage":"fr-FR","@id":"https:\/\/sagavinaestartit.com\/fr\/#\/schema\/logo\/image\/","url":"https:\/\/sagavinaestartit.com\/wp-content\/uploads\/2024\/12\/3-1.png","contentUrl":"https:\/\/sagavinaestartit.com\/wp-content\/uploads\/2024\/12\/3-1.png","width":500,"height":200,"caption":"Sa Gavina Apartments"},"image":{"@id":"https:\/\/sagavinaestartit.com\/fr\/#\/schema\/logo\/image\/"}},{"@type":"Person","@id":"https:\/\/sagavinaestartit.com\/fr\/#\/schema\/person\/72b3f9a420869474351007377bde83c0","name":"tecnico_alojapro","sameAs":["https:\/\/sagavinaestartit.com"]}]}},"_links":{"self":[{"href":"https:\/\/sagavinaestartit.com\/fr\/wp-json\/wp\/v2\/posts\/35985","targetHints":{"allow":["GET"]}}],"collection":[{"href":"https:\/\/sagavinaestartit.com\/fr\/wp-json\/wp\/v2\/posts"}],"about":[{"href":"https:\/\/sagavinaestartit.com\/fr\/wp-json\/wp\/v2\/types\/post"}],"author":[{"embeddable":true,"href":"https:\/\/sagavinaestartit.com\/fr\/wp-json\/wp\/v2\/users\/1"}],"replies":[{"embeddable":true,"href":"https:\/\/sagavinaestartit.com\/fr\/wp-json\/wp\/v2\/comments?post=35985"}],"version-history":[{"count":3,"href":"https:\/\/sagavinaestartit.com\/fr\/wp-json\/wp\/v2\/posts\/35985\/revisions"}],"predecessor-version":[{"id":36005,"href":"https:\/\/sagavinaestartit.com\/fr\/wp-json\/wp\/v2\/posts\/35985\/revisions\/36005"}],"wp:featuredmedia":[{"embeddable":true,"href":"https:\/\/sagavinaestartit.com\/fr\/wp-json\/wp\/v2\/media\/35972"}],"wp:attachment":[{"href":"https:\/\/sagavinaestartit.com\/fr\/wp-json\/wp\/v2\/media?parent=35985"}],"wp:term":[{"taxonomy":"category","embeddable":true,"href":"https:\/\/sagavinaestartit.com\/fr\/wp-json\/wp\/v2\/categories?post=35985"},{"taxonomy":"post_tag","embeddable":true,"href":"https:\/\/sagavinaestartit.com\/fr\/wp-json\/wp\/v2\/tags?post=35985"}],"curies":[{"name":"wp","href":"https:\/\/api.w.org\/{rel}","templated":true}]}}