{"id":35964,"date":"2019-10-01T07:44:40","date_gmt":"2019-10-01T05:44:40","guid":{"rendered":"https:\/\/sagavinaestartit.com\/torroella-de-montgri-estartit-destination-culturelle\/"},"modified":"2019-10-01T07:44:40","modified_gmt":"2019-10-01T05:44:40","slug":"torroella-de-montgri-estartit-destination-culturelle","status":"publish","type":"post","link":"https:\/\/sagavinaestartit.com\/fr\/torroella-de-montgri-estartit-destination-culturelle\/","title":{"rendered":"Torroella de Montgr\u00ed-Estartit, destination culturelle"},"content":{"rendered":"<p>Le pouls culturel de <strong>Torroella de Montgr\u00ed-Estartit <\/strong>est rythm\u00e9 et vari\u00e9. L&rsquo;art, la culture et le patrimoine placent la commune au m\u00eame niveau que les destinations culturelles les plus importantes de Catalogne.<\/p>\n<p>Terre de peintres, sculpteurs, \u00e9crivains et photographes, elle a g\u00e9n\u00e9r\u00e9 un dynamisme culturel gr\u00e2ce \u00e0 la pr\u00e9sence de fondations priv\u00e9es et de galeries d&rsquo;art qui se sont install\u00e9es dans la commune, transformant ses rues en un v\u00e9ritable circuit culturel en plein air.<\/p>\n<p>Nous vous pr\u00e9sentons ci-dessous une s\u00e9lection des principaux espaces artistiques et culturels de la commune :<\/p>\n<h2 style=\"text-align: justify;\"><strong>Mus\u00e9es : <\/strong><\/h2>\n<p style=\"text-align: justify;\"><strong><a href=\"https:\/\/www.museudelamediterrania.cat\/\">-Mus\u00e9e de la M\u00e9diterran\u00e9e : <\/a><\/strong><\/p>\n<p>Un espace qui ouvre les portes \u00e0 la d\u00e9couverte et \u00e0 la connaissance de l&rsquo;espace humain de la M\u00e9diterran\u00e9e \u00e0 partir du territoire du massif du Montgr\u00ed, de la plaine du Baix Ter et des \u00eeles Medes. Son approche invite \u00e0 r\u00e9fl\u00e9chir sur la relation entre les hommes et la mer qui unit les civilisations.<\/p>\n<p style=\"text-align: justify;\"><strong><a href=\"https:\/\/www.fundaciomascort.com\/\">-Casa Galibern \u2013 Fondation Mascort : <\/a><\/strong><\/p>\n<p>Il s&rsquo;agit d&rsquo;une maison noble de style colonial datant de la fin du XIXe si\u00e8cle qui accueille des expositions et des conf\u00e9rences autour de trois th\u00e8mes principaux : la connaissance et l&rsquo;\u00e9tude de l&rsquo;histoire, la compr\u00e9hension et l&rsquo;appr\u00e9ciation de l&rsquo;art, la d\u00e9fense et la protection de la nature.<\/p>\n<p style=\"text-align: justify;\"><strong><a href=\"https:\/\/www.fundaciovilacasas.com\/ca\/museu\/museu-palau-solterra-torroella-de-montgri\">-Palau Solterra \u2013 Fondation Vila Casas : <\/a><\/strong><\/p>\n<p>B\u00e2timent du XVe si\u00e8cle \u00e0 la d\u00e9coration Renaissance et moderniste, le Palau Solterra abrite l&rsquo;une des plus importantes collections de photographie contemporaine de la Fondation Vila Casas, avec des \u0153uvres d&rsquo;artistes nationaux et internationaux.<\/p>\n<h2 style=\"text-align: justify;\"><strong>Galeries d&rsquo;art : <\/strong><\/h2>\n<p style=\"text-align: justify;\"><a href=\"https:\/\/www.rocasans.com\/\"><strong>-Atrium:<\/strong> <\/a><\/p>\n<p>Espace de r\u00e9flexion critique, qui expose les \u0153uvres de l&rsquo;artiste plasticien Joan Carles Roca, situ\u00e9 dans le centre historique de Torroella de Montgr\u00ed, cet espace invite au dialogue entre l&rsquo;art et la pens\u00e9e.<\/p>\n<p style=\"text-align: justify;\"><a href=\"https:\/\/michaeldunev.com\/art\/\"><strong>-Michael Dunev Art Projects:<\/strong><\/a><\/p>\n<p>Galerie d\u00e9di\u00e9e \u00e0 l&rsquo;art contemporain international avec des expositions monographiques d&rsquo;artistes de renom. Situ\u00e9e dans une maison restaur\u00e9e du XVIIe si\u00e8cle dans le centre historique de Torroella de Montgr\u00ed.<\/p>\n<p style=\"text-align: justify;\"><a href=\"https:\/\/visitestartit.com\/es\/itinerari\/trac-dart\/\"><strong>-Tra\u00e7 d\u2019Art:<\/strong> <\/a><\/p>\n<p>Espace culturel qui accueille des expositions temporaires et des collections d&rsquo;art d&rsquo;artistes \u00e9mergents et d&rsquo;artistes contemporains reconnus, situ\u00e9 sur la promenade maritime de l&rsquo;Estartit.<\/p>\n<p>Torroella de Montgr\u00ed \u2013 l&rsquo;Estartit est une commune o\u00f9 l&rsquo;art ne se contemple pas seulement, mais o\u00f9 il se respire.<br \/>\nSes mus\u00e9es, fondations et galeries constituent un parcours incontournable pour ceux qui souhaitent profiter pleinement de la culture m\u00e9diterran\u00e9enne.<\/p>\n<p>&nbsp;<\/p>\n","protected":false},"excerpt":{"rendered":"<p>Le pouls culturel de Torroella de Montgr\u00ed-Estartit est rythm\u00e9 et vari\u00e9. L&rsquo;art, la culture et le patrimoine placent la commune au m\u00eame niveau que les destinations culturelles les plus importantes de Catalogne. Terre de peintres, sculpteurs, \u00e9crivains et photographes, elle  [&#8230;]<\/p>\n","protected":false},"author":1,"featured_media":35948,"comment_status":"open","ping_status":"open","sticky":false,"template":"","format":"standard","meta":{"footnotes":""},"categories":[127,681,682,131,683,605],"tags":[510,606,647,526,551,687],"class_list":["post-35964","post","type-post","status-publish","format-standard","has-post-thumbnail","hentry","category-activites-a-lestartit","category-costa-brava-fr","category-emporda-fr","category-essentiels","category-excursion-dune-journee","category-que-faire-avec-les-enfants","tag-activites-a-lestartit-fr","tag-activites-familiales","tag-animaux-de-compagnie-estartit","tag-costa-brava-fr","tag-lieux-dinteret-fr","tag-que-faire-a-lestartit"],"yoast_head":"<!-- This site is optimized with the Yoast SEO plugin v27.1.1 - https:\/\/yoast.com\/product\/yoast-seo-wordpress\/ -->\n<title>Torroella de Montgr\u00ed-Estartit, destination culturelle | Sa Gavina Apartaments<\/title>\n<meta name=\"description\" content=\"Torroella de Montgr\u00ed \u2013 l&#039;Estartit vibre d&#039;art et de culture. Mus\u00e9es, galeries et patrimoine dans un cadre unique sur la Costa Brava.\" \/>\n<meta name=\"robots\" content=\"index, follow, max-snippet:-1, max-image-preview:large, max-video-preview:-1\" \/>\n<link rel=\"canonical\" href=\"https:\/\/sagavinaestartit.com\/fr\/torroella-de-montgri-estartit-destination-culturelle\/\" \/>\n<meta property=\"og:locale\" content=\"fr_FR\" \/>\n<meta property=\"og:type\" content=\"article\" \/>\n<meta property=\"og:title\" content=\"Torroella de Montgr\u00ed-Estartit, destination culturelle | Sa Gavina Apartaments\" \/>\n<meta property=\"og:description\" content=\"Torroella de Montgr\u00ed \u2013 l&#039;Estartit vibre d&#039;art et de culture. Mus\u00e9es, galeries et patrimoine dans un cadre unique sur la Costa Brava.\" \/>\n<meta property=\"og:url\" content=\"https:\/\/sagavinaestartit.com\/fr\/torroella-de-montgri-estartit-destination-culturelle\/\" \/>\n<meta property=\"og:site_name\" content=\"Sa Gavina Apartaments\" \/>\n<meta property=\"article:published_time\" content=\"2019-10-01T05:44:40+00:00\" \/>\n<meta property=\"og:image\" content=\"https:\/\/sagavinaestartit.com\/wp-content\/uploads\/2019\/10\/Fundacio-Mascort-scaled.webp\" \/>\n\t<meta property=\"og:image:width\" content=\"2560\" \/>\n\t<meta property=\"og:image:height\" content=\"1280\" \/>\n\t<meta property=\"og:image:type\" content=\"image\/webp\" \/>\n<meta name=\"author\" content=\"tecnico_alojapro\" \/>\n<meta name=\"twitter:card\" content=\"summary_large_image\" \/>\n<meta name=\"twitter:label1\" content=\"\u00c9crit par\" \/>\n\t<meta name=\"twitter:data1\" content=\"tecnico_alojapro\" \/>\n\t<meta name=\"twitter:label2\" content=\"Dur\u00e9e de lecture estim\u00e9e\" \/>\n\t<meta name=\"twitter:data2\" content=\"2 minutes\" \/>\n<script type=\"application\/ld+json\" class=\"yoast-schema-graph\">{\"@context\":\"https:\/\/schema.org\",\"@graph\":[{\"@type\":\"Article\",\"@id\":\"https:\/\/sagavinaestartit.com\/fr\/torroella-de-montgri-estartit-destination-culturelle\/#article\",\"isPartOf\":{\"@id\":\"https:\/\/sagavinaestartit.com\/fr\/torroella-de-montgri-estartit-destination-culturelle\/\"},\"author\":{\"name\":\"tecnico_alojapro\",\"@id\":\"https:\/\/sagavinaestartit.com\/fr\/#\/schema\/person\/72b3f9a420869474351007377bde83c0\"},\"headline\":\"Torroella de Montgr\u00ed-Estartit, destination culturelle\",\"datePublished\":\"2019-10-01T05:44:40+00:00\",\"mainEntityOfPage\":{\"@id\":\"https:\/\/sagavinaestartit.com\/fr\/torroella-de-montgri-estartit-destination-culturelle\/\"},\"wordCount\":434,\"commentCount\":0,\"publisher\":{\"@id\":\"https:\/\/sagavinaestartit.com\/fr\/#organization\"},\"image\":{\"@id\":\"https:\/\/sagavinaestartit.com\/fr\/torroella-de-montgri-estartit-destination-culturelle\/#primaryimage\"},\"thumbnailUrl\":\"https:\/\/sagavinaestartit.com\/wp-content\/uploads\/2019\/10\/Fundacio-Mascort-scaled.webp\",\"keywords\":[\"activit\u00e9s \u00e0 l'Estartit\",\"activit\u00e9s familiales\",\"animaux de compagnie estartit\",\"Costa Brava\",\"lieux d'int\u00e9r\u00eat\",\"Que faire \u00e0 l'Estartit\"],\"articleSection\":[\"Activit\u00e9s a l'Estartit\",\"Costa Brava\",\"Empord\u00e0\",\"Essentiels\",\"Excursion d'une journ\u00e9e\",\"Que faire avec les enfants\"],\"inLanguage\":\"fr-FR\",\"potentialAction\":[{\"@type\":\"CommentAction\",\"name\":\"Comment\",\"target\":[\"https:\/\/sagavinaestartit.com\/fr\/torroella-de-montgri-estartit-destination-culturelle\/#respond\"]}]},{\"@type\":\"WebPage\",\"@id\":\"https:\/\/sagavinaestartit.com\/fr\/torroella-de-montgri-estartit-destination-culturelle\/\",\"url\":\"https:\/\/sagavinaestartit.com\/fr\/torroella-de-montgri-estartit-destination-culturelle\/\",\"name\":\"Torroella de Montgr\u00ed-Estartit, destination culturelle | Sa Gavina Apartaments\",\"isPartOf\":{\"@id\":\"https:\/\/sagavinaestartit.com\/fr\/#website\"},\"primaryImageOfPage\":{\"@id\":\"https:\/\/sagavinaestartit.com\/fr\/torroella-de-montgri-estartit-destination-culturelle\/#primaryimage\"},\"image\":{\"@id\":\"https:\/\/sagavinaestartit.com\/fr\/torroella-de-montgri-estartit-destination-culturelle\/#primaryimage\"},\"thumbnailUrl\":\"https:\/\/sagavinaestartit.com\/wp-content\/uploads\/2019\/10\/Fundacio-Mascort-scaled.webp\",\"datePublished\":\"2019-10-01T05:44:40+00:00\",\"description\":\"Torroella de Montgr\u00ed \u2013 l'Estartit vibre d'art et de culture. Mus\u00e9es, galeries et patrimoine dans un cadre unique sur la Costa Brava.\",\"breadcrumb\":{\"@id\":\"https:\/\/sagavinaestartit.com\/fr\/torroella-de-montgri-estartit-destination-culturelle\/#breadcrumb\"},\"inLanguage\":\"fr-FR\",\"potentialAction\":[{\"@type\":\"ReadAction\",\"target\":[\"https:\/\/sagavinaestartit.com\/fr\/torroella-de-montgri-estartit-destination-culturelle\/\"]}]},{\"@type\":\"ImageObject\",\"inLanguage\":\"fr-FR\",\"@id\":\"https:\/\/sagavinaestartit.com\/fr\/torroella-de-montgri-estartit-destination-culturelle\/#primaryimage\",\"url\":\"https:\/\/sagavinaestartit.com\/wp-content\/uploads\/2019\/10\/Fundacio-Mascort-scaled.webp\",\"contentUrl\":\"https:\/\/sagavinaestartit.com\/wp-content\/uploads\/2019\/10\/Fundacio-Mascort-scaled.webp\",\"width\":2560,\"height\":1280,\"caption\":\"Cultura Estartit\"},{\"@type\":\"BreadcrumbList\",\"@id\":\"https:\/\/sagavinaestartit.com\/fr\/torroella-de-montgri-estartit-destination-culturelle\/#breadcrumb\",\"itemListElement\":[{\"@type\":\"ListItem\",\"position\":1,\"name\":\"Portada\",\"item\":\"https:\/\/sagavinaestartit.com\/fr\/home\/\"},{\"@type\":\"ListItem\",\"position\":2,\"name\":\"Torroella de Montgr\u00ed-Estartit, destination culturelle\"}]},{\"@type\":\"WebSite\",\"@id\":\"https:\/\/sagavinaestartit.com\/fr\/#website\",\"url\":\"https:\/\/sagavinaestartit.com\/fr\/\",\"name\":\"Sa Gavina Apartaments\",\"description\":\"Sa Gavina Apartments\",\"publisher\":{\"@id\":\"https:\/\/sagavinaestartit.com\/fr\/#organization\"},\"potentialAction\":[{\"@type\":\"SearchAction\",\"target\":{\"@type\":\"EntryPoint\",\"urlTemplate\":\"https:\/\/sagavinaestartit.com\/fr\/?s={search_term_string}\"},\"query-input\":{\"@type\":\"PropertyValueSpecification\",\"valueRequired\":true,\"valueName\":\"search_term_string\"}}],\"inLanguage\":\"fr-FR\"},{\"@type\":\"Organization\",\"@id\":\"https:\/\/sagavinaestartit.com\/fr\/#organization\",\"name\":\"Sa Gavina Apartments\",\"url\":\"https:\/\/sagavinaestartit.com\/fr\/\",\"logo\":{\"@type\":\"ImageObject\",\"inLanguage\":\"fr-FR\",\"@id\":\"https:\/\/sagavinaestartit.com\/fr\/#\/schema\/logo\/image\/\",\"url\":\"https:\/\/sagavinaestartit.com\/wp-content\/uploads\/2024\/12\/3-1.png\",\"contentUrl\":\"https:\/\/sagavinaestartit.com\/wp-content\/uploads\/2024\/12\/3-1.png\",\"width\":500,\"height\":200,\"caption\":\"Sa Gavina Apartments\"},\"image\":{\"@id\":\"https:\/\/sagavinaestartit.com\/fr\/#\/schema\/logo\/image\/\"}},{\"@type\":\"Person\",\"@id\":\"https:\/\/sagavinaestartit.com\/fr\/#\/schema\/person\/72b3f9a420869474351007377bde83c0\",\"name\":\"tecnico_alojapro\",\"sameAs\":[\"https:\/\/sagavinaestartit.com\"]}]}<\/script>\n<!-- \/ Yoast SEO plugin. -->","yoast_head_json":{"title":"Torroella de Montgr\u00ed-Estartit, destination culturelle | Sa Gavina Apartaments","description":"Torroella de Montgr\u00ed \u2013 l'Estartit vibre d'art et de culture. Mus\u00e9es, galeries et patrimoine dans un cadre unique sur la Costa Brava.","robots":{"index":"index","follow":"follow","max-snippet":"max-snippet:-1","max-image-preview":"max-image-preview:large","max-video-preview":"max-video-preview:-1"},"canonical":"https:\/\/sagavinaestartit.com\/fr\/torroella-de-montgri-estartit-destination-culturelle\/","og_locale":"fr_FR","og_type":"article","og_title":"Torroella de Montgr\u00ed-Estartit, destination culturelle | Sa Gavina Apartaments","og_description":"Torroella de Montgr\u00ed \u2013 l'Estartit vibre d'art et de culture. Mus\u00e9es, galeries et patrimoine dans un cadre unique sur la Costa Brava.","og_url":"https:\/\/sagavinaestartit.com\/fr\/torroella-de-montgri-estartit-destination-culturelle\/","og_site_name":"Sa Gavina Apartaments","article_published_time":"2019-10-01T05:44:40+00:00","og_image":[{"width":2560,"height":1280,"url":"https:\/\/sagavinaestartit.com\/wp-content\/uploads\/2019\/10\/Fundacio-Mascort-scaled.webp","type":"image\/webp"}],"author":"tecnico_alojapro","twitter_card":"summary_large_image","twitter_misc":{"\u00c9crit par":"tecnico_alojapro","Dur\u00e9e de lecture estim\u00e9e":"2 minutes"},"schema":{"@context":"https:\/\/schema.org","@graph":[{"@type":"Article","@id":"https:\/\/sagavinaestartit.com\/fr\/torroella-de-montgri-estartit-destination-culturelle\/#article","isPartOf":{"@id":"https:\/\/sagavinaestartit.com\/fr\/torroella-de-montgri-estartit-destination-culturelle\/"},"author":{"name":"tecnico_alojapro","@id":"https:\/\/sagavinaestartit.com\/fr\/#\/schema\/person\/72b3f9a420869474351007377bde83c0"},"headline":"Torroella de Montgr\u00ed-Estartit, destination culturelle","datePublished":"2019-10-01T05:44:40+00:00","mainEntityOfPage":{"@id":"https:\/\/sagavinaestartit.com\/fr\/torroella-de-montgri-estartit-destination-culturelle\/"},"wordCount":434,"commentCount":0,"publisher":{"@id":"https:\/\/sagavinaestartit.com\/fr\/#organization"},"image":{"@id":"https:\/\/sagavinaestartit.com\/fr\/torroella-de-montgri-estartit-destination-culturelle\/#primaryimage"},"thumbnailUrl":"https:\/\/sagavinaestartit.com\/wp-content\/uploads\/2019\/10\/Fundacio-Mascort-scaled.webp","keywords":["activit\u00e9s \u00e0 l'Estartit","activit\u00e9s familiales","animaux de compagnie estartit","Costa Brava","lieux d'int\u00e9r\u00eat","Que faire \u00e0 l'Estartit"],"articleSection":["Activit\u00e9s a l'Estartit","Costa Brava","Empord\u00e0","Essentiels","Excursion d'une journ\u00e9e","Que faire avec les enfants"],"inLanguage":"fr-FR","potentialAction":[{"@type":"CommentAction","name":"Comment","target":["https:\/\/sagavinaestartit.com\/fr\/torroella-de-montgri-estartit-destination-culturelle\/#respond"]}]},{"@type":"WebPage","@id":"https:\/\/sagavinaestartit.com\/fr\/torroella-de-montgri-estartit-destination-culturelle\/","url":"https:\/\/sagavinaestartit.com\/fr\/torroella-de-montgri-estartit-destination-culturelle\/","name":"Torroella de Montgr\u00ed-Estartit, destination culturelle | Sa Gavina Apartaments","isPartOf":{"@id":"https:\/\/sagavinaestartit.com\/fr\/#website"},"primaryImageOfPage":{"@id":"https:\/\/sagavinaestartit.com\/fr\/torroella-de-montgri-estartit-destination-culturelle\/#primaryimage"},"image":{"@id":"https:\/\/sagavinaestartit.com\/fr\/torroella-de-montgri-estartit-destination-culturelle\/#primaryimage"},"thumbnailUrl":"https:\/\/sagavinaestartit.com\/wp-content\/uploads\/2019\/10\/Fundacio-Mascort-scaled.webp","datePublished":"2019-10-01T05:44:40+00:00","description":"Torroella de Montgr\u00ed \u2013 l'Estartit vibre d'art et de culture. Mus\u00e9es, galeries et patrimoine dans un cadre unique sur la Costa Brava.","breadcrumb":{"@id":"https:\/\/sagavinaestartit.com\/fr\/torroella-de-montgri-estartit-destination-culturelle\/#breadcrumb"},"inLanguage":"fr-FR","potentialAction":[{"@type":"ReadAction","target":["https:\/\/sagavinaestartit.com\/fr\/torroella-de-montgri-estartit-destination-culturelle\/"]}]},{"@type":"ImageObject","inLanguage":"fr-FR","@id":"https:\/\/sagavinaestartit.com\/fr\/torroella-de-montgri-estartit-destination-culturelle\/#primaryimage","url":"https:\/\/sagavinaestartit.com\/wp-content\/uploads\/2019\/10\/Fundacio-Mascort-scaled.webp","contentUrl":"https:\/\/sagavinaestartit.com\/wp-content\/uploads\/2019\/10\/Fundacio-Mascort-scaled.webp","width":2560,"height":1280,"caption":"Cultura Estartit"},{"@type":"BreadcrumbList","@id":"https:\/\/sagavinaestartit.com\/fr\/torroella-de-montgri-estartit-destination-culturelle\/#breadcrumb","itemListElement":[{"@type":"ListItem","position":1,"name":"Portada","item":"https:\/\/sagavinaestartit.com\/fr\/home\/"},{"@type":"ListItem","position":2,"name":"Torroella de Montgr\u00ed-Estartit, destination culturelle"}]},{"@type":"WebSite","@id":"https:\/\/sagavinaestartit.com\/fr\/#website","url":"https:\/\/sagavinaestartit.com\/fr\/","name":"Sa Gavina Apartaments","description":"Sa Gavina Apartments","publisher":{"@id":"https:\/\/sagavinaestartit.com\/fr\/#organization"},"potentialAction":[{"@type":"SearchAction","target":{"@type":"EntryPoint","urlTemplate":"https:\/\/sagavinaestartit.com\/fr\/?s={search_term_string}"},"query-input":{"@type":"PropertyValueSpecification","valueRequired":true,"valueName":"search_term_string"}}],"inLanguage":"fr-FR"},{"@type":"Organization","@id":"https:\/\/sagavinaestartit.com\/fr\/#organization","name":"Sa Gavina Apartments","url":"https:\/\/sagavinaestartit.com\/fr\/","logo":{"@type":"ImageObject","inLanguage":"fr-FR","@id":"https:\/\/sagavinaestartit.com\/fr\/#\/schema\/logo\/image\/","url":"https:\/\/sagavinaestartit.com\/wp-content\/uploads\/2024\/12\/3-1.png","contentUrl":"https:\/\/sagavinaestartit.com\/wp-content\/uploads\/2024\/12\/3-1.png","width":500,"height":200,"caption":"Sa Gavina Apartments"},"image":{"@id":"https:\/\/sagavinaestartit.com\/fr\/#\/schema\/logo\/image\/"}},{"@type":"Person","@id":"https:\/\/sagavinaestartit.com\/fr\/#\/schema\/person\/72b3f9a420869474351007377bde83c0","name":"tecnico_alojapro","sameAs":["https:\/\/sagavinaestartit.com"]}]}},"_links":{"self":[{"href":"https:\/\/sagavinaestartit.com\/fr\/wp-json\/wp\/v2\/posts\/35964","targetHints":{"allow":["GET"]}}],"collection":[{"href":"https:\/\/sagavinaestartit.com\/fr\/wp-json\/wp\/v2\/posts"}],"about":[{"href":"https:\/\/sagavinaestartit.com\/fr\/wp-json\/wp\/v2\/types\/post"}],"author":[{"embeddable":true,"href":"https:\/\/sagavinaestartit.com\/fr\/wp-json\/wp\/v2\/users\/1"}],"replies":[{"embeddable":true,"href":"https:\/\/sagavinaestartit.com\/fr\/wp-json\/wp\/v2\/comments?post=35964"}],"version-history":[{"count":0,"href":"https:\/\/sagavinaestartit.com\/fr\/wp-json\/wp\/v2\/posts\/35964\/revisions"}],"wp:featuredmedia":[{"embeddable":true,"href":"https:\/\/sagavinaestartit.com\/fr\/wp-json\/wp\/v2\/media\/35948"}],"wp:attachment":[{"href":"https:\/\/sagavinaestartit.com\/fr\/wp-json\/wp\/v2\/media?parent=35964"}],"wp:term":[{"taxonomy":"category","embeddable":true,"href":"https:\/\/sagavinaestartit.com\/fr\/wp-json\/wp\/v2\/categories?post=35964"},{"taxonomy":"post_tag","embeddable":true,"href":"https:\/\/sagavinaestartit.com\/fr\/wp-json\/wp\/v2\/tags?post=35964"}],"curies":[{"name":"wp","href":"https:\/\/api.w.org\/{rel}","templated":true}]}}