{"id":35651,"date":"2020-08-12T07:10:38","date_gmt":"2020-08-12T05:10:38","guid":{"rendered":"https:\/\/sagavinaestartit.com\/la-plage-gran-de-lestartit-recompensee-par-le-label-q-de-qualite-touristique\/"},"modified":"2025-11-05T16:45:16","modified_gmt":"2025-11-05T15:45:16","slug":"la-plage-gran-estartit-q-qualite-touristique","status":"publish","type":"post","link":"https:\/\/sagavinaestartit.com\/fr\/la-plage-gran-estartit-q-qualite-touristique\/","title":{"rendered":"La plage Gran de l&rsquo;Estartit r\u00e9compens\u00e9e par le label Q de qualit\u00e9 touristique"},"content":{"rendered":"<p>Le label <strong>Q de qualit\u00e9 touristique<\/strong> est une distinction d\u00e9cern\u00e9e par l&rsquo;<strong>Institut pour la qualit\u00e9 touristique espagnole<\/strong> <strong>(ICTE)<\/strong> qui certifie la qualit\u00e9 du service des installations et leur gestion.<\/p>\n<p>L&rsquo;Estartit renouvelle ce label chaque ann\u00e9e depuis 2010. Ce label est reconnu internationalement et apporte prestige, diff\u00e9renciation, rigueur et promotion touristique aux localit\u00e9s qui l&rsquo;obtiennent.<\/p>\n<p>Voir les entit\u00e9s certifi\u00e9es sur le <strong><a href=\"https:\/\/www.calidadturistica.es\/Index.aspx?IdPage=EntidadesCertificadas\">site officiel de l&rsquo;ICTE<\/a><\/strong><\/p>\n<h2>Que signifie avoir le label Q de qualit\u00e9 ?<\/h2>\n<p>Le label <strong>Q de Qualitat Tur\u00edstica<\/strong> certifie que la plage r\u00e9pond aux normes de la norme <strong>UNE 187001<\/strong>, qui r\u00e9glemente la qualit\u00e9 des <strong>services sur les plages.<\/strong><br \/>\nCe label \u00e9value des aspects tels que :<\/p>\n<ul>\n<li>La qualit\u00e9 de l&rsquo;eau et la propret\u00e9 du sable<\/li>\n<li>L&rsquo;entretien des \u00e9quipements et des zones publiques<\/li>\n<li>L&rsquo;accessibilit\u00e9 (passerelles et services adapt\u00e9s aux personnes \u00e0 mobilit\u00e9 r\u00e9duite)<\/li>\n<li>S\u00e9curit\u00e9, surveillance et secourisme<\/li>\n<li>Signalisation, information aux visiteurs et gestion environnementale<\/li>\n<\/ul>\n<p>Le fait que Platja Gran de L&rsquo;Estartit ait obtenu ce label indique que la municipalit\u00e9 s&rsquo;est engag\u00e9e \u00e0 maintenir des services de plage de qualit\u00e9 : propret\u00e9, accessibilit\u00e9, s\u00e9curit\u00e9, \u00e9quipements adapt\u00e9s.<\/p>\n<p>Nos <strong><a href=\"https:\/\/sagavinaestartit.com\/fr\/\">appartements \u00e0 l&rsquo;Estartit<\/a><\/strong>, Sa Gavina, sont situ\u00e9s \u00e0 seulement 500 m\u00e8tres de la Platja Gran, ce qui vous permettra de profiter de la mer, de la promenade maritime et de tous les services certifi\u00e9s par le label Q de qualit\u00e9 touristique.<\/p>\n<p>Venez d\u00e9couvrir pourquoi l&rsquo;Estartit est synonyme de qualit\u00e9, de nature et de bien-\u00eatre.<\/p>\n<p><strong>Vous venez nous rendre visite ? Nous vous attendons aux appartements Sa Gavina !<\/strong><\/p>\n","protected":false},"excerpt":{"rendered":"<p>Le label Q de qualit\u00e9 touristique est une distinction d\u00e9cern\u00e9e par l&rsquo;Institut pour la qualit\u00e9 touristique espagnole (ICTE) qui certifie la qualit\u00e9 du service des installations et leur gestion. L&rsquo;Estartit renouvelle ce label chaque ann\u00e9e depuis 2010. Ce label est  [&#8230;]<\/p>\n","protected":false},"author":1,"featured_media":35648,"comment_status":"closed","ping_status":"closed","sticky":false,"template":"","format":"standard","meta":{"footnotes":""},"categories":[681,682,131,683,646],"tags":[247,606,647,587,526,265,513,653],"class_list":["post-35651","post","type-post","status-publish","format-standard","has-post-thumbnail","hentry","category-costa-brava-fr","category-emporda-fr","category-essentiels","category-excursion-dune-journee","category-tourisme-responsable","tag-activites-a-lestartit","tag-activites-familiales","tag-animaux-de-compagnie-estartit","tag-cami-de-ronda-fr","tag-costa-brava-fr","tag-plages-estartit","tag-sa-gavina-fr","tag-tourisme-durable"],"yoast_head":"<!-- This site is optimized with the Yoast SEO plugin v27.1.1 - https:\/\/yoast.com\/product\/yoast-seo-wordpress\/ -->\n<title>La plage Gran de l&#039;Estartit r\u00e9compens\u00e9e par le label Q de qualit\u00e9 touristique | Sa Gavina Apartaments<\/title>\n<meta name=\"description\" content=\"La Platja Gran de l&#039;Estartit b\u00e9n\u00e9ficie du label Q de qualit\u00e9 touristique depuis 2010. \u00c0 500 m des appartements Sa Gavina !\" \/>\n<meta name=\"robots\" content=\"index, follow, max-snippet:-1, max-image-preview:large, max-video-preview:-1\" \/>\n<link rel=\"canonical\" href=\"https:\/\/sagavinaestartit.com\/fr\/la-plage-gran-estartit-q-qualite-touristique\/\" \/>\n<meta property=\"og:locale\" content=\"fr_FR\" \/>\n<meta property=\"og:type\" content=\"article\" \/>\n<meta property=\"og:title\" content=\"La plage Gran de l&#039;Estartit r\u00e9compens\u00e9e par le label Q de qualit\u00e9 touristique | Sa Gavina Apartaments\" \/>\n<meta property=\"og:description\" content=\"La Platja Gran de l&#039;Estartit b\u00e9n\u00e9ficie du label Q de qualit\u00e9 touristique depuis 2010. \u00c0 500 m des appartements Sa Gavina !\" \/>\n<meta property=\"og:url\" content=\"https:\/\/sagavinaestartit.com\/fr\/la-plage-gran-estartit-q-qualite-touristique\/\" \/>\n<meta property=\"og:site_name\" content=\"Sa Gavina Apartaments\" \/>\n<meta property=\"article:published_time\" content=\"2020-08-12T05:10:38+00:00\" \/>\n<meta property=\"article:modified_time\" content=\"2025-11-05T15:45:16+00:00\" \/>\n<meta property=\"og:image\" content=\"https:\/\/sagavinaestartit.com\/wp-content\/uploads\/2020\/08\/Platja-gran-Q-qualitat-scaled.webp\" \/>\n\t<meta property=\"og:image:width\" content=\"2560\" \/>\n\t<meta property=\"og:image:height\" content=\"1280\" \/>\n\t<meta property=\"og:image:type\" content=\"image\/webp\" \/>\n<meta name=\"author\" content=\"tecnico_alojapro\" \/>\n<meta name=\"twitter:card\" content=\"summary_large_image\" \/>\n<meta name=\"twitter:label1\" content=\"\u00c9crit par\" \/>\n\t<meta name=\"twitter:data1\" content=\"tecnico_alojapro\" \/>\n\t<meta name=\"twitter:label2\" content=\"Dur\u00e9e de lecture estim\u00e9e\" \/>\n\t<meta name=\"twitter:data2\" content=\"2 minutes\" \/>\n<script type=\"application\/ld+json\" class=\"yoast-schema-graph\">{\"@context\":\"https:\/\/schema.org\",\"@graph\":[{\"@type\":\"Article\",\"@id\":\"https:\/\/sagavinaestartit.com\/fr\/la-plage-gran-estartit-q-qualite-touristique\/#article\",\"isPartOf\":{\"@id\":\"https:\/\/sagavinaestartit.com\/fr\/la-plage-gran-estartit-q-qualite-touristique\/\"},\"author\":{\"name\":\"tecnico_alojapro\",\"@id\":\"https:\/\/sagavinaestartit.com\/fr\/#\/schema\/person\/72b3f9a420869474351007377bde83c0\"},\"headline\":\"La plage Gran de l&rsquo;Estartit r\u00e9compens\u00e9e par le label Q de qualit\u00e9 touristique\",\"datePublished\":\"2020-08-12T05:10:38+00:00\",\"dateModified\":\"2025-11-05T15:45:16+00:00\",\"mainEntityOfPage\":{\"@id\":\"https:\/\/sagavinaestartit.com\/fr\/la-plage-gran-estartit-q-qualite-touristique\/\"},\"wordCount\":281,\"publisher\":{\"@id\":\"https:\/\/sagavinaestartit.com\/fr\/#organization\"},\"image\":{\"@id\":\"https:\/\/sagavinaestartit.com\/fr\/la-plage-gran-estartit-q-qualite-touristique\/#primaryimage\"},\"thumbnailUrl\":\"https:\/\/sagavinaestartit.com\/wp-content\/uploads\/2020\/08\/Platja-gran-Q-qualitat-scaled.webp\",\"keywords\":[\"activit\u00e9s \u00e0 l'Estartit\",\"activit\u00e9s familiales\",\"animaux de compagnie estartit\",\"Cami de Ronda\",\"Costa Brava\",\"plages estartit\",\"Sa gavina\",\"tourisme durable\"],\"articleSection\":[\"Costa Brava\",\"Empord\u00e0\",\"Essentiels\",\"Excursion d'une journ\u00e9e\",\"Tourisme responsable\"],\"inLanguage\":\"fr-FR\"},{\"@type\":\"WebPage\",\"@id\":\"https:\/\/sagavinaestartit.com\/fr\/la-plage-gran-estartit-q-qualite-touristique\/\",\"url\":\"https:\/\/sagavinaestartit.com\/fr\/la-plage-gran-estartit-q-qualite-touristique\/\",\"name\":\"La plage Gran de l'Estartit r\u00e9compens\u00e9e par le label Q de qualit\u00e9 touristique | Sa Gavina Apartaments\",\"isPartOf\":{\"@id\":\"https:\/\/sagavinaestartit.com\/fr\/#website\"},\"primaryImageOfPage\":{\"@id\":\"https:\/\/sagavinaestartit.com\/fr\/la-plage-gran-estartit-q-qualite-touristique\/#primaryimage\"},\"image\":{\"@id\":\"https:\/\/sagavinaestartit.com\/fr\/la-plage-gran-estartit-q-qualite-touristique\/#primaryimage\"},\"thumbnailUrl\":\"https:\/\/sagavinaestartit.com\/wp-content\/uploads\/2020\/08\/Platja-gran-Q-qualitat-scaled.webp\",\"datePublished\":\"2020-08-12T05:10:38+00:00\",\"dateModified\":\"2025-11-05T15:45:16+00:00\",\"description\":\"La Platja Gran de l'Estartit b\u00e9n\u00e9ficie du label Q de qualit\u00e9 touristique depuis 2010. \u00c0 500 m des appartements Sa Gavina !\",\"breadcrumb\":{\"@id\":\"https:\/\/sagavinaestartit.com\/fr\/la-plage-gran-estartit-q-qualite-touristique\/#breadcrumb\"},\"inLanguage\":\"fr-FR\",\"potentialAction\":[{\"@type\":\"ReadAction\",\"target\":[\"https:\/\/sagavinaestartit.com\/fr\/la-plage-gran-estartit-q-qualite-touristique\/\"]}]},{\"@type\":\"ImageObject\",\"inLanguage\":\"fr-FR\",\"@id\":\"https:\/\/sagavinaestartit.com\/fr\/la-plage-gran-estartit-q-qualite-touristique\/#primaryimage\",\"url\":\"https:\/\/sagavinaestartit.com\/wp-content\/uploads\/2020\/08\/Platja-gran-Q-qualitat-scaled.webp\",\"contentUrl\":\"https:\/\/sagavinaestartit.com\/wp-content\/uploads\/2020\/08\/Platja-gran-Q-qualitat-scaled.webp\",\"width\":2560,\"height\":1280,\"caption\":\"Platja gran Q qualitat Estartit\"},{\"@type\":\"BreadcrumbList\",\"@id\":\"https:\/\/sagavinaestartit.com\/fr\/la-plage-gran-estartit-q-qualite-touristique\/#breadcrumb\",\"itemListElement\":[{\"@type\":\"ListItem\",\"position\":1,\"name\":\"Portada\",\"item\":\"https:\/\/sagavinaestartit.com\/fr\/home\/\"},{\"@type\":\"ListItem\",\"position\":2,\"name\":\"La plage Gran de l&#8217;Estartit r\u00e9compens\u00e9e par le label Q de qualit\u00e9 touristique\"}]},{\"@type\":\"WebSite\",\"@id\":\"https:\/\/sagavinaestartit.com\/fr\/#website\",\"url\":\"https:\/\/sagavinaestartit.com\/fr\/\",\"name\":\"Sa Gavina Apartaments\",\"description\":\"Sa Gavina Apartments\",\"publisher\":{\"@id\":\"https:\/\/sagavinaestartit.com\/fr\/#organization\"},\"potentialAction\":[{\"@type\":\"SearchAction\",\"target\":{\"@type\":\"EntryPoint\",\"urlTemplate\":\"https:\/\/sagavinaestartit.com\/fr\/?s={search_term_string}\"},\"query-input\":{\"@type\":\"PropertyValueSpecification\",\"valueRequired\":true,\"valueName\":\"search_term_string\"}}],\"inLanguage\":\"fr-FR\"},{\"@type\":\"Organization\",\"@id\":\"https:\/\/sagavinaestartit.com\/fr\/#organization\",\"name\":\"Sa Gavina Apartments\",\"url\":\"https:\/\/sagavinaestartit.com\/fr\/\",\"logo\":{\"@type\":\"ImageObject\",\"inLanguage\":\"fr-FR\",\"@id\":\"https:\/\/sagavinaestartit.com\/fr\/#\/schema\/logo\/image\/\",\"url\":\"https:\/\/sagavinaestartit.com\/wp-content\/uploads\/2024\/12\/3-1.png\",\"contentUrl\":\"https:\/\/sagavinaestartit.com\/wp-content\/uploads\/2024\/12\/3-1.png\",\"width\":500,\"height\":200,\"caption\":\"Sa Gavina Apartments\"},\"image\":{\"@id\":\"https:\/\/sagavinaestartit.com\/fr\/#\/schema\/logo\/image\/\"}},{\"@type\":\"Person\",\"@id\":\"https:\/\/sagavinaestartit.com\/fr\/#\/schema\/person\/72b3f9a420869474351007377bde83c0\",\"name\":\"tecnico_alojapro\",\"sameAs\":[\"https:\/\/sagavinaestartit.com\"]}]}<\/script>\n<!-- \/ Yoast SEO plugin. -->","yoast_head_json":{"title":"La plage Gran de l'Estartit r\u00e9compens\u00e9e par le label Q de qualit\u00e9 touristique | Sa Gavina Apartaments","description":"La Platja Gran de l'Estartit b\u00e9n\u00e9ficie du label Q de qualit\u00e9 touristique depuis 2010. \u00c0 500 m des appartements Sa Gavina !","robots":{"index":"index","follow":"follow","max-snippet":"max-snippet:-1","max-image-preview":"max-image-preview:large","max-video-preview":"max-video-preview:-1"},"canonical":"https:\/\/sagavinaestartit.com\/fr\/la-plage-gran-estartit-q-qualite-touristique\/","og_locale":"fr_FR","og_type":"article","og_title":"La plage Gran de l'Estartit r\u00e9compens\u00e9e par le label Q de qualit\u00e9 touristique | Sa Gavina Apartaments","og_description":"La Platja Gran de l'Estartit b\u00e9n\u00e9ficie du label Q de qualit\u00e9 touristique depuis 2010. \u00c0 500 m des appartements Sa Gavina !","og_url":"https:\/\/sagavinaestartit.com\/fr\/la-plage-gran-estartit-q-qualite-touristique\/","og_site_name":"Sa Gavina Apartaments","article_published_time":"2020-08-12T05:10:38+00:00","article_modified_time":"2025-11-05T15:45:16+00:00","og_image":[{"width":2560,"height":1280,"url":"https:\/\/sagavinaestartit.com\/wp-content\/uploads\/2020\/08\/Platja-gran-Q-qualitat-scaled.webp","type":"image\/webp"}],"author":"tecnico_alojapro","twitter_card":"summary_large_image","twitter_misc":{"\u00c9crit par":"tecnico_alojapro","Dur\u00e9e de lecture estim\u00e9e":"2 minutes"},"schema":{"@context":"https:\/\/schema.org","@graph":[{"@type":"Article","@id":"https:\/\/sagavinaestartit.com\/fr\/la-plage-gran-estartit-q-qualite-touristique\/#article","isPartOf":{"@id":"https:\/\/sagavinaestartit.com\/fr\/la-plage-gran-estartit-q-qualite-touristique\/"},"author":{"name":"tecnico_alojapro","@id":"https:\/\/sagavinaestartit.com\/fr\/#\/schema\/person\/72b3f9a420869474351007377bde83c0"},"headline":"La plage Gran de l&rsquo;Estartit r\u00e9compens\u00e9e par le label Q de qualit\u00e9 touristique","datePublished":"2020-08-12T05:10:38+00:00","dateModified":"2025-11-05T15:45:16+00:00","mainEntityOfPage":{"@id":"https:\/\/sagavinaestartit.com\/fr\/la-plage-gran-estartit-q-qualite-touristique\/"},"wordCount":281,"publisher":{"@id":"https:\/\/sagavinaestartit.com\/fr\/#organization"},"image":{"@id":"https:\/\/sagavinaestartit.com\/fr\/la-plage-gran-estartit-q-qualite-touristique\/#primaryimage"},"thumbnailUrl":"https:\/\/sagavinaestartit.com\/wp-content\/uploads\/2020\/08\/Platja-gran-Q-qualitat-scaled.webp","keywords":["activit\u00e9s \u00e0 l'Estartit","activit\u00e9s familiales","animaux de compagnie estartit","Cami de Ronda","Costa Brava","plages estartit","Sa gavina","tourisme durable"],"articleSection":["Costa Brava","Empord\u00e0","Essentiels","Excursion d'une journ\u00e9e","Tourisme responsable"],"inLanguage":"fr-FR"},{"@type":"WebPage","@id":"https:\/\/sagavinaestartit.com\/fr\/la-plage-gran-estartit-q-qualite-touristique\/","url":"https:\/\/sagavinaestartit.com\/fr\/la-plage-gran-estartit-q-qualite-touristique\/","name":"La plage Gran de l'Estartit r\u00e9compens\u00e9e par le label Q de qualit\u00e9 touristique | Sa Gavina Apartaments","isPartOf":{"@id":"https:\/\/sagavinaestartit.com\/fr\/#website"},"primaryImageOfPage":{"@id":"https:\/\/sagavinaestartit.com\/fr\/la-plage-gran-estartit-q-qualite-touristique\/#primaryimage"},"image":{"@id":"https:\/\/sagavinaestartit.com\/fr\/la-plage-gran-estartit-q-qualite-touristique\/#primaryimage"},"thumbnailUrl":"https:\/\/sagavinaestartit.com\/wp-content\/uploads\/2020\/08\/Platja-gran-Q-qualitat-scaled.webp","datePublished":"2020-08-12T05:10:38+00:00","dateModified":"2025-11-05T15:45:16+00:00","description":"La Platja Gran de l'Estartit b\u00e9n\u00e9ficie du label Q de qualit\u00e9 touristique depuis 2010. \u00c0 500 m des appartements Sa Gavina !","breadcrumb":{"@id":"https:\/\/sagavinaestartit.com\/fr\/la-plage-gran-estartit-q-qualite-touristique\/#breadcrumb"},"inLanguage":"fr-FR","potentialAction":[{"@type":"ReadAction","target":["https:\/\/sagavinaestartit.com\/fr\/la-plage-gran-estartit-q-qualite-touristique\/"]}]},{"@type":"ImageObject","inLanguage":"fr-FR","@id":"https:\/\/sagavinaestartit.com\/fr\/la-plage-gran-estartit-q-qualite-touristique\/#primaryimage","url":"https:\/\/sagavinaestartit.com\/wp-content\/uploads\/2020\/08\/Platja-gran-Q-qualitat-scaled.webp","contentUrl":"https:\/\/sagavinaestartit.com\/wp-content\/uploads\/2020\/08\/Platja-gran-Q-qualitat-scaled.webp","width":2560,"height":1280,"caption":"Platja gran Q qualitat Estartit"},{"@type":"BreadcrumbList","@id":"https:\/\/sagavinaestartit.com\/fr\/la-plage-gran-estartit-q-qualite-touristique\/#breadcrumb","itemListElement":[{"@type":"ListItem","position":1,"name":"Portada","item":"https:\/\/sagavinaestartit.com\/fr\/home\/"},{"@type":"ListItem","position":2,"name":"La plage Gran de l&#8217;Estartit r\u00e9compens\u00e9e par le label Q de qualit\u00e9 touristique"}]},{"@type":"WebSite","@id":"https:\/\/sagavinaestartit.com\/fr\/#website","url":"https:\/\/sagavinaestartit.com\/fr\/","name":"Sa Gavina Apartaments","description":"Sa Gavina Apartments","publisher":{"@id":"https:\/\/sagavinaestartit.com\/fr\/#organization"},"potentialAction":[{"@type":"SearchAction","target":{"@type":"EntryPoint","urlTemplate":"https:\/\/sagavinaestartit.com\/fr\/?s={search_term_string}"},"query-input":{"@type":"PropertyValueSpecification","valueRequired":true,"valueName":"search_term_string"}}],"inLanguage":"fr-FR"},{"@type":"Organization","@id":"https:\/\/sagavinaestartit.com\/fr\/#organization","name":"Sa Gavina Apartments","url":"https:\/\/sagavinaestartit.com\/fr\/","logo":{"@type":"ImageObject","inLanguage":"fr-FR","@id":"https:\/\/sagavinaestartit.com\/fr\/#\/schema\/logo\/image\/","url":"https:\/\/sagavinaestartit.com\/wp-content\/uploads\/2024\/12\/3-1.png","contentUrl":"https:\/\/sagavinaestartit.com\/wp-content\/uploads\/2024\/12\/3-1.png","width":500,"height":200,"caption":"Sa Gavina Apartments"},"image":{"@id":"https:\/\/sagavinaestartit.com\/fr\/#\/schema\/logo\/image\/"}},{"@type":"Person","@id":"https:\/\/sagavinaestartit.com\/fr\/#\/schema\/person\/72b3f9a420869474351007377bde83c0","name":"tecnico_alojapro","sameAs":["https:\/\/sagavinaestartit.com"]}]}},"_links":{"self":[{"href":"https:\/\/sagavinaestartit.com\/fr\/wp-json\/wp\/v2\/posts\/35651","targetHints":{"allow":["GET"]}}],"collection":[{"href":"https:\/\/sagavinaestartit.com\/fr\/wp-json\/wp\/v2\/posts"}],"about":[{"href":"https:\/\/sagavinaestartit.com\/fr\/wp-json\/wp\/v2\/types\/post"}],"author":[{"embeddable":true,"href":"https:\/\/sagavinaestartit.com\/fr\/wp-json\/wp\/v2\/users\/1"}],"replies":[{"embeddable":true,"href":"https:\/\/sagavinaestartit.com\/fr\/wp-json\/wp\/v2\/comments?post=35651"}],"version-history":[{"count":2,"href":"https:\/\/sagavinaestartit.com\/fr\/wp-json\/wp\/v2\/posts\/35651\/revisions"}],"predecessor-version":[{"id":35653,"href":"https:\/\/sagavinaestartit.com\/fr\/wp-json\/wp\/v2\/posts\/35651\/revisions\/35653"}],"wp:featuredmedia":[{"embeddable":true,"href":"https:\/\/sagavinaestartit.com\/fr\/wp-json\/wp\/v2\/media\/35648"}],"wp:attachment":[{"href":"https:\/\/sagavinaestartit.com\/fr\/wp-json\/wp\/v2\/media?parent=35651"}],"wp:term":[{"taxonomy":"category","embeddable":true,"href":"https:\/\/sagavinaestartit.com\/fr\/wp-json\/wp\/v2\/categories?post=35651"},{"taxonomy":"post_tag","embeddable":true,"href":"https:\/\/sagavinaestartit.com\/fr\/wp-json\/wp\/v2\/tags?post=35651"}],"curies":[{"name":"wp","href":"https:\/\/api.w.org\/{rel}","templated":true}]}}