{"id":35458,"date":"2022-02-10T17:11:30","date_gmt":"2022-02-10T16:11:30","guid":{"rendered":"https:\/\/sagavinaestartit.com\/sentiers-de-randonnee-a-lestartit\/"},"modified":"2025-10-28T16:02:14","modified_gmt":"2025-10-28T15:02:14","slug":"sentiers-randonnee-estartit","status":"publish","type":"post","link":"https:\/\/sagavinaestartit.com\/fr\/sentiers-randonnee-estartit\/","title":{"rendered":"Sentiers de randonn\u00e9e \u00e0 l&rsquo;Estartit"},"content":{"rendered":"<h2><strong>Les meilleurs sentiers de randonn\u00e9e \u00e0 l&rsquo;Estartit<\/strong> <strong>pour profiter de la Costa Brava \u00e0 pied<\/strong><\/h2>\n<p>L&rsquo;environnement naturel de l&rsquo;Estartit et de Torroella de Montgr\u00ed offre des possibilit\u00e9s infinies pour faire de la randonn\u00e9e et profiter du grand air.<br \/>\nQue vous soyez en couple, entre amis, en famille ou seul, vous trouverez des itin\u00e9raires pour tous les niveaux et tous les \u00e2ges, avec des paysages spectaculaires du parc naturel du Montgr\u00ed, des \u00eeles Medes et du Baix Ter.<\/p>\n<p>Voici une s\u00e9lection d&rsquo;itin\u00e9raires recommand\u00e9s, class\u00e9s selon leur difficult\u00e9.<\/p>\n<h2><b>Difficult\u00e9 faible : <a href=\"https:\/\/naturalocal.net\/ca\/rutes-senderisme-catalunya\/rutes-senderisme-girona\/rutes-senderisme-parc-natural-del-montgri-illes-medes-i-baix-ter\/la-ruta-del-vent\">Route du Vent<\/a><\/b><\/h2>\n<p>La <b>Route du Ven<\/b>t<span style=\"font-weight: 400;\"> tire son nom de son exposition au vent de tramontane Il est recommand\u00e9 de l&rsquo;\u00e9viter si un vent froid fort est pr\u00e9vu.<\/span><\/p>\n<p><span style=\"font-weight: 400;\">Il s&rsquo;agit d&rsquo;un circuit en forme de huit, d&rsquo;une longueur de 6,50 km et d&rsquo;une d\u00e9nivellation de 50 m\u00e8tres. <\/span><\/p>\n<p>Il s&rsquo;agit d&rsquo;un itin\u00e9raire facile, id\u00e9al \u00e0 parcourir avec des enfants ou en famille. Il n&rsquo;y a pas de points d&rsquo;eau sur le parcours, il est donc recommand\u00e9 d&#8217;emporter suffisamment d&rsquo;eau et d&rsquo;\u00e9viter les heures les plus chaudes de la journ\u00e9e en \u00e9t\u00e9.<\/p>\n<p>\ud83d\udccd <strong>Point fort:<\/strong> <em>Barraca dels Hereus<\/em>, une construction traditionnelle qui fait partie du patrimoine rural de la r\u00e9gion.<\/p>\n<h2><img decoding=\"async\" class=\"lazyload alignnone size-full wp-image-34027\" src=\"https:\/\/sagavinaestartit.com\/wp-content\/uploads\/2022\/02\/Ruta-del-vent.webp\" data-orig-src=\"https:\/\/sagavinaestartit.com\/wp-content\/uploads\/2022\/02\/Ruta-del-vent.webp\" alt=\"Ruta del vent\" width=\"320\" height=\"150\" srcset=\"data:image\/svg+xml,%3Csvg%20xmlns%3D%27http%3A%2F%2Fwww.w3.org%2F2000%2Fsvg%27%20width%3D%27320%27%20height%3D%27150%27%20viewBox%3D%270%200%20320%20150%27%3E%3Crect%20width%3D%27320%27%20height%3D%27150%27%20fill-opacity%3D%220%22%2F%3E%3C%2Fsvg%3E\" data-srcset=\"https:\/\/sagavinaestartit.com\/wp-content\/uploads\/2022\/02\/Ruta-del-vent-200x94.webp 200w, https:\/\/sagavinaestartit.com\/wp-content\/uploads\/2022\/02\/Ruta-del-vent-300x141.webp 300w, https:\/\/sagavinaestartit.com\/wp-content\/uploads\/2022\/02\/Ruta-del-vent.webp 320w\" data-sizes=\"auto\" data-orig-sizes=\"(max-width: 320px) 100vw, 320px\" \/><\/h2>\n<h2><b>Difficult\u00e9 Moyenne: <a href=\"https:\/\/naturalocal.net\/ca\/rutes-senderisme-catalunya\/rutes-senderisme-girona\/rutes-senderisme-parc-natural-del-montgri-illes-medes-i-baix-ter\/ruta-cala-montgo\">Ruta vers Cala Montg\u00f3<\/a><\/b><\/h2>\n<p>La <b>route vers Cala Montg\u00f3<\/b> relie la promenade maritime de l&rsquo;Estartit \u00e0 l&rsquo;impressionnante Cala Montg\u00f3, en passant par certains des plus beaux paysages du littoral.<\/p>\n<p><span style=\"font-weight: 400;\">Comme il s&rsquo;agit d&rsquo;un itin\u00e9raire lin\u00e9aire, le retour s&rsquo;effectue par le m\u00eame chemin que l&rsquo;aller, ou en transport. Le parcours pr\u00e9sente un d\u00e9nivel\u00e9 de 179 m\u00e8tres et une distance de pr\u00e8s de 9 kilom\u00e8tres.<\/span><\/p>\n<p>Les sentiers peuvent \u00eatre escarp\u00e9s et caillouteux. De plus, certaines zones ne sont pas couvertes par le r\u00e9seau mobile, il est donc conseill\u00e9 de <strong>t\u00e9l\u00e9charger la carte \u00e0 l&rsquo;avance<\/strong> ou d&#8217;emporter une copie imprim\u00e9e.<\/p>\n<p>\ud83d\udccd <strong>Point fort:<\/strong> <em>Vue sur la Punta del Mil\u00e0 depuis les Crestats, un belv\u00e9d\u00e8re naturel d&rsquo;une grande beaut\u00e9.<\/em><\/p>\n<h2><img decoding=\"async\" class=\"lazyload alignnone size-full wp-image-34017\" src=\"https:\/\/sagavinaestartit.com\/wp-content\/uploads\/2022\/02\/cami-a-Cala-Montgo.webp\" data-orig-src=\"https:\/\/sagavinaestartit.com\/wp-content\/uploads\/2022\/02\/cami-a-Cala-Montgo.webp\" alt=\"chemin a Cala Montg\u00f3\" width=\"320\" height=\"150\" srcset=\"data:image\/svg+xml,%3Csvg%20xmlns%3D%27http%3A%2F%2Fwww.w3.org%2F2000%2Fsvg%27%20width%3D%27320%27%20height%3D%27150%27%20viewBox%3D%270%200%20320%20150%27%3E%3Crect%20width%3D%27320%27%20height%3D%27150%27%20fill-opacity%3D%220%22%2F%3E%3C%2Fsvg%3E\" data-srcset=\"https:\/\/sagavinaestartit.com\/wp-content\/uploads\/2022\/02\/cami-a-Cala-Montgo-200x94.webp 200w, https:\/\/sagavinaestartit.com\/wp-content\/uploads\/2022\/02\/cami-a-Cala-Montgo-300x141.webp 300w, https:\/\/sagavinaestartit.com\/wp-content\/uploads\/2022\/02\/cami-a-Cala-Montgo.webp 320w\" data-sizes=\"auto\" data-orig-sizes=\"(max-width: 320px) 100vw, 320px\" \/><\/h2>\n<h2><b>Difficult\u00e9 \u00e9lev\u00e9e : <a href=\"https:\/\/naturalocal.net\/ca\/rutes-senderisme-catalunya\/rutes-senderisme-girona\/rutes-senderisme-parc-natural-del-montgri-illes-medes-i-baix-ter\/volta-al-terme-de-lescala\">Tour du territoire communal de l&rsquo;Escala<\/a><\/b><\/h2>\n<p class=\"ficha-title\">Le <b>Tour du territoire communal de l&rsquo;Escala<\/b> est le plus exigeant des itin\u00e9raires propos\u00e9s. Il permet de d\u00e9couvrir les tr\u00e9sors naturels et culturels tant de l&rsquo;int\u00e9rieur que du littoral de la commune.<\/p>\n<p><span style=\"font-weight: 400;\">Il s&rsquo;agit d&rsquo;un itin\u00e9raire circulaire, avec un d\u00e9nivel\u00e9 de 133 m\u00e8tres et une distance totale de 18,20 kilom\u00e8tres.<\/span><\/p>\n<p>Tout au long du parcours, vous profiterez de chemins ruraux, de falaises et de tron\u00e7ons de promenade maritime. Vous pourrez \u00e9galement faire une pause pour manger dans l&rsquo;aire de pique-nique de Horts d&rsquo;en Roure.<\/p>\n<p>\ud83d\udccd <strong>Point fort:<\/strong> Les <em>Dunes littorales du Moll Grec, un environnement naturel prot\u00e9g\u00e9 d&rsquo;une grande valeur \u00e9cologique.<\/em><\/p>\n<p><img decoding=\"async\" class=\"lazyload alignnone size-full wp-image-34022\" src=\"https:\/\/sagavinaestartit.com\/wp-content\/uploads\/2022\/02\/Dunes-litorals-a-les-platges-del-Moll-Grec.webp\" data-orig-src=\"https:\/\/sagavinaestartit.com\/wp-content\/uploads\/2022\/02\/Dunes-litorals-a-les-platges-del-Moll-Grec.webp\" alt=\"Dunes littorales du Moll Grec,\" width=\"320\" height=\"150\" srcset=\"data:image\/svg+xml,%3Csvg%20xmlns%3D%27http%3A%2F%2Fwww.w3.org%2F2000%2Fsvg%27%20width%3D%27320%27%20height%3D%27150%27%20viewBox%3D%270%200%20320%20150%27%3E%3Crect%20width%3D%27320%27%20height%3D%27150%27%20fill-opacity%3D%220%22%2F%3E%3C%2Fsvg%3E\" data-srcset=\"https:\/\/sagavinaestartit.com\/wp-content\/uploads\/2022\/02\/Dunes-litorals-a-les-platges-del-Moll-Grec-200x94.webp 200w, https:\/\/sagavinaestartit.com\/wp-content\/uploads\/2022\/02\/Dunes-litorals-a-les-platges-del-Moll-Grec-300x141.webp 300w, https:\/\/sagavinaestartit.com\/wp-content\/uploads\/2022\/02\/Dunes-litorals-a-les-platges-del-Moll-Grec.webp 320w\" data-sizes=\"auto\" data-orig-sizes=\"(max-width: 320px) 100vw, 320px\" \/><\/p>\n<p>Pour profiter au maximum de votre exp\u00e9rience, nous vous recommandons l&rsquo;application gratuite <a href=\"https:\/\/naturalocal.net\"><strong>NaturaLocal,<\/strong><\/a> disponible pour <strong>iOS et Android.<\/strong><\/p>\n<p>Pour la t\u00e9l\u00e9charger depuis l&rsquo;App Store,<a href=\"https:\/\/apps.apple.com\/es\/app\/naturalocal\/id664903131\"> cliquez ici.<\/a><\/p>\n<p>Pour la t\u00e9l\u00e9charger depuis l&rsquo;App Store, <a href=\"https:\/\/play.google.com\/store\/apps\/details?id=rceinnovation.android.naturalocal&amp;hl=es\">cliquez ici.<\/a><\/p>\n<p>Vous y trouverez des itin\u00e9raires guid\u00e9s et comment\u00e9s, avec des cartes d\u00e9taill\u00e9es et toutes les informations n\u00e9cessaires pour profiter de la randonn\u00e9e en toute s\u00e9curit\u00e9.<\/p>\n<p>Depuis nos <strong>appartements Sa Gavina,<\/strong> vous pourrez facilement acc\u00e9der \u00e0 tous ces itin\u00e9raires et profiter de journ\u00e9es en pleine nature, au bord de la mer et loin de tout.<\/p>\n<p><strong>R\u00e9servez votre <a href=\"https:\/\/sagavinaestartit.com\/ca\/\">appartement \u00e0 l&rsquo;Estartit<\/a><\/strong> et d\u00e9couvrez les plus beaux sentiers de randonn\u00e9e de la Costa Brava.<\/p>\n","protected":false},"excerpt":{"rendered":"<p>Les meilleurs sentiers de randonn\u00e9e \u00e0 l&rsquo;Estartit pour profiter de la Costa Brava \u00e0 pied L&rsquo;environnement naturel de l&rsquo;Estartit et de Torroella de Montgr\u00ed offre des possibilit\u00e9s infinies pour faire de la randonn\u00e9e et profiter du grand air. Que vous  [&#8230;]<\/p>\n","protected":false},"author":1,"featured_media":34036,"comment_status":"closed","ping_status":"closed","sticky":false,"template":"","format":"standard","meta":{"footnotes":""},"categories":[127,681,682,683,605,646],"tags":[699,606,647,526,589,238,687,586,513,609,653,497],"class_list":["post-35458","post","type-post","status-publish","format-standard","has-post-thumbnail","hentry","category-activites-a-lestartit","category-costa-brava-fr","category-emporda-fr","category-excursion-dune-journee","category-que-faire-avec-les-enfants","category-tourisme-responsable","tag-activites-a-estartit","tag-activites-familiales","tag-animaux-de-compagnie-estartit","tag-costa-brava-fr","tag-la-randonnee","tag-lieux-dinteret","tag-que-faire-a-lestartit","tag-route-estartit-fr","tag-sa-gavina-fr","tag-sortir-en-famille","tag-tourisme-durable","tag-tourisme-local"],"yoast_head":"<!-- This site is optimized with the Yoast SEO plugin v27.1.1 - https:\/\/yoast.com\/product\/yoast-seo-wordpress\/ -->\n<title>Sentiers de randonn\u00e9e \u00e0 l&#039;Estartit | Sa Gavina Apartaments<\/title>\n<meta name=\"description\" content=\"D\u00e9couvrez les meilleurs itin\u00e9raires de randonn\u00e9e \u00e0 l&#039;Estartit. Sentiers, vues uniques et nature \u00e0 proximit\u00e9 des appartements Sa Gavina.\" \/>\n<meta name=\"robots\" content=\"index, follow, max-snippet:-1, max-image-preview:large, max-video-preview:-1\" \/>\n<link rel=\"canonical\" href=\"https:\/\/sagavinaestartit.com\/fr\/sentiers-randonnee-estartit\/\" \/>\n<meta property=\"og:locale\" content=\"fr_FR\" \/>\n<meta property=\"og:type\" content=\"article\" \/>\n<meta property=\"og:title\" content=\"Sentiers de randonn\u00e9e \u00e0 l&#039;Estartit | Sa Gavina Apartaments\" \/>\n<meta property=\"og:description\" content=\"D\u00e9couvrez les meilleurs itin\u00e9raires de randonn\u00e9e \u00e0 l&#039;Estartit. Sentiers, vues uniques et nature \u00e0 proximit\u00e9 des appartements Sa Gavina.\" \/>\n<meta property=\"og:url\" content=\"https:\/\/sagavinaestartit.com\/fr\/sentiers-randonnee-estartit\/\" \/>\n<meta property=\"og:site_name\" content=\"Sa Gavina Apartaments\" \/>\n<meta property=\"article:published_time\" content=\"2022-02-10T16:11:30+00:00\" \/>\n<meta property=\"article:modified_time\" content=\"2025-10-28T15:02:14+00:00\" \/>\n<meta property=\"og:image\" content=\"https:\/\/sagavinaestartit.com\/wp-content\/uploads\/2022\/02\/Rutes-senderisme-scaled.webp\" \/>\n\t<meta property=\"og:image:width\" content=\"2560\" \/>\n\t<meta property=\"og:image:height\" content=\"1280\" \/>\n\t<meta property=\"og:image:type\" content=\"image\/webp\" \/>\n<meta name=\"author\" content=\"tecnico_alojapro\" \/>\n<meta name=\"twitter:card\" content=\"summary_large_image\" \/>\n<meta name=\"twitter:label1\" content=\"\u00c9crit par\" \/>\n\t<meta name=\"twitter:data1\" content=\"tecnico_alojapro\" \/>\n\t<meta name=\"twitter:label2\" content=\"Dur\u00e9e de lecture estim\u00e9e\" \/>\n\t<meta name=\"twitter:data2\" content=\"4 minutes\" \/>\n<script type=\"application\/ld+json\" class=\"yoast-schema-graph\">{\"@context\":\"https:\/\/schema.org\",\"@graph\":[{\"@type\":\"Article\",\"@id\":\"https:\/\/sagavinaestartit.com\/fr\/sentiers-randonnee-estartit\/#article\",\"isPartOf\":{\"@id\":\"https:\/\/sagavinaestartit.com\/fr\/sentiers-randonnee-estartit\/\"},\"author\":{\"name\":\"tecnico_alojapro\",\"@id\":\"https:\/\/sagavinaestartit.com\/fr\/#\/schema\/person\/72b3f9a420869474351007377bde83c0\"},\"headline\":\"Sentiers de randonn\u00e9e \u00e0 l&rsquo;Estartit\",\"datePublished\":\"2022-02-10T16:11:30+00:00\",\"dateModified\":\"2025-10-28T15:02:14+00:00\",\"mainEntityOfPage\":{\"@id\":\"https:\/\/sagavinaestartit.com\/fr\/sentiers-randonnee-estartit\/\"},\"wordCount\":616,\"publisher\":{\"@id\":\"https:\/\/sagavinaestartit.com\/fr\/#organization\"},\"image\":{\"@id\":\"https:\/\/sagavinaestartit.com\/fr\/sentiers-randonnee-estartit\/#primaryimage\"},\"thumbnailUrl\":\"https:\/\/sagavinaestartit.com\/wp-content\/uploads\/2022\/02\/Rutes-senderisme-scaled.webp\",\"keywords\":[\"activit\u00e9s \u00e0 Estartit\",\"activit\u00e9s familiales\",\"animaux de compagnie estartit\",\"Costa Brava\",\"la randonn\u00e9e\",\"lieux d'int\u00e9r\u00eat\",\"Que faire \u00e0 l'Estartit\",\"route estartit\",\"Sa gavina\",\"sortir en famille\",\"tourisme durable\",\"tourisme local.\"],\"articleSection\":[\"Activit\u00e9s a l'Estartit\",\"Costa Brava\",\"Empord\u00e0\",\"Excursion d'une journ\u00e9e\",\"Que faire avec les enfants\",\"Tourisme responsable\"],\"inLanguage\":\"fr-FR\"},{\"@type\":\"WebPage\",\"@id\":\"https:\/\/sagavinaestartit.com\/fr\/sentiers-randonnee-estartit\/\",\"url\":\"https:\/\/sagavinaestartit.com\/fr\/sentiers-randonnee-estartit\/\",\"name\":\"Sentiers de randonn\u00e9e \u00e0 l'Estartit | Sa Gavina Apartaments\",\"isPartOf\":{\"@id\":\"https:\/\/sagavinaestartit.com\/fr\/#website\"},\"primaryImageOfPage\":{\"@id\":\"https:\/\/sagavinaestartit.com\/fr\/sentiers-randonnee-estartit\/#primaryimage\"},\"image\":{\"@id\":\"https:\/\/sagavinaestartit.com\/fr\/sentiers-randonnee-estartit\/#primaryimage\"},\"thumbnailUrl\":\"https:\/\/sagavinaestartit.com\/wp-content\/uploads\/2022\/02\/Rutes-senderisme-scaled.webp\",\"datePublished\":\"2022-02-10T16:11:30+00:00\",\"dateModified\":\"2025-10-28T15:02:14+00:00\",\"description\":\"D\u00e9couvrez les meilleurs itin\u00e9raires de randonn\u00e9e \u00e0 l'Estartit. Sentiers, vues uniques et nature \u00e0 proximit\u00e9 des appartements Sa Gavina.\",\"breadcrumb\":{\"@id\":\"https:\/\/sagavinaestartit.com\/fr\/sentiers-randonnee-estartit\/#breadcrumb\"},\"inLanguage\":\"fr-FR\",\"potentialAction\":[{\"@type\":\"ReadAction\",\"target\":[\"https:\/\/sagavinaestartit.com\/fr\/sentiers-randonnee-estartit\/\"]}]},{\"@type\":\"ImageObject\",\"inLanguage\":\"fr-FR\",\"@id\":\"https:\/\/sagavinaestartit.com\/fr\/sentiers-randonnee-estartit\/#primaryimage\",\"url\":\"https:\/\/sagavinaestartit.com\/wp-content\/uploads\/2022\/02\/Rutes-senderisme-scaled.webp\",\"contentUrl\":\"https:\/\/sagavinaestartit.com\/wp-content\/uploads\/2022\/02\/Rutes-senderisme-scaled.webp\",\"width\":2560,\"height\":1280,\"caption\":\"Rutes senderisme\"},{\"@type\":\"BreadcrumbList\",\"@id\":\"https:\/\/sagavinaestartit.com\/fr\/sentiers-randonnee-estartit\/#breadcrumb\",\"itemListElement\":[{\"@type\":\"ListItem\",\"position\":1,\"name\":\"Portada\",\"item\":\"https:\/\/sagavinaestartit.com\/fr\/home\/\"},{\"@type\":\"ListItem\",\"position\":2,\"name\":\"Sentiers de randonn\u00e9e \u00e0 l&#8217;Estartit\"}]},{\"@type\":\"WebSite\",\"@id\":\"https:\/\/sagavinaestartit.com\/fr\/#website\",\"url\":\"https:\/\/sagavinaestartit.com\/fr\/\",\"name\":\"Sa Gavina Apartaments\",\"description\":\"Sa Gavina Apartments\",\"publisher\":{\"@id\":\"https:\/\/sagavinaestartit.com\/fr\/#organization\"},\"potentialAction\":[{\"@type\":\"SearchAction\",\"target\":{\"@type\":\"EntryPoint\",\"urlTemplate\":\"https:\/\/sagavinaestartit.com\/fr\/?s={search_term_string}\"},\"query-input\":{\"@type\":\"PropertyValueSpecification\",\"valueRequired\":true,\"valueName\":\"search_term_string\"}}],\"inLanguage\":\"fr-FR\"},{\"@type\":\"Organization\",\"@id\":\"https:\/\/sagavinaestartit.com\/fr\/#organization\",\"name\":\"Sa Gavina Apartments\",\"url\":\"https:\/\/sagavinaestartit.com\/fr\/\",\"logo\":{\"@type\":\"ImageObject\",\"inLanguage\":\"fr-FR\",\"@id\":\"https:\/\/sagavinaestartit.com\/fr\/#\/schema\/logo\/image\/\",\"url\":\"https:\/\/sagavinaestartit.com\/wp-content\/uploads\/2024\/12\/3-1.png\",\"contentUrl\":\"https:\/\/sagavinaestartit.com\/wp-content\/uploads\/2024\/12\/3-1.png\",\"width\":500,\"height\":200,\"caption\":\"Sa Gavina Apartments\"},\"image\":{\"@id\":\"https:\/\/sagavinaestartit.com\/fr\/#\/schema\/logo\/image\/\"}},{\"@type\":\"Person\",\"@id\":\"https:\/\/sagavinaestartit.com\/fr\/#\/schema\/person\/72b3f9a420869474351007377bde83c0\",\"name\":\"tecnico_alojapro\",\"sameAs\":[\"https:\/\/sagavinaestartit.com\"]}]}<\/script>\n<!-- \/ Yoast SEO plugin. -->","yoast_head_json":{"title":"Sentiers de randonn\u00e9e \u00e0 l'Estartit | Sa Gavina Apartaments","description":"D\u00e9couvrez les meilleurs itin\u00e9raires de randonn\u00e9e \u00e0 l'Estartit. Sentiers, vues uniques et nature \u00e0 proximit\u00e9 des appartements Sa Gavina.","robots":{"index":"index","follow":"follow","max-snippet":"max-snippet:-1","max-image-preview":"max-image-preview:large","max-video-preview":"max-video-preview:-1"},"canonical":"https:\/\/sagavinaestartit.com\/fr\/sentiers-randonnee-estartit\/","og_locale":"fr_FR","og_type":"article","og_title":"Sentiers de randonn\u00e9e \u00e0 l'Estartit | Sa Gavina Apartaments","og_description":"D\u00e9couvrez les meilleurs itin\u00e9raires de randonn\u00e9e \u00e0 l'Estartit. Sentiers, vues uniques et nature \u00e0 proximit\u00e9 des appartements Sa Gavina.","og_url":"https:\/\/sagavinaestartit.com\/fr\/sentiers-randonnee-estartit\/","og_site_name":"Sa Gavina Apartaments","article_published_time":"2022-02-10T16:11:30+00:00","article_modified_time":"2025-10-28T15:02:14+00:00","og_image":[{"width":2560,"height":1280,"url":"https:\/\/sagavinaestartit.com\/wp-content\/uploads\/2022\/02\/Rutes-senderisme-scaled.webp","type":"image\/webp"}],"author":"tecnico_alojapro","twitter_card":"summary_large_image","twitter_misc":{"\u00c9crit par":"tecnico_alojapro","Dur\u00e9e de lecture estim\u00e9e":"4 minutes"},"schema":{"@context":"https:\/\/schema.org","@graph":[{"@type":"Article","@id":"https:\/\/sagavinaestartit.com\/fr\/sentiers-randonnee-estartit\/#article","isPartOf":{"@id":"https:\/\/sagavinaestartit.com\/fr\/sentiers-randonnee-estartit\/"},"author":{"name":"tecnico_alojapro","@id":"https:\/\/sagavinaestartit.com\/fr\/#\/schema\/person\/72b3f9a420869474351007377bde83c0"},"headline":"Sentiers de randonn\u00e9e \u00e0 l&rsquo;Estartit","datePublished":"2022-02-10T16:11:30+00:00","dateModified":"2025-10-28T15:02:14+00:00","mainEntityOfPage":{"@id":"https:\/\/sagavinaestartit.com\/fr\/sentiers-randonnee-estartit\/"},"wordCount":616,"publisher":{"@id":"https:\/\/sagavinaestartit.com\/fr\/#organization"},"image":{"@id":"https:\/\/sagavinaestartit.com\/fr\/sentiers-randonnee-estartit\/#primaryimage"},"thumbnailUrl":"https:\/\/sagavinaestartit.com\/wp-content\/uploads\/2022\/02\/Rutes-senderisme-scaled.webp","keywords":["activit\u00e9s \u00e0 Estartit","activit\u00e9s familiales","animaux de compagnie estartit","Costa Brava","la randonn\u00e9e","lieux d'int\u00e9r\u00eat","Que faire \u00e0 l'Estartit","route estartit","Sa gavina","sortir en famille","tourisme durable","tourisme local."],"articleSection":["Activit\u00e9s a l'Estartit","Costa Brava","Empord\u00e0","Excursion d'une journ\u00e9e","Que faire avec les enfants","Tourisme responsable"],"inLanguage":"fr-FR"},{"@type":"WebPage","@id":"https:\/\/sagavinaestartit.com\/fr\/sentiers-randonnee-estartit\/","url":"https:\/\/sagavinaestartit.com\/fr\/sentiers-randonnee-estartit\/","name":"Sentiers de randonn\u00e9e \u00e0 l'Estartit | Sa Gavina Apartaments","isPartOf":{"@id":"https:\/\/sagavinaestartit.com\/fr\/#website"},"primaryImageOfPage":{"@id":"https:\/\/sagavinaestartit.com\/fr\/sentiers-randonnee-estartit\/#primaryimage"},"image":{"@id":"https:\/\/sagavinaestartit.com\/fr\/sentiers-randonnee-estartit\/#primaryimage"},"thumbnailUrl":"https:\/\/sagavinaestartit.com\/wp-content\/uploads\/2022\/02\/Rutes-senderisme-scaled.webp","datePublished":"2022-02-10T16:11:30+00:00","dateModified":"2025-10-28T15:02:14+00:00","description":"D\u00e9couvrez les meilleurs itin\u00e9raires de randonn\u00e9e \u00e0 l'Estartit. Sentiers, vues uniques et nature \u00e0 proximit\u00e9 des appartements Sa Gavina.","breadcrumb":{"@id":"https:\/\/sagavinaestartit.com\/fr\/sentiers-randonnee-estartit\/#breadcrumb"},"inLanguage":"fr-FR","potentialAction":[{"@type":"ReadAction","target":["https:\/\/sagavinaestartit.com\/fr\/sentiers-randonnee-estartit\/"]}]},{"@type":"ImageObject","inLanguage":"fr-FR","@id":"https:\/\/sagavinaestartit.com\/fr\/sentiers-randonnee-estartit\/#primaryimage","url":"https:\/\/sagavinaestartit.com\/wp-content\/uploads\/2022\/02\/Rutes-senderisme-scaled.webp","contentUrl":"https:\/\/sagavinaestartit.com\/wp-content\/uploads\/2022\/02\/Rutes-senderisme-scaled.webp","width":2560,"height":1280,"caption":"Rutes senderisme"},{"@type":"BreadcrumbList","@id":"https:\/\/sagavinaestartit.com\/fr\/sentiers-randonnee-estartit\/#breadcrumb","itemListElement":[{"@type":"ListItem","position":1,"name":"Portada","item":"https:\/\/sagavinaestartit.com\/fr\/home\/"},{"@type":"ListItem","position":2,"name":"Sentiers de randonn\u00e9e \u00e0 l&#8217;Estartit"}]},{"@type":"WebSite","@id":"https:\/\/sagavinaestartit.com\/fr\/#website","url":"https:\/\/sagavinaestartit.com\/fr\/","name":"Sa Gavina Apartaments","description":"Sa Gavina Apartments","publisher":{"@id":"https:\/\/sagavinaestartit.com\/fr\/#organization"},"potentialAction":[{"@type":"SearchAction","target":{"@type":"EntryPoint","urlTemplate":"https:\/\/sagavinaestartit.com\/fr\/?s={search_term_string}"},"query-input":{"@type":"PropertyValueSpecification","valueRequired":true,"valueName":"search_term_string"}}],"inLanguage":"fr-FR"},{"@type":"Organization","@id":"https:\/\/sagavinaestartit.com\/fr\/#organization","name":"Sa Gavina Apartments","url":"https:\/\/sagavinaestartit.com\/fr\/","logo":{"@type":"ImageObject","inLanguage":"fr-FR","@id":"https:\/\/sagavinaestartit.com\/fr\/#\/schema\/logo\/image\/","url":"https:\/\/sagavinaestartit.com\/wp-content\/uploads\/2024\/12\/3-1.png","contentUrl":"https:\/\/sagavinaestartit.com\/wp-content\/uploads\/2024\/12\/3-1.png","width":500,"height":200,"caption":"Sa Gavina Apartments"},"image":{"@id":"https:\/\/sagavinaestartit.com\/fr\/#\/schema\/logo\/image\/"}},{"@type":"Person","@id":"https:\/\/sagavinaestartit.com\/fr\/#\/schema\/person\/72b3f9a420869474351007377bde83c0","name":"tecnico_alojapro","sameAs":["https:\/\/sagavinaestartit.com"]}]}},"_links":{"self":[{"href":"https:\/\/sagavinaestartit.com\/fr\/wp-json\/wp\/v2\/posts\/35458","targetHints":{"allow":["GET"]}}],"collection":[{"href":"https:\/\/sagavinaestartit.com\/fr\/wp-json\/wp\/v2\/posts"}],"about":[{"href":"https:\/\/sagavinaestartit.com\/fr\/wp-json\/wp\/v2\/types\/post"}],"author":[{"embeddable":true,"href":"https:\/\/sagavinaestartit.com\/fr\/wp-json\/wp\/v2\/users\/1"}],"replies":[{"embeddable":true,"href":"https:\/\/sagavinaestartit.com\/fr\/wp-json\/wp\/v2\/comments?post=35458"}],"version-history":[{"count":1,"href":"https:\/\/sagavinaestartit.com\/fr\/wp-json\/wp\/v2\/posts\/35458\/revisions"}],"predecessor-version":[{"id":35459,"href":"https:\/\/sagavinaestartit.com\/fr\/wp-json\/wp\/v2\/posts\/35458\/revisions\/35459"}],"wp:featuredmedia":[{"embeddable":true,"href":"https:\/\/sagavinaestartit.com\/fr\/wp-json\/wp\/v2\/media\/34036"}],"wp:attachment":[{"href":"https:\/\/sagavinaestartit.com\/fr\/wp-json\/wp\/v2\/media?parent=35458"}],"wp:term":[{"taxonomy":"category","embeddable":true,"href":"https:\/\/sagavinaestartit.com\/fr\/wp-json\/wp\/v2\/categories?post=35458"},{"taxonomy":"post_tag","embeddable":true,"href":"https:\/\/sagavinaestartit.com\/fr\/wp-json\/wp\/v2\/tags?post=35458"}],"curies":[{"name":"wp","href":"https:\/\/api.w.org\/{rel}","templated":true}]}}