{"id":34935,"date":"2022-10-26T09:22:41","date_gmt":"2022-10-26T07:22:41","guid":{"rendered":"https:\/\/sagavinaestartit.com\/lever-de-soleil-de-reve-a-lestartit\/"},"modified":"2025-10-16T11:15:04","modified_gmt":"2025-10-16T09:15:04","slug":"lever-soleil-de-reve-estartit","status":"publish","type":"post","link":"https:\/\/sagavinaestartit.com\/fr\/lever-soleil-de-reve-estartit\/","title":{"rendered":"Lever de soleil de r\u00eave \u00e0 L&rsquo;Estartit"},"content":{"rendered":"<h2><strong>Levers de soleil magiques \u00e0 L&rsquo;Estartit : les meilleurs endroits pour profiter de l&rsquo;Empord\u00e0<\/strong><\/h2>\n<p>L&rsquo;Estartit et ses environs offrent une grande diversit\u00e9 de paysages naturels uniques qui captivent tous ceux qui les visitent. Sa physionomie et son \u00e9cosyst\u00e8me privil\u00e9gi\u00e9 permettent de vivre des levers de soleil de r\u00eave depuis diff\u00e9rents points du territoire.<br \/>\nPendant votre s\u00e9jour dans nos <strong><br \/>\n<a href=\"https:\/\/sagavinaestartit.com\/fr\/\">appartements \u00e0 l&rsquo;Estartit<\/a><br \/>\n<\/strong>, Sa Gavina Gaud\u00ed, nous vous invitons \u00e0 d\u00e9couvrir certains des meilleurs endroits pour profiter de ce spectacle naturel.<\/p>\n<h3><strong>Lever du soleil \u00e0 la Gola del Ter<\/strong><\/h3>\n<p>Si vous recherchez un moment de tranquillit\u00e9 avec une vue imprenable, la Gola del Ter est une \u00e9tape incontournable.<br \/>\nSitu\u00e9e \u00e0 l&#8217;embouchure du fleuve Ter dans la mer M\u00e9diterran\u00e9e, cette longue plage de sable fin et dor\u00e9 est nich\u00e9e dans un cadre naturel d&rsquo;une grande beaut\u00e9, loin de l&rsquo;agitation urbaine.<\/p>\n<p>De l\u00e0, vous pourrez contempler l&rsquo;un des levers de soleil les plus impressionnants de la Costa Brava, avec le ch\u00e2teau du Montgr\u00ed et les \u00eeles Medes en toile de fond. Au coucher du soleil, le m\u00eame endroit offre une exp\u00e9rience tout aussi magique : le coucher du soleil suivi du lever de la lune sur la mer.<\/p>\n<h3><strong>Lever du soleil en bateau dans la baie de L&rsquo;Estartit<\/strong><\/h3>\n<p>Pour ceux qui recherchent une exp\u00e9rience diff\u00e9rente, une promenade en bateau au lever du soleil est une option incomparable.<br \/>\nAu d\u00e9part du port de L&rsquo;Estartit, vous pourrez naviguer dans la baie de Roses, vous approcher des \u00eeles Medes et admirer le paysage de la Costa Brava tandis que le soleil commence \u00e0 illuminer l&rsquo;horizon.<br \/>\nLe reflet dor\u00e9 du lever du soleil sur la mer et les silhouettes des montagnes font de ce moment un souvenir inoubliable.<\/p>\n<h3><strong>Lever du soleil parmi les champs de tournesols dans l&rsquo;Empord\u00e0<\/strong><\/h3>\n<p>Dans les environs de L&rsquo;Estartit,<a href=\"https:\/\/empordaturisme.com\/es\/\"> l&rsquo;Empord\u00e0<\/a> offre un autre spectacle naturel : les champs de tournesols.<br \/>\nAu printemps et en \u00e9t\u00e9, ces paysages se parent d&rsquo;un jaune intense et deviennent l&rsquo;endroit id\u00e9al pour profiter des premiers rayons du soleil.<\/p>\n<p>Nous vous recommandons de visiter les r\u00e9gions de Valldevia, Torroella de Fluvi\u00e0 ou Albons, o\u00f9 les montagnes et les champs se marient pour former un paysage d&rsquo;une beaut\u00e9 pure et sereine.<\/p>\n<h3><strong>Vivez des moments uniques \u00e0 L&rsquo;Estartit<\/strong><\/h3>\n<p>Profitez pleinement de votre s\u00e9jour \u00e0 L&rsquo;Estartit et admirez des levers de soleil magiques qui resteront grav\u00e9s dans votre m\u00e9moire.<br \/>\nQue ce soit depuis la plage, en bateau ou au milieu des champs de tournesols, chaque lever de soleil dans l&rsquo;Empord\u00e0 vous fera d\u00e9couvrir une nouvelle fa\u00e7on de vous connecter \u00e0 la nature.<\/p>\n<p><strong>Nous vous attendons aux<a href=\"https:\/\/sagavinaestartit.com\/fr\/\"> appartements Sa Gavina Gaud\u00ed <\/a>pour vivre cette exp\u00e9rience inoubliable !<\/strong><\/p>\n","protected":false},"excerpt":{"rendered":"<p>Levers de soleil magiques \u00e0 L&rsquo;Estartit : les meilleurs endroits pour profiter de l&rsquo;Empord\u00e0 L&rsquo;Estartit et ses environs offrent une grande diversit\u00e9 de paysages naturels uniques qui captivent tous ceux qui les visitent. Sa physionomie et son \u00e9cosyst\u00e8me privil\u00e9gi\u00e9 permettent  [&#8230;]<\/p>\n","protected":false},"author":1,"featured_media":33550,"comment_status":"closed","ping_status":"closed","sticky":false,"template":"","format":"standard","meta":{"footnotes":""},"categories":[127,681,682,131],"tags":[247,606,647,526,589,687,497],"class_list":["post-34935","post","type-post","status-publish","format-standard","has-post-thumbnail","hentry","category-activites-a-lestartit","category-costa-brava-fr","category-emporda-fr","category-essentiels","tag-activites-a-lestartit","tag-activites-familiales","tag-animaux-de-compagnie-estartit","tag-costa-brava-fr","tag-la-randonnee","tag-que-faire-a-lestartit","tag-tourisme-local"],"yoast_head":"<!-- This site is optimized with the Yoast SEO plugin v27.1.1 - https:\/\/yoast.com\/product\/yoast-seo-wordpress\/ -->\n<title>Lever de soleil de r\u00eave \u00e0 L&#039;Estartit | Sa Gavina Apartaments<\/title>\n<meta name=\"description\" content=\"D\u00e9couvrez les meilleurs endroits pour admirer le lever du soleil \u00e0 L&#039;Estartit : la Gola del Ter, une excursion en bateau ou les champs de tournesols de l&#039;Empord\u00e0.\" \/>\n<meta name=\"robots\" content=\"index, follow, max-snippet:-1, max-image-preview:large, max-video-preview:-1\" \/>\n<link rel=\"canonical\" href=\"https:\/\/sagavinaestartit.com\/fr\/lever-soleil-de-reve-estartit\/\" \/>\n<meta property=\"og:locale\" content=\"fr_FR\" \/>\n<meta property=\"og:type\" content=\"article\" \/>\n<meta property=\"og:title\" content=\"Lever de soleil de r\u00eave \u00e0 L&#039;Estartit | Sa Gavina Apartaments\" \/>\n<meta property=\"og:description\" content=\"D\u00e9couvrez les meilleurs endroits pour admirer le lever du soleil \u00e0 L&#039;Estartit : la Gola del Ter, une excursion en bateau ou les champs de tournesols de l&#039;Empord\u00e0.\" \/>\n<meta property=\"og:url\" content=\"https:\/\/sagavinaestartit.com\/fr\/lever-soleil-de-reve-estartit\/\" \/>\n<meta property=\"og:site_name\" content=\"Sa Gavina Apartaments\" \/>\n<meta property=\"article:published_time\" content=\"2022-10-26T07:22:41+00:00\" \/>\n<meta property=\"article:modified_time\" content=\"2025-10-16T09:15:04+00:00\" \/>\n<meta property=\"og:image\" content=\"https:\/\/sagavinaestartit.com\/wp-content\/uploads\/2022\/10\/Amanecer-Estartit-scaled.webp\" \/>\n\t<meta property=\"og:image:width\" content=\"2560\" \/>\n\t<meta property=\"og:image:height\" content=\"1280\" \/>\n\t<meta property=\"og:image:type\" content=\"image\/webp\" \/>\n<meta name=\"author\" content=\"tecnico_alojapro\" \/>\n<meta name=\"twitter:card\" content=\"summary_large_image\" \/>\n<meta name=\"twitter:label1\" content=\"\u00c9crit par\" \/>\n\t<meta name=\"twitter:data1\" content=\"tecnico_alojapro\" \/>\n\t<meta name=\"twitter:label2\" content=\"Dur\u00e9e de lecture estim\u00e9e\" \/>\n\t<meta name=\"twitter:data2\" content=\"3 minutes\" \/>\n<script type=\"application\/ld+json\" class=\"yoast-schema-graph\">{\"@context\":\"https:\/\/schema.org\",\"@graph\":[{\"@type\":\"Article\",\"@id\":\"https:\/\/sagavinaestartit.com\/fr\/lever-soleil-de-reve-estartit\/#article\",\"isPartOf\":{\"@id\":\"https:\/\/sagavinaestartit.com\/fr\/lever-soleil-de-reve-estartit\/\"},\"author\":{\"name\":\"tecnico_alojapro\",\"@id\":\"https:\/\/sagavinaestartit.com\/fr\/#\/schema\/person\/72b3f9a420869474351007377bde83c0\"},\"headline\":\"Lever de soleil de r\u00eave \u00e0 L&rsquo;Estartit\",\"datePublished\":\"2022-10-26T07:22:41+00:00\",\"dateModified\":\"2025-10-16T09:15:04+00:00\",\"mainEntityOfPage\":{\"@id\":\"https:\/\/sagavinaestartit.com\/fr\/lever-soleil-de-reve-estartit\/\"},\"wordCount\":472,\"publisher\":{\"@id\":\"https:\/\/sagavinaestartit.com\/fr\/#organization\"},\"image\":{\"@id\":\"https:\/\/sagavinaestartit.com\/fr\/lever-soleil-de-reve-estartit\/#primaryimage\"},\"thumbnailUrl\":\"https:\/\/sagavinaestartit.com\/wp-content\/uploads\/2022\/10\/Amanecer-Estartit-scaled.webp\",\"keywords\":[\"activit\u00e9s \u00e0 l'Estartit\",\"activit\u00e9s familiales\",\"animaux de compagnie estartit\",\"Costa Brava\",\"la randonn\u00e9e\",\"Que faire \u00e0 l'Estartit\",\"tourisme local.\"],\"articleSection\":[\"Activit\u00e9s a l'Estartit\",\"Costa Brava\",\"Empord\u00e0\",\"Essentiels\"],\"inLanguage\":\"fr-FR\"},{\"@type\":\"WebPage\",\"@id\":\"https:\/\/sagavinaestartit.com\/fr\/lever-soleil-de-reve-estartit\/\",\"url\":\"https:\/\/sagavinaestartit.com\/fr\/lever-soleil-de-reve-estartit\/\",\"name\":\"Lever de soleil de r\u00eave \u00e0 L'Estartit | Sa Gavina Apartaments\",\"isPartOf\":{\"@id\":\"https:\/\/sagavinaestartit.com\/fr\/#website\"},\"primaryImageOfPage\":{\"@id\":\"https:\/\/sagavinaestartit.com\/fr\/lever-soleil-de-reve-estartit\/#primaryimage\"},\"image\":{\"@id\":\"https:\/\/sagavinaestartit.com\/fr\/lever-soleil-de-reve-estartit\/#primaryimage\"},\"thumbnailUrl\":\"https:\/\/sagavinaestartit.com\/wp-content\/uploads\/2022\/10\/Amanecer-Estartit-scaled.webp\",\"datePublished\":\"2022-10-26T07:22:41+00:00\",\"dateModified\":\"2025-10-16T09:15:04+00:00\",\"description\":\"D\u00e9couvrez les meilleurs endroits pour admirer le lever du soleil \u00e0 L'Estartit : la Gola del Ter, une excursion en bateau ou les champs de tournesols de l'Empord\u00e0.\",\"breadcrumb\":{\"@id\":\"https:\/\/sagavinaestartit.com\/fr\/lever-soleil-de-reve-estartit\/#breadcrumb\"},\"inLanguage\":\"fr-FR\",\"potentialAction\":[{\"@type\":\"ReadAction\",\"target\":[\"https:\/\/sagavinaestartit.com\/fr\/lever-soleil-de-reve-estartit\/\"]}]},{\"@type\":\"ImageObject\",\"inLanguage\":\"fr-FR\",\"@id\":\"https:\/\/sagavinaestartit.com\/fr\/lever-soleil-de-reve-estartit\/#primaryimage\",\"url\":\"https:\/\/sagavinaestartit.com\/wp-content\/uploads\/2022\/10\/Amanecer-Estartit-scaled.webp\",\"contentUrl\":\"https:\/\/sagavinaestartit.com\/wp-content\/uploads\/2022\/10\/Amanecer-Estartit-scaled.webp\",\"width\":2560,\"height\":1280,\"caption\":\"Amanecer Estartit\"},{\"@type\":\"BreadcrumbList\",\"@id\":\"https:\/\/sagavinaestartit.com\/fr\/lever-soleil-de-reve-estartit\/#breadcrumb\",\"itemListElement\":[{\"@type\":\"ListItem\",\"position\":1,\"name\":\"Portada\",\"item\":\"https:\/\/sagavinaestartit.com\/fr\/home\/\"},{\"@type\":\"ListItem\",\"position\":2,\"name\":\"Lever de soleil de r\u00eave \u00e0 L&#8217;Estartit\"}]},{\"@type\":\"WebSite\",\"@id\":\"https:\/\/sagavinaestartit.com\/fr\/#website\",\"url\":\"https:\/\/sagavinaestartit.com\/fr\/\",\"name\":\"Sa Gavina Apartaments\",\"description\":\"Sa Gavina Apartments\",\"publisher\":{\"@id\":\"https:\/\/sagavinaestartit.com\/fr\/#organization\"},\"potentialAction\":[{\"@type\":\"SearchAction\",\"target\":{\"@type\":\"EntryPoint\",\"urlTemplate\":\"https:\/\/sagavinaestartit.com\/fr\/?s={search_term_string}\"},\"query-input\":{\"@type\":\"PropertyValueSpecification\",\"valueRequired\":true,\"valueName\":\"search_term_string\"}}],\"inLanguage\":\"fr-FR\"},{\"@type\":\"Organization\",\"@id\":\"https:\/\/sagavinaestartit.com\/fr\/#organization\",\"name\":\"Sa Gavina Apartments\",\"url\":\"https:\/\/sagavinaestartit.com\/fr\/\",\"logo\":{\"@type\":\"ImageObject\",\"inLanguage\":\"fr-FR\",\"@id\":\"https:\/\/sagavinaestartit.com\/fr\/#\/schema\/logo\/image\/\",\"url\":\"https:\/\/sagavinaestartit.com\/wp-content\/uploads\/2024\/12\/3-1.png\",\"contentUrl\":\"https:\/\/sagavinaestartit.com\/wp-content\/uploads\/2024\/12\/3-1.png\",\"width\":500,\"height\":200,\"caption\":\"Sa Gavina Apartments\"},\"image\":{\"@id\":\"https:\/\/sagavinaestartit.com\/fr\/#\/schema\/logo\/image\/\"}},{\"@type\":\"Person\",\"@id\":\"https:\/\/sagavinaestartit.com\/fr\/#\/schema\/person\/72b3f9a420869474351007377bde83c0\",\"name\":\"tecnico_alojapro\",\"sameAs\":[\"https:\/\/sagavinaestartit.com\"]}]}<\/script>\n<!-- \/ Yoast SEO plugin. -->","yoast_head_json":{"title":"Lever de soleil de r\u00eave \u00e0 L'Estartit | Sa Gavina Apartaments","description":"D\u00e9couvrez les meilleurs endroits pour admirer le lever du soleil \u00e0 L'Estartit : la Gola del Ter, une excursion en bateau ou les champs de tournesols de l'Empord\u00e0.","robots":{"index":"index","follow":"follow","max-snippet":"max-snippet:-1","max-image-preview":"max-image-preview:large","max-video-preview":"max-video-preview:-1"},"canonical":"https:\/\/sagavinaestartit.com\/fr\/lever-soleil-de-reve-estartit\/","og_locale":"fr_FR","og_type":"article","og_title":"Lever de soleil de r\u00eave \u00e0 L'Estartit | Sa Gavina Apartaments","og_description":"D\u00e9couvrez les meilleurs endroits pour admirer le lever du soleil \u00e0 L'Estartit : la Gola del Ter, une excursion en bateau ou les champs de tournesols de l'Empord\u00e0.","og_url":"https:\/\/sagavinaestartit.com\/fr\/lever-soleil-de-reve-estartit\/","og_site_name":"Sa Gavina Apartaments","article_published_time":"2022-10-26T07:22:41+00:00","article_modified_time":"2025-10-16T09:15:04+00:00","og_image":[{"width":2560,"height":1280,"url":"https:\/\/sagavinaestartit.com\/wp-content\/uploads\/2022\/10\/Amanecer-Estartit-scaled.webp","type":"image\/webp"}],"author":"tecnico_alojapro","twitter_card":"summary_large_image","twitter_misc":{"\u00c9crit par":"tecnico_alojapro","Dur\u00e9e de lecture estim\u00e9e":"3 minutes"},"schema":{"@context":"https:\/\/schema.org","@graph":[{"@type":"Article","@id":"https:\/\/sagavinaestartit.com\/fr\/lever-soleil-de-reve-estartit\/#article","isPartOf":{"@id":"https:\/\/sagavinaestartit.com\/fr\/lever-soleil-de-reve-estartit\/"},"author":{"name":"tecnico_alojapro","@id":"https:\/\/sagavinaestartit.com\/fr\/#\/schema\/person\/72b3f9a420869474351007377bde83c0"},"headline":"Lever de soleil de r\u00eave \u00e0 L&rsquo;Estartit","datePublished":"2022-10-26T07:22:41+00:00","dateModified":"2025-10-16T09:15:04+00:00","mainEntityOfPage":{"@id":"https:\/\/sagavinaestartit.com\/fr\/lever-soleil-de-reve-estartit\/"},"wordCount":472,"publisher":{"@id":"https:\/\/sagavinaestartit.com\/fr\/#organization"},"image":{"@id":"https:\/\/sagavinaestartit.com\/fr\/lever-soleil-de-reve-estartit\/#primaryimage"},"thumbnailUrl":"https:\/\/sagavinaestartit.com\/wp-content\/uploads\/2022\/10\/Amanecer-Estartit-scaled.webp","keywords":["activit\u00e9s \u00e0 l'Estartit","activit\u00e9s familiales","animaux de compagnie estartit","Costa Brava","la randonn\u00e9e","Que faire \u00e0 l'Estartit","tourisme local."],"articleSection":["Activit\u00e9s a l'Estartit","Costa Brava","Empord\u00e0","Essentiels"],"inLanguage":"fr-FR"},{"@type":"WebPage","@id":"https:\/\/sagavinaestartit.com\/fr\/lever-soleil-de-reve-estartit\/","url":"https:\/\/sagavinaestartit.com\/fr\/lever-soleil-de-reve-estartit\/","name":"Lever de soleil de r\u00eave \u00e0 L'Estartit | Sa Gavina Apartaments","isPartOf":{"@id":"https:\/\/sagavinaestartit.com\/fr\/#website"},"primaryImageOfPage":{"@id":"https:\/\/sagavinaestartit.com\/fr\/lever-soleil-de-reve-estartit\/#primaryimage"},"image":{"@id":"https:\/\/sagavinaestartit.com\/fr\/lever-soleil-de-reve-estartit\/#primaryimage"},"thumbnailUrl":"https:\/\/sagavinaestartit.com\/wp-content\/uploads\/2022\/10\/Amanecer-Estartit-scaled.webp","datePublished":"2022-10-26T07:22:41+00:00","dateModified":"2025-10-16T09:15:04+00:00","description":"D\u00e9couvrez les meilleurs endroits pour admirer le lever du soleil \u00e0 L'Estartit : la Gola del Ter, une excursion en bateau ou les champs de tournesols de l'Empord\u00e0.","breadcrumb":{"@id":"https:\/\/sagavinaestartit.com\/fr\/lever-soleil-de-reve-estartit\/#breadcrumb"},"inLanguage":"fr-FR","potentialAction":[{"@type":"ReadAction","target":["https:\/\/sagavinaestartit.com\/fr\/lever-soleil-de-reve-estartit\/"]}]},{"@type":"ImageObject","inLanguage":"fr-FR","@id":"https:\/\/sagavinaestartit.com\/fr\/lever-soleil-de-reve-estartit\/#primaryimage","url":"https:\/\/sagavinaestartit.com\/wp-content\/uploads\/2022\/10\/Amanecer-Estartit-scaled.webp","contentUrl":"https:\/\/sagavinaestartit.com\/wp-content\/uploads\/2022\/10\/Amanecer-Estartit-scaled.webp","width":2560,"height":1280,"caption":"Amanecer Estartit"},{"@type":"BreadcrumbList","@id":"https:\/\/sagavinaestartit.com\/fr\/lever-soleil-de-reve-estartit\/#breadcrumb","itemListElement":[{"@type":"ListItem","position":1,"name":"Portada","item":"https:\/\/sagavinaestartit.com\/fr\/home\/"},{"@type":"ListItem","position":2,"name":"Lever de soleil de r\u00eave \u00e0 L&#8217;Estartit"}]},{"@type":"WebSite","@id":"https:\/\/sagavinaestartit.com\/fr\/#website","url":"https:\/\/sagavinaestartit.com\/fr\/","name":"Sa Gavina Apartaments","description":"Sa Gavina Apartments","publisher":{"@id":"https:\/\/sagavinaestartit.com\/fr\/#organization"},"potentialAction":[{"@type":"SearchAction","target":{"@type":"EntryPoint","urlTemplate":"https:\/\/sagavinaestartit.com\/fr\/?s={search_term_string}"},"query-input":{"@type":"PropertyValueSpecification","valueRequired":true,"valueName":"search_term_string"}}],"inLanguage":"fr-FR"},{"@type":"Organization","@id":"https:\/\/sagavinaestartit.com\/fr\/#organization","name":"Sa Gavina Apartments","url":"https:\/\/sagavinaestartit.com\/fr\/","logo":{"@type":"ImageObject","inLanguage":"fr-FR","@id":"https:\/\/sagavinaestartit.com\/fr\/#\/schema\/logo\/image\/","url":"https:\/\/sagavinaestartit.com\/wp-content\/uploads\/2024\/12\/3-1.png","contentUrl":"https:\/\/sagavinaestartit.com\/wp-content\/uploads\/2024\/12\/3-1.png","width":500,"height":200,"caption":"Sa Gavina Apartments"},"image":{"@id":"https:\/\/sagavinaestartit.com\/fr\/#\/schema\/logo\/image\/"}},{"@type":"Person","@id":"https:\/\/sagavinaestartit.com\/fr\/#\/schema\/person\/72b3f9a420869474351007377bde83c0","name":"tecnico_alojapro","sameAs":["https:\/\/sagavinaestartit.com"]}]}},"_links":{"self":[{"href":"https:\/\/sagavinaestartit.com\/fr\/wp-json\/wp\/v2\/posts\/34935","targetHints":{"allow":["GET"]}}],"collection":[{"href":"https:\/\/sagavinaestartit.com\/fr\/wp-json\/wp\/v2\/posts"}],"about":[{"href":"https:\/\/sagavinaestartit.com\/fr\/wp-json\/wp\/v2\/types\/post"}],"author":[{"embeddable":true,"href":"https:\/\/sagavinaestartit.com\/fr\/wp-json\/wp\/v2\/users\/1"}],"replies":[{"embeddable":true,"href":"https:\/\/sagavinaestartit.com\/fr\/wp-json\/wp\/v2\/comments?post=34935"}],"version-history":[{"count":1,"href":"https:\/\/sagavinaestartit.com\/fr\/wp-json\/wp\/v2\/posts\/34935\/revisions"}],"predecessor-version":[{"id":34938,"href":"https:\/\/sagavinaestartit.com\/fr\/wp-json\/wp\/v2\/posts\/34935\/revisions\/34938"}],"wp:featuredmedia":[{"embeddable":true,"href":"https:\/\/sagavinaestartit.com\/fr\/wp-json\/wp\/v2\/media\/33550"}],"wp:attachment":[{"href":"https:\/\/sagavinaestartit.com\/fr\/wp-json\/wp\/v2\/media?parent=34935"}],"wp:term":[{"taxonomy":"category","embeddable":true,"href":"https:\/\/sagavinaestartit.com\/fr\/wp-json\/wp\/v2\/categories?post=34935"},{"taxonomy":"post_tag","embeddable":true,"href":"https:\/\/sagavinaestartit.com\/fr\/wp-json\/wp\/v2\/tags?post=34935"}],"curies":[{"name":"wp","href":"https:\/\/api.w.org\/{rel}","templated":true}]}}