{"id":34897,"date":"2023-04-18T15:54:34","date_gmt":"2023-04-18T13:54:34","guid":{"rendered":"https:\/\/sagavinaestartit.com\/decouvrez-le-nouveau-parc-de-la-pineda-a-lestartit-2\/"},"modified":"2025-10-09T13:44:20","modified_gmt":"2025-10-09T11:44:20","slug":"parc-de-la-pineda-estartit","status":"publish","type":"post","link":"https:\/\/sagavinaestartit.com\/fr\/parc-de-la-pineda-estartit\/","title":{"rendered":"D\u00e9couvrez le nouveau Parc de la Pineda \u00e0 l&rsquo;Estartit"},"content":{"rendered":"<h2>Profitez \u00e0 nouveau Parc de la Pineda \u00e0 L&rsquo;Estartit !<\/h2>\n<p><span style=\"font-weight: 400;\">Apr\u00e8s les travaux lanc\u00e9s par la mairie \u00e0 la fin de l&rsquo;ann\u00e9e 2022, nous c\u00e9l\u00e9brons la r\u00e9ouverture du Parc de la Pineda \u00e0 L&rsquo;Estartit. D\u00e9couvrez-le lors de votre s\u00e9jour aux <\/span><a href=\"https:\/\/sagavinaestartit.com\/fr\/\"><br \/>\n<b>Appartements Sa Gavina<\/b><br \/>\n<\/a><span style=\"font-weight: 400;\">.<\/span><\/p>\n<p>Situ\u00e9 en bord de mer, il a une superficie de <b>13 143 m\u00e8tres carr\u00e9s.<\/b><span style=\"font-weight: 400;\">. Il a \u00e9t\u00e9 r\u00e9organis\u00e9 pour s&rsquo;articuler autour d&rsquo;une route principale qui communique avec la promenade et de deux routes transversales qui relient la zone aux b\u00e2timents et \u00e0 la plage. <\/span><\/p>\n<p><span style=\"font-weight: 400;\">La route principale est trac\u00e9e en zigzag pour profiter des vues et a une largeur de 3 m\u00e8tres pour assurer une circulation partag\u00e9e entre les pi\u00e9tons et les cyclistes. La piste transversale qui passe \u00e0 c\u00f4t\u00e9 de la p\u00e9tanque a \u00e9galement \u00e9t\u00e9 dimensionn\u00e9e avec la m\u00eame largeur de 3 m\u00e8tres pour relier la future piste cyclable de la Carrer Freu \u00e0 la promenade.<\/span><\/p>\n<p><span style=\"font-weight: 400;\">La fonctionnalit\u00e9 de l&rsquo;espace s&rsquo;articule autour de l&rsquo;all\u00e9e principale, qui organise les diff\u00e9rents espaces de loisirs, de repos et de contemplation. <\/span><\/p>\n<h3><b>Les spaces<\/b><\/h3>\n<ul>\n<li>La place: Ne manquez pas <b>la place au sol en bois avec<\/b> v<b>ue sur les \u00eeles Medes<\/b> et l&rsquo;aire de jeux situ\u00e9e au <b>centre de la pin\u00e8de.<\/b><\/li>\n<li><b>La petanque: <\/b>Espace de jeu situ\u00e9 en arri\u00e8re-plan, situ\u00e9 \u00e0 la jonction du chemin principal et d&rsquo;un chemin de traverse secondaire.<\/li>\n<li><b>Aire de jeux<\/b><\/li>\n<li><b>Amphith\u00e9\u00e2tre:<\/b> Profitez d&rsquo;un amphith\u00e9\u00e2tre pour vous reposer, lire et contempler le paysage.<\/li>\n<li><b>Aire de pique-nique:<\/b> Aire de loisirs situ\u00e9e \u00e0 l&rsquo;arri\u00e8re des dunes, avec vue sur les \u00eeles Medes et la rivi\u00e8re Ter.<\/li>\n<\/ul>\n<p><span style=\"font-weight: 400;\">Aucune modification n&rsquo;a \u00e9t\u00e9 apport\u00e9e \u00e0 la zone de dunes lors du r\u00e9am\u00e9nagement, car il s&rsquo;agit d&rsquo;une esp\u00e8ce prot\u00e9g\u00e9e. <\/span><\/p>\n<p><span style=\"font-weight: 400;\">Les acc\u00e8s \u00e0 la Pineda se font par des chemins sans v\u00e9g\u00e9tation. Il s&rsquo;agit d&rsquo;une zone \u00e0 visiter et \u00e0 appr\u00e9cier en famille pendant votre s\u00e9jour \u00e0 L&rsquo;Estartit et dans les appartements Sa Gavina.<\/span><\/p>\n<p><span style=\"font-weight: 400;\">Nous vous attendons ! <\/span><\/p>\n","protected":false},"excerpt":{"rendered":"<p>Profitez \u00e0 nouveau Parc de la Pineda \u00e0 L&rsquo;Estartit ! Apr\u00e8s les travaux lanc\u00e9s par la mairie \u00e0 la fin de l&rsquo;ann\u00e9e 2022, nous c\u00e9l\u00e9brons la r\u00e9ouverture du Parc de la Pineda \u00e0 L&rsquo;Estartit. D\u00e9couvrez-le lors de votre s\u00e9jour aux  [&#8230;]<\/p>\n","protected":false},"author":1,"featured_media":33519,"comment_status":"closed","ping_status":"closed","sticky":false,"template":"","format":"standard","meta":{"footnotes":""},"categories":[681,682,131,130,605],"tags":[247,606,526,238,609,497],"class_list":["post-34897","post","type-post","status-publish","format-standard","has-post-thumbnail","hentry","category-costa-brava-fr","category-emporda-fr","category-essentiels","category-nouvelles","category-que-faire-avec-les-enfants","tag-activites-a-lestartit","tag-activites-familiales","tag-costa-brava-fr","tag-lieux-dinteret","tag-sortir-en-famille","tag-tourisme-local"],"yoast_head":"<!-- This site is optimized with the Yoast SEO plugin v27.1.1 - https:\/\/yoast.com\/product\/yoast-seo-wordpress\/ -->\n<title>D\u00e9couvrez le nouveau Parc de la Pineda \u00e0 l&#039;Estartit | Sa Gavina Apartaments<\/title>\n<meta name=\"description\" content=\"Profitez \u00e0 nouveau Parc de la Pineda \u00e0 L&#039;Estartit ! C&#039;est un endroit id\u00e9al \u00e0 visiter et \u00e0 appr\u00e9cier en famille.\" \/>\n<meta name=\"robots\" content=\"index, follow, max-snippet:-1, max-image-preview:large, max-video-preview:-1\" \/>\n<link rel=\"canonical\" href=\"https:\/\/sagavinaestartit.com\/fr\/parc-de-la-pineda-estartit\/\" \/>\n<meta property=\"og:locale\" content=\"fr_FR\" \/>\n<meta property=\"og:type\" content=\"article\" \/>\n<meta property=\"og:title\" content=\"D\u00e9couvrez le nouveau Parc de la Pineda \u00e0 l&#039;Estartit | Sa Gavina Apartaments\" \/>\n<meta property=\"og:description\" content=\"Profitez \u00e0 nouveau Parc de la Pineda \u00e0 L&#039;Estartit ! C&#039;est un endroit id\u00e9al \u00e0 visiter et \u00e0 appr\u00e9cier en famille.\" \/>\n<meta property=\"og:url\" content=\"https:\/\/sagavinaestartit.com\/fr\/parc-de-la-pineda-estartit\/\" \/>\n<meta property=\"og:site_name\" content=\"Sa Gavina Apartaments\" \/>\n<meta property=\"article:published_time\" content=\"2023-04-18T13:54:34+00:00\" \/>\n<meta property=\"article:modified_time\" content=\"2025-10-09T11:44:20+00:00\" \/>\n<meta property=\"og:image\" content=\"https:\/\/sagavinaestartit.com\/wp-content\/uploads\/2023\/04\/Parc-la-Pineda-Estartit-scaled.webp\" \/>\n\t<meta property=\"og:image:width\" content=\"2560\" \/>\n\t<meta property=\"og:image:height\" content=\"1280\" \/>\n\t<meta property=\"og:image:type\" content=\"image\/webp\" \/>\n<meta name=\"author\" content=\"tecnico_alojapro\" \/>\n<meta name=\"twitter:card\" content=\"summary_large_image\" \/>\n<meta name=\"twitter:label1\" content=\"\u00c9crit par\" \/>\n\t<meta name=\"twitter:data1\" content=\"tecnico_alojapro\" \/>\n\t<meta name=\"twitter:label2\" content=\"Dur\u00e9e de lecture estim\u00e9e\" \/>\n\t<meta name=\"twitter:data2\" content=\"2 minutes\" \/>\n<script type=\"application\/ld+json\" class=\"yoast-schema-graph\">{\"@context\":\"https:\/\/schema.org\",\"@graph\":[{\"@type\":\"Article\",\"@id\":\"https:\/\/sagavinaestartit.com\/fr\/parc-de-la-pineda-estartit\/#article\",\"isPartOf\":{\"@id\":\"https:\/\/sagavinaestartit.com\/fr\/parc-de-la-pineda-estartit\/\"},\"author\":{\"name\":\"tecnico_alojapro\",\"@id\":\"https:\/\/sagavinaestartit.com\/fr\/#\/schema\/person\/72b3f9a420869474351007377bde83c0\"},\"headline\":\"D\u00e9couvrez le nouveau Parc de la Pineda \u00e0 l&rsquo;Estartit\",\"datePublished\":\"2023-04-18T13:54:34+00:00\",\"dateModified\":\"2025-10-09T11:44:20+00:00\",\"mainEntityOfPage\":{\"@id\":\"https:\/\/sagavinaestartit.com\/fr\/parc-de-la-pineda-estartit\/\"},\"wordCount\":363,\"publisher\":{\"@id\":\"https:\/\/sagavinaestartit.com\/fr\/#organization\"},\"image\":{\"@id\":\"https:\/\/sagavinaestartit.com\/fr\/parc-de-la-pineda-estartit\/#primaryimage\"},\"thumbnailUrl\":\"https:\/\/sagavinaestartit.com\/wp-content\/uploads\/2023\/04\/Parc-la-Pineda-Estartit-scaled.webp\",\"keywords\":[\"activit\u00e9s \u00e0 l'Estartit\",\"activit\u00e9s familiales\",\"Costa Brava\",\"lieux d'int\u00e9r\u00eat\",\"sortir en famille\",\"tourisme local.\"],\"articleSection\":[\"Costa Brava\",\"Empord\u00e0\",\"Essentiels\",\"Nouvelles\",\"Que faire avec les enfants\"],\"inLanguage\":\"fr-FR\"},{\"@type\":\"WebPage\",\"@id\":\"https:\/\/sagavinaestartit.com\/fr\/parc-de-la-pineda-estartit\/\",\"url\":\"https:\/\/sagavinaestartit.com\/fr\/parc-de-la-pineda-estartit\/\",\"name\":\"D\u00e9couvrez le nouveau Parc de la Pineda \u00e0 l'Estartit | Sa Gavina Apartaments\",\"isPartOf\":{\"@id\":\"https:\/\/sagavinaestartit.com\/fr\/#website\"},\"primaryImageOfPage\":{\"@id\":\"https:\/\/sagavinaestartit.com\/fr\/parc-de-la-pineda-estartit\/#primaryimage\"},\"image\":{\"@id\":\"https:\/\/sagavinaestartit.com\/fr\/parc-de-la-pineda-estartit\/#primaryimage\"},\"thumbnailUrl\":\"https:\/\/sagavinaestartit.com\/wp-content\/uploads\/2023\/04\/Parc-la-Pineda-Estartit-scaled.webp\",\"datePublished\":\"2023-04-18T13:54:34+00:00\",\"dateModified\":\"2025-10-09T11:44:20+00:00\",\"description\":\"Profitez \u00e0 nouveau Parc de la Pineda \u00e0 L'Estartit ! C'est un endroit id\u00e9al \u00e0 visiter et \u00e0 appr\u00e9cier en famille.\",\"breadcrumb\":{\"@id\":\"https:\/\/sagavinaestartit.com\/fr\/parc-de-la-pineda-estartit\/#breadcrumb\"},\"inLanguage\":\"fr-FR\",\"potentialAction\":[{\"@type\":\"ReadAction\",\"target\":[\"https:\/\/sagavinaestartit.com\/fr\/parc-de-la-pineda-estartit\/\"]}]},{\"@type\":\"ImageObject\",\"inLanguage\":\"fr-FR\",\"@id\":\"https:\/\/sagavinaestartit.com\/fr\/parc-de-la-pineda-estartit\/#primaryimage\",\"url\":\"https:\/\/sagavinaestartit.com\/wp-content\/uploads\/2023\/04\/Parc-la-Pineda-Estartit-scaled.webp\",\"contentUrl\":\"https:\/\/sagavinaestartit.com\/wp-content\/uploads\/2023\/04\/Parc-la-Pineda-Estartit-scaled.webp\",\"width\":2560,\"height\":1280,\"caption\":\"Parc la Pineda Estartit\"},{\"@type\":\"BreadcrumbList\",\"@id\":\"https:\/\/sagavinaestartit.com\/fr\/parc-de-la-pineda-estartit\/#breadcrumb\",\"itemListElement\":[{\"@type\":\"ListItem\",\"position\":1,\"name\":\"Portada\",\"item\":\"https:\/\/sagavinaestartit.com\/fr\/home\/\"},{\"@type\":\"ListItem\",\"position\":2,\"name\":\"D\u00e9couvrez le nouveau Parc de la Pineda \u00e0 l&#8217;Estartit\"}]},{\"@type\":\"WebSite\",\"@id\":\"https:\/\/sagavinaestartit.com\/fr\/#website\",\"url\":\"https:\/\/sagavinaestartit.com\/fr\/\",\"name\":\"Sa Gavina Apartaments\",\"description\":\"Sa Gavina Apartments\",\"publisher\":{\"@id\":\"https:\/\/sagavinaestartit.com\/fr\/#organization\"},\"potentialAction\":[{\"@type\":\"SearchAction\",\"target\":{\"@type\":\"EntryPoint\",\"urlTemplate\":\"https:\/\/sagavinaestartit.com\/fr\/?s={search_term_string}\"},\"query-input\":{\"@type\":\"PropertyValueSpecification\",\"valueRequired\":true,\"valueName\":\"search_term_string\"}}],\"inLanguage\":\"fr-FR\"},{\"@type\":\"Organization\",\"@id\":\"https:\/\/sagavinaestartit.com\/fr\/#organization\",\"name\":\"Sa Gavina Apartments\",\"url\":\"https:\/\/sagavinaestartit.com\/fr\/\",\"logo\":{\"@type\":\"ImageObject\",\"inLanguage\":\"fr-FR\",\"@id\":\"https:\/\/sagavinaestartit.com\/fr\/#\/schema\/logo\/image\/\",\"url\":\"https:\/\/sagavinaestartit.com\/wp-content\/uploads\/2024\/12\/3-1.png\",\"contentUrl\":\"https:\/\/sagavinaestartit.com\/wp-content\/uploads\/2024\/12\/3-1.png\",\"width\":500,\"height\":200,\"caption\":\"Sa Gavina Apartments\"},\"image\":{\"@id\":\"https:\/\/sagavinaestartit.com\/fr\/#\/schema\/logo\/image\/\"}},{\"@type\":\"Person\",\"@id\":\"https:\/\/sagavinaestartit.com\/fr\/#\/schema\/person\/72b3f9a420869474351007377bde83c0\",\"name\":\"tecnico_alojapro\",\"sameAs\":[\"https:\/\/sagavinaestartit.com\"]}]}<\/script>\n<!-- \/ Yoast SEO plugin. -->","yoast_head_json":{"title":"D\u00e9couvrez le nouveau Parc de la Pineda \u00e0 l'Estartit | Sa Gavina Apartaments","description":"Profitez \u00e0 nouveau Parc de la Pineda \u00e0 L'Estartit ! C'est un endroit id\u00e9al \u00e0 visiter et \u00e0 appr\u00e9cier en famille.","robots":{"index":"index","follow":"follow","max-snippet":"max-snippet:-1","max-image-preview":"max-image-preview:large","max-video-preview":"max-video-preview:-1"},"canonical":"https:\/\/sagavinaestartit.com\/fr\/parc-de-la-pineda-estartit\/","og_locale":"fr_FR","og_type":"article","og_title":"D\u00e9couvrez le nouveau Parc de la Pineda \u00e0 l'Estartit | Sa Gavina Apartaments","og_description":"Profitez \u00e0 nouveau Parc de la Pineda \u00e0 L'Estartit ! C'est un endroit id\u00e9al \u00e0 visiter et \u00e0 appr\u00e9cier en famille.","og_url":"https:\/\/sagavinaestartit.com\/fr\/parc-de-la-pineda-estartit\/","og_site_name":"Sa Gavina Apartaments","article_published_time":"2023-04-18T13:54:34+00:00","article_modified_time":"2025-10-09T11:44:20+00:00","og_image":[{"width":2560,"height":1280,"url":"https:\/\/sagavinaestartit.com\/wp-content\/uploads\/2023\/04\/Parc-la-Pineda-Estartit-scaled.webp","type":"image\/webp"}],"author":"tecnico_alojapro","twitter_card":"summary_large_image","twitter_misc":{"\u00c9crit par":"tecnico_alojapro","Dur\u00e9e de lecture estim\u00e9e":"2 minutes"},"schema":{"@context":"https:\/\/schema.org","@graph":[{"@type":"Article","@id":"https:\/\/sagavinaestartit.com\/fr\/parc-de-la-pineda-estartit\/#article","isPartOf":{"@id":"https:\/\/sagavinaestartit.com\/fr\/parc-de-la-pineda-estartit\/"},"author":{"name":"tecnico_alojapro","@id":"https:\/\/sagavinaestartit.com\/fr\/#\/schema\/person\/72b3f9a420869474351007377bde83c0"},"headline":"D\u00e9couvrez le nouveau Parc de la Pineda \u00e0 l&rsquo;Estartit","datePublished":"2023-04-18T13:54:34+00:00","dateModified":"2025-10-09T11:44:20+00:00","mainEntityOfPage":{"@id":"https:\/\/sagavinaestartit.com\/fr\/parc-de-la-pineda-estartit\/"},"wordCount":363,"publisher":{"@id":"https:\/\/sagavinaestartit.com\/fr\/#organization"},"image":{"@id":"https:\/\/sagavinaestartit.com\/fr\/parc-de-la-pineda-estartit\/#primaryimage"},"thumbnailUrl":"https:\/\/sagavinaestartit.com\/wp-content\/uploads\/2023\/04\/Parc-la-Pineda-Estartit-scaled.webp","keywords":["activit\u00e9s \u00e0 l'Estartit","activit\u00e9s familiales","Costa Brava","lieux d'int\u00e9r\u00eat","sortir en famille","tourisme local."],"articleSection":["Costa Brava","Empord\u00e0","Essentiels","Nouvelles","Que faire avec les enfants"],"inLanguage":"fr-FR"},{"@type":"WebPage","@id":"https:\/\/sagavinaestartit.com\/fr\/parc-de-la-pineda-estartit\/","url":"https:\/\/sagavinaestartit.com\/fr\/parc-de-la-pineda-estartit\/","name":"D\u00e9couvrez le nouveau Parc de la Pineda \u00e0 l'Estartit | Sa Gavina Apartaments","isPartOf":{"@id":"https:\/\/sagavinaestartit.com\/fr\/#website"},"primaryImageOfPage":{"@id":"https:\/\/sagavinaestartit.com\/fr\/parc-de-la-pineda-estartit\/#primaryimage"},"image":{"@id":"https:\/\/sagavinaestartit.com\/fr\/parc-de-la-pineda-estartit\/#primaryimage"},"thumbnailUrl":"https:\/\/sagavinaestartit.com\/wp-content\/uploads\/2023\/04\/Parc-la-Pineda-Estartit-scaled.webp","datePublished":"2023-04-18T13:54:34+00:00","dateModified":"2025-10-09T11:44:20+00:00","description":"Profitez \u00e0 nouveau Parc de la Pineda \u00e0 L'Estartit ! C'est un endroit id\u00e9al \u00e0 visiter et \u00e0 appr\u00e9cier en famille.","breadcrumb":{"@id":"https:\/\/sagavinaestartit.com\/fr\/parc-de-la-pineda-estartit\/#breadcrumb"},"inLanguage":"fr-FR","potentialAction":[{"@type":"ReadAction","target":["https:\/\/sagavinaestartit.com\/fr\/parc-de-la-pineda-estartit\/"]}]},{"@type":"ImageObject","inLanguage":"fr-FR","@id":"https:\/\/sagavinaestartit.com\/fr\/parc-de-la-pineda-estartit\/#primaryimage","url":"https:\/\/sagavinaestartit.com\/wp-content\/uploads\/2023\/04\/Parc-la-Pineda-Estartit-scaled.webp","contentUrl":"https:\/\/sagavinaestartit.com\/wp-content\/uploads\/2023\/04\/Parc-la-Pineda-Estartit-scaled.webp","width":2560,"height":1280,"caption":"Parc la Pineda Estartit"},{"@type":"BreadcrumbList","@id":"https:\/\/sagavinaestartit.com\/fr\/parc-de-la-pineda-estartit\/#breadcrumb","itemListElement":[{"@type":"ListItem","position":1,"name":"Portada","item":"https:\/\/sagavinaestartit.com\/fr\/home\/"},{"@type":"ListItem","position":2,"name":"D\u00e9couvrez le nouveau Parc de la Pineda \u00e0 l&#8217;Estartit"}]},{"@type":"WebSite","@id":"https:\/\/sagavinaestartit.com\/fr\/#website","url":"https:\/\/sagavinaestartit.com\/fr\/","name":"Sa Gavina Apartaments","description":"Sa Gavina Apartments","publisher":{"@id":"https:\/\/sagavinaestartit.com\/fr\/#organization"},"potentialAction":[{"@type":"SearchAction","target":{"@type":"EntryPoint","urlTemplate":"https:\/\/sagavinaestartit.com\/fr\/?s={search_term_string}"},"query-input":{"@type":"PropertyValueSpecification","valueRequired":true,"valueName":"search_term_string"}}],"inLanguage":"fr-FR"},{"@type":"Organization","@id":"https:\/\/sagavinaestartit.com\/fr\/#organization","name":"Sa Gavina Apartments","url":"https:\/\/sagavinaestartit.com\/fr\/","logo":{"@type":"ImageObject","inLanguage":"fr-FR","@id":"https:\/\/sagavinaestartit.com\/fr\/#\/schema\/logo\/image\/","url":"https:\/\/sagavinaestartit.com\/wp-content\/uploads\/2024\/12\/3-1.png","contentUrl":"https:\/\/sagavinaestartit.com\/wp-content\/uploads\/2024\/12\/3-1.png","width":500,"height":200,"caption":"Sa Gavina Apartments"},"image":{"@id":"https:\/\/sagavinaestartit.com\/fr\/#\/schema\/logo\/image\/"}},{"@type":"Person","@id":"https:\/\/sagavinaestartit.com\/fr\/#\/schema\/person\/72b3f9a420869474351007377bde83c0","name":"tecnico_alojapro","sameAs":["https:\/\/sagavinaestartit.com"]}]}},"_links":{"self":[{"href":"https:\/\/sagavinaestartit.com\/fr\/wp-json\/wp\/v2\/posts\/34897","targetHints":{"allow":["GET"]}}],"collection":[{"href":"https:\/\/sagavinaestartit.com\/fr\/wp-json\/wp\/v2\/posts"}],"about":[{"href":"https:\/\/sagavinaestartit.com\/fr\/wp-json\/wp\/v2\/types\/post"}],"author":[{"embeddable":true,"href":"https:\/\/sagavinaestartit.com\/fr\/wp-json\/wp\/v2\/users\/1"}],"replies":[{"embeddable":true,"href":"https:\/\/sagavinaestartit.com\/fr\/wp-json\/wp\/v2\/comments?post=34897"}],"version-history":[{"count":1,"href":"https:\/\/sagavinaestartit.com\/fr\/wp-json\/wp\/v2\/posts\/34897\/revisions"}],"predecessor-version":[{"id":34900,"href":"https:\/\/sagavinaestartit.com\/fr\/wp-json\/wp\/v2\/posts\/34897\/revisions\/34900"}],"wp:featuredmedia":[{"embeddable":true,"href":"https:\/\/sagavinaestartit.com\/fr\/wp-json\/wp\/v2\/media\/33519"}],"wp:attachment":[{"href":"https:\/\/sagavinaestartit.com\/fr\/wp-json\/wp\/v2\/media?parent=34897"}],"wp:term":[{"taxonomy":"category","embeddable":true,"href":"https:\/\/sagavinaestartit.com\/fr\/wp-json\/wp\/v2\/categories?post=34897"},{"taxonomy":"post_tag","embeddable":true,"href":"https:\/\/sagavinaestartit.com\/fr\/wp-json\/wp\/v2\/tags?post=34897"}],"curies":[{"name":"wp","href":"https:\/\/api.w.org\/{rel}","templated":true}]}}