{"id":32430,"date":"2025-06-30T12:50:20","date_gmt":"2025-06-30T10:50:20","guid":{"rendered":"https:\/\/sagavinaestartit.com\/?p=32430"},"modified":"2025-06-30T12:58:00","modified_gmt":"2025-06-30T10:58:00","slug":"beatles-weekend-estartit","status":"publish","type":"post","link":"https:\/\/sagavinaestartit.com\/fr\/beatles-weekend-estartit\/","title":{"rendered":"Beatles Weekend L\u2019Estartit 2025 : Vivez la magie des Beatles sur la Costa Brava"},"content":{"rendered":"<p><div class=\"fusion-fullwidth fullwidth-box fusion-builder-row-1 fusion-flex-container has-pattern-background has-mask-background nonhundred-percent-fullwidth non-hundred-percent-height-scrolling\" style=\"--awb-border-radius-top-left:0px;--awb-border-radius-top-right:0px;--awb-border-radius-bottom-right:0px;--awb-border-radius-bottom-left:0px;--awb-flex-wrap:wrap;\" ><div class=\"fusion-builder-row fusion-row fusion-flex-align-items-flex-start fusion-flex-content-wrap\" style=\"max-width:1216.8px;margin-left: calc(-4% \/ 2 );margin-right: calc(-4% \/ 2 );\"><div class=\"fusion-layout-column fusion_builder_column fusion-builder-column-0 fusion_builder_column_1_1 1_1 fusion-flex-column\" style=\"--awb-bg-size:cover;--awb-width-large:100%;--awb-margin-top-large:0px;--awb-spacing-right-large:1.92%;--awb-margin-bottom-large:20px;--awb-spacing-left-large:1.92%;--awb-width-medium:100%;--awb-order-medium:0;--awb-spacing-right-medium:1.92%;--awb-spacing-left-medium:1.92%;--awb-width-small:100%;--awb-order-small:0;--awb-spacing-right-small:1.92%;--awb-spacing-left-small:1.92%;\"><div class=\"fusion-column-wrapper fusion-column-has-shadow fusion-flex-justify-content-flex-start fusion-content-layout-column\"><div class=\"fusion-text fusion-text-1\"><p>Du <strong>9 au 13 juillet<\/strong>, ne manquez pas la <strong>19e \u00e9dition (Yellow and Red edition) du Beatles Weekend \u00e0 L\u2019Estartit<\/strong>, un festival incontournable sur la Costa Brava qui attire des fans des Beatles du monde entier. Plongez dans l\u2019univers musical, le rythme et l\u2019esprit des ann\u00e9es 60 !<\/p>\n<h3><strong>Un festival pour les vrais fans des Beatles&#8230; et leurs familles !<\/strong><\/h3>\n<p>Le <strong>Beatles Weekend de L\u2019Estartit<\/strong> est con\u00e7u pour tous les publics, y compris les plus jeunes. Si vous \u00eates fan des Beatles et souhaitez partager votre passion avec vos enfants, cet \u00e9v\u00e9nement est fait pour vous. Pendant cinq jours, ce charmant village de la Costa Brava se transforme en un v\u00e9ritable Liverpool m\u00e9diterran\u00e9en.<\/p>\n<\/div><div class=\"fusion-title title fusion-title-1 fusion-title-text fusion-title-size-two\"><div class=\"title-sep-container title-sep-container-left fusion-no-large-visibility fusion-no-medium-visibility fusion-no-small-visibility\"><div class=\"title-sep sep- sep-solid\" style=\"border-color:var(--awb-color3);\"><\/div><\/div><span class=\"awb-title-spacer fusion-no-large-visibility fusion-no-medium-visibility fusion-no-small-visibility\"><\/span><h2 class=\"fusion-title-heading title-heading-left fusion-responsive-typography-calculated\" style=\"margin:0;--fontSize:26;line-height:var(--awb-typography1-line-height);\"><p class=\"fusion-responsive-typography-calculated\" data-fontsize=\"26\" data-lineheight=\"28.86px\"><strong>Quelles activit\u00e9s propose le Beatles Weekend ?<\/strong><\/p><\/h2><span class=\"awb-title-spacer\"><\/span><div class=\"title-sep-container title-sep-container-right\"><div class=\"title-sep sep- sep-solid\" style=\"border-color:var(--awb-color3);\"><\/div><\/div><\/div><div class=\"fusion-text fusion-text-2\"><p>Le festival offre une grande vari\u00e9t\u00e9 d\u2019\u00e9v\u00e9nements pour tous les go\u00fbts :<\/p>\n<ul>\n<li>Concerts live<\/li>\n<li>Spectacles et one-man-shows<\/li>\n<li>Expositions th\u00e9matiques<\/li>\n<li>Conf\u00e9rences et tables rondes<\/li>\n<li>Activit\u00e9s familiales gratuites<\/li>\n<\/ul>\n<p>Les animations se d\u00e9roulent dans tout le centre de L\u2019Estartit, avec des lieux embl\u00e9matiques comme la Biblioth\u00e8que Municipale et la Place de l\u2019\u00c9glise.<\/p>\n<\/div><div class=\"fusion-title title fusion-title-2 fusion-title-text fusion-title-size-two\"><div class=\"title-sep-container title-sep-container-left fusion-no-large-visibility fusion-no-medium-visibility fusion-no-small-visibility\"><div class=\"title-sep sep- sep-solid\" style=\"border-color:var(--awb-color3);\"><\/div><\/div><span class=\"awb-title-spacer fusion-no-large-visibility fusion-no-medium-visibility fusion-no-small-visibility\"><\/span><h2 class=\"fusion-title-heading title-heading-left fusion-responsive-typography-calculated\" style=\"margin:0;--fontSize:26;line-height:var(--awb-typography1-line-height);\"><h3 class=\"fusion-responsive-typography-calculated\" data-fontsize=\"24\" data-lineheight=\"26.64px\"><strong>O\u00f9 se loger pendant le Beatles Weekend ?<\/strong><\/h3><\/h2><span class=\"awb-title-spacer\"><\/span><div class=\"title-sep-container title-sep-container-right\"><div class=\"title-sep sep- sep-solid\" style=\"border-color:var(--awb-color3);\"><\/div><\/div><\/div><div class=\"fusion-text fusion-text-3\"><p>Si vous n\u2019avez pas encore r\u00e9serv\u00e9 votre h\u00e9bergement pour le Beatles Weekend \u00e0 L\u2019Estartit, <a href=\"https:\/\/sagavinaestartit.com\/fr\/\">nos appartements \u00e0 L\u2019Estartit <\/a>sont une excellente option. Id\u00e9als pour profiter du festival en famille ou entre amis, ils sont situ\u00e9s \u00e0 quelques pas des principales animations.<\/p>\n<\/div><div class=\"fusion-title title fusion-title-3 fusion-title-text fusion-title-size-three\"><div class=\"title-sep-container title-sep-container-left fusion-no-large-visibility fusion-no-medium-visibility fusion-no-small-visibility\"><div class=\"title-sep sep- sep-solid\" style=\"border-color:var(--awb-color3);\"><\/div><\/div><span class=\"awb-title-spacer fusion-no-large-visibility fusion-no-medium-visibility fusion-no-small-visibility\"><\/span><h3 class=\"fusion-title-heading title-heading-left fusion-responsive-typography-calculated\" style=\"margin:0;--fontSize:24;line-height:var(--awb-typography1-line-height);\"><h3 class=\"fusion-responsive-typography-calculated\" data-fontsize=\"24\" data-lineheight=\"26.64px\"><strong>Ne manquez pas le passage pi\u00e9ton fa\u00e7on Abbey Road&#8230; \u00e0 L\u2019Estartit !<\/strong><\/h3><\/h3><span class=\"awb-title-spacer\"><\/span><div class=\"title-sep-container title-sep-container-right\"><div class=\"title-sep sep- sep-solid\" style=\"border-color:var(--awb-color3);\"><\/div><\/div><\/div><div class=\"fusion-text fusion-text-4\"><p>L\u2019un des moments les plus populaires du festival est la photo sur le passage pi\u00e9ton inspir\u00e9 d\u2019Abbey Road, situ\u00e9 <strong>rue Santa Anna.<\/strong> Un classique incontournable pour tous les fans des Beatles !<\/p>\n<p>Retrouvez tous les d\u00e9tails et le programme complet sur le <a href=\"https:\/\/beatlesweekendlestartit.cat\/\">site officiel du festival<\/a><\/p>\n<p>Pr\u00eat \u00e0 vivre un week-end de musique, de nostalgie et de bonne humeur sur la Costa Brava ?<\/p>\n<\/div><div class=\"fusion-title title fusion-title-4 fusion-title-text fusion-title-size-three\"><div class=\"title-sep-container title-sep-container-left fusion-no-large-visibility fusion-no-medium-visibility fusion-no-small-visibility\"><div class=\"title-sep sep- sep-solid\" style=\"border-color:var(--awb-color3);\"><\/div><\/div><span class=\"awb-title-spacer fusion-no-large-visibility fusion-no-medium-visibility fusion-no-small-visibility\"><\/span><h3 class=\"fusion-title-heading title-heading-left fusion-responsive-typography-calculated\" style=\"margin:0;--fontSize:24;line-height:var(--awb-typography1-line-height);\"><h3><strong>Le Beatles Weekend L\u2019Estartit 2025 vous attend. Ne le manquez pas !<\/strong><\/h3><\/h3><span class=\"awb-title-spacer\"><\/span><div class=\"title-sep-container title-sep-container-right\"><div class=\"title-sep sep- sep-solid\" style=\"border-color:var(--awb-color3);\"><\/div><\/div><\/div><div class=\"fusion-text fusion-text-5\"><p>Photo de couverture: <a href=\"https:\/\/www.goodfon.com\/music\/wallpaper-download-1920x1080-the-beatles-paul-mccartney.html\">Goodfon.com<\/a><\/p>\n<\/div><\/div><\/div><\/div><\/div><div class=\"fusion-fullwidth fullwidth-box fusion-builder-row-2 fusion-flex-container has-pattern-background has-mask-background nonhundred-percent-fullwidth non-hundred-percent-height-scrolling\" style=\"--awb-border-radius-top-left:0px;--awb-border-radius-top-right:0px;--awb-border-radius-bottom-right:0px;--awb-border-radius-bottom-left:0px;--awb-flex-wrap:wrap;\" ><div class=\"fusion-builder-row fusion-row fusion-flex-align-items-flex-start fusion-flex-content-wrap\" style=\"max-width:1216.8px;margin-left: calc(-4% \/ 2 );margin-right: calc(-4% \/ 2 );\"><div class=\"fusion-layout-column fusion_builder_column fusion-builder-column-1 fusion_builder_column_1_1 1_1 fusion-flex-column\" style=\"--awb-bg-size:cover;--awb-width-large:100%;--awb-margin-top-large:0px;--awb-spacing-right-large:1.92%;--awb-margin-bottom-large:20px;--awb-spacing-left-large:1.92%;--awb-width-medium:100%;--awb-order-medium:0;--awb-spacing-right-medium:1.92%;--awb-spacing-left-medium:1.92%;--awb-width-small:100%;--awb-order-small:0;--awb-spacing-right-small:1.92%;--awb-spacing-left-small:1.92%;\"><div class=\"fusion-column-wrapper fusion-column-has-shadow fusion-flex-justify-content-flex-start fusion-content-layout-column\"><div class=\"fusion-image-element \" style=\"--awb-caption-title-font-family:var(--h2_typography-font-family);--awb-caption-title-font-weight:var(--h2_typography-font-weight);--awb-caption-title-font-style:var(--h2_typography-font-style);--awb-caption-title-size:var(--h2_typography-font-size);--awb-caption-title-transform:var(--h2_typography-text-transform);--awb-caption-title-line-height:var(--h2_typography-line-height);--awb-caption-title-letter-spacing:var(--h2_typography-letter-spacing);\"><span class=\" fusion-imageframe imageframe-none imageframe-1 hover-type-none\"><a class=\"fusion-no-lightbox\" href=\"https:\/\/beatlesweekendlestartit.cat\/home.html\" target=\"_blank\" aria-label=\"Cartel Beatles Weekend.\" rel=\"noopener noreferrer\"><img decoding=\"async\" width=\"2560\" height=\"1280\" alt=\"Cartel Beatles Weekend\" src=\"https:\/\/sagavinaestartit.com\/wp-content\/uploads\/2025\/06\/Cartel-Beatles-Weekend-scaled.webp\" data-orig-src=\"https:\/\/sagavinaestartit.com\/wp-content\/uploads\/2025\/06\/Cartel-Beatles-Weekend-scaled.webp\" class=\"lazyload img-responsive wp-image-32368\" srcset=\"data:image\/svg+xml,%3Csvg%20xmlns%3D%27http%3A%2F%2Fwww.w3.org%2F2000%2Fsvg%27%20width%3D%272560%27%20height%3D%271280%27%20viewBox%3D%270%200%202560%201280%27%3E%3Crect%20width%3D%272560%27%20height%3D%271280%27%20fill-opacity%3D%220%22%2F%3E%3C%2Fsvg%3E\" data-srcset=\"https:\/\/sagavinaestartit.com\/wp-content\/uploads\/2025\/06\/Cartel-Beatles-Weekend-200x100.webp 200w, https:\/\/sagavinaestartit.com\/wp-content\/uploads\/2025\/06\/Cartel-Beatles-Weekend-400x200.webp 400w, https:\/\/sagavinaestartit.com\/wp-content\/uploads\/2025\/06\/Cartel-Beatles-Weekend-600x300.webp 600w, https:\/\/sagavinaestartit.com\/wp-content\/uploads\/2025\/06\/Cartel-Beatles-Weekend-800x400.webp 800w, https:\/\/sagavinaestartit.com\/wp-content\/uploads\/2025\/06\/Cartel-Beatles-Weekend-1200x600.webp 1200w, https:\/\/sagavinaestartit.com\/wp-content\/uploads\/2025\/06\/Cartel-Beatles-Weekend-scaled.webp 2560w\" data-sizes=\"auto\" data-orig-sizes=\"(max-width: 1024px) 100vw, (max-width: 640px) 100vw, 1200px\" \/><\/a><\/span><\/div><\/div><\/div><\/div><\/div><\/p>\n","protected":false},"excerpt":{"rendered":"","protected":false},"author":1,"featured_media":32363,"comment_status":"closed","ping_status":"closed","sticky":false,"template":"","format":"standard","meta":{"footnotes":""},"categories":[127,681,682,605],"tags":[720,247,606,275,522,526,237,524,513],"class_list":["post-32430","post","type-post","status-publish","format-standard","has-post-thumbnail","hentry","category-activites-a-lestartit","category-costa-brava-fr","category-emporda-fr","category-que-faire-avec-les-enfants","tag-abbey-road","tag-activites-a-lestartit","tag-activites-familiales","tag-beatles-weekend-fr","tag-concert","tag-costa-brava-fr","tag-expositions","tag-festival","tag-sa-gavina-fr"],"yoast_head":"<!-- This site is optimized with the Yoast SEO plugin v27.1.1 - https:\/\/yoast.com\/product\/yoast-seo-wordpress\/ -->\n<title>Beatles Weekend Estartit 2025 | Sa Gavina Apartaments<\/title>\n<meta name=\"description\" content=\"Beatles Weekend \u00e0 L\u2019Estartit : du 10 au 13 juillet 2025, profitez de concerts, d\u2019activit\u00e9s et d\u2019une ambiance familiale pour les vrais fans des Beatles.\" \/>\n<meta name=\"robots\" content=\"index, follow, max-snippet:-1, max-image-preview:large, max-video-preview:-1\" \/>\n<link rel=\"canonical\" href=\"https:\/\/sagavinaestartit.com\/fr\/beatles-weekend-estartit\/\" \/>\n<meta property=\"og:locale\" content=\"fr_FR\" \/>\n<meta property=\"og:type\" content=\"article\" \/>\n<meta property=\"og:title\" content=\"Beatles Weekend Estartit 2025 | Sa Gavina Apartaments\" \/>\n<meta property=\"og:description\" content=\"Beatles Weekend \u00e0 L\u2019Estartit : du 10 au 13 juillet 2025, profitez de concerts, d\u2019activit\u00e9s et d\u2019une ambiance familiale pour les vrais fans des Beatles.\" \/>\n<meta property=\"og:url\" content=\"https:\/\/sagavinaestartit.com\/fr\/beatles-weekend-estartit\/\" \/>\n<meta property=\"og:site_name\" content=\"Sa Gavina Apartaments\" \/>\n<meta property=\"article:published_time\" content=\"2025-06-30T10:50:20+00:00\" \/>\n<meta property=\"article:modified_time\" content=\"2025-06-30T10:58:00+00:00\" \/>\n<meta property=\"og:image\" content=\"https:\/\/sagavinaestartit.com\/wp-content\/uploads\/2025\/06\/Beatles-Weekend-scaled.webp\" \/>\n\t<meta property=\"og:image:width\" content=\"2560\" \/>\n\t<meta property=\"og:image:height\" content=\"1280\" \/>\n\t<meta property=\"og:image:type\" content=\"image\/webp\" \/>\n<meta name=\"author\" content=\"tecnico_alojapro\" \/>\n<meta name=\"twitter:card\" content=\"summary_large_image\" \/>\n<meta name=\"twitter:label1\" content=\"\u00c9crit par\" \/>\n\t<meta name=\"twitter:data1\" content=\"tecnico_alojapro\" \/>\n\t<meta name=\"twitter:label2\" content=\"Dur\u00e9e de lecture estim\u00e9e\" \/>\n\t<meta name=\"twitter:data2\" content=\"2 minutes\" \/>\n<script type=\"application\/ld+json\" class=\"yoast-schema-graph\">{\"@context\":\"https:\/\/schema.org\",\"@graph\":[{\"@type\":\"Article\",\"@id\":\"https:\/\/sagavinaestartit.com\/fr\/beatles-weekend-estartit\/#article\",\"isPartOf\":{\"@id\":\"https:\/\/sagavinaestartit.com\/fr\/beatles-weekend-estartit\/\"},\"author\":{\"name\":\"tecnico_alojapro\",\"@id\":\"https:\/\/sagavinaestartit.com\/fr\/#\/schema\/person\/72b3f9a420869474351007377bde83c0\"},\"headline\":\"Beatles Weekend L\u2019Estartit 2025 : Vivez la magie des Beatles sur la Costa Brava\",\"datePublished\":\"2025-06-30T10:50:20+00:00\",\"dateModified\":\"2025-06-30T10:58:00+00:00\",\"mainEntityOfPage\":{\"@id\":\"https:\/\/sagavinaestartit.com\/fr\/beatles-weekend-estartit\/\"},\"wordCount\":3824,\"publisher\":{\"@id\":\"https:\/\/sagavinaestartit.com\/fr\/#organization\"},\"image\":{\"@id\":\"https:\/\/sagavinaestartit.com\/fr\/beatles-weekend-estartit\/#primaryimage\"},\"thumbnailUrl\":\"https:\/\/sagavinaestartit.com\/wp-content\/uploads\/2025\/06\/Beatles-Weekend-scaled.webp\",\"keywords\":[\"Abbey Road\",\"activit\u00e9s \u00e0 l'Estartit\",\"activit\u00e9s familiales\",\"beatles weekend\",\"concert\",\"Costa Brava\",\"expositions\",\"festival\",\"Sa gavina\"],\"articleSection\":[\"Activit\u00e9s a l'Estartit\",\"Costa Brava\",\"Empord\u00e0\",\"Que faire avec les enfants\"],\"inLanguage\":\"fr-FR\"},{\"@type\":\"WebPage\",\"@id\":\"https:\/\/sagavinaestartit.com\/fr\/beatles-weekend-estartit\/\",\"url\":\"https:\/\/sagavinaestartit.com\/fr\/beatles-weekend-estartit\/\",\"name\":\"Beatles Weekend Estartit 2025 | Sa Gavina Apartaments\",\"isPartOf\":{\"@id\":\"https:\/\/sagavinaestartit.com\/fr\/#website\"},\"primaryImageOfPage\":{\"@id\":\"https:\/\/sagavinaestartit.com\/fr\/beatles-weekend-estartit\/#primaryimage\"},\"image\":{\"@id\":\"https:\/\/sagavinaestartit.com\/fr\/beatles-weekend-estartit\/#primaryimage\"},\"thumbnailUrl\":\"https:\/\/sagavinaestartit.com\/wp-content\/uploads\/2025\/06\/Beatles-Weekend-scaled.webp\",\"datePublished\":\"2025-06-30T10:50:20+00:00\",\"dateModified\":\"2025-06-30T10:58:00+00:00\",\"description\":\"Beatles Weekend \u00e0 L\u2019Estartit : du 10 au 13 juillet 2025, profitez de concerts, d\u2019activit\u00e9s et d\u2019une ambiance familiale pour les vrais fans des Beatles.\",\"breadcrumb\":{\"@id\":\"https:\/\/sagavinaestartit.com\/fr\/beatles-weekend-estartit\/#breadcrumb\"},\"inLanguage\":\"fr-FR\",\"potentialAction\":[{\"@type\":\"ReadAction\",\"target\":[\"https:\/\/sagavinaestartit.com\/fr\/beatles-weekend-estartit\/\"]}]},{\"@type\":\"ImageObject\",\"inLanguage\":\"fr-FR\",\"@id\":\"https:\/\/sagavinaestartit.com\/fr\/beatles-weekend-estartit\/#primaryimage\",\"url\":\"https:\/\/sagavinaestartit.com\/wp-content\/uploads\/2025\/06\/Beatles-Weekend-scaled.webp\",\"contentUrl\":\"https:\/\/sagavinaestartit.com\/wp-content\/uploads\/2025\/06\/Beatles-Weekend-scaled.webp\",\"width\":2560,\"height\":1280,\"caption\":\"Beatles Weekend\"},{\"@type\":\"BreadcrumbList\",\"@id\":\"https:\/\/sagavinaestartit.com\/fr\/beatles-weekend-estartit\/#breadcrumb\",\"itemListElement\":[{\"@type\":\"ListItem\",\"position\":1,\"name\":\"Portada\",\"item\":\"https:\/\/sagavinaestartit.com\/fr\/home\/\"},{\"@type\":\"ListItem\",\"position\":2,\"name\":\"Beatles Weekend L\u2019Estartit 2025 : Vivez la magie des Beatles sur la Costa Brava\"}]},{\"@type\":\"WebSite\",\"@id\":\"https:\/\/sagavinaestartit.com\/fr\/#website\",\"url\":\"https:\/\/sagavinaestartit.com\/fr\/\",\"name\":\"Sa Gavina Apartaments\",\"description\":\"Sa Gavina Apartments\",\"publisher\":{\"@id\":\"https:\/\/sagavinaestartit.com\/fr\/#organization\"},\"potentialAction\":[{\"@type\":\"SearchAction\",\"target\":{\"@type\":\"EntryPoint\",\"urlTemplate\":\"https:\/\/sagavinaestartit.com\/fr\/?s={search_term_string}\"},\"query-input\":{\"@type\":\"PropertyValueSpecification\",\"valueRequired\":true,\"valueName\":\"search_term_string\"}}],\"inLanguage\":\"fr-FR\"},{\"@type\":\"Organization\",\"@id\":\"https:\/\/sagavinaestartit.com\/fr\/#organization\",\"name\":\"Sa Gavina Apartments\",\"url\":\"https:\/\/sagavinaestartit.com\/fr\/\",\"logo\":{\"@type\":\"ImageObject\",\"inLanguage\":\"fr-FR\",\"@id\":\"https:\/\/sagavinaestartit.com\/fr\/#\/schema\/logo\/image\/\",\"url\":\"https:\/\/sagavinaestartit.com\/wp-content\/uploads\/2024\/12\/3-1.png\",\"contentUrl\":\"https:\/\/sagavinaestartit.com\/wp-content\/uploads\/2024\/12\/3-1.png\",\"width\":500,\"height\":200,\"caption\":\"Sa Gavina Apartments\"},\"image\":{\"@id\":\"https:\/\/sagavinaestartit.com\/fr\/#\/schema\/logo\/image\/\"}},{\"@type\":\"Person\",\"@id\":\"https:\/\/sagavinaestartit.com\/fr\/#\/schema\/person\/72b3f9a420869474351007377bde83c0\",\"name\":\"tecnico_alojapro\",\"sameAs\":[\"https:\/\/sagavinaestartit.com\"]}]}<\/script>\n<!-- \/ Yoast SEO plugin. -->","yoast_head_json":{"title":"Beatles Weekend Estartit 2025 | Sa Gavina Apartaments","description":"Beatles Weekend \u00e0 L\u2019Estartit : du 10 au 13 juillet 2025, profitez de concerts, d\u2019activit\u00e9s et d\u2019une ambiance familiale pour les vrais fans des Beatles.","robots":{"index":"index","follow":"follow","max-snippet":"max-snippet:-1","max-image-preview":"max-image-preview:large","max-video-preview":"max-video-preview:-1"},"canonical":"https:\/\/sagavinaestartit.com\/fr\/beatles-weekend-estartit\/","og_locale":"fr_FR","og_type":"article","og_title":"Beatles Weekend Estartit 2025 | Sa Gavina Apartaments","og_description":"Beatles Weekend \u00e0 L\u2019Estartit : du 10 au 13 juillet 2025, profitez de concerts, d\u2019activit\u00e9s et d\u2019une ambiance familiale pour les vrais fans des Beatles.","og_url":"https:\/\/sagavinaestartit.com\/fr\/beatles-weekend-estartit\/","og_site_name":"Sa Gavina Apartaments","article_published_time":"2025-06-30T10:50:20+00:00","article_modified_time":"2025-06-30T10:58:00+00:00","og_image":[{"width":2560,"height":1280,"url":"https:\/\/sagavinaestartit.com\/wp-content\/uploads\/2025\/06\/Beatles-Weekend-scaled.webp","type":"image\/webp"}],"author":"tecnico_alojapro","twitter_card":"summary_large_image","twitter_misc":{"\u00c9crit par":"tecnico_alojapro","Dur\u00e9e de lecture estim\u00e9e":"2 minutes"},"schema":{"@context":"https:\/\/schema.org","@graph":[{"@type":"Article","@id":"https:\/\/sagavinaestartit.com\/fr\/beatles-weekend-estartit\/#article","isPartOf":{"@id":"https:\/\/sagavinaestartit.com\/fr\/beatles-weekend-estartit\/"},"author":{"name":"tecnico_alojapro","@id":"https:\/\/sagavinaestartit.com\/fr\/#\/schema\/person\/72b3f9a420869474351007377bde83c0"},"headline":"Beatles Weekend L\u2019Estartit 2025 : Vivez la magie des Beatles sur la Costa Brava","datePublished":"2025-06-30T10:50:20+00:00","dateModified":"2025-06-30T10:58:00+00:00","mainEntityOfPage":{"@id":"https:\/\/sagavinaestartit.com\/fr\/beatles-weekend-estartit\/"},"wordCount":3824,"publisher":{"@id":"https:\/\/sagavinaestartit.com\/fr\/#organization"},"image":{"@id":"https:\/\/sagavinaestartit.com\/fr\/beatles-weekend-estartit\/#primaryimage"},"thumbnailUrl":"https:\/\/sagavinaestartit.com\/wp-content\/uploads\/2025\/06\/Beatles-Weekend-scaled.webp","keywords":["Abbey Road","activit\u00e9s \u00e0 l'Estartit","activit\u00e9s familiales","beatles weekend","concert","Costa Brava","expositions","festival","Sa gavina"],"articleSection":["Activit\u00e9s a l'Estartit","Costa Brava","Empord\u00e0","Que faire avec les enfants"],"inLanguage":"fr-FR"},{"@type":"WebPage","@id":"https:\/\/sagavinaestartit.com\/fr\/beatles-weekend-estartit\/","url":"https:\/\/sagavinaestartit.com\/fr\/beatles-weekend-estartit\/","name":"Beatles Weekend Estartit 2025 | Sa Gavina Apartaments","isPartOf":{"@id":"https:\/\/sagavinaestartit.com\/fr\/#website"},"primaryImageOfPage":{"@id":"https:\/\/sagavinaestartit.com\/fr\/beatles-weekend-estartit\/#primaryimage"},"image":{"@id":"https:\/\/sagavinaestartit.com\/fr\/beatles-weekend-estartit\/#primaryimage"},"thumbnailUrl":"https:\/\/sagavinaestartit.com\/wp-content\/uploads\/2025\/06\/Beatles-Weekend-scaled.webp","datePublished":"2025-06-30T10:50:20+00:00","dateModified":"2025-06-30T10:58:00+00:00","description":"Beatles Weekend \u00e0 L\u2019Estartit : du 10 au 13 juillet 2025, profitez de concerts, d\u2019activit\u00e9s et d\u2019une ambiance familiale pour les vrais fans des Beatles.","breadcrumb":{"@id":"https:\/\/sagavinaestartit.com\/fr\/beatles-weekend-estartit\/#breadcrumb"},"inLanguage":"fr-FR","potentialAction":[{"@type":"ReadAction","target":["https:\/\/sagavinaestartit.com\/fr\/beatles-weekend-estartit\/"]}]},{"@type":"ImageObject","inLanguage":"fr-FR","@id":"https:\/\/sagavinaestartit.com\/fr\/beatles-weekend-estartit\/#primaryimage","url":"https:\/\/sagavinaestartit.com\/wp-content\/uploads\/2025\/06\/Beatles-Weekend-scaled.webp","contentUrl":"https:\/\/sagavinaestartit.com\/wp-content\/uploads\/2025\/06\/Beatles-Weekend-scaled.webp","width":2560,"height":1280,"caption":"Beatles Weekend"},{"@type":"BreadcrumbList","@id":"https:\/\/sagavinaestartit.com\/fr\/beatles-weekend-estartit\/#breadcrumb","itemListElement":[{"@type":"ListItem","position":1,"name":"Portada","item":"https:\/\/sagavinaestartit.com\/fr\/home\/"},{"@type":"ListItem","position":2,"name":"Beatles Weekend L\u2019Estartit 2025 : Vivez la magie des Beatles sur la Costa Brava"}]},{"@type":"WebSite","@id":"https:\/\/sagavinaestartit.com\/fr\/#website","url":"https:\/\/sagavinaestartit.com\/fr\/","name":"Sa Gavina Apartaments","description":"Sa Gavina Apartments","publisher":{"@id":"https:\/\/sagavinaestartit.com\/fr\/#organization"},"potentialAction":[{"@type":"SearchAction","target":{"@type":"EntryPoint","urlTemplate":"https:\/\/sagavinaestartit.com\/fr\/?s={search_term_string}"},"query-input":{"@type":"PropertyValueSpecification","valueRequired":true,"valueName":"search_term_string"}}],"inLanguage":"fr-FR"},{"@type":"Organization","@id":"https:\/\/sagavinaestartit.com\/fr\/#organization","name":"Sa Gavina Apartments","url":"https:\/\/sagavinaestartit.com\/fr\/","logo":{"@type":"ImageObject","inLanguage":"fr-FR","@id":"https:\/\/sagavinaestartit.com\/fr\/#\/schema\/logo\/image\/","url":"https:\/\/sagavinaestartit.com\/wp-content\/uploads\/2024\/12\/3-1.png","contentUrl":"https:\/\/sagavinaestartit.com\/wp-content\/uploads\/2024\/12\/3-1.png","width":500,"height":200,"caption":"Sa Gavina Apartments"},"image":{"@id":"https:\/\/sagavinaestartit.com\/fr\/#\/schema\/logo\/image\/"}},{"@type":"Person","@id":"https:\/\/sagavinaestartit.com\/fr\/#\/schema\/person\/72b3f9a420869474351007377bde83c0","name":"tecnico_alojapro","sameAs":["https:\/\/sagavinaestartit.com"]}]}},"_links":{"self":[{"href":"https:\/\/sagavinaestartit.com\/fr\/wp-json\/wp\/v2\/posts\/32430","targetHints":{"allow":["GET"]}}],"collection":[{"href":"https:\/\/sagavinaestartit.com\/fr\/wp-json\/wp\/v2\/posts"}],"about":[{"href":"https:\/\/sagavinaestartit.com\/fr\/wp-json\/wp\/v2\/types\/post"}],"author":[{"embeddable":true,"href":"https:\/\/sagavinaestartit.com\/fr\/wp-json\/wp\/v2\/users\/1"}],"replies":[{"embeddable":true,"href":"https:\/\/sagavinaestartit.com\/fr\/wp-json\/wp\/v2\/comments?post=32430"}],"version-history":[{"count":0,"href":"https:\/\/sagavinaestartit.com\/fr\/wp-json\/wp\/v2\/posts\/32430\/revisions"}],"wp:featuredmedia":[{"embeddable":true,"href":"https:\/\/sagavinaestartit.com\/fr\/wp-json\/wp\/v2\/media\/32363"}],"wp:attachment":[{"href":"https:\/\/sagavinaestartit.com\/fr\/wp-json\/wp\/v2\/media?parent=32430"}],"wp:term":[{"taxonomy":"category","embeddable":true,"href":"https:\/\/sagavinaestartit.com\/fr\/wp-json\/wp\/v2\/categories?post=32430"},{"taxonomy":"post_tag","embeddable":true,"href":"https:\/\/sagavinaestartit.com\/fr\/wp-json\/wp\/v2\/tags?post=32430"}],"curies":[{"name":"wp","href":"https:\/\/api.w.org\/{rel}","templated":true}]}}