{"id":32321,"date":"2025-07-14T10:24:21","date_gmt":"2025-07-14T08:24:21","guid":{"rendered":"https:\/\/sagavinaestartit.com\/?p=32321"},"modified":"2025-07-14T10:24:21","modified_gmt":"2025-07-14T08:24:21","slug":"chateau-de-montgri-visitez-le-depuis-lestartit","status":"publish","type":"post","link":"https:\/\/sagavinaestartit.com\/fr\/chateau-de-montgri-visitez-le-depuis-lestartit\/","title":{"rendered":"Ch\u00e2teau de Montgr\u00ed : visitez-le depuis l\u2019Estartit"},"content":{"rendered":"<div class=\"fusion-fullwidth fullwidth-box fusion-builder-row-1 fusion-flex-container has-pattern-background has-mask-background nonhundred-percent-fullwidth non-hundred-percent-height-scrolling\" style=\"--awb-border-radius-top-left:0px;--awb-border-radius-top-right:0px;--awb-border-radius-bottom-right:0px;--awb-border-radius-bottom-left:0px;--awb-flex-wrap:wrap;\" ><div class=\"fusion-builder-row fusion-row fusion-flex-align-items-flex-start fusion-flex-content-wrap\" style=\"max-width:1216.8px;margin-left: calc(-4% \/ 2 );margin-right: calc(-4% \/ 2 );\"><div class=\"fusion-layout-column fusion_builder_column fusion-builder-column-0 fusion_builder_column_1_1 1_1 fusion-flex-column\" style=\"--awb-bg-size:cover;--awb-width-large:100%;--awb-margin-top-large:0px;--awb-spacing-right-large:1.92%;--awb-margin-bottom-large:20px;--awb-spacing-left-large:1.92%;--awb-width-medium:100%;--awb-order-medium:0;--awb-spacing-right-medium:1.92%;--awb-spacing-left-medium:1.92%;--awb-width-small:100%;--awb-order-small:0;--awb-spacing-right-small:1.92%;--awb-spacing-left-small:1.92%;\"><div class=\"fusion-column-wrapper fusion-column-has-shadow fusion-flex-justify-content-flex-start fusion-content-layout-column\"><div class=\"fusion-text fusion-text-1\"><p>Le ch\u00e2teau de Montgr\u00ed est situ\u00e9 au sommet du massif du Montgr\u00ed, pr\u00e8s de la commune de Torroella de Montgr\u00ed, dans la province de G\u00e9rone. Il culmine \u00e0 environ 315 m\u00e8tres d\u2019altitude, offrant ainsi des vues panoramiques spectaculaires sur l\u2019Empord\u00e0 et les \u00eeles Medes.<\/p>\n<p>La visite du ch\u00e2teau de Montgr\u00ed est un incontournable si vous s\u00e9journez dans <a href=\"https:\/\/sagavinaestartit.com\/ca\/\">nos appartements \u00e0 l\u2019Estartit.<\/a><br \/>\nDans cet article, nous r\u00e9pondons aux questions les plus fr\u00e9quentes de nos clients.<\/p>\n<\/div><div class=\"fusion-text fusion-text-2\"><h2>Comment se rendre au ch\u00e2teau de Montgr\u00ed depuis l\u2019Estartit ?<\/h2>\n<p>Depuis les appartements <a href=\"https:\/\/sagavinaestartit.com\/ca\/\">Sa Gavina Gaud\u00ed \u00e0 l\u2019Estartit<\/a>, prenez la route en direction de Torroella de Montgr\u00ed, un trajet d\u2019environ 12 minutes en voiture.<\/p>\n<p>Depuis le centre de la ville, un itin\u00e9raire de randonn\u00e9e commence vers le ch\u00e2teau de Montgr\u00ed. L&rsquo;itin\u00e9raire est bien balis\u00e9 avec des marquages \u200b\u200brouges et blancs et passe par un chemin pav\u00e9 de difficult\u00e9 mod\u00e9r\u00e9e. L&rsquo;effort en vaut la peine : la vue depuis le sommet du ch\u00e2teau de Montgr\u00ed est spectaculaire.<\/p>\n<\/div><div class=\"fusion-text fusion-text-3\"><h2><strong>Quand visiter le ch\u00e2teau de Montgr\u00ed ?<\/strong><\/h2>\n<p>Le ch\u00e2teau de Montgr\u00ed fait partie du Parc naturel du Montgr\u00ed, des \u00eeles Medes et du Bas Ter, un espace naturel qui r\u00e9unit mer, montagne et zones humides.<br \/>\nLes meilleures p\u00e9riodes pour le visiter sont :<\/p>\n<ul>\n<li>Printemps et automne : notre recommandation id\u00e9ale pour son climat doux et la clart\u00e9 des vues.<\/li>\n<li>\u00c9t\u00e9 : mieux vaut monter \u00e0 l\u2019aube ou apr\u00e8s 18h pour \u00e9viter les fortes chaleurs.<\/li>\n<li>Hiver : pensez \u00e0 prendre des v\u00eatements chauds, surtout \u00e0 cause du vent au sommet.<\/li>\n<\/ul>\n<\/div><div class=\"fusion-text fusion-text-4\"><h2><strong>Quelle est l\u2019histoire du ch\u00e2teau de Montgr\u00ed ? <\/strong><\/h2>\n<p>La construction du ch\u00e2teau de Montgr\u00ed a commenc\u00e9 en 1294 par ordre du roi Jacques II d\u2019Aragon, dans un contexte de conflit avec les comtes d\u2019Emp\u00faries, une puissante famille qui d\u00e9fiait l\u2019autorit\u00e9 de la Couronne d\u2019Aragon dans la r\u00e9gion.<\/p>\n<p>Le ch\u00e2teau a \u00e9t\u00e9 con\u00e7u comme une base militaire strat\u00e9gique et un symbole de pouvoir pour contr\u00f4ler le territoire de l\u2019Empord\u00e0 et surveiller les comtes. Son style est gothique-militaire, avec une base carr\u00e9e de 31 m\u00e8tres de c\u00f4t\u00e9 et des tours cylindriques aux angles d\u2019environ 15 m\u00e8tres de hauteur. La pierre du massif a \u00e9t\u00e9 utilis\u00e9e pour sa construction, ce qui le fait se fondre visuellement dans le paysage rocheux.<\/p>\n<p>Les travaux se sont arr\u00eat\u00e9s en 1301, probablement parce que le conflit politique s\u2019est calm\u00e9 ou que les co\u00fbts \u00e9taient trop \u00e9lev\u00e9s. Le ch\u00e2teau est rest\u00e9 debout, mais sans int\u00e9rieurs ni d\u00e9fenses compl\u00e8tes. Il n\u2019a jamais \u00e9t\u00e9 utilis\u00e9 comme r\u00e9sidence ni comme forteresse militaire active.<\/p>\n<\/div><div class=\"fusion-text fusion-text-5\"><h2><strong>Y a-t-il des conseils \u00e0 prendre en compte pour visiter le ch\u00e2teau de Montgr\u00ed ?<\/strong><\/h2>\n<p>Avant d\u2019entamer la randonn\u00e9e vers le ch\u00e2teau, prenez en compte les recommandations suivantes :<\/p>\n<ul>\n<li><strong>Acc\u00e8s libre <\/strong>: ouvert toute l\u2019ann\u00e9e, sans horaires ni billet d\u2019entr\u00e9e.<\/li>\n<li><strong>Prenez de l\u2019eau <\/strong>: il n\u2019y a pas de fontaines ni de services sur le chemin.<\/li>\n<li><strong>Chaussures adapt\u00e9es <\/strong>: de pr\u00e9f\u00e9rence de randonn\u00e9e, \u00e0 cause du terrain irr\u00e9gulier.<\/li>\n<li><strong>Protection solaire<\/strong> : pas d\u2019ombre ; portez casquette, lunettes et cr\u00e8me solaire.<\/li>\n<li><strong>Attention avec les enfants <\/strong>: surveillez-les sur les remparts, certaines zones n\u2019ont pas de rambarde.<\/li>\n<li><strong>Chiens autoris\u00e9s :<\/strong> toujours en laisse, pour la s\u00e9curit\u00e9 et le respect de la faune du parc.<\/li>\n<\/ul>\n<\/div><div class=\"fusion-text fusion-text-6\"><h2>O\u00f9 loger pr\u00e8s du ch\u00e2teau de Montgr\u00ed ?<\/h2>\n<p>Si vous n\u2019avez pas encore de logement, nous vous invitons \u00e0 d\u00e9couvrir nos appartements \u00e0 l\u2019Estartit, parfaits pour explorer la Costa Brava, profiter de la mer et vivre une exp\u00e9rience de randonn\u00e9e culturelle au ch\u00e2teau de Montgr\u00ed.<\/p>\n<h3>Pr\u00eats \u00e0 visiter le ch\u00e2teau de Montgr\u00ed ?<\/h3>\n<p>Photo de couverture : <a href=\"https:\/\/www.flickr.com\/photos\/66451146@N08\/\">Josep Pons i Busquet<\/a><\/p>\n<\/div><\/div><\/div><\/div><\/div>\n","protected":false},"excerpt":{"rendered":"","protected":false},"author":1,"featured_media":32311,"comment_status":"closed","ping_status":"closed","sticky":false,"template":"","format":"standard","meta":{"footnotes":""},"categories":[127,681,682,683],"tags":[647,520,678,703,238,685,702,687,701,502,497],"class_list":["post-32321","post","type-post","status-publish","format-standard","has-post-thumbnail","hentry","category-activites-a-lestartit","category-costa-brava-fr","category-emporda-fr","category-excursion-dune-journee","tag-animaux-de-compagnie-estartit","tag-costa-brava","tag-emporda","tag-excursion-dune-journee","tag-lieux-dinteret","tag-lieux-dinteret-points-de-vue-a-lestartit","tag-que-faire","tag-que-faire-a-lestartit","tag-que-faire-a-lestartit-fr","tag-sa-gavina","tag-tourisme-local"],"yoast_head":"<!-- This site is optimized with the Yoast SEO plugin v27.1.1 - https:\/\/yoast.com\/product\/yoast-seo-wordpress\/ -->\n<title>Ch\u00e2teau de Montgr\u00ed : visitez-le depuis l\u2019Estartit | Sa Gavina Apartaments<\/title>\n<meta name=\"description\" content=\"D\u00e9couvrez et visitez le ch\u00e2teau de Montgr\u00ed en 2025 depuis l\u2019Estartit : histoire, itin\u00e9raire et conseils pour visiter le ch\u00e2teau de Montgr\u00ed\" \/>\n<meta name=\"robots\" content=\"index, follow, max-snippet:-1, max-image-preview:large, max-video-preview:-1\" \/>\n<link rel=\"canonical\" href=\"https:\/\/sagavinaestartit.com\/fr\/chateau-de-montgri-visitez-le-depuis-lestartit\/\" \/>\n<meta property=\"og:locale\" content=\"fr_FR\" \/>\n<meta property=\"og:type\" content=\"article\" \/>\n<meta property=\"og:title\" content=\"Ch\u00e2teau de Montgr\u00ed : visitez-le depuis l\u2019Estartit | Sa Gavina Apartaments\" \/>\n<meta property=\"og:description\" content=\"D\u00e9couvrez et visitez le ch\u00e2teau de Montgr\u00ed en 2025 depuis l\u2019Estartit : histoire, itin\u00e9raire et conseils pour visiter le ch\u00e2teau de Montgr\u00ed\" \/>\n<meta property=\"og:url\" content=\"https:\/\/sagavinaestartit.com\/fr\/chateau-de-montgri-visitez-le-depuis-lestartit\/\" \/>\n<meta property=\"og:site_name\" content=\"Sa Gavina Apartaments\" \/>\n<meta property=\"article:published_time\" content=\"2025-07-14T08:24:21+00:00\" \/>\n<meta property=\"og:image\" content=\"https:\/\/sagavinaestartit.com\/wp-content\/uploads\/2025\/06\/castell-de-Montgri-scaled.jpg\" \/>\n\t<meta property=\"og:image:width\" content=\"2560\" \/>\n\t<meta property=\"og:image:height\" content=\"1280\" \/>\n\t<meta property=\"og:image:type\" content=\"image\/jpeg\" \/>\n<meta name=\"author\" content=\"tecnico_alojapro\" \/>\n<meta name=\"twitter:card\" content=\"summary_large_image\" \/>\n<meta name=\"twitter:label1\" content=\"\u00c9crit par\" \/>\n\t<meta name=\"twitter:data1\" content=\"tecnico_alojapro\" \/>\n\t<meta name=\"twitter:label2\" content=\"Dur\u00e9e de lecture estim\u00e9e\" \/>\n\t<meta name=\"twitter:data2\" content=\"11 minutes\" \/>\n<script type=\"application\/ld+json\" class=\"yoast-schema-graph\">{\"@context\":\"https:\/\/schema.org\",\"@graph\":[{\"@type\":\"Article\",\"@id\":\"https:\/\/sagavinaestartit.com\/fr\/chateau-de-montgri-visitez-le-depuis-lestartit\/#article\",\"isPartOf\":{\"@id\":\"https:\/\/sagavinaestartit.com\/fr\/chateau-de-montgri-visitez-le-depuis-lestartit\/\"},\"author\":{\"name\":\"tecnico_alojapro\",\"@id\":\"https:\/\/sagavinaestartit.com\/fr\/#\/schema\/person\/72b3f9a420869474351007377bde83c0\"},\"headline\":\"Ch\u00e2teau de Montgr\u00ed : visitez-le depuis l\u2019Estartit\",\"datePublished\":\"2025-07-14T08:24:21+00:00\",\"mainEntityOfPage\":{\"@id\":\"https:\/\/sagavinaestartit.com\/fr\/chateau-de-montgri-visitez-le-depuis-lestartit\/\"},\"wordCount\":2119,\"publisher\":{\"@id\":\"https:\/\/sagavinaestartit.com\/fr\/#organization\"},\"image\":{\"@id\":\"https:\/\/sagavinaestartit.com\/fr\/chateau-de-montgri-visitez-le-depuis-lestartit\/#primaryimage\"},\"thumbnailUrl\":\"https:\/\/sagavinaestartit.com\/wp-content\/uploads\/2025\/06\/castell-de-Montgri-scaled.jpg\",\"keywords\":[\"animaux de compagnie estartit\",\"Costa Brava\",\"Empord\u00e0\",\"Excursion d'une journ\u00e9e\",\"lieux d'int\u00e9r\u00eat\",\"lieux d'int\u00e9r\u00eat | points de vue \u00e0 l'Estartit\",\"que faire\",\"Que faire \u00e0 l'Estartit\",\"Que faire \u00e0 l'Estartit\",\"Sa gavina\",\"tourisme local.\"],\"articleSection\":[\"Activit\u00e9s a l'Estartit\",\"Costa Brava\",\"Empord\u00e0\",\"Excursion d'une journ\u00e9e\"],\"inLanguage\":\"fr-FR\"},{\"@type\":\"WebPage\",\"@id\":\"https:\/\/sagavinaestartit.com\/fr\/chateau-de-montgri-visitez-le-depuis-lestartit\/\",\"url\":\"https:\/\/sagavinaestartit.com\/fr\/chateau-de-montgri-visitez-le-depuis-lestartit\/\",\"name\":\"Ch\u00e2teau de Montgr\u00ed : visitez-le depuis l\u2019Estartit | Sa Gavina Apartaments\",\"isPartOf\":{\"@id\":\"https:\/\/sagavinaestartit.com\/fr\/#website\"},\"primaryImageOfPage\":{\"@id\":\"https:\/\/sagavinaestartit.com\/fr\/chateau-de-montgri-visitez-le-depuis-lestartit\/#primaryimage\"},\"image\":{\"@id\":\"https:\/\/sagavinaestartit.com\/fr\/chateau-de-montgri-visitez-le-depuis-lestartit\/#primaryimage\"},\"thumbnailUrl\":\"https:\/\/sagavinaestartit.com\/wp-content\/uploads\/2025\/06\/castell-de-Montgri-scaled.jpg\",\"datePublished\":\"2025-07-14T08:24:21+00:00\",\"description\":\"D\u00e9couvrez et visitez le ch\u00e2teau de Montgr\u00ed en 2025 depuis l\u2019Estartit : histoire, itin\u00e9raire et conseils pour visiter le ch\u00e2teau de Montgr\u00ed\",\"breadcrumb\":{\"@id\":\"https:\/\/sagavinaestartit.com\/fr\/chateau-de-montgri-visitez-le-depuis-lestartit\/#breadcrumb\"},\"inLanguage\":\"fr-FR\",\"potentialAction\":[{\"@type\":\"ReadAction\",\"target\":[\"https:\/\/sagavinaestartit.com\/fr\/chateau-de-montgri-visitez-le-depuis-lestartit\/\"]}]},{\"@type\":\"ImageObject\",\"inLanguage\":\"fr-FR\",\"@id\":\"https:\/\/sagavinaestartit.com\/fr\/chateau-de-montgri-visitez-le-depuis-lestartit\/#primaryimage\",\"url\":\"https:\/\/sagavinaestartit.com\/wp-content\/uploads\/2025\/06\/castell-de-Montgri-scaled.jpg\",\"contentUrl\":\"https:\/\/sagavinaestartit.com\/wp-content\/uploads\/2025\/06\/castell-de-Montgri-scaled.jpg\",\"width\":2560,\"height\":1280,\"caption\":\"castillo de Montgr\u00ed\"},{\"@type\":\"BreadcrumbList\",\"@id\":\"https:\/\/sagavinaestartit.com\/fr\/chateau-de-montgri-visitez-le-depuis-lestartit\/#breadcrumb\",\"itemListElement\":[{\"@type\":\"ListItem\",\"position\":1,\"name\":\"Portada\",\"item\":\"https:\/\/sagavinaestartit.com\/fr\/home\/\"},{\"@type\":\"ListItem\",\"position\":2,\"name\":\"Ch\u00e2teau de Montgr\u00ed : visitez-le depuis l\u2019Estartit\"}]},{\"@type\":\"WebSite\",\"@id\":\"https:\/\/sagavinaestartit.com\/fr\/#website\",\"url\":\"https:\/\/sagavinaestartit.com\/fr\/\",\"name\":\"Sa Gavina Apartaments\",\"description\":\"Sa Gavina Apartments\",\"publisher\":{\"@id\":\"https:\/\/sagavinaestartit.com\/fr\/#organization\"},\"potentialAction\":[{\"@type\":\"SearchAction\",\"target\":{\"@type\":\"EntryPoint\",\"urlTemplate\":\"https:\/\/sagavinaestartit.com\/fr\/?s={search_term_string}\"},\"query-input\":{\"@type\":\"PropertyValueSpecification\",\"valueRequired\":true,\"valueName\":\"search_term_string\"}}],\"inLanguage\":\"fr-FR\"},{\"@type\":\"Organization\",\"@id\":\"https:\/\/sagavinaestartit.com\/fr\/#organization\",\"name\":\"Sa Gavina Apartments\",\"url\":\"https:\/\/sagavinaestartit.com\/fr\/\",\"logo\":{\"@type\":\"ImageObject\",\"inLanguage\":\"fr-FR\",\"@id\":\"https:\/\/sagavinaestartit.com\/fr\/#\/schema\/logo\/image\/\",\"url\":\"https:\/\/sagavinaestartit.com\/wp-content\/uploads\/2024\/12\/3-1.png\",\"contentUrl\":\"https:\/\/sagavinaestartit.com\/wp-content\/uploads\/2024\/12\/3-1.png\",\"width\":500,\"height\":200,\"caption\":\"Sa Gavina Apartments\"},\"image\":{\"@id\":\"https:\/\/sagavinaestartit.com\/fr\/#\/schema\/logo\/image\/\"}},{\"@type\":\"Person\",\"@id\":\"https:\/\/sagavinaestartit.com\/fr\/#\/schema\/person\/72b3f9a420869474351007377bde83c0\",\"name\":\"tecnico_alojapro\",\"sameAs\":[\"https:\/\/sagavinaestartit.com\"]}]}<\/script>\n<!-- \/ Yoast SEO plugin. -->","yoast_head_json":{"title":"Ch\u00e2teau de Montgr\u00ed : visitez-le depuis l\u2019Estartit | Sa Gavina Apartaments","description":"D\u00e9couvrez et visitez le ch\u00e2teau de Montgr\u00ed en 2025 depuis l\u2019Estartit : histoire, itin\u00e9raire et conseils pour visiter le ch\u00e2teau de Montgr\u00ed","robots":{"index":"index","follow":"follow","max-snippet":"max-snippet:-1","max-image-preview":"max-image-preview:large","max-video-preview":"max-video-preview:-1"},"canonical":"https:\/\/sagavinaestartit.com\/fr\/chateau-de-montgri-visitez-le-depuis-lestartit\/","og_locale":"fr_FR","og_type":"article","og_title":"Ch\u00e2teau de Montgr\u00ed : visitez-le depuis l\u2019Estartit | Sa Gavina Apartaments","og_description":"D\u00e9couvrez et visitez le ch\u00e2teau de Montgr\u00ed en 2025 depuis l\u2019Estartit : histoire, itin\u00e9raire et conseils pour visiter le ch\u00e2teau de Montgr\u00ed","og_url":"https:\/\/sagavinaestartit.com\/fr\/chateau-de-montgri-visitez-le-depuis-lestartit\/","og_site_name":"Sa Gavina Apartaments","article_published_time":"2025-07-14T08:24:21+00:00","og_image":[{"width":2560,"height":1280,"url":"https:\/\/sagavinaestartit.com\/wp-content\/uploads\/2025\/06\/castell-de-Montgri-scaled.jpg","type":"image\/jpeg"}],"author":"tecnico_alojapro","twitter_card":"summary_large_image","twitter_misc":{"\u00c9crit par":"tecnico_alojapro","Dur\u00e9e de lecture estim\u00e9e":"11 minutes"},"schema":{"@context":"https:\/\/schema.org","@graph":[{"@type":"Article","@id":"https:\/\/sagavinaestartit.com\/fr\/chateau-de-montgri-visitez-le-depuis-lestartit\/#article","isPartOf":{"@id":"https:\/\/sagavinaestartit.com\/fr\/chateau-de-montgri-visitez-le-depuis-lestartit\/"},"author":{"name":"tecnico_alojapro","@id":"https:\/\/sagavinaestartit.com\/fr\/#\/schema\/person\/72b3f9a420869474351007377bde83c0"},"headline":"Ch\u00e2teau de Montgr\u00ed : visitez-le depuis l\u2019Estartit","datePublished":"2025-07-14T08:24:21+00:00","mainEntityOfPage":{"@id":"https:\/\/sagavinaestartit.com\/fr\/chateau-de-montgri-visitez-le-depuis-lestartit\/"},"wordCount":2119,"publisher":{"@id":"https:\/\/sagavinaestartit.com\/fr\/#organization"},"image":{"@id":"https:\/\/sagavinaestartit.com\/fr\/chateau-de-montgri-visitez-le-depuis-lestartit\/#primaryimage"},"thumbnailUrl":"https:\/\/sagavinaestartit.com\/wp-content\/uploads\/2025\/06\/castell-de-Montgri-scaled.jpg","keywords":["animaux de compagnie estartit","Costa Brava","Empord\u00e0","Excursion d'une journ\u00e9e","lieux d'int\u00e9r\u00eat","lieux d'int\u00e9r\u00eat | points de vue \u00e0 l'Estartit","que faire","Que faire \u00e0 l'Estartit","Que faire \u00e0 l'Estartit","Sa gavina","tourisme local."],"articleSection":["Activit\u00e9s a l'Estartit","Costa Brava","Empord\u00e0","Excursion d'une journ\u00e9e"],"inLanguage":"fr-FR"},{"@type":"WebPage","@id":"https:\/\/sagavinaestartit.com\/fr\/chateau-de-montgri-visitez-le-depuis-lestartit\/","url":"https:\/\/sagavinaestartit.com\/fr\/chateau-de-montgri-visitez-le-depuis-lestartit\/","name":"Ch\u00e2teau de Montgr\u00ed : visitez-le depuis l\u2019Estartit | Sa Gavina Apartaments","isPartOf":{"@id":"https:\/\/sagavinaestartit.com\/fr\/#website"},"primaryImageOfPage":{"@id":"https:\/\/sagavinaestartit.com\/fr\/chateau-de-montgri-visitez-le-depuis-lestartit\/#primaryimage"},"image":{"@id":"https:\/\/sagavinaestartit.com\/fr\/chateau-de-montgri-visitez-le-depuis-lestartit\/#primaryimage"},"thumbnailUrl":"https:\/\/sagavinaestartit.com\/wp-content\/uploads\/2025\/06\/castell-de-Montgri-scaled.jpg","datePublished":"2025-07-14T08:24:21+00:00","description":"D\u00e9couvrez et visitez le ch\u00e2teau de Montgr\u00ed en 2025 depuis l\u2019Estartit : histoire, itin\u00e9raire et conseils pour visiter le ch\u00e2teau de Montgr\u00ed","breadcrumb":{"@id":"https:\/\/sagavinaestartit.com\/fr\/chateau-de-montgri-visitez-le-depuis-lestartit\/#breadcrumb"},"inLanguage":"fr-FR","potentialAction":[{"@type":"ReadAction","target":["https:\/\/sagavinaestartit.com\/fr\/chateau-de-montgri-visitez-le-depuis-lestartit\/"]}]},{"@type":"ImageObject","inLanguage":"fr-FR","@id":"https:\/\/sagavinaestartit.com\/fr\/chateau-de-montgri-visitez-le-depuis-lestartit\/#primaryimage","url":"https:\/\/sagavinaestartit.com\/wp-content\/uploads\/2025\/06\/castell-de-Montgri-scaled.jpg","contentUrl":"https:\/\/sagavinaestartit.com\/wp-content\/uploads\/2025\/06\/castell-de-Montgri-scaled.jpg","width":2560,"height":1280,"caption":"castillo de Montgr\u00ed"},{"@type":"BreadcrumbList","@id":"https:\/\/sagavinaestartit.com\/fr\/chateau-de-montgri-visitez-le-depuis-lestartit\/#breadcrumb","itemListElement":[{"@type":"ListItem","position":1,"name":"Portada","item":"https:\/\/sagavinaestartit.com\/fr\/home\/"},{"@type":"ListItem","position":2,"name":"Ch\u00e2teau de Montgr\u00ed : visitez-le depuis l\u2019Estartit"}]},{"@type":"WebSite","@id":"https:\/\/sagavinaestartit.com\/fr\/#website","url":"https:\/\/sagavinaestartit.com\/fr\/","name":"Sa Gavina Apartaments","description":"Sa Gavina Apartments","publisher":{"@id":"https:\/\/sagavinaestartit.com\/fr\/#organization"},"potentialAction":[{"@type":"SearchAction","target":{"@type":"EntryPoint","urlTemplate":"https:\/\/sagavinaestartit.com\/fr\/?s={search_term_string}"},"query-input":{"@type":"PropertyValueSpecification","valueRequired":true,"valueName":"search_term_string"}}],"inLanguage":"fr-FR"},{"@type":"Organization","@id":"https:\/\/sagavinaestartit.com\/fr\/#organization","name":"Sa Gavina Apartments","url":"https:\/\/sagavinaestartit.com\/fr\/","logo":{"@type":"ImageObject","inLanguage":"fr-FR","@id":"https:\/\/sagavinaestartit.com\/fr\/#\/schema\/logo\/image\/","url":"https:\/\/sagavinaestartit.com\/wp-content\/uploads\/2024\/12\/3-1.png","contentUrl":"https:\/\/sagavinaestartit.com\/wp-content\/uploads\/2024\/12\/3-1.png","width":500,"height":200,"caption":"Sa Gavina Apartments"},"image":{"@id":"https:\/\/sagavinaestartit.com\/fr\/#\/schema\/logo\/image\/"}},{"@type":"Person","@id":"https:\/\/sagavinaestartit.com\/fr\/#\/schema\/person\/72b3f9a420869474351007377bde83c0","name":"tecnico_alojapro","sameAs":["https:\/\/sagavinaestartit.com"]}]}},"_links":{"self":[{"href":"https:\/\/sagavinaestartit.com\/fr\/wp-json\/wp\/v2\/posts\/32321","targetHints":{"allow":["GET"]}}],"collection":[{"href":"https:\/\/sagavinaestartit.com\/fr\/wp-json\/wp\/v2\/posts"}],"about":[{"href":"https:\/\/sagavinaestartit.com\/fr\/wp-json\/wp\/v2\/types\/post"}],"author":[{"embeddable":true,"href":"https:\/\/sagavinaestartit.com\/fr\/wp-json\/wp\/v2\/users\/1"}],"replies":[{"embeddable":true,"href":"https:\/\/sagavinaestartit.com\/fr\/wp-json\/wp\/v2\/comments?post=32321"}],"version-history":[{"count":0,"href":"https:\/\/sagavinaestartit.com\/fr\/wp-json\/wp\/v2\/posts\/32321\/revisions"}],"wp:featuredmedia":[{"embeddable":true,"href":"https:\/\/sagavinaestartit.com\/fr\/wp-json\/wp\/v2\/media\/32311"}],"wp:attachment":[{"href":"https:\/\/sagavinaestartit.com\/fr\/wp-json\/wp\/v2\/media?parent=32321"}],"wp:term":[{"taxonomy":"category","embeddable":true,"href":"https:\/\/sagavinaestartit.com\/fr\/wp-json\/wp\/v2\/categories?post=32321"},{"taxonomy":"post_tag","embeddable":true,"href":"https:\/\/sagavinaestartit.com\/fr\/wp-json\/wp\/v2\/tags?post=32321"}],"curies":[{"name":"wp","href":"https:\/\/api.w.org\/{rel}","templated":true}]}}