{"id":32015,"date":"2025-05-29T13:48:22","date_gmt":"2025-05-29T11:48:22","guid":{"rendered":"https:\/\/sagavinaestartit.com\/?p=32015"},"modified":"2025-06-19T16:03:14","modified_gmt":"2025-06-19T14:03:14","slug":"tourisme-responsable-dans-les-iles-medes","status":"publish","type":"post","link":"https:\/\/sagavinaestartit.com\/fr\/tourisme-responsable-dans-les-iles-medes\/","title":{"rendered":"Tourisme responsable dans les \u00eeles Medes"},"content":{"rendered":"<p><div class=\"fusion-fullwidth fullwidth-box fusion-builder-row-1 fusion-flex-container has-pattern-background has-mask-background nonhundred-percent-fullwidth non-hundred-percent-height-scrolling\" style=\"--awb-border-radius-top-left:0px;--awb-border-radius-top-right:0px;--awb-border-radius-bottom-right:0px;--awb-border-radius-bottom-left:0px;--awb-flex-wrap:wrap;\" ><div class=\"fusion-builder-row fusion-row fusion-flex-align-items-flex-start fusion-flex-content-wrap\" style=\"max-width:1216.8px;margin-left: calc(-4% \/ 2 );margin-right: calc(-4% \/ 2 );\"><div class=\"fusion-layout-column fusion_builder_column fusion-builder-column-0 fusion_builder_column_1_1 1_1 fusion-flex-column\" style=\"--awb-bg-size:cover;--awb-width-large:100%;--awb-margin-top-large:0px;--awb-spacing-right-large:1.92%;--awb-margin-bottom-large:20px;--awb-spacing-left-large:1.92%;--awb-width-medium:100%;--awb-order-medium:0;--awb-spacing-right-medium:1.92%;--awb-spacing-left-medium:1.92%;--awb-width-small:100%;--awb-order-small:0;--awb-spacing-right-small:1.92%;--awb-spacing-left-small:1.92%;\"><div class=\"fusion-column-wrapper fusion-column-has-shadow fusion-flex-justify-content-flex-start fusion-content-layout-column\"><div class=\"fusion-text fusion-text-1\"><p>Les \u00eeles Medes, situ\u00e9es en face de la c\u00f4te de l\u2019Estartit, sur la Costa Brava, comptent parmi les destinations les plus spectaculaires de la M\u00e9diterran\u00e9e pour la plong\u00e9e sous-marine, le snorkeling et l\u2019\u00e9cotourisme. Cet archipel, int\u00e9gr\u00e9 dans le Parc Naturel du Montgr\u00ed, des \u00celes Medes et du Bas Ter, abrite plus de 500 hectares de zones marines prot\u00e9g\u00e9es et une biodiversit\u00e9 exceptionnelle que nous devons tous pr\u00e9server.<\/p>\n<\/div><div class=\"fusion-text fusion-text-2\"><p><strong>Pourquoi le tourisme responsable est-il important aux \u00celes Medes ?<\/strong><\/p>\n<\/div><div class=\"fusion-text fusion-text-3\"><p>Depuis 2008, la Journ\u00e9e mondiale de l\u2019oc\u00e9an est c\u00e9l\u00e9br\u00e9e chaque 8 juin, une initiative des Nations Unies pour sensibiliser \u00e0 la protection des \u00e9cosyst\u00e8mes marins. Dans ce contexte, adopter un tourisme responsable aux \u00celes Medes est essentiel pour pr\u00e9server cet environnement fragile et assurer sa beaut\u00e9 pour les g\u00e9n\u00e9rations futures.<\/p>\n<\/div><div class=\"fusion-text fusion-text-4\"><p>\ud83c\udf0a <strong>Notez les dates !<\/strong> Du 30 mai au 9 juin, le Costa Brava Bluewave Fest propose une semaine consacr\u00e9e \u00e0 la plong\u00e9e durable et \u00e0 la pr\u00e9servation de la M\u00e9diterran\u00e9e sur la Costa Brava.<\/p>\n<p>Consultez le programme sur Instagram<a href=\"https:\/\/www.instagram.com\/costabravasub\"> @costabravasub<\/a> et sur le site officiel du<a href=\"https:\/\/www.bluewavealliance.org\/costa-brava-blue-fest\"> Costa Brava Blue Fest.<\/a><\/p>\n<\/div><div class=\"fusion-text fusion-text-5\"><p><strong>8 Conseils pour un tourisme durable aux \u00eeles Medes<\/strong><\/p>\n<\/div><ul style=\"--awb-iconcolor:var(--awb-color4);--awb-line-height:23.8px;--awb-icon-width:23.8px;--awb-icon-height:23.8px;--awb-icon-margin:9.8px;--awb-content-margin:33.6px;\" class=\"fusion-checklist fusion-checklist-1 fusion-checklist-default type-icons\"><li class=\"fusion-li-item\" style=\"\"><span class=\"icon-wrapper circle-no\"><i class=\"fusion-li-icon fa-water fas\" aria-hidden=\"true\"><\/i><\/span><div class=\"fusion-li-item-content\">\n<p><strong>La mer commence \u00e0 la maison<\/strong>Ne jetez pas l\u2019huile de cuisson dans l\u2019\u00e9vier. Utilisez les points de collecte appropri\u00e9s, comme ceux mis en place par la Mairie de Torroella de Montgr\u00ed.<a href=\"https:\/\/www.torroella-estartit.cat\/ca\/recollida-doli.html\">Voir les points de collecte.<\/a><\/p>\n<\/div><\/li><li class=\"fusion-li-item\" style=\"\"><span class=\"icon-wrapper circle-no\"><i class=\"fusion-li-icon fa-water fas\" aria-hidden=\"true\"><\/i><\/span><div class=\"fusion-li-item-content\">\n<p><strong>\u00c9vitez les produits jetables <\/strong>: Utilisez une gourde et des sacs en tissu pour limiter votre impact.<\/p>\n<\/div><\/li><li class=\"fusion-li-item\" style=\"\"><span class=\"icon-wrapper circle-no\"><i class=\"fusion-li-icon fa-water fas\" aria-hidden=\"true\"><\/i><\/span><div class=\"fusion-li-item-content\">\n<p><strong>Protection solaire \u00e9cologique <\/strong>: \u00c9vitez les cr\u00e8mes solaires contenant des substances chimiques nocives pour les coraux Optez pour des produits biod\u00e9gradables ou des v\u00eatements de plong\u00e9e.<\/p>\n<\/div><\/li><li class=\"fusion-li-item\" style=\"\"><span class=\"icon-wrapper circle-no\"><i class=\"fusion-li-icon fa-water fas\" aria-hidden=\"true\"><\/i><\/span><div class=\"fusion-li-item-content\">\n<p><strong>Plong\u00e9e responsable : <\/strong>\u00c9vitez de toucher le fond marin, maintenez une bonne flottabilit\u00e9 et respectez les esp\u00e8ces.<\/p>\n<\/div><\/li><li class=\"fusion-li-item\" style=\"\"><span class=\"icon-wrapper circle-no\"><i class=\"fusion-li-icon fa-water fas\" aria-hidden=\"true\"><\/i><\/span><div class=\"fusion-li-item-content\">\n<p><strong>Respectez la plage et la mer :<\/strong> Ramassez toujours vos d\u00e9chets. . Le plastique nuit gravement \u00e0 la faune marine.<\/p>\n<\/div><\/li><li class=\"fusion-li-item\" style=\"\"><span class=\"icon-wrapper circle-no\"><i class=\"fusion-li-icon fa-water fas\" aria-hidden=\"true\"><\/i><\/span><div class=\"fusion-li-item-content\">\n<p><strong>Ne nourrissez pas les animaux marins :<\/strong> Cela perturbe leur r\u00e9gime alimentaire naturel.<\/p>\n<\/div><\/li><li class=\"fusion-li-item\" style=\"\"><span class=\"icon-wrapper circle-no\"><i class=\"fusion-li-icon fa-water fas\" aria-hidden=\"true\"><\/i><\/span><div class=\"fusion-li-item-content\">\n<p><strong>Ne touchez pas les coraux : <\/strong>Ce sont des \u00eatres vivants tr\u00e8s fragiles qui peuvent mourir au moindre contact.<\/p>\n<\/div><\/li><li class=\"fusion-li-item\" style=\"\"><span class=\"icon-wrapper circle-no\"><i class=\"fusion-li-icon fa-water fas\" aria-hidden=\"true\"><\/i><\/span><div class=\"fusion-li-item-content\">\n<p><strong>Utilisez des chaussons aquatiques<\/strong> plut\u00f4t que des palmes : Cela prot\u00e8ge les fonds marins, notamment dans les zones peu profondes.<\/p>\n<\/div><\/li><\/ul><\/div><\/div><\/div><\/div><div class=\"fusion-fullwidth fullwidth-box fusion-builder-row-2 fusion-flex-container has-pattern-background has-mask-background nonhundred-percent-fullwidth non-hundred-percent-height-scrolling\" style=\"--awb-border-radius-top-left:0px;--awb-border-radius-top-right:0px;--awb-border-radius-bottom-right:0px;--awb-border-radius-bottom-left:0px;--awb-flex-wrap:wrap;\" ><div class=\"fusion-builder-row fusion-row fusion-flex-align-items-flex-start fusion-flex-content-wrap\" style=\"max-width:1216.8px;margin-left: calc(-4% \/ 2 );margin-right: calc(-4% \/ 2 );\"><div class=\"fusion-layout-column fusion_builder_column fusion-builder-column-1 fusion_builder_column_1_3 1_3 fusion-flex-column\" style=\"--awb-bg-size:cover;--awb-width-large:33.333333333333%;--awb-margin-top-large:0px;--awb-spacing-right-large:5.76%;--awb-margin-bottom-large:20px;--awb-spacing-left-large:5.76%;--awb-width-medium:100%;--awb-order-medium:0;--awb-spacing-right-medium:1.92%;--awb-spacing-left-medium:1.92%;--awb-width-small:100%;--awb-order-small:0;--awb-spacing-right-small:1.92%;--awb-spacing-left-small:1.92%;\"><div class=\"fusion-column-wrapper fusion-column-has-shadow fusion-flex-justify-content-flex-start fusion-content-layout-column\"><div class=\"fusion-image-element \" style=\"--awb-caption-title-font-family:var(--h2_typography-font-family);--awb-caption-title-font-weight:var(--h2_typography-font-weight);--awb-caption-title-font-style:var(--h2_typography-font-style);--awb-caption-title-size:var(--h2_typography-font-size);--awb-caption-title-transform:var(--h2_typography-text-transform);--awb-caption-title-line-height:var(--h2_typography-line-height);--awb-caption-title-letter-spacing:var(--h2_typography-letter-spacing);\"><span class=\" fusion-imageframe imageframe-none imageframe-1 hover-type-none\"><img decoding=\"async\" width=\"1000\" height=\"1000\" alt=\"Sa gavina Turismo Responsable 2\" title=\"Sa gavina Turismo Responsable 2\" src=\"https:\/\/sagavinaestartit.com\/wp-content\/uploads\/2025\/05\/Sa-gavina-Turismo-Responsable-2.webp\" data-orig-src=\"https:\/\/sagavinaestartit.com\/wp-content\/uploads\/2025\/05\/Sa-gavina-Turismo-Responsable-2.webp\" class=\"lazyload img-responsive wp-image-32442\" srcset=\"data:image\/svg+xml,%3Csvg%20xmlns%3D%27http%3A%2F%2Fwww.w3.org%2F2000%2Fsvg%27%20width%3D%271000%27%20height%3D%271000%27%20viewBox%3D%270%200%201000%201000%27%3E%3Crect%20width%3D%271000%27%20height%3D%271000%27%20fill-opacity%3D%220%22%2F%3E%3C%2Fsvg%3E\" data-srcset=\"https:\/\/sagavinaestartit.com\/wp-content\/uploads\/2025\/05\/Sa-gavina-Turismo-Responsable-2-200x200.webp 200w, https:\/\/sagavinaestartit.com\/wp-content\/uploads\/2025\/05\/Sa-gavina-Turismo-Responsable-2-400x400.webp 400w, https:\/\/sagavinaestartit.com\/wp-content\/uploads\/2025\/05\/Sa-gavina-Turismo-Responsable-2-600x600.webp 600w, https:\/\/sagavinaestartit.com\/wp-content\/uploads\/2025\/05\/Sa-gavina-Turismo-Responsable-2-800x800.webp 800w, https:\/\/sagavinaestartit.com\/wp-content\/uploads\/2025\/05\/Sa-gavina-Turismo-Responsable-2.webp 1000w\" data-sizes=\"auto\" data-orig-sizes=\"(max-width: 1024px) 100vw, (max-width: 640px) 100vw, 400px\" \/><\/span><\/div><\/div><\/div><div class=\"fusion-layout-column fusion_builder_column fusion-builder-column-2 fusion_builder_column_1_3 1_3 fusion-flex-column\" style=\"--awb-bg-size:cover;--awb-width-large:33.333333333333%;--awb-margin-top-large:0px;--awb-spacing-right-large:5.76%;--awb-margin-bottom-large:20px;--awb-spacing-left-large:5.76%;--awb-width-medium:100%;--awb-order-medium:0;--awb-spacing-right-medium:1.92%;--awb-spacing-left-medium:1.92%;--awb-width-small:100%;--awb-order-small:0;--awb-spacing-right-small:1.92%;--awb-spacing-left-small:1.92%;\"><div class=\"fusion-column-wrapper fusion-column-has-shadow fusion-flex-justify-content-flex-start fusion-content-layout-column\"><div class=\"fusion-image-element \" style=\"--awb-caption-title-font-family:var(--h2_typography-font-family);--awb-caption-title-font-weight:var(--h2_typography-font-weight);--awb-caption-title-font-style:var(--h2_typography-font-style);--awb-caption-title-size:var(--h2_typography-font-size);--awb-caption-title-transform:var(--h2_typography-text-transform);--awb-caption-title-line-height:var(--h2_typography-line-height);--awb-caption-title-letter-spacing:var(--h2_typography-letter-spacing);\"><span class=\" fusion-imageframe imageframe-none imageframe-2 hover-type-none\"><img decoding=\"async\" width=\"1000\" height=\"1000\" alt=\"Sa gavina Turismo Responsable 1\" title=\"Sa gavina Turismo Responsable 1\" src=\"https:\/\/sagavinaestartit.com\/wp-content\/uploads\/2025\/05\/Sa-gavina-Turismo-Responsable-1.webp\" data-orig-src=\"https:\/\/sagavinaestartit.com\/wp-content\/uploads\/2025\/05\/Sa-gavina-Turismo-Responsable-1.webp\" class=\"lazyload img-responsive wp-image-32437\" srcset=\"data:image\/svg+xml,%3Csvg%20xmlns%3D%27http%3A%2F%2Fwww.w3.org%2F2000%2Fsvg%27%20width%3D%271000%27%20height%3D%271000%27%20viewBox%3D%270%200%201000%201000%27%3E%3Crect%20width%3D%271000%27%20height%3D%271000%27%20fill-opacity%3D%220%22%2F%3E%3C%2Fsvg%3E\" data-srcset=\"https:\/\/sagavinaestartit.com\/wp-content\/uploads\/2025\/05\/Sa-gavina-Turismo-Responsable-1-200x200.webp 200w, https:\/\/sagavinaestartit.com\/wp-content\/uploads\/2025\/05\/Sa-gavina-Turismo-Responsable-1-400x400.webp 400w, https:\/\/sagavinaestartit.com\/wp-content\/uploads\/2025\/05\/Sa-gavina-Turismo-Responsable-1-600x600.webp 600w, https:\/\/sagavinaestartit.com\/wp-content\/uploads\/2025\/05\/Sa-gavina-Turismo-Responsable-1-800x800.webp 800w, https:\/\/sagavinaestartit.com\/wp-content\/uploads\/2025\/05\/Sa-gavina-Turismo-Responsable-1.webp 1000w\" data-sizes=\"auto\" data-orig-sizes=\"(max-width: 1024px) 100vw, (max-width: 640px) 100vw, 400px\" \/><\/span><\/div><\/div><\/div><div class=\"fusion-layout-column fusion_builder_column fusion-builder-column-3 fusion_builder_column_1_3 1_3 fusion-flex-column\" style=\"--awb-bg-size:cover;--awb-width-large:33.333333333333%;--awb-margin-top-large:0px;--awb-spacing-right-large:5.76%;--awb-margin-bottom-large:20px;--awb-spacing-left-large:5.76%;--awb-width-medium:100%;--awb-order-medium:0;--awb-spacing-right-medium:1.92%;--awb-spacing-left-medium:1.92%;--awb-width-small:100%;--awb-order-small:0;--awb-spacing-right-small:1.92%;--awb-spacing-left-small:1.92%;\"><div class=\"fusion-column-wrapper fusion-column-has-shadow fusion-flex-justify-content-flex-start fusion-content-layout-column\"><div class=\"fusion-image-element \" style=\"--awb-caption-title-font-family:var(--h2_typography-font-family);--awb-caption-title-font-weight:var(--h2_typography-font-weight);--awb-caption-title-font-style:var(--h2_typography-font-style);--awb-caption-title-size:var(--h2_typography-font-size);--awb-caption-title-transform:var(--h2_typography-text-transform);--awb-caption-title-line-height:var(--h2_typography-line-height);--awb-caption-title-letter-spacing:var(--h2_typography-letter-spacing);\"><span class=\" fusion-imageframe imageframe-none imageframe-3 hover-type-none\"><img decoding=\"async\" width=\"1000\" height=\"1000\" alt=\"Sa gavina Turismo Responsable 3\" title=\"Sa gavina Turismo Responsable 3\" src=\"https:\/\/sagavinaestartit.com\/wp-content\/uploads\/2025\/05\/Sa-gavina-Turismo-Responsable-3.webp\" data-orig-src=\"https:\/\/sagavinaestartit.com\/wp-content\/uploads\/2025\/05\/Sa-gavina-Turismo-Responsable-3.webp\" class=\"lazyload img-responsive wp-image-32447\" srcset=\"data:image\/svg+xml,%3Csvg%20xmlns%3D%27http%3A%2F%2Fwww.w3.org%2F2000%2Fsvg%27%20width%3D%271000%27%20height%3D%271000%27%20viewBox%3D%270%200%201000%201000%27%3E%3Crect%20width%3D%271000%27%20height%3D%271000%27%20fill-opacity%3D%220%22%2F%3E%3C%2Fsvg%3E\" data-srcset=\"https:\/\/sagavinaestartit.com\/wp-content\/uploads\/2025\/05\/Sa-gavina-Turismo-Responsable-3-200x200.webp 200w, https:\/\/sagavinaestartit.com\/wp-content\/uploads\/2025\/05\/Sa-gavina-Turismo-Responsable-3-400x400.webp 400w, https:\/\/sagavinaestartit.com\/wp-content\/uploads\/2025\/05\/Sa-gavina-Turismo-Responsable-3-600x600.webp 600w, https:\/\/sagavinaestartit.com\/wp-content\/uploads\/2025\/05\/Sa-gavina-Turismo-Responsable-3-800x800.webp 800w, https:\/\/sagavinaestartit.com\/wp-content\/uploads\/2025\/05\/Sa-gavina-Turismo-Responsable-3.webp 1000w\" data-sizes=\"auto\" data-orig-sizes=\"(max-width: 1024px) 100vw, (max-width: 640px) 100vw, 400px\" \/><\/span><\/div><\/div><\/div><\/div><\/div><div class=\"fusion-fullwidth fullwidth-box fusion-builder-row-3 fusion-flex-container has-pattern-background has-mask-background nonhundred-percent-fullwidth non-hundred-percent-height-scrolling\" style=\"--awb-border-radius-top-left:0px;--awb-border-radius-top-right:0px;--awb-border-radius-bottom-right:0px;--awb-border-radius-bottom-left:0px;--awb-flex-wrap:wrap;\" ><div class=\"fusion-builder-row fusion-row fusion-flex-align-items-flex-start fusion-flex-content-wrap\" style=\"max-width:1216.8px;margin-left: calc(-4% \/ 2 );margin-right: calc(-4% \/ 2 );\"><div class=\"fusion-layout-column fusion_builder_column fusion-builder-column-4 fusion_builder_column_1_1 1_1 fusion-flex-column\" style=\"--awb-bg-size:cover;--awb-width-large:100%;--awb-margin-top-large:0px;--awb-spacing-right-large:1.92%;--awb-margin-bottom-large:20px;--awb-spacing-left-large:1.92%;--awb-width-medium:100%;--awb-order-medium:0;--awb-spacing-right-medium:1.92%;--awb-spacing-left-medium:1.92%;--awb-width-small:100%;--awb-order-small:0;--awb-spacing-right-small:1.92%;--awb-spacing-left-small:1.92%;\"><div class=\"fusion-column-wrapper fusion-column-has-shadow fusion-flex-justify-content-flex-start fusion-content-layout-column\"><div class=\"fusion-text fusion-text-6\"><p>Envie d\u2019un s\u00e9jour confortable pr\u00e8s de la mer ? D\u00e9couvrez les <strong>Appartements Sa Gavina,<\/strong> \u00e0 5 minutes de la plage de l\u2019Estartit. Piscine, toboggan, ascenseur, transats et acc\u00e8s aux animaux de compagnie.<br \/>\n<a href=\"https:\/\/widget4.alojapro.com?from=20\/06\/2025&amp;to=27\/06\/2025&amp;rooms=1&amp;platformId=2&amp;widgetId=2128&amp;roomsCfg=1-2-2-7-5&amp;firstSearch=true&amp;language=es\">R\u00e9servez ici <\/a>et profitez durablement du paradis marin.<\/p>\n<\/div><div class=\"fusion-text fusion-text-7\"><p><strong>Les \u00celes Medes : le paradis de la plong\u00e9e en M\u00e9diterran\u00e9e<\/strong><\/p>\n<\/div><div class=\"fusion-text fusion-text-8\"><p>Les diff\u00e9rentes profondeurs autour des \u00celes Medes offrent des plong\u00e9es adapt\u00e9es \u00e0 tous les niveaux, des d\u00e9butants aux plongeurs exp\u00e9riment\u00e9s. Gr\u00e2ce \u00e0 leur excellent \u00e9tat de conservation, elles sont reconnues comme la meilleure r\u00e9serve marine de la M\u00e9diterran\u00e9e occidentale.<\/p>\n<\/div><div class=\"fusion-text fusion-text-9\"><p><strong>Les \u00celes Medes : le paradis de la plong\u00e9e en M\u00e9diterran\u00e9e<\/strong><\/p>\n<\/div><div class=\"fusion-text fusion-text-10\"><p><strong>Nous aidez-vous \u00e0 pr\u00e9server ce tr\u00e9sor naturel ?<\/strong><\/p>\n<\/div><div class=\"fusion-text fusion-text-11\"><p>Pratiquer un tourisme responsable aux \u00celes Medes am\u00e9liore non seulement votre exp\u00e9rience, mais garantit aussi que ce paradis sous-marin reste un site unique pour les passionn\u00e9s de la mer.<\/p>\n<p><strong>Chaque geste compte : <a href=\"https:\/\/visitestartit.com\/es\/compromesos-amb-la-sostenibilitat\/\">garder les \u00celes Medes propres est la responsabilit\u00e9 de tous.<\/a><\/strong><\/p>\n<\/div><\/div><\/div><\/div><\/div><\/p>\n","protected":false},"excerpt":{"rendered":"","protected":false},"author":1,"featured_media":32452,"comment_status":"closed","ping_status":"closed","sticky":false,"template":"","format":"standard","meta":{"footnotes":""},"categories":[127,130,646],"tags":[647,651,526,652,649,654,650,648,653],"class_list":["post-32015","post","type-post","status-publish","format-standard","has-post-thumbnail","hentry","category-activites-a-lestartit","category-nouvelles","category-tourisme-responsable","tag-animaux-de-compagnie-estartit","tag-conseils","tag-costa-brava-fr","tag-iles-medes","tag-plage-estartit-fr","tag-plongee","tag-plongee-iles-medes","tag-snorkel-costa-brava-fr","tag-tourisme-durable"],"yoast_head":"<!-- This site is optimized with the Yoast SEO plugin v27.1.1 - https:\/\/yoast.com\/product\/yoast-seo-wordpress\/ -->\n<title>Tourisme responsable dans les \u00eeles Medes | Sa Gavina Apartaments<\/title>\n<meta name=\"description\" content=\"Tourisme responsable dans les \u00eeles Medes : \u00e0 l&#039;occasion de la Journ\u00e9e mondiale des oc\u00e9ans : conseils pour un tourisme durable dans les \u00eeles Medes\" \/>\n<meta name=\"robots\" content=\"index, follow, max-snippet:-1, max-image-preview:large, max-video-preview:-1\" \/>\n<link rel=\"canonical\" href=\"https:\/\/sagavinaestartit.com\/fr\/tourisme-responsable-dans-les-iles-medes\/\" \/>\n<meta property=\"og:locale\" content=\"fr_FR\" \/>\n<meta property=\"og:type\" content=\"article\" \/>\n<meta property=\"og:title\" content=\"Tourisme responsable dans les \u00eeles Medes | Sa Gavina Apartaments\" \/>\n<meta property=\"og:description\" content=\"Tourisme responsable dans les \u00eeles Medes : \u00e0 l&#039;occasion de la Journ\u00e9e mondiale des oc\u00e9ans : conseils pour un tourisme durable dans les \u00eeles Medes\" \/>\n<meta property=\"og:url\" content=\"https:\/\/sagavinaestartit.com\/fr\/tourisme-responsable-dans-les-iles-medes\/\" \/>\n<meta property=\"og:site_name\" content=\"Sa Gavina Apartaments\" \/>\n<meta property=\"article:published_time\" content=\"2025-05-29T11:48:22+00:00\" \/>\n<meta property=\"article:modified_time\" content=\"2025-06-19T14:03:14+00:00\" \/>\n<meta property=\"og:image\" content=\"https:\/\/sagavinaestartit.com\/wp-content\/uploads\/2025\/05\/Sa-gavina-Turismo-Responsable-Illes-Medes-scaled.webp\" \/>\n\t<meta property=\"og:image:width\" content=\"2560\" \/>\n\t<meta property=\"og:image:height\" content=\"1280\" \/>\n\t<meta property=\"og:image:type\" content=\"image\/webp\" \/>\n<meta name=\"author\" content=\"tecnico_alojapro\" \/>\n<meta name=\"twitter:card\" content=\"summary_large_image\" \/>\n<meta name=\"twitter:label1\" content=\"\u00c9crit par\" \/>\n\t<meta name=\"twitter:data1\" content=\"tecnico_alojapro\" \/>\n\t<meta name=\"twitter:label2\" content=\"Dur\u00e9e de lecture estim\u00e9e\" \/>\n\t<meta name=\"twitter:data2\" content=\"32 minutes\" \/>\n<script type=\"application\/ld+json\" class=\"yoast-schema-graph\">{\"@context\":\"https:\/\/schema.org\",\"@graph\":[{\"@type\":\"Article\",\"@id\":\"https:\/\/sagavinaestartit.com\/fr\/tourisme-responsable-dans-les-iles-medes\/#article\",\"isPartOf\":{\"@id\":\"https:\/\/sagavinaestartit.com\/fr\/tourisme-responsable-dans-les-iles-medes\/\"},\"author\":{\"name\":\"tecnico_alojapro\",\"@id\":\"https:\/\/sagavinaestartit.com\/fr\/#\/schema\/person\/72b3f9a420869474351007377bde83c0\"},\"headline\":\"Tourisme responsable dans les \u00eeles Medes\",\"datePublished\":\"2025-05-29T11:48:22+00:00\",\"dateModified\":\"2025-06-19T14:03:14+00:00\",\"mainEntityOfPage\":{\"@id\":\"https:\/\/sagavinaestartit.com\/fr\/tourisme-responsable-dans-les-iles-medes\/\"},\"wordCount\":6313,\"publisher\":{\"@id\":\"https:\/\/sagavinaestartit.com\/fr\/#organization\"},\"image\":{\"@id\":\"https:\/\/sagavinaestartit.com\/fr\/tourisme-responsable-dans-les-iles-medes\/#primaryimage\"},\"thumbnailUrl\":\"https:\/\/sagavinaestartit.com\/wp-content\/uploads\/2025\/05\/Sa-gavina-Turismo-Responsable-Illes-Medes-scaled.webp\",\"keywords\":[\"animaux de compagnie estartit\",\"conseils\",\"Costa Brava\",\"\u00eeles Medes\",\"plage estartit\",\"plong\u00e9e\",\"Plong\u00e9e \u00eeles medes\",\"snorkel costa brava\",\"tourisme durable\"],\"articleSection\":[\"Activit\u00e9s a l'Estartit\",\"Nouvelles\",\"Tourisme responsable\"],\"inLanguage\":\"fr-FR\"},{\"@type\":\"WebPage\",\"@id\":\"https:\/\/sagavinaestartit.com\/fr\/tourisme-responsable-dans-les-iles-medes\/\",\"url\":\"https:\/\/sagavinaestartit.com\/fr\/tourisme-responsable-dans-les-iles-medes\/\",\"name\":\"Tourisme responsable dans les \u00eeles Medes | Sa Gavina Apartaments\",\"isPartOf\":{\"@id\":\"https:\/\/sagavinaestartit.com\/fr\/#website\"},\"primaryImageOfPage\":{\"@id\":\"https:\/\/sagavinaestartit.com\/fr\/tourisme-responsable-dans-les-iles-medes\/#primaryimage\"},\"image\":{\"@id\":\"https:\/\/sagavinaestartit.com\/fr\/tourisme-responsable-dans-les-iles-medes\/#primaryimage\"},\"thumbnailUrl\":\"https:\/\/sagavinaestartit.com\/wp-content\/uploads\/2025\/05\/Sa-gavina-Turismo-Responsable-Illes-Medes-scaled.webp\",\"datePublished\":\"2025-05-29T11:48:22+00:00\",\"dateModified\":\"2025-06-19T14:03:14+00:00\",\"description\":\"Tourisme responsable dans les \u00eeles Medes : \u00e0 l'occasion de la Journ\u00e9e mondiale des oc\u00e9ans : conseils pour un tourisme durable dans les \u00eeles Medes\",\"breadcrumb\":{\"@id\":\"https:\/\/sagavinaestartit.com\/fr\/tourisme-responsable-dans-les-iles-medes\/#breadcrumb\"},\"inLanguage\":\"fr-FR\",\"potentialAction\":[{\"@type\":\"ReadAction\",\"target\":[\"https:\/\/sagavinaestartit.com\/fr\/tourisme-responsable-dans-les-iles-medes\/\"]}]},{\"@type\":\"ImageObject\",\"inLanguage\":\"fr-FR\",\"@id\":\"https:\/\/sagavinaestartit.com\/fr\/tourisme-responsable-dans-les-iles-medes\/#primaryimage\",\"url\":\"https:\/\/sagavinaestartit.com\/wp-content\/uploads\/2025\/05\/Sa-gavina-Turismo-Responsable-Illes-Medes-scaled.webp\",\"contentUrl\":\"https:\/\/sagavinaestartit.com\/wp-content\/uploads\/2025\/05\/Sa-gavina-Turismo-Responsable-Illes-Medes-scaled.webp\",\"width\":2560,\"height\":1280,\"caption\":\"Sa gavina Turismo Responsable Illes Medes\"},{\"@type\":\"BreadcrumbList\",\"@id\":\"https:\/\/sagavinaestartit.com\/fr\/tourisme-responsable-dans-les-iles-medes\/#breadcrumb\",\"itemListElement\":[{\"@type\":\"ListItem\",\"position\":1,\"name\":\"Portada\",\"item\":\"https:\/\/sagavinaestartit.com\/fr\/home\/\"},{\"@type\":\"ListItem\",\"position\":2,\"name\":\"Tourisme responsable dans les \u00eeles Medes\"}]},{\"@type\":\"WebSite\",\"@id\":\"https:\/\/sagavinaestartit.com\/fr\/#website\",\"url\":\"https:\/\/sagavinaestartit.com\/fr\/\",\"name\":\"Sa Gavina Apartaments\",\"description\":\"Sa Gavina Apartments\",\"publisher\":{\"@id\":\"https:\/\/sagavinaestartit.com\/fr\/#organization\"},\"potentialAction\":[{\"@type\":\"SearchAction\",\"target\":{\"@type\":\"EntryPoint\",\"urlTemplate\":\"https:\/\/sagavinaestartit.com\/fr\/?s={search_term_string}\"},\"query-input\":{\"@type\":\"PropertyValueSpecification\",\"valueRequired\":true,\"valueName\":\"search_term_string\"}}],\"inLanguage\":\"fr-FR\"},{\"@type\":\"Organization\",\"@id\":\"https:\/\/sagavinaestartit.com\/fr\/#organization\",\"name\":\"Sa Gavina Apartments\",\"url\":\"https:\/\/sagavinaestartit.com\/fr\/\",\"logo\":{\"@type\":\"ImageObject\",\"inLanguage\":\"fr-FR\",\"@id\":\"https:\/\/sagavinaestartit.com\/fr\/#\/schema\/logo\/image\/\",\"url\":\"https:\/\/sagavinaestartit.com\/wp-content\/uploads\/2024\/12\/3-1.png\",\"contentUrl\":\"https:\/\/sagavinaestartit.com\/wp-content\/uploads\/2024\/12\/3-1.png\",\"width\":500,\"height\":200,\"caption\":\"Sa Gavina Apartments\"},\"image\":{\"@id\":\"https:\/\/sagavinaestartit.com\/fr\/#\/schema\/logo\/image\/\"}},{\"@type\":\"Person\",\"@id\":\"https:\/\/sagavinaestartit.com\/fr\/#\/schema\/person\/72b3f9a420869474351007377bde83c0\",\"name\":\"tecnico_alojapro\",\"sameAs\":[\"https:\/\/sagavinaestartit.com\"]}]}<\/script>\n<!-- \/ Yoast SEO plugin. -->","yoast_head_json":{"title":"Tourisme responsable dans les \u00eeles Medes | Sa Gavina Apartaments","description":"Tourisme responsable dans les \u00eeles Medes : \u00e0 l'occasion de la Journ\u00e9e mondiale des oc\u00e9ans : conseils pour un tourisme durable dans les \u00eeles Medes","robots":{"index":"index","follow":"follow","max-snippet":"max-snippet:-1","max-image-preview":"max-image-preview:large","max-video-preview":"max-video-preview:-1"},"canonical":"https:\/\/sagavinaestartit.com\/fr\/tourisme-responsable-dans-les-iles-medes\/","og_locale":"fr_FR","og_type":"article","og_title":"Tourisme responsable dans les \u00eeles Medes | Sa Gavina Apartaments","og_description":"Tourisme responsable dans les \u00eeles Medes : \u00e0 l'occasion de la Journ\u00e9e mondiale des oc\u00e9ans : conseils pour un tourisme durable dans les \u00eeles Medes","og_url":"https:\/\/sagavinaestartit.com\/fr\/tourisme-responsable-dans-les-iles-medes\/","og_site_name":"Sa Gavina Apartaments","article_published_time":"2025-05-29T11:48:22+00:00","article_modified_time":"2025-06-19T14:03:14+00:00","og_image":[{"width":2560,"height":1280,"url":"https:\/\/sagavinaestartit.com\/wp-content\/uploads\/2025\/05\/Sa-gavina-Turismo-Responsable-Illes-Medes-scaled.webp","type":"image\/webp"}],"author":"tecnico_alojapro","twitter_card":"summary_large_image","twitter_misc":{"\u00c9crit par":"tecnico_alojapro","Dur\u00e9e de lecture estim\u00e9e":"32 minutes"},"schema":{"@context":"https:\/\/schema.org","@graph":[{"@type":"Article","@id":"https:\/\/sagavinaestartit.com\/fr\/tourisme-responsable-dans-les-iles-medes\/#article","isPartOf":{"@id":"https:\/\/sagavinaestartit.com\/fr\/tourisme-responsable-dans-les-iles-medes\/"},"author":{"name":"tecnico_alojapro","@id":"https:\/\/sagavinaestartit.com\/fr\/#\/schema\/person\/72b3f9a420869474351007377bde83c0"},"headline":"Tourisme responsable dans les \u00eeles Medes","datePublished":"2025-05-29T11:48:22+00:00","dateModified":"2025-06-19T14:03:14+00:00","mainEntityOfPage":{"@id":"https:\/\/sagavinaestartit.com\/fr\/tourisme-responsable-dans-les-iles-medes\/"},"wordCount":6313,"publisher":{"@id":"https:\/\/sagavinaestartit.com\/fr\/#organization"},"image":{"@id":"https:\/\/sagavinaestartit.com\/fr\/tourisme-responsable-dans-les-iles-medes\/#primaryimage"},"thumbnailUrl":"https:\/\/sagavinaestartit.com\/wp-content\/uploads\/2025\/05\/Sa-gavina-Turismo-Responsable-Illes-Medes-scaled.webp","keywords":["animaux de compagnie estartit","conseils","Costa Brava","\u00eeles Medes","plage estartit","plong\u00e9e","Plong\u00e9e \u00eeles medes","snorkel costa brava","tourisme durable"],"articleSection":["Activit\u00e9s a l'Estartit","Nouvelles","Tourisme responsable"],"inLanguage":"fr-FR"},{"@type":"WebPage","@id":"https:\/\/sagavinaestartit.com\/fr\/tourisme-responsable-dans-les-iles-medes\/","url":"https:\/\/sagavinaestartit.com\/fr\/tourisme-responsable-dans-les-iles-medes\/","name":"Tourisme responsable dans les \u00eeles Medes | Sa Gavina Apartaments","isPartOf":{"@id":"https:\/\/sagavinaestartit.com\/fr\/#website"},"primaryImageOfPage":{"@id":"https:\/\/sagavinaestartit.com\/fr\/tourisme-responsable-dans-les-iles-medes\/#primaryimage"},"image":{"@id":"https:\/\/sagavinaestartit.com\/fr\/tourisme-responsable-dans-les-iles-medes\/#primaryimage"},"thumbnailUrl":"https:\/\/sagavinaestartit.com\/wp-content\/uploads\/2025\/05\/Sa-gavina-Turismo-Responsable-Illes-Medes-scaled.webp","datePublished":"2025-05-29T11:48:22+00:00","dateModified":"2025-06-19T14:03:14+00:00","description":"Tourisme responsable dans les \u00eeles Medes : \u00e0 l'occasion de la Journ\u00e9e mondiale des oc\u00e9ans : conseils pour un tourisme durable dans les \u00eeles Medes","breadcrumb":{"@id":"https:\/\/sagavinaestartit.com\/fr\/tourisme-responsable-dans-les-iles-medes\/#breadcrumb"},"inLanguage":"fr-FR","potentialAction":[{"@type":"ReadAction","target":["https:\/\/sagavinaestartit.com\/fr\/tourisme-responsable-dans-les-iles-medes\/"]}]},{"@type":"ImageObject","inLanguage":"fr-FR","@id":"https:\/\/sagavinaestartit.com\/fr\/tourisme-responsable-dans-les-iles-medes\/#primaryimage","url":"https:\/\/sagavinaestartit.com\/wp-content\/uploads\/2025\/05\/Sa-gavina-Turismo-Responsable-Illes-Medes-scaled.webp","contentUrl":"https:\/\/sagavinaestartit.com\/wp-content\/uploads\/2025\/05\/Sa-gavina-Turismo-Responsable-Illes-Medes-scaled.webp","width":2560,"height":1280,"caption":"Sa gavina Turismo Responsable Illes Medes"},{"@type":"BreadcrumbList","@id":"https:\/\/sagavinaestartit.com\/fr\/tourisme-responsable-dans-les-iles-medes\/#breadcrumb","itemListElement":[{"@type":"ListItem","position":1,"name":"Portada","item":"https:\/\/sagavinaestartit.com\/fr\/home\/"},{"@type":"ListItem","position":2,"name":"Tourisme responsable dans les \u00eeles Medes"}]},{"@type":"WebSite","@id":"https:\/\/sagavinaestartit.com\/fr\/#website","url":"https:\/\/sagavinaestartit.com\/fr\/","name":"Sa Gavina Apartaments","description":"Sa Gavina Apartments","publisher":{"@id":"https:\/\/sagavinaestartit.com\/fr\/#organization"},"potentialAction":[{"@type":"SearchAction","target":{"@type":"EntryPoint","urlTemplate":"https:\/\/sagavinaestartit.com\/fr\/?s={search_term_string}"},"query-input":{"@type":"PropertyValueSpecification","valueRequired":true,"valueName":"search_term_string"}}],"inLanguage":"fr-FR"},{"@type":"Organization","@id":"https:\/\/sagavinaestartit.com\/fr\/#organization","name":"Sa Gavina Apartments","url":"https:\/\/sagavinaestartit.com\/fr\/","logo":{"@type":"ImageObject","inLanguage":"fr-FR","@id":"https:\/\/sagavinaestartit.com\/fr\/#\/schema\/logo\/image\/","url":"https:\/\/sagavinaestartit.com\/wp-content\/uploads\/2024\/12\/3-1.png","contentUrl":"https:\/\/sagavinaestartit.com\/wp-content\/uploads\/2024\/12\/3-1.png","width":500,"height":200,"caption":"Sa Gavina Apartments"},"image":{"@id":"https:\/\/sagavinaestartit.com\/fr\/#\/schema\/logo\/image\/"}},{"@type":"Person","@id":"https:\/\/sagavinaestartit.com\/fr\/#\/schema\/person\/72b3f9a420869474351007377bde83c0","name":"tecnico_alojapro","sameAs":["https:\/\/sagavinaestartit.com"]}]}},"_links":{"self":[{"href":"https:\/\/sagavinaestartit.com\/fr\/wp-json\/wp\/v2\/posts\/32015","targetHints":{"allow":["GET"]}}],"collection":[{"href":"https:\/\/sagavinaestartit.com\/fr\/wp-json\/wp\/v2\/posts"}],"about":[{"href":"https:\/\/sagavinaestartit.com\/fr\/wp-json\/wp\/v2\/types\/post"}],"author":[{"embeddable":true,"href":"https:\/\/sagavinaestartit.com\/fr\/wp-json\/wp\/v2\/users\/1"}],"replies":[{"embeddable":true,"href":"https:\/\/sagavinaestartit.com\/fr\/wp-json\/wp\/v2\/comments?post=32015"}],"version-history":[{"count":0,"href":"https:\/\/sagavinaestartit.com\/fr\/wp-json\/wp\/v2\/posts\/32015\/revisions"}],"wp:featuredmedia":[{"embeddable":true,"href":"https:\/\/sagavinaestartit.com\/fr\/wp-json\/wp\/v2\/media\/32452"}],"wp:attachment":[{"href":"https:\/\/sagavinaestartit.com\/fr\/wp-json\/wp\/v2\/media?parent=32015"}],"wp:term":[{"taxonomy":"category","embeddable":true,"href":"https:\/\/sagavinaestartit.com\/fr\/wp-json\/wp\/v2\/categories?post=32015"},{"taxonomy":"post_tag","embeddable":true,"href":"https:\/\/sagavinaestartit.com\/fr\/wp-json\/wp\/v2\/tags?post=32015"}],"curies":[{"name":"wp","href":"https:\/\/api.w.org\/{rel}","templated":true}]}}