{"id":29330,"date":"2023-05-25T13:16:40","date_gmt":"2023-05-25T11:16:40","guid":{"rendered":"https:\/\/sagavinaestartit.com\/2023\/05\/25\/vive-la-magie-lors-de-la-11eme-edition-de-la-foire-de-la-magie-fimag-a-estartit\/"},"modified":"2023-05-25T13:16:40","modified_gmt":"2023-05-25T11:16:40","slug":"vive-la-magie-lors-de-la-11eme-edition-de-la-foire-de-la-magie-fimag-a-estartit","status":"publish","type":"post","link":"https:\/\/sagavinaestartit.com\/fr\/vive-la-magie-lors-de-la-11eme-edition-de-la-foire-de-la-magie-fimag-a-estartit\/","title":{"rendered":"Vive la magie lors de la 11\u00e8me \u00e9dition de la Foire de la Magie FIMAG \u00e0 Estartit !"},"content":{"rendered":"<p><span style=\"font-weight: 400;\">La 11\u00e8me \u00e9dition de la <a href=\"https:\/\/www.fimag.cat\/programacio\/\"><strong>Foire de la Magie FIMAG<\/strong><\/a> est sur le point d&rsquo;arriver \u00e0 <strong>Torroella de Montgr\u00ed<\/strong>. Depuis les <strong>Apartamentos Sa Gavina Gaud\u00ed<\/strong> d&rsquo;Estartit, nous vous invitons \u00e0 d\u00e9couvrir la magie lors d&rsquo;un \u00e9v\u00e9nement unique. Adapt\u00e9 \u00e0 tous les publics, il est id\u00e9al pour profiter en famille et entre amis.<\/span><\/p>\n<p><span style=\"font-weight: 400;\">Le week-end du 2 au 4 juin, vous attend un week-end rempli de rires et d&rsquo;\u00e9merveillement avec les performances d&rsquo;une grande vari\u00e9t\u00e9 d&rsquo;artistes et de magiciens.<\/span><\/p>\n<h2><b>D\u00e9couvrez les artistes remarquables qui feront partie de cet \u00e9v\u00e9nement unique \u00e0 Estartit<\/b><\/h2>\n<p><span style=\"font-weight: 400;\">D\u00e9couvrez le programme de la foire, qui comprend une grande vari\u00e9t\u00e9 de performances et de spectacles qui auront lieu \u00e0 diff\u00e9rents endroits de Torroella de Montgr\u00ed. Voici quelques-uns des artistes en vedette :<\/span><\/p>\n<h3><b>MAGINN\u00c0RIUM &#8211; Pau Segal\u00e9s <\/b><\/h3>\n<p><span style=\"font-weight: 400;\">Le samedi 3 et le dimanche 4 juin, vous attend <\/span><b>Pau Segal\u00e9s<\/b><span style=\"font-weight: 400;\"> sur la place Ernest Lluch. De <\/span><b>16h30 \u00e0 19h00<\/b><span style=\"font-weight: 400;\">, dans des spectacles d&rsquo;une dur\u00e9e de <\/span><b>30 minutes<\/b><span style=\"font-weight: 400;\">, vous vivrez une exp\u00e9rience <\/span><span style=\"font-weight: 400;\">unique et exceptionnelle en vous plongeant dans un monde magique.<\/span><br \/>\n<span style=\"font-weight: 400;\">Dans <\/span><b>Maginn\u00e0rium<\/b><span style=\"font-weight: 400;\">, une <\/span><b>caravane<\/b><span style=\"font-weight: 400;\"> transform\u00e9e en th\u00e9\u00e2tre pouvant accueillir <\/span><b>16 personnes<\/b><span style=\"font-weight: 400;\">, vous profiterez d&rsquo;un divertissement unique : po\u00e9sie visuelle, magie, musique live et surr\u00e9alisme.<\/span><\/p>\n<h3><b>DESCABELLADO &#8211; Jandro<\/b><\/h3>\n<p><span style=\"font-weight: 400;\">Le dimanche <\/span><b>4 juin<\/b><span style=\"font-weight: 400;\"> \u00e0 <\/span><b>17h30<\/b><span style=\"font-weight: 400;\">, d\u00e9fiez la logique avec Jandro ! Dans Descabellado, vous vivrez un spectacle plein d&rsquo;humour <\/span><b>\u00e0 l&rsquo;Auditorio Espai Ter. <\/b><span style=\"font-weight: 400;\">Rejoignez un voyage magique et comique lors d&rsquo;une performance id\u00e9ale pour profiter en famille, le d\u00e9concertement et les rires sont garantis.<\/span><\/p>\n<h3><b>EL MENTALISTA \u2013 Javier Bot\u00eda<\/b><\/h3>\n<p><span style=\"font-weight: 400;\">Pr\u00e9parez-vous \u00e0 un spectacle fascinant et participatif avec EL MENTALISTA de Javier Bot\u00eda ! Le <\/span><b>samedi 3 et le dimanche 4 juin<\/b><span style=\"font-weight: 400;\">, vous assisterez \u00e0 une performance sp\u00e9ciale \u00e0 l&rsquo;<\/span><b>Auditori La Tina<\/b><span style=\"font-weight: 400;\"> qui m\u00eale stand-up comedy et mentalisme \u00e9tonnant.<\/span><br \/>\n<span style=\"font-weight: 400;\">Horaires :<\/span><\/p>\n<ul>\n<li>Samedi : 11h45, 13h00, 17h30 et 19h30<\/li>\n<li>Dimanche : 11h45, 13h00, 16h30 et 18h30<\/li>\n<\/ul>\n<p>D\u00e9couvrez <a href=\"https:\/\/www.fimag.cat\/programacio\/\">ici<\/a> le programme complet de la foire.<br \/>\n<span style=\"font-weight: 400;\">La Foire de la Magie FIMAG \u00e0 Estartit vous offrira des moments magiques et des exp\u00e9riences inoubliables. N&rsquo;attendez plus et r\u00e9servez vos billets pour plonger dans cet \u00e9v\u00e9nement fascinant ! Profitez de votre s\u00e9jour aux <a href=\"https:\/\/sagavinaestartit.com\/\"><strong>Apartamentos Sa Gavina Gaud\u00ed<\/strong><\/a> d&rsquo;Estartit et laissez-vous emporter par la magie de Torroella de Montgr\u00ed.<\/span><\/p>\n","protected":false},"excerpt":{"rendered":"<p>La 11\u00e8me \u00e9dition de la Foire de la Magie FIMAG est sur le point d&rsquo;arriver \u00e0 Torroella de Montgr\u00ed. Depuis les Apartamentos Sa Gavina Gaud\u00ed d&rsquo;Estartit, nous vous invitons \u00e0 d\u00e9couvrir la magie lors d&rsquo;un \u00e9v\u00e9nement unique. Adapt\u00e9 \u00e0 tous  [&#8230;]<\/p>\n","protected":false},"author":1,"featured_media":27496,"comment_status":"open","ping_status":"open","sticky":false,"template":"","format":"standard","meta":{"footnotes":""},"categories":[130],"tags":[],"class_list":["post-29330","post","type-post","status-publish","format-standard","has-post-thumbnail","hentry","category-nouvelles"],"yoast_head":"<!-- This site is optimized with the Yoast SEO plugin v27.1.1 - https:\/\/yoast.com\/product\/yoast-seo-wordpress\/ -->\n<title>Vive la magie lors de la 11\u00e8me \u00e9dition de la Foire de la Magie FIMAG \u00e0 Estartit ! | Sa Gavina Apartaments<\/title>\n<meta name=\"robots\" content=\"index, follow, max-snippet:-1, max-image-preview:large, max-video-preview:-1\" \/>\n<link rel=\"canonical\" href=\"https:\/\/sagavinaestartit.com\/fr\/vive-la-magie-lors-de-la-11eme-edition-de-la-foire-de-la-magie-fimag-a-estartit\/\" \/>\n<meta property=\"og:locale\" content=\"fr_FR\" \/>\n<meta property=\"og:type\" content=\"article\" \/>\n<meta property=\"og:title\" content=\"Vive la magie lors de la 11\u00e8me \u00e9dition de la Foire de la Magie FIMAG \u00e0 Estartit ! | Sa Gavina Apartaments\" \/>\n<meta property=\"og:description\" content=\"La 11\u00e8me \u00e9dition de la Foire de la Magie FIMAG est sur le point d&rsquo;arriver \u00e0 Torroella de Montgr\u00ed. Depuis les Apartamentos Sa Gavina Gaud\u00ed d&rsquo;Estartit, nous vous invitons \u00e0 d\u00e9couvrir la magie lors d&rsquo;un \u00e9v\u00e9nement unique. Adapt\u00e9 \u00e0 tous [...]\" \/>\n<meta property=\"og:url\" content=\"https:\/\/sagavinaestartit.com\/fr\/vive-la-magie-lors-de-la-11eme-edition-de-la-foire-de-la-magie-fimag-a-estartit\/\" \/>\n<meta property=\"og:site_name\" content=\"Sa Gavina Apartaments\" \/>\n<meta property=\"article:published_time\" content=\"2023-05-25T11:16:40+00:00\" \/>\n<meta property=\"og:image\" content=\"https:\/\/sagavinaestartit.com\/wp-content\/uploads\/2023\/05\/FIMAG.png\" \/>\n\t<meta property=\"og:image:width\" content=\"850\" \/>\n\t<meta property=\"og:image:height\" content=\"550\" \/>\n\t<meta property=\"og:image:type\" content=\"image\/png\" \/>\n<meta name=\"author\" content=\"tecnico_alojapro\" \/>\n<meta name=\"twitter:card\" content=\"summary_large_image\" \/>\n<meta name=\"twitter:label1\" content=\"\u00c9crit par\" \/>\n\t<meta name=\"twitter:data1\" content=\"tecnico_alojapro\" \/>\n\t<meta name=\"twitter:label2\" content=\"Dur\u00e9e de lecture estim\u00e9e\" \/>\n\t<meta name=\"twitter:data2\" content=\"2 minutes\" \/>\n<script type=\"application\/ld+json\" class=\"yoast-schema-graph\">{\"@context\":\"https:\/\/schema.org\",\"@graph\":[{\"@type\":\"Article\",\"@id\":\"https:\/\/sagavinaestartit.com\/fr\/vive-la-magie-lors-de-la-11eme-edition-de-la-foire-de-la-magie-fimag-a-estartit\/#article\",\"isPartOf\":{\"@id\":\"https:\/\/sagavinaestartit.com\/fr\/vive-la-magie-lors-de-la-11eme-edition-de-la-foire-de-la-magie-fimag-a-estartit\/\"},\"author\":{\"name\":\"tecnico_alojapro\",\"@id\":\"https:\/\/sagavinaestartit.com\/fr\/#\/schema\/person\/72b3f9a420869474351007377bde83c0\"},\"headline\":\"Vive la magie lors de la 11\u00e8me \u00e9dition de la Foire de la Magie FIMAG \u00e0 Estartit !\",\"datePublished\":\"2023-05-25T11:16:40+00:00\",\"mainEntityOfPage\":{\"@id\":\"https:\/\/sagavinaestartit.com\/fr\/vive-la-magie-lors-de-la-11eme-edition-de-la-foire-de-la-magie-fimag-a-estartit\/\"},\"wordCount\":393,\"commentCount\":0,\"publisher\":{\"@id\":\"https:\/\/sagavinaestartit.com\/fr\/#organization\"},\"image\":{\"@id\":\"https:\/\/sagavinaestartit.com\/fr\/vive-la-magie-lors-de-la-11eme-edition-de-la-foire-de-la-magie-fimag-a-estartit\/#primaryimage\"},\"thumbnailUrl\":\"https:\/\/sagavinaestartit.com\/wp-content\/uploads\/2023\/05\/FIMAG.png\",\"articleSection\":[\"Nouvelles\"],\"inLanguage\":\"fr-FR\",\"potentialAction\":[{\"@type\":\"CommentAction\",\"name\":\"Comment\",\"target\":[\"https:\/\/sagavinaestartit.com\/fr\/vive-la-magie-lors-de-la-11eme-edition-de-la-foire-de-la-magie-fimag-a-estartit\/#respond\"]}]},{\"@type\":\"WebPage\",\"@id\":\"https:\/\/sagavinaestartit.com\/fr\/vive-la-magie-lors-de-la-11eme-edition-de-la-foire-de-la-magie-fimag-a-estartit\/\",\"url\":\"https:\/\/sagavinaestartit.com\/fr\/vive-la-magie-lors-de-la-11eme-edition-de-la-foire-de-la-magie-fimag-a-estartit\/\",\"name\":\"Vive la magie lors de la 11\u00e8me \u00e9dition de la Foire de la Magie FIMAG \u00e0 Estartit ! | Sa Gavina Apartaments\",\"isPartOf\":{\"@id\":\"https:\/\/sagavinaestartit.com\/fr\/#website\"},\"primaryImageOfPage\":{\"@id\":\"https:\/\/sagavinaestartit.com\/fr\/vive-la-magie-lors-de-la-11eme-edition-de-la-foire-de-la-magie-fimag-a-estartit\/#primaryimage\"},\"image\":{\"@id\":\"https:\/\/sagavinaestartit.com\/fr\/vive-la-magie-lors-de-la-11eme-edition-de-la-foire-de-la-magie-fimag-a-estartit\/#primaryimage\"},\"thumbnailUrl\":\"https:\/\/sagavinaestartit.com\/wp-content\/uploads\/2023\/05\/FIMAG.png\",\"datePublished\":\"2023-05-25T11:16:40+00:00\",\"breadcrumb\":{\"@id\":\"https:\/\/sagavinaestartit.com\/fr\/vive-la-magie-lors-de-la-11eme-edition-de-la-foire-de-la-magie-fimag-a-estartit\/#breadcrumb\"},\"inLanguage\":\"fr-FR\",\"potentialAction\":[{\"@type\":\"ReadAction\",\"target\":[\"https:\/\/sagavinaestartit.com\/fr\/vive-la-magie-lors-de-la-11eme-edition-de-la-foire-de-la-magie-fimag-a-estartit\/\"]}]},{\"@type\":\"ImageObject\",\"inLanguage\":\"fr-FR\",\"@id\":\"https:\/\/sagavinaestartit.com\/fr\/vive-la-magie-lors-de-la-11eme-edition-de-la-foire-de-la-magie-fimag-a-estartit\/#primaryimage\",\"url\":\"https:\/\/sagavinaestartit.com\/wp-content\/uploads\/2023\/05\/FIMAG.png\",\"contentUrl\":\"https:\/\/sagavinaestartit.com\/wp-content\/uploads\/2023\/05\/FIMAG.png\",\"width\":850,\"height\":550},{\"@type\":\"BreadcrumbList\",\"@id\":\"https:\/\/sagavinaestartit.com\/fr\/vive-la-magie-lors-de-la-11eme-edition-de-la-foire-de-la-magie-fimag-a-estartit\/#breadcrumb\",\"itemListElement\":[{\"@type\":\"ListItem\",\"position\":1,\"name\":\"Portada\",\"item\":\"https:\/\/sagavinaestartit.com\/fr\/home\/\"},{\"@type\":\"ListItem\",\"position\":2,\"name\":\"Vive la magie lors de la 11\u00e8me \u00e9dition de la Foire de la Magie FIMAG \u00e0 Estartit !\"}]},{\"@type\":\"WebSite\",\"@id\":\"https:\/\/sagavinaestartit.com\/fr\/#website\",\"url\":\"https:\/\/sagavinaestartit.com\/fr\/\",\"name\":\"Sa Gavina Apartaments\",\"description\":\"Sa Gavina Apartments\",\"publisher\":{\"@id\":\"https:\/\/sagavinaestartit.com\/fr\/#organization\"},\"potentialAction\":[{\"@type\":\"SearchAction\",\"target\":{\"@type\":\"EntryPoint\",\"urlTemplate\":\"https:\/\/sagavinaestartit.com\/fr\/?s={search_term_string}\"},\"query-input\":{\"@type\":\"PropertyValueSpecification\",\"valueRequired\":true,\"valueName\":\"search_term_string\"}}],\"inLanguage\":\"fr-FR\"},{\"@type\":\"Organization\",\"@id\":\"https:\/\/sagavinaestartit.com\/fr\/#organization\",\"name\":\"Sa Gavina Apartments\",\"url\":\"https:\/\/sagavinaestartit.com\/fr\/\",\"logo\":{\"@type\":\"ImageObject\",\"inLanguage\":\"fr-FR\",\"@id\":\"https:\/\/sagavinaestartit.com\/fr\/#\/schema\/logo\/image\/\",\"url\":\"https:\/\/sagavinaestartit.com\/wp-content\/uploads\/2024\/12\/3-1.png\",\"contentUrl\":\"https:\/\/sagavinaestartit.com\/wp-content\/uploads\/2024\/12\/3-1.png\",\"width\":500,\"height\":200,\"caption\":\"Sa Gavina Apartments\"},\"image\":{\"@id\":\"https:\/\/sagavinaestartit.com\/fr\/#\/schema\/logo\/image\/\"}},{\"@type\":\"Person\",\"@id\":\"https:\/\/sagavinaestartit.com\/fr\/#\/schema\/person\/72b3f9a420869474351007377bde83c0\",\"name\":\"tecnico_alojapro\",\"sameAs\":[\"https:\/\/sagavinaestartit.com\"]}]}<\/script>\n<!-- \/ Yoast SEO plugin. -->","yoast_head_json":{"title":"Vive la magie lors de la 11\u00e8me \u00e9dition de la Foire de la Magie FIMAG \u00e0 Estartit ! | Sa Gavina Apartaments","robots":{"index":"index","follow":"follow","max-snippet":"max-snippet:-1","max-image-preview":"max-image-preview:large","max-video-preview":"max-video-preview:-1"},"canonical":"https:\/\/sagavinaestartit.com\/fr\/vive-la-magie-lors-de-la-11eme-edition-de-la-foire-de-la-magie-fimag-a-estartit\/","og_locale":"fr_FR","og_type":"article","og_title":"Vive la magie lors de la 11\u00e8me \u00e9dition de la Foire de la Magie FIMAG \u00e0 Estartit ! | Sa Gavina Apartaments","og_description":"La 11\u00e8me \u00e9dition de la Foire de la Magie FIMAG est sur le point d&rsquo;arriver \u00e0 Torroella de Montgr\u00ed. Depuis les Apartamentos Sa Gavina Gaud\u00ed d&rsquo;Estartit, nous vous invitons \u00e0 d\u00e9couvrir la magie lors d&rsquo;un \u00e9v\u00e9nement unique. Adapt\u00e9 \u00e0 tous [...]","og_url":"https:\/\/sagavinaestartit.com\/fr\/vive-la-magie-lors-de-la-11eme-edition-de-la-foire-de-la-magie-fimag-a-estartit\/","og_site_name":"Sa Gavina Apartaments","article_published_time":"2023-05-25T11:16:40+00:00","og_image":[{"width":850,"height":550,"url":"https:\/\/sagavinaestartit.com\/wp-content\/uploads\/2023\/05\/FIMAG.png","type":"image\/png"}],"author":"tecnico_alojapro","twitter_card":"summary_large_image","twitter_misc":{"\u00c9crit par":"tecnico_alojapro","Dur\u00e9e de lecture estim\u00e9e":"2 minutes"},"schema":{"@context":"https:\/\/schema.org","@graph":[{"@type":"Article","@id":"https:\/\/sagavinaestartit.com\/fr\/vive-la-magie-lors-de-la-11eme-edition-de-la-foire-de-la-magie-fimag-a-estartit\/#article","isPartOf":{"@id":"https:\/\/sagavinaestartit.com\/fr\/vive-la-magie-lors-de-la-11eme-edition-de-la-foire-de-la-magie-fimag-a-estartit\/"},"author":{"name":"tecnico_alojapro","@id":"https:\/\/sagavinaestartit.com\/fr\/#\/schema\/person\/72b3f9a420869474351007377bde83c0"},"headline":"Vive la magie lors de la 11\u00e8me \u00e9dition de la Foire de la Magie FIMAG \u00e0 Estartit !","datePublished":"2023-05-25T11:16:40+00:00","mainEntityOfPage":{"@id":"https:\/\/sagavinaestartit.com\/fr\/vive-la-magie-lors-de-la-11eme-edition-de-la-foire-de-la-magie-fimag-a-estartit\/"},"wordCount":393,"commentCount":0,"publisher":{"@id":"https:\/\/sagavinaestartit.com\/fr\/#organization"},"image":{"@id":"https:\/\/sagavinaestartit.com\/fr\/vive-la-magie-lors-de-la-11eme-edition-de-la-foire-de-la-magie-fimag-a-estartit\/#primaryimage"},"thumbnailUrl":"https:\/\/sagavinaestartit.com\/wp-content\/uploads\/2023\/05\/FIMAG.png","articleSection":["Nouvelles"],"inLanguage":"fr-FR","potentialAction":[{"@type":"CommentAction","name":"Comment","target":["https:\/\/sagavinaestartit.com\/fr\/vive-la-magie-lors-de-la-11eme-edition-de-la-foire-de-la-magie-fimag-a-estartit\/#respond"]}]},{"@type":"WebPage","@id":"https:\/\/sagavinaestartit.com\/fr\/vive-la-magie-lors-de-la-11eme-edition-de-la-foire-de-la-magie-fimag-a-estartit\/","url":"https:\/\/sagavinaestartit.com\/fr\/vive-la-magie-lors-de-la-11eme-edition-de-la-foire-de-la-magie-fimag-a-estartit\/","name":"Vive la magie lors de la 11\u00e8me \u00e9dition de la Foire de la Magie FIMAG \u00e0 Estartit ! | Sa Gavina Apartaments","isPartOf":{"@id":"https:\/\/sagavinaestartit.com\/fr\/#website"},"primaryImageOfPage":{"@id":"https:\/\/sagavinaestartit.com\/fr\/vive-la-magie-lors-de-la-11eme-edition-de-la-foire-de-la-magie-fimag-a-estartit\/#primaryimage"},"image":{"@id":"https:\/\/sagavinaestartit.com\/fr\/vive-la-magie-lors-de-la-11eme-edition-de-la-foire-de-la-magie-fimag-a-estartit\/#primaryimage"},"thumbnailUrl":"https:\/\/sagavinaestartit.com\/wp-content\/uploads\/2023\/05\/FIMAG.png","datePublished":"2023-05-25T11:16:40+00:00","breadcrumb":{"@id":"https:\/\/sagavinaestartit.com\/fr\/vive-la-magie-lors-de-la-11eme-edition-de-la-foire-de-la-magie-fimag-a-estartit\/#breadcrumb"},"inLanguage":"fr-FR","potentialAction":[{"@type":"ReadAction","target":["https:\/\/sagavinaestartit.com\/fr\/vive-la-magie-lors-de-la-11eme-edition-de-la-foire-de-la-magie-fimag-a-estartit\/"]}]},{"@type":"ImageObject","inLanguage":"fr-FR","@id":"https:\/\/sagavinaestartit.com\/fr\/vive-la-magie-lors-de-la-11eme-edition-de-la-foire-de-la-magie-fimag-a-estartit\/#primaryimage","url":"https:\/\/sagavinaestartit.com\/wp-content\/uploads\/2023\/05\/FIMAG.png","contentUrl":"https:\/\/sagavinaestartit.com\/wp-content\/uploads\/2023\/05\/FIMAG.png","width":850,"height":550},{"@type":"BreadcrumbList","@id":"https:\/\/sagavinaestartit.com\/fr\/vive-la-magie-lors-de-la-11eme-edition-de-la-foire-de-la-magie-fimag-a-estartit\/#breadcrumb","itemListElement":[{"@type":"ListItem","position":1,"name":"Portada","item":"https:\/\/sagavinaestartit.com\/fr\/home\/"},{"@type":"ListItem","position":2,"name":"Vive la magie lors de la 11\u00e8me \u00e9dition de la Foire de la Magie FIMAG \u00e0 Estartit !"}]},{"@type":"WebSite","@id":"https:\/\/sagavinaestartit.com\/fr\/#website","url":"https:\/\/sagavinaestartit.com\/fr\/","name":"Sa Gavina Apartaments","description":"Sa Gavina Apartments","publisher":{"@id":"https:\/\/sagavinaestartit.com\/fr\/#organization"},"potentialAction":[{"@type":"SearchAction","target":{"@type":"EntryPoint","urlTemplate":"https:\/\/sagavinaestartit.com\/fr\/?s={search_term_string}"},"query-input":{"@type":"PropertyValueSpecification","valueRequired":true,"valueName":"search_term_string"}}],"inLanguage":"fr-FR"},{"@type":"Organization","@id":"https:\/\/sagavinaestartit.com\/fr\/#organization","name":"Sa Gavina Apartments","url":"https:\/\/sagavinaestartit.com\/fr\/","logo":{"@type":"ImageObject","inLanguage":"fr-FR","@id":"https:\/\/sagavinaestartit.com\/fr\/#\/schema\/logo\/image\/","url":"https:\/\/sagavinaestartit.com\/wp-content\/uploads\/2024\/12\/3-1.png","contentUrl":"https:\/\/sagavinaestartit.com\/wp-content\/uploads\/2024\/12\/3-1.png","width":500,"height":200,"caption":"Sa Gavina Apartments"},"image":{"@id":"https:\/\/sagavinaestartit.com\/fr\/#\/schema\/logo\/image\/"}},{"@type":"Person","@id":"https:\/\/sagavinaestartit.com\/fr\/#\/schema\/person\/72b3f9a420869474351007377bde83c0","name":"tecnico_alojapro","sameAs":["https:\/\/sagavinaestartit.com"]}]}},"_links":{"self":[{"href":"https:\/\/sagavinaestartit.com\/fr\/wp-json\/wp\/v2\/posts\/29330","targetHints":{"allow":["GET"]}}],"collection":[{"href":"https:\/\/sagavinaestartit.com\/fr\/wp-json\/wp\/v2\/posts"}],"about":[{"href":"https:\/\/sagavinaestartit.com\/fr\/wp-json\/wp\/v2\/types\/post"}],"author":[{"embeddable":true,"href":"https:\/\/sagavinaestartit.com\/fr\/wp-json\/wp\/v2\/users\/1"}],"replies":[{"embeddable":true,"href":"https:\/\/sagavinaestartit.com\/fr\/wp-json\/wp\/v2\/comments?post=29330"}],"version-history":[{"count":0,"href":"https:\/\/sagavinaestartit.com\/fr\/wp-json\/wp\/v2\/posts\/29330\/revisions"}],"wp:featuredmedia":[{"embeddable":true,"href":"https:\/\/sagavinaestartit.com\/fr\/wp-json\/wp\/v2\/media\/27496"}],"wp:attachment":[{"href":"https:\/\/sagavinaestartit.com\/fr\/wp-json\/wp\/v2\/media?parent=29330"}],"wp:term":[{"taxonomy":"category","embeddable":true,"href":"https:\/\/sagavinaestartit.com\/fr\/wp-json\/wp\/v2\/categories?post=29330"},{"taxonomy":"post_tag","embeddable":true,"href":"https:\/\/sagavinaestartit.com\/fr\/wp-json\/wp\/v2\/tags?post=29330"}],"curies":[{"name":"wp","href":"https:\/\/api.w.org\/{rel}","templated":true}]}}