{"id":29312,"date":"2022-07-20T15:08:59","date_gmt":"2022-07-20T13:08:59","guid":{"rendered":"https:\/\/sagavinaestartit.com\/2022\/07\/20\/festival-fringe-estartit-de-2022\/"},"modified":"2022-07-20T15:08:59","modified_gmt":"2022-07-20T13:08:59","slug":"festival-fringe-estartit-de-2022","status":"publish","type":"post","link":"https:\/\/sagavinaestartit.com\/fr\/festival-fringe-estartit-de-2022\/","title":{"rendered":"Festival Fringe Estartit de 2022"},"content":{"rendered":"<h2>Une occasion de s&rsquo;amuser \u00e0 Torruella, l&rsquo;Estartit<\/h2>\n<p>Vous r\u00e9fl\u00e9chissez \u00e0 la mani\u00e8re de passer l&rsquo;apr\u00e8s-midi en plein air sur la Costa Brava ? Nous vous proposons un plan qui ne vous d\u00e9cevra pas, vous pouvez passer la journ\u00e9e au festival Fringe du 15 au 20 juillet 2022. O\u00f9 les jeunes musiciens de Torroella de Montgr\u00ed de l&rsquo;Estartit, ont organis\u00e9 le huiti\u00e8me festival \u00e0 Torroella.<\/p>\n<p>Dans le voisinage de nos appartements, vous pouvez donc avoir ce divertissement. Nous avons d\u00e9j\u00e0 v\u00e9cu des exp\u00e9riences tr\u00e8s int\u00e9ressantes, les derniers jours nous avons pu profiter du concert des Miniters de Mastime un groupe de musique dans l&rsquo;interpr\u00e9tation de chansons des si\u00e8cles pass\u00e9s, parmi d&rsquo;autres spectacles tels que \u00ab\u00a0The Delightful Pocket Company\u00a0\u00bb.<\/p>\n<h2>Quels concerts peut-on trouver au Festival Fringe ?<\/h2>\n<p>Vous pourrez voir jusqu&rsquo;\u00e0 15 concerts avec 4 \u00e0 c\u00e9l\u00e9brer avec le soutien de la banque Sabadell et d&rsquo;autres sponsors sur huit sc\u00e8nes diff\u00e9rentes, o\u00f9 la musique contemporaine, classique et le jazz trouveront leur place pour vous offrir une ambiance d\u00e9brid\u00e9e de diff\u00e9rents \u00e2ges et styles.<\/p>\n<p>La soir\u00e9e se poursuivra le mercredi 20 juillet sur la promenade Passeig del Molinet, L&rsquo;Estartit, \u00e0 19 heures avec Vicente L\u00f3pez \u00e0 la guitare et la chanteuse Alba Armengou qui continuera le festival.\u00a0 Avec une s\u00e9lection de chansons programm\u00e9es pour l&rsquo;\u00e9v\u00e9nement que vous pouvez voir en cliquant sur le lien.<\/p>\n<p>Ensuite, Aseel Massoud, chanteuse et Ahmad Dyab \u00e0 la guitare, vous feront d\u00e9couvrir l&rsquo;essence espagnole du flamenco adapt\u00e9e \u00e0 leur culture, arriv\u00e9e \u00e0 Barcelone depuis la Syrie et adapt\u00e9e pour offrir une musique et entreprendre dans ces petits concerts \u00e0 5 minutes des appartements.<\/p>\n<p>Nous \u00e9couterons \u00e9galement Mar Grimalt avec ses chansons sinc\u00e8res comme \u00ab\u00a0A dos pams del nivell de terra\u00a0\u00bb et \u00ab\u00a0Si arrib a ser Vell\u00a0\u00bb parmi d&rsquo;autres chansons intemporelles. Vous pouvez les voir en cliquant sur \u00ab\u00a0Si arrib a ser Vell\u00a0\u00bb de Mar Grimalt.<\/p>\n<div class=\"video-shortcode\"><iframe title=\"Si arrib a ser vell | Miquel Bau\u00e7\u00e0 x Mar Grimalt\" width=\"1170\" height=\"658\" src=\"https:\/\/www.youtube.com\/embed\/W_1v3wVEITE?feature=oembed\" frameborder=\"0\" allow=\"accelerometer; autoplay; clipboard-write; encrypted-media; gyroscope; picture-in-picture; web-share\" referrerpolicy=\"strict-origin-when-cross-origin\" allowfullscreen><\/iframe><\/div>\n<p>&nbsp;<\/p>\n<p>Tout au plus pourrons-nous \u00e9couter plus tard les chansons populaires de la r\u00e9gion telles que : Tango ou Pepito ; pour voir plus d&rsquo;informations sur les chansons populaires, cliquez sur le lien.<\/p>\n<h2>Comment acc\u00e9der au concert\u202f?<\/h2>\n<p>Tous les concerts du 8e Festival Fringe de Torroella de Montgr\u00ed auront une capacit\u00e9 de 70 % de la capacit\u00e9, seront gratuits et n\u00e9cessiteront une inscription avant d&rsquo;entrer dans la salle. Pour les concerts organis\u00e9s \u00e0 l&rsquo;Espai Ter, les billets num\u00e9rot\u00e9s doivent \u00eatre r\u00e9serv\u00e9s \u00e0 l&rsquo;avance sur le site web du festival, www.fringetorroella-estartit.cat.<\/p>\n<p>Pendant l&rsquo;\u00e9t\u00e9, vous aurez de nombreuses occasions de r\u00e9server un appartement, mais seulement quelques-unes o\u00f9 l&rsquo;appartement est parfait. <a href=\"https:\/\/widget3.alojapro.com?from=12\/08\/2022&amp;to=30\/10\/2022&amp;rooms=1&amp;platformId=2&amp;widgetId=2128&amp;roomsCfg=1-2-0&amp;firstSearch=true&amp;roomId=&amp;propertyId=&amp;destinationId=5293&amp;cityAutoComplete=L'Estartit - Girona - (ESPA\u00d1A)&amp;language=fr\">R\u00e9servez<\/a> le v\u00f4tre ! En attendant, vous pouvez consulter d&rsquo;autres <a href=\"https:\/\/www.sagavinaestartit.fr\/activites\/\">activit\u00e9s<\/a> \u00e0 faire \u00e0 l&rsquo;Estartit pendant vos vacances.<\/p>\n","protected":false},"excerpt":{"rendered":"<p>Une occasion de s&rsquo;amuser \u00e0 Torruella, l&rsquo;Estartit Vous r\u00e9fl\u00e9chissez \u00e0 la mani\u00e8re de passer l&rsquo;apr\u00e8s-midi en plein air sur la Costa Brava ? Nous vous proposons un plan qui ne vous d\u00e9cevra pas, vous pouvez passer la journ\u00e9e au festival  [&#8230;]<\/p>\n","protected":false},"author":1,"featured_media":27441,"comment_status":"open","ping_status":"open","sticky":false,"template":"","format":"standard","meta":{"footnotes":""},"categories":[130],"tags":[],"class_list":["post-29312","post","type-post","status-publish","format-standard","has-post-thumbnail","hentry","category-nouvelles"],"yoast_head":"<!-- This site is optimized with the Yoast SEO plugin v27.1.1 - https:\/\/yoast.com\/product\/yoast-seo-wordpress\/ -->\n<title>Festival Fringe Estartit de 2022 | Sa Gavina Apartaments<\/title>\n<meta name=\"robots\" content=\"index, follow, max-snippet:-1, max-image-preview:large, max-video-preview:-1\" \/>\n<link rel=\"canonical\" href=\"https:\/\/sagavinaestartit.com\/fr\/festival-fringe-estartit-de-2022\/\" \/>\n<meta property=\"og:locale\" content=\"fr_FR\" \/>\n<meta property=\"og:type\" content=\"article\" \/>\n<meta property=\"og:title\" content=\"Festival Fringe Estartit de 2022 | Sa Gavina Apartaments\" \/>\n<meta property=\"og:description\" content=\"Une occasion de s&rsquo;amuser \u00e0 Torruella, l&rsquo;Estartit Vous r\u00e9fl\u00e9chissez \u00e0 la mani\u00e8re de passer l&rsquo;apr\u00e8s-midi en plein air sur la Costa Brava ? Nous vous proposons un plan qui ne vous d\u00e9cevra pas, vous pouvez passer la journ\u00e9e au festival [...]\" \/>\n<meta property=\"og:url\" content=\"https:\/\/sagavinaestartit.com\/fr\/festival-fringe-estartit-de-2022\/\" \/>\n<meta property=\"og:site_name\" content=\"Sa Gavina Apartaments\" \/>\n<meta property=\"article:published_time\" content=\"2022-07-20T13:08:59+00:00\" \/>\n<meta property=\"og:image\" content=\"https:\/\/sagavinaestartit.com\/wp-content\/uploads\/2022\/07\/festa-major-de-santa-anna-2022.png\" \/>\n\t<meta property=\"og:image:width\" content=\"850\" \/>\n\t<meta property=\"og:image:height\" content=\"550\" \/>\n\t<meta property=\"og:image:type\" content=\"image\/png\" \/>\n<meta name=\"author\" content=\"tecnico_alojapro\" \/>\n<meta name=\"twitter:card\" content=\"summary_large_image\" \/>\n<meta name=\"twitter:label1\" content=\"\u00c9crit par\" \/>\n\t<meta name=\"twitter:data1\" content=\"tecnico_alojapro\" \/>\n\t<meta name=\"twitter:label2\" content=\"Dur\u00e9e de lecture estim\u00e9e\" \/>\n\t<meta name=\"twitter:data2\" content=\"2 minutes\" \/>\n<script type=\"application\/ld+json\" class=\"yoast-schema-graph\">{\"@context\":\"https:\/\/schema.org\",\"@graph\":[{\"@type\":\"Article\",\"@id\":\"https:\/\/sagavinaestartit.com\/fr\/festival-fringe-estartit-de-2022\/#article\",\"isPartOf\":{\"@id\":\"https:\/\/sagavinaestartit.com\/fr\/festival-fringe-estartit-de-2022\/\"},\"author\":{\"name\":\"tecnico_alojapro\",\"@id\":\"https:\/\/sagavinaestartit.com\/fr\/#\/schema\/person\/72b3f9a420869474351007377bde83c0\"},\"headline\":\"Festival Fringe Estartit de 2022\",\"datePublished\":\"2022-07-20T13:08:59+00:00\",\"mainEntityOfPage\":{\"@id\":\"https:\/\/sagavinaestartit.com\/fr\/festival-fringe-estartit-de-2022\/\"},\"wordCount\":482,\"commentCount\":0,\"publisher\":{\"@id\":\"https:\/\/sagavinaestartit.com\/fr\/#organization\"},\"image\":{\"@id\":\"https:\/\/sagavinaestartit.com\/fr\/festival-fringe-estartit-de-2022\/#primaryimage\"},\"thumbnailUrl\":\"https:\/\/sagavinaestartit.com\/wp-content\/uploads\/2022\/07\/festa-major-de-santa-anna-2022.png\",\"articleSection\":[\"Nouvelles\"],\"inLanguage\":\"fr-FR\",\"potentialAction\":[{\"@type\":\"CommentAction\",\"name\":\"Comment\",\"target\":[\"https:\/\/sagavinaestartit.com\/fr\/festival-fringe-estartit-de-2022\/#respond\"]}]},{\"@type\":\"WebPage\",\"@id\":\"https:\/\/sagavinaestartit.com\/fr\/festival-fringe-estartit-de-2022\/\",\"url\":\"https:\/\/sagavinaestartit.com\/fr\/festival-fringe-estartit-de-2022\/\",\"name\":\"Festival Fringe Estartit de 2022 | Sa Gavina Apartaments\",\"isPartOf\":{\"@id\":\"https:\/\/sagavinaestartit.com\/fr\/#website\"},\"primaryImageOfPage\":{\"@id\":\"https:\/\/sagavinaestartit.com\/fr\/festival-fringe-estartit-de-2022\/#primaryimage\"},\"image\":{\"@id\":\"https:\/\/sagavinaestartit.com\/fr\/festival-fringe-estartit-de-2022\/#primaryimage\"},\"thumbnailUrl\":\"https:\/\/sagavinaestartit.com\/wp-content\/uploads\/2022\/07\/festa-major-de-santa-anna-2022.png\",\"datePublished\":\"2022-07-20T13:08:59+00:00\",\"breadcrumb\":{\"@id\":\"https:\/\/sagavinaestartit.com\/fr\/festival-fringe-estartit-de-2022\/#breadcrumb\"},\"inLanguage\":\"fr-FR\",\"potentialAction\":[{\"@type\":\"ReadAction\",\"target\":[\"https:\/\/sagavinaestartit.com\/fr\/festival-fringe-estartit-de-2022\/\"]}]},{\"@type\":\"ImageObject\",\"inLanguage\":\"fr-FR\",\"@id\":\"https:\/\/sagavinaestartit.com\/fr\/festival-fringe-estartit-de-2022\/#primaryimage\",\"url\":\"https:\/\/sagavinaestartit.com\/wp-content\/uploads\/2022\/07\/festa-major-de-santa-anna-2022.png\",\"contentUrl\":\"https:\/\/sagavinaestartit.com\/wp-content\/uploads\/2022\/07\/festa-major-de-santa-anna-2022.png\",\"width\":850,\"height\":550},{\"@type\":\"BreadcrumbList\",\"@id\":\"https:\/\/sagavinaestartit.com\/fr\/festival-fringe-estartit-de-2022\/#breadcrumb\",\"itemListElement\":[{\"@type\":\"ListItem\",\"position\":1,\"name\":\"Portada\",\"item\":\"https:\/\/sagavinaestartit.com\/fr\/home\/\"},{\"@type\":\"ListItem\",\"position\":2,\"name\":\"Festival Fringe Estartit de 2022\"}]},{\"@type\":\"WebSite\",\"@id\":\"https:\/\/sagavinaestartit.com\/fr\/#website\",\"url\":\"https:\/\/sagavinaestartit.com\/fr\/\",\"name\":\"Sa Gavina Apartaments\",\"description\":\"Sa Gavina Apartments\",\"publisher\":{\"@id\":\"https:\/\/sagavinaestartit.com\/fr\/#organization\"},\"potentialAction\":[{\"@type\":\"SearchAction\",\"target\":{\"@type\":\"EntryPoint\",\"urlTemplate\":\"https:\/\/sagavinaestartit.com\/fr\/?s={search_term_string}\"},\"query-input\":{\"@type\":\"PropertyValueSpecification\",\"valueRequired\":true,\"valueName\":\"search_term_string\"}}],\"inLanguage\":\"fr-FR\"},{\"@type\":\"Organization\",\"@id\":\"https:\/\/sagavinaestartit.com\/fr\/#organization\",\"name\":\"Sa Gavina Apartments\",\"url\":\"https:\/\/sagavinaestartit.com\/fr\/\",\"logo\":{\"@type\":\"ImageObject\",\"inLanguage\":\"fr-FR\",\"@id\":\"https:\/\/sagavinaestartit.com\/fr\/#\/schema\/logo\/image\/\",\"url\":\"https:\/\/sagavinaestartit.com\/wp-content\/uploads\/2024\/12\/3-1.png\",\"contentUrl\":\"https:\/\/sagavinaestartit.com\/wp-content\/uploads\/2024\/12\/3-1.png\",\"width\":500,\"height\":200,\"caption\":\"Sa Gavina Apartments\"},\"image\":{\"@id\":\"https:\/\/sagavinaestartit.com\/fr\/#\/schema\/logo\/image\/\"}},{\"@type\":\"Person\",\"@id\":\"https:\/\/sagavinaestartit.com\/fr\/#\/schema\/person\/72b3f9a420869474351007377bde83c0\",\"name\":\"tecnico_alojapro\",\"sameAs\":[\"https:\/\/sagavinaestartit.com\"]}]}<\/script>\n<!-- \/ Yoast SEO plugin. -->","yoast_head_json":{"title":"Festival Fringe Estartit de 2022 | Sa Gavina Apartaments","robots":{"index":"index","follow":"follow","max-snippet":"max-snippet:-1","max-image-preview":"max-image-preview:large","max-video-preview":"max-video-preview:-1"},"canonical":"https:\/\/sagavinaestartit.com\/fr\/festival-fringe-estartit-de-2022\/","og_locale":"fr_FR","og_type":"article","og_title":"Festival Fringe Estartit de 2022 | Sa Gavina Apartaments","og_description":"Une occasion de s&rsquo;amuser \u00e0 Torruella, l&rsquo;Estartit Vous r\u00e9fl\u00e9chissez \u00e0 la mani\u00e8re de passer l&rsquo;apr\u00e8s-midi en plein air sur la Costa Brava ? Nous vous proposons un plan qui ne vous d\u00e9cevra pas, vous pouvez passer la journ\u00e9e au festival [...]","og_url":"https:\/\/sagavinaestartit.com\/fr\/festival-fringe-estartit-de-2022\/","og_site_name":"Sa Gavina Apartaments","article_published_time":"2022-07-20T13:08:59+00:00","og_image":[{"width":850,"height":550,"url":"https:\/\/sagavinaestartit.com\/wp-content\/uploads\/2022\/07\/festa-major-de-santa-anna-2022.png","type":"image\/png"}],"author":"tecnico_alojapro","twitter_card":"summary_large_image","twitter_misc":{"\u00c9crit par":"tecnico_alojapro","Dur\u00e9e de lecture estim\u00e9e":"2 minutes"},"schema":{"@context":"https:\/\/schema.org","@graph":[{"@type":"Article","@id":"https:\/\/sagavinaestartit.com\/fr\/festival-fringe-estartit-de-2022\/#article","isPartOf":{"@id":"https:\/\/sagavinaestartit.com\/fr\/festival-fringe-estartit-de-2022\/"},"author":{"name":"tecnico_alojapro","@id":"https:\/\/sagavinaestartit.com\/fr\/#\/schema\/person\/72b3f9a420869474351007377bde83c0"},"headline":"Festival Fringe Estartit de 2022","datePublished":"2022-07-20T13:08:59+00:00","mainEntityOfPage":{"@id":"https:\/\/sagavinaestartit.com\/fr\/festival-fringe-estartit-de-2022\/"},"wordCount":482,"commentCount":0,"publisher":{"@id":"https:\/\/sagavinaestartit.com\/fr\/#organization"},"image":{"@id":"https:\/\/sagavinaestartit.com\/fr\/festival-fringe-estartit-de-2022\/#primaryimage"},"thumbnailUrl":"https:\/\/sagavinaestartit.com\/wp-content\/uploads\/2022\/07\/festa-major-de-santa-anna-2022.png","articleSection":["Nouvelles"],"inLanguage":"fr-FR","potentialAction":[{"@type":"CommentAction","name":"Comment","target":["https:\/\/sagavinaestartit.com\/fr\/festival-fringe-estartit-de-2022\/#respond"]}]},{"@type":"WebPage","@id":"https:\/\/sagavinaestartit.com\/fr\/festival-fringe-estartit-de-2022\/","url":"https:\/\/sagavinaestartit.com\/fr\/festival-fringe-estartit-de-2022\/","name":"Festival Fringe Estartit de 2022 | Sa Gavina Apartaments","isPartOf":{"@id":"https:\/\/sagavinaestartit.com\/fr\/#website"},"primaryImageOfPage":{"@id":"https:\/\/sagavinaestartit.com\/fr\/festival-fringe-estartit-de-2022\/#primaryimage"},"image":{"@id":"https:\/\/sagavinaestartit.com\/fr\/festival-fringe-estartit-de-2022\/#primaryimage"},"thumbnailUrl":"https:\/\/sagavinaestartit.com\/wp-content\/uploads\/2022\/07\/festa-major-de-santa-anna-2022.png","datePublished":"2022-07-20T13:08:59+00:00","breadcrumb":{"@id":"https:\/\/sagavinaestartit.com\/fr\/festival-fringe-estartit-de-2022\/#breadcrumb"},"inLanguage":"fr-FR","potentialAction":[{"@type":"ReadAction","target":["https:\/\/sagavinaestartit.com\/fr\/festival-fringe-estartit-de-2022\/"]}]},{"@type":"ImageObject","inLanguage":"fr-FR","@id":"https:\/\/sagavinaestartit.com\/fr\/festival-fringe-estartit-de-2022\/#primaryimage","url":"https:\/\/sagavinaestartit.com\/wp-content\/uploads\/2022\/07\/festa-major-de-santa-anna-2022.png","contentUrl":"https:\/\/sagavinaestartit.com\/wp-content\/uploads\/2022\/07\/festa-major-de-santa-anna-2022.png","width":850,"height":550},{"@type":"BreadcrumbList","@id":"https:\/\/sagavinaestartit.com\/fr\/festival-fringe-estartit-de-2022\/#breadcrumb","itemListElement":[{"@type":"ListItem","position":1,"name":"Portada","item":"https:\/\/sagavinaestartit.com\/fr\/home\/"},{"@type":"ListItem","position":2,"name":"Festival Fringe Estartit de 2022"}]},{"@type":"WebSite","@id":"https:\/\/sagavinaestartit.com\/fr\/#website","url":"https:\/\/sagavinaestartit.com\/fr\/","name":"Sa Gavina Apartaments","description":"Sa Gavina Apartments","publisher":{"@id":"https:\/\/sagavinaestartit.com\/fr\/#organization"},"potentialAction":[{"@type":"SearchAction","target":{"@type":"EntryPoint","urlTemplate":"https:\/\/sagavinaestartit.com\/fr\/?s={search_term_string}"},"query-input":{"@type":"PropertyValueSpecification","valueRequired":true,"valueName":"search_term_string"}}],"inLanguage":"fr-FR"},{"@type":"Organization","@id":"https:\/\/sagavinaestartit.com\/fr\/#organization","name":"Sa Gavina Apartments","url":"https:\/\/sagavinaestartit.com\/fr\/","logo":{"@type":"ImageObject","inLanguage":"fr-FR","@id":"https:\/\/sagavinaestartit.com\/fr\/#\/schema\/logo\/image\/","url":"https:\/\/sagavinaestartit.com\/wp-content\/uploads\/2024\/12\/3-1.png","contentUrl":"https:\/\/sagavinaestartit.com\/wp-content\/uploads\/2024\/12\/3-1.png","width":500,"height":200,"caption":"Sa Gavina Apartments"},"image":{"@id":"https:\/\/sagavinaestartit.com\/fr\/#\/schema\/logo\/image\/"}},{"@type":"Person","@id":"https:\/\/sagavinaestartit.com\/fr\/#\/schema\/person\/72b3f9a420869474351007377bde83c0","name":"tecnico_alojapro","sameAs":["https:\/\/sagavinaestartit.com"]}]}},"_links":{"self":[{"href":"https:\/\/sagavinaestartit.com\/fr\/wp-json\/wp\/v2\/posts\/29312","targetHints":{"allow":["GET"]}}],"collection":[{"href":"https:\/\/sagavinaestartit.com\/fr\/wp-json\/wp\/v2\/posts"}],"about":[{"href":"https:\/\/sagavinaestartit.com\/fr\/wp-json\/wp\/v2\/types\/post"}],"author":[{"embeddable":true,"href":"https:\/\/sagavinaestartit.com\/fr\/wp-json\/wp\/v2\/users\/1"}],"replies":[{"embeddable":true,"href":"https:\/\/sagavinaestartit.com\/fr\/wp-json\/wp\/v2\/comments?post=29312"}],"version-history":[{"count":0,"href":"https:\/\/sagavinaestartit.com\/fr\/wp-json\/wp\/v2\/posts\/29312\/revisions"}],"wp:featuredmedia":[{"embeddable":true,"href":"https:\/\/sagavinaestartit.com\/fr\/wp-json\/wp\/v2\/media\/27441"}],"wp:attachment":[{"href":"https:\/\/sagavinaestartit.com\/fr\/wp-json\/wp\/v2\/media?parent=29312"}],"wp:term":[{"taxonomy":"category","embeddable":true,"href":"https:\/\/sagavinaestartit.com\/fr\/wp-json\/wp\/v2\/categories?post=29312"},{"taxonomy":"post_tag","embeddable":true,"href":"https:\/\/sagavinaestartit.com\/fr\/wp-json\/wp\/v2\/tags?post=29312"}],"curies":[{"name":"wp","href":"https:\/\/api.w.org\/{rel}","templated":true}]}}