{"id":29311,"date":"2022-07-20T08:47:58","date_gmt":"2022-07-20T06:47:58","guid":{"rendered":"https:\/\/sagavinaestartit.com\/2022\/07\/20\/festival-de-santa-anna-2022\/"},"modified":"2022-07-20T08:47:58","modified_gmt":"2022-07-20T06:47:58","slug":"festival-de-santa-anna-2022","status":"publish","type":"post","link":"https:\/\/sagavinaestartit.com\/fr\/festival-de-santa-anna-2022\/","title":{"rendered":"Festival de Santa Anna 2022"},"content":{"rendered":"<h2>Du 22 au 30 juillet, le Festival de Santa Anna 2022 sera c\u00e9l\u00e9br\u00e9e.<\/h2>\n<p>Le Festival de Santa Anna 2022 est arriv\u00e9e! Et il regorge d&rsquo;activit\u00e9s pour tous les \u00e2ges et tous les publics. Du 22 au 30 juillet, l&rsquo;Estartit sera entour\u00e9 d&rsquo;une atmosph\u00e8re festive, de joie, de concerts, de musique et surtout de beaucoup de plaisir!<\/p>\n<p>L&rsquo;Entitat Municipal Descentralitzada de l&rsquo;Estartit a \u00e9t\u00e9 l&rsquo;organisateur de ce festival, avec un programme de diff\u00e9rents \u00e9v\u00e9nements destin\u00e9s aux familles et aux enfants, ainsi qu&rsquo;aux jeunes et aux adultes.<\/p>\n<p>D\u00e9couvrez le <strong><a href=\"https:\/\/www.agendatorroella.com\/ca\/programacio\/c\/5730-festa-major-de-santa-anna-de-lestartit.html#lg=1&amp;slide=0\" target=\"_blank\" rel=\"noopener\">programme complet<\/a><\/strong> dans cet article et ne manquez rien. Lisez la suite!<\/p>\n<h2>Programme du festival de Santa Anna 2022<\/h2>\n<h3>Du 20 au 24 juillet<\/h3>\n<p><strong>Festival de jazz de l&rsquo;Estartit<\/strong><br \/>\nLieu: Molinet<\/p>\n<h3>Du 22 au 26 juillet<\/h3>\n<p><strong>Fireta de Santa Anna<\/strong><br \/>\nLieu: Pla\u00e7a de la Llevantina<\/p>\n<h3>Mardi 26 juillet<\/h3>\n<p><strong>Messe solennelle accompagn\u00e9e par la chorale Coral de Veus de l&rsquo;Estartit<\/strong><br \/>\nHeure: 11:00 h<br \/>\nLieu: \u00c9glise de Santa Anna<\/p>\n<p><strong>Sardanes avec Cobla Foment del Montgr\u00ed<\/strong><br \/>\nHeure: 20:00 h<br \/>\nLieu: Pla\u00e7a de l&rsquo;Esgl\u00e9sia<\/p>\n<p><strong>Festa Fluor Party Flaix FM<\/strong><br \/>\nHeure: 20:00 h<br \/>\nLieu: Skatepark Zone<\/p>\n<h3>Vendredi 29 juillet<\/h3>\n<p><strong>Capvespre musical. Concert avec N\u00e9ova<\/strong><br \/>\nHeure: 20:00 h<br \/>\nLieu: Pla\u00e7a de la Llevantina<\/p>\n<h3>Samedi 30 juillet<\/h3>\n<p><strong>G\u00e9gantera Trobada de l&rsquo;Estartit (G\u00e9gantera Trobada)<\/strong><br \/>\nHeure: 18:30 h<br \/>\nLieu: Carrer Coral<\/p>\n<p><strong>43e Cantada d&rsquo;Havaneres de la Penya Barcelonista Montgr\u00ed i Comarca<\/strong><br \/>\nHeure: 22:00 h<br \/>\nLieu: Pla\u00e7a de la Llevantina<\/p>\n<p>Pour plus d&rsquo;informations, vous pouvez acc\u00e9der au lien <strong><a href=\"https:\/\/surtdecasa.cat\/emporda\/agenda\/2022\/festa-major-de-santa-anna-lestartit\/194271\" target=\"_blank\" rel=\"noopener\">suivant<\/a>.<\/strong><\/p>\n<h2>Appartements Sa Gavina<\/h2>\n<p>Si vous voulez profiter de la Festa Major de l&rsquo;Estartit avec votre groupe d&rsquo;amis, ne r\u00e9fl\u00e9chissez pas deux fois et r\u00e9servez votre s\u00e9jour dans nos appartements pour ces journ\u00e9es.<\/p>\n<p>\u00c0 les <a href=\"https:\/\/www.sagavinaestartit.fr\/\" target=\"_blank\" rel=\"noopener\"><strong>Appartements Sa Gavina<\/strong><\/a>, nous vous proposons: un h\u00e9bergement avec service WIFI gratuit, climatisation, balcon ou terrasse, draps et serviettes inclus, ascenseur dans chaque b\u00e2timent, piscine ext\u00e9rieure avec escalier romain, etc.<\/p>\n<p>Qu&rsquo;est-ce que vous attendez? Vous pouvez effectuer votre r\u00e9servation via le lien <a href=\"https:\/\/widget3.alojapro.com?from=21\/07\/2022&amp;to=24\/07\/2022&amp;rooms=1&amp;platformId=2&amp;widgetId=2128&amp;roomsCfg=1-2-0&amp;firstSearch=true&amp;roomId=&amp;propertyId=&amp;destinationId=5293&amp;cityAutoComplete=L'Estartit - Girona - (ESPA\u00d1A)&amp;language=fr\" target=\"_blank\" rel=\"noopener\"><strong>suivant<\/strong><\/a>.<\/p>\n<p>Nous vous attendons!<\/p>\n<hr \/>\n<p>Photographie: www.agendatorroella.com<\/p>\n","protected":false},"excerpt":{"rendered":"<p>Du 22 au 30 juillet, le Festival de Santa Anna 2022 sera c\u00e9l\u00e9br\u00e9e. Le Festival de Santa Anna 2022 est arriv\u00e9e! Et il regorge d&rsquo;activit\u00e9s pour tous les \u00e2ges et tous les publics. Du 22 au 30 juillet, l&rsquo;Estartit sera  [&#8230;]<\/p>\n","protected":false},"author":1,"featured_media":27436,"comment_status":"open","ping_status":"open","sticky":false,"template":"","format":"standard","meta":{"footnotes":""},"categories":[130],"tags":[],"class_list":["post-29311","post","type-post","status-publish","format-standard","has-post-thumbnail","hentry","category-nouvelles"],"yoast_head":"<!-- This site is optimized with the Yoast SEO plugin v27.1.1 - https:\/\/yoast.com\/product\/yoast-seo-wordpress\/ -->\n<title>Festival de Santa Anna 2022 | Sa Gavina Apartaments<\/title>\n<meta name=\"robots\" content=\"index, follow, max-snippet:-1, max-image-preview:large, max-video-preview:-1\" \/>\n<link rel=\"canonical\" href=\"https:\/\/sagavinaestartit.com\/fr\/festival-de-santa-anna-2022\/\" \/>\n<meta property=\"og:locale\" content=\"fr_FR\" \/>\n<meta property=\"og:type\" content=\"article\" \/>\n<meta property=\"og:title\" content=\"Festival de Santa Anna 2022 | Sa Gavina Apartaments\" \/>\n<meta property=\"og:description\" content=\"Du 22 au 30 juillet, le Festival de Santa Anna 2022 sera c\u00e9l\u00e9br\u00e9e. Le Festival de Santa Anna 2022 est arriv\u00e9e! Et il regorge d&rsquo;activit\u00e9s pour tous les \u00e2ges et tous les publics. Du 22 au 30 juillet, l&rsquo;Estartit sera [...]\" \/>\n<meta property=\"og:url\" content=\"https:\/\/sagavinaestartit.com\/fr\/festival-de-santa-anna-2022\/\" \/>\n<meta property=\"og:site_name\" content=\"Sa Gavina Apartaments\" \/>\n<meta property=\"article:published_time\" content=\"2022-07-20T06:47:58+00:00\" \/>\n<meta property=\"og:image\" content=\"https:\/\/sagavinaestartit.com\/wp-content\/uploads\/2022\/07\/festa-major-de-santa-anna-2022.jpg\" \/>\n\t<meta property=\"og:image:width\" content=\"850\" \/>\n\t<meta property=\"og:image:height\" content=\"550\" \/>\n\t<meta property=\"og:image:type\" content=\"image\/jpeg\" \/>\n<meta name=\"author\" content=\"tecnico_alojapro\" \/>\n<meta name=\"twitter:card\" content=\"summary_large_image\" \/>\n<meta name=\"twitter:label1\" content=\"\u00c9crit par\" \/>\n\t<meta name=\"twitter:data1\" content=\"tecnico_alojapro\" \/>\n\t<meta name=\"twitter:label2\" content=\"Dur\u00e9e de lecture estim\u00e9e\" \/>\n\t<meta name=\"twitter:data2\" content=\"2 minutes\" \/>\n<script type=\"application\/ld+json\" class=\"yoast-schema-graph\">{\"@context\":\"https:\/\/schema.org\",\"@graph\":[{\"@type\":\"Article\",\"@id\":\"https:\/\/sagavinaestartit.com\/fr\/festival-de-santa-anna-2022\/#article\",\"isPartOf\":{\"@id\":\"https:\/\/sagavinaestartit.com\/fr\/festival-de-santa-anna-2022\/\"},\"author\":{\"name\":\"tecnico_alojapro\",\"@id\":\"https:\/\/sagavinaestartit.com\/fr\/#\/schema\/person\/72b3f9a420869474351007377bde83c0\"},\"headline\":\"Festival de Santa Anna 2022\",\"datePublished\":\"2022-07-20T06:47:58+00:00\",\"mainEntityOfPage\":{\"@id\":\"https:\/\/sagavinaestartit.com\/fr\/festival-de-santa-anna-2022\/\"},\"wordCount\":348,\"commentCount\":0,\"publisher\":{\"@id\":\"https:\/\/sagavinaestartit.com\/fr\/#organization\"},\"image\":{\"@id\":\"https:\/\/sagavinaestartit.com\/fr\/festival-de-santa-anna-2022\/#primaryimage\"},\"thumbnailUrl\":\"https:\/\/sagavinaestartit.com\/wp-content\/uploads\/2022\/07\/festa-major-de-santa-anna-2022.jpg\",\"articleSection\":[\"Nouvelles\"],\"inLanguage\":\"fr-FR\",\"potentialAction\":[{\"@type\":\"CommentAction\",\"name\":\"Comment\",\"target\":[\"https:\/\/sagavinaestartit.com\/fr\/festival-de-santa-anna-2022\/#respond\"]}]},{\"@type\":\"WebPage\",\"@id\":\"https:\/\/sagavinaestartit.com\/fr\/festival-de-santa-anna-2022\/\",\"url\":\"https:\/\/sagavinaestartit.com\/fr\/festival-de-santa-anna-2022\/\",\"name\":\"Festival de Santa Anna 2022 | Sa Gavina Apartaments\",\"isPartOf\":{\"@id\":\"https:\/\/sagavinaestartit.com\/fr\/#website\"},\"primaryImageOfPage\":{\"@id\":\"https:\/\/sagavinaestartit.com\/fr\/festival-de-santa-anna-2022\/#primaryimage\"},\"image\":{\"@id\":\"https:\/\/sagavinaestartit.com\/fr\/festival-de-santa-anna-2022\/#primaryimage\"},\"thumbnailUrl\":\"https:\/\/sagavinaestartit.com\/wp-content\/uploads\/2022\/07\/festa-major-de-santa-anna-2022.jpg\",\"datePublished\":\"2022-07-20T06:47:58+00:00\",\"breadcrumb\":{\"@id\":\"https:\/\/sagavinaestartit.com\/fr\/festival-de-santa-anna-2022\/#breadcrumb\"},\"inLanguage\":\"fr-FR\",\"potentialAction\":[{\"@type\":\"ReadAction\",\"target\":[\"https:\/\/sagavinaestartit.com\/fr\/festival-de-santa-anna-2022\/\"]}]},{\"@type\":\"ImageObject\",\"inLanguage\":\"fr-FR\",\"@id\":\"https:\/\/sagavinaestartit.com\/fr\/festival-de-santa-anna-2022\/#primaryimage\",\"url\":\"https:\/\/sagavinaestartit.com\/wp-content\/uploads\/2022\/07\/festa-major-de-santa-anna-2022.jpg\",\"contentUrl\":\"https:\/\/sagavinaestartit.com\/wp-content\/uploads\/2022\/07\/festa-major-de-santa-anna-2022.jpg\",\"width\":850,\"height\":550},{\"@type\":\"BreadcrumbList\",\"@id\":\"https:\/\/sagavinaestartit.com\/fr\/festival-de-santa-anna-2022\/#breadcrumb\",\"itemListElement\":[{\"@type\":\"ListItem\",\"position\":1,\"name\":\"Portada\",\"item\":\"https:\/\/sagavinaestartit.com\/fr\/home\/\"},{\"@type\":\"ListItem\",\"position\":2,\"name\":\"Festival de Santa Anna 2022\"}]},{\"@type\":\"WebSite\",\"@id\":\"https:\/\/sagavinaestartit.com\/fr\/#website\",\"url\":\"https:\/\/sagavinaestartit.com\/fr\/\",\"name\":\"Sa Gavina Apartaments\",\"description\":\"Sa Gavina Apartments\",\"publisher\":{\"@id\":\"https:\/\/sagavinaestartit.com\/fr\/#organization\"},\"potentialAction\":[{\"@type\":\"SearchAction\",\"target\":{\"@type\":\"EntryPoint\",\"urlTemplate\":\"https:\/\/sagavinaestartit.com\/fr\/?s={search_term_string}\"},\"query-input\":{\"@type\":\"PropertyValueSpecification\",\"valueRequired\":true,\"valueName\":\"search_term_string\"}}],\"inLanguage\":\"fr-FR\"},{\"@type\":\"Organization\",\"@id\":\"https:\/\/sagavinaestartit.com\/fr\/#organization\",\"name\":\"Sa Gavina Apartments\",\"url\":\"https:\/\/sagavinaestartit.com\/fr\/\",\"logo\":{\"@type\":\"ImageObject\",\"inLanguage\":\"fr-FR\",\"@id\":\"https:\/\/sagavinaestartit.com\/fr\/#\/schema\/logo\/image\/\",\"url\":\"https:\/\/sagavinaestartit.com\/wp-content\/uploads\/2024\/12\/3-1.png\",\"contentUrl\":\"https:\/\/sagavinaestartit.com\/wp-content\/uploads\/2024\/12\/3-1.png\",\"width\":500,\"height\":200,\"caption\":\"Sa Gavina Apartments\"},\"image\":{\"@id\":\"https:\/\/sagavinaestartit.com\/fr\/#\/schema\/logo\/image\/\"}},{\"@type\":\"Person\",\"@id\":\"https:\/\/sagavinaestartit.com\/fr\/#\/schema\/person\/72b3f9a420869474351007377bde83c0\",\"name\":\"tecnico_alojapro\",\"sameAs\":[\"https:\/\/sagavinaestartit.com\"]}]}<\/script>\n<!-- \/ Yoast SEO plugin. -->","yoast_head_json":{"title":"Festival de Santa Anna 2022 | Sa Gavina Apartaments","robots":{"index":"index","follow":"follow","max-snippet":"max-snippet:-1","max-image-preview":"max-image-preview:large","max-video-preview":"max-video-preview:-1"},"canonical":"https:\/\/sagavinaestartit.com\/fr\/festival-de-santa-anna-2022\/","og_locale":"fr_FR","og_type":"article","og_title":"Festival de Santa Anna 2022 | Sa Gavina Apartaments","og_description":"Du 22 au 30 juillet, le Festival de Santa Anna 2022 sera c\u00e9l\u00e9br\u00e9e. Le Festival de Santa Anna 2022 est arriv\u00e9e! Et il regorge d&rsquo;activit\u00e9s pour tous les \u00e2ges et tous les publics. Du 22 au 30 juillet, l&rsquo;Estartit sera [...]","og_url":"https:\/\/sagavinaestartit.com\/fr\/festival-de-santa-anna-2022\/","og_site_name":"Sa Gavina Apartaments","article_published_time":"2022-07-20T06:47:58+00:00","og_image":[{"width":850,"height":550,"url":"https:\/\/sagavinaestartit.com\/wp-content\/uploads\/2022\/07\/festa-major-de-santa-anna-2022.jpg","type":"image\/jpeg"}],"author":"tecnico_alojapro","twitter_card":"summary_large_image","twitter_misc":{"\u00c9crit par":"tecnico_alojapro","Dur\u00e9e de lecture estim\u00e9e":"2 minutes"},"schema":{"@context":"https:\/\/schema.org","@graph":[{"@type":"Article","@id":"https:\/\/sagavinaestartit.com\/fr\/festival-de-santa-anna-2022\/#article","isPartOf":{"@id":"https:\/\/sagavinaestartit.com\/fr\/festival-de-santa-anna-2022\/"},"author":{"name":"tecnico_alojapro","@id":"https:\/\/sagavinaestartit.com\/fr\/#\/schema\/person\/72b3f9a420869474351007377bde83c0"},"headline":"Festival de Santa Anna 2022","datePublished":"2022-07-20T06:47:58+00:00","mainEntityOfPage":{"@id":"https:\/\/sagavinaestartit.com\/fr\/festival-de-santa-anna-2022\/"},"wordCount":348,"commentCount":0,"publisher":{"@id":"https:\/\/sagavinaestartit.com\/fr\/#organization"},"image":{"@id":"https:\/\/sagavinaestartit.com\/fr\/festival-de-santa-anna-2022\/#primaryimage"},"thumbnailUrl":"https:\/\/sagavinaestartit.com\/wp-content\/uploads\/2022\/07\/festa-major-de-santa-anna-2022.jpg","articleSection":["Nouvelles"],"inLanguage":"fr-FR","potentialAction":[{"@type":"CommentAction","name":"Comment","target":["https:\/\/sagavinaestartit.com\/fr\/festival-de-santa-anna-2022\/#respond"]}]},{"@type":"WebPage","@id":"https:\/\/sagavinaestartit.com\/fr\/festival-de-santa-anna-2022\/","url":"https:\/\/sagavinaestartit.com\/fr\/festival-de-santa-anna-2022\/","name":"Festival de Santa Anna 2022 | Sa Gavina Apartaments","isPartOf":{"@id":"https:\/\/sagavinaestartit.com\/fr\/#website"},"primaryImageOfPage":{"@id":"https:\/\/sagavinaestartit.com\/fr\/festival-de-santa-anna-2022\/#primaryimage"},"image":{"@id":"https:\/\/sagavinaestartit.com\/fr\/festival-de-santa-anna-2022\/#primaryimage"},"thumbnailUrl":"https:\/\/sagavinaestartit.com\/wp-content\/uploads\/2022\/07\/festa-major-de-santa-anna-2022.jpg","datePublished":"2022-07-20T06:47:58+00:00","breadcrumb":{"@id":"https:\/\/sagavinaestartit.com\/fr\/festival-de-santa-anna-2022\/#breadcrumb"},"inLanguage":"fr-FR","potentialAction":[{"@type":"ReadAction","target":["https:\/\/sagavinaestartit.com\/fr\/festival-de-santa-anna-2022\/"]}]},{"@type":"ImageObject","inLanguage":"fr-FR","@id":"https:\/\/sagavinaestartit.com\/fr\/festival-de-santa-anna-2022\/#primaryimage","url":"https:\/\/sagavinaestartit.com\/wp-content\/uploads\/2022\/07\/festa-major-de-santa-anna-2022.jpg","contentUrl":"https:\/\/sagavinaestartit.com\/wp-content\/uploads\/2022\/07\/festa-major-de-santa-anna-2022.jpg","width":850,"height":550},{"@type":"BreadcrumbList","@id":"https:\/\/sagavinaestartit.com\/fr\/festival-de-santa-anna-2022\/#breadcrumb","itemListElement":[{"@type":"ListItem","position":1,"name":"Portada","item":"https:\/\/sagavinaestartit.com\/fr\/home\/"},{"@type":"ListItem","position":2,"name":"Festival de Santa Anna 2022"}]},{"@type":"WebSite","@id":"https:\/\/sagavinaestartit.com\/fr\/#website","url":"https:\/\/sagavinaestartit.com\/fr\/","name":"Sa Gavina Apartaments","description":"Sa Gavina Apartments","publisher":{"@id":"https:\/\/sagavinaestartit.com\/fr\/#organization"},"potentialAction":[{"@type":"SearchAction","target":{"@type":"EntryPoint","urlTemplate":"https:\/\/sagavinaestartit.com\/fr\/?s={search_term_string}"},"query-input":{"@type":"PropertyValueSpecification","valueRequired":true,"valueName":"search_term_string"}}],"inLanguage":"fr-FR"},{"@type":"Organization","@id":"https:\/\/sagavinaestartit.com\/fr\/#organization","name":"Sa Gavina Apartments","url":"https:\/\/sagavinaestartit.com\/fr\/","logo":{"@type":"ImageObject","inLanguage":"fr-FR","@id":"https:\/\/sagavinaestartit.com\/fr\/#\/schema\/logo\/image\/","url":"https:\/\/sagavinaestartit.com\/wp-content\/uploads\/2024\/12\/3-1.png","contentUrl":"https:\/\/sagavinaestartit.com\/wp-content\/uploads\/2024\/12\/3-1.png","width":500,"height":200,"caption":"Sa Gavina Apartments"},"image":{"@id":"https:\/\/sagavinaestartit.com\/fr\/#\/schema\/logo\/image\/"}},{"@type":"Person","@id":"https:\/\/sagavinaestartit.com\/fr\/#\/schema\/person\/72b3f9a420869474351007377bde83c0","name":"tecnico_alojapro","sameAs":["https:\/\/sagavinaestartit.com"]}]}},"_links":{"self":[{"href":"https:\/\/sagavinaestartit.com\/fr\/wp-json\/wp\/v2\/posts\/29311","targetHints":{"allow":["GET"]}}],"collection":[{"href":"https:\/\/sagavinaestartit.com\/fr\/wp-json\/wp\/v2\/posts"}],"about":[{"href":"https:\/\/sagavinaestartit.com\/fr\/wp-json\/wp\/v2\/types\/post"}],"author":[{"embeddable":true,"href":"https:\/\/sagavinaestartit.com\/fr\/wp-json\/wp\/v2\/users\/1"}],"replies":[{"embeddable":true,"href":"https:\/\/sagavinaestartit.com\/fr\/wp-json\/wp\/v2\/comments?post=29311"}],"version-history":[{"count":0,"href":"https:\/\/sagavinaestartit.com\/fr\/wp-json\/wp\/v2\/posts\/29311\/revisions"}],"wp:featuredmedia":[{"embeddable":true,"href":"https:\/\/sagavinaestartit.com\/fr\/wp-json\/wp\/v2\/media\/27436"}],"wp:attachment":[{"href":"https:\/\/sagavinaestartit.com\/fr\/wp-json\/wp\/v2\/media?parent=29311"}],"wp:term":[{"taxonomy":"category","embeddable":true,"href":"https:\/\/sagavinaestartit.com\/fr\/wp-json\/wp\/v2\/categories?post=29311"},{"taxonomy":"post_tag","embeddable":true,"href":"https:\/\/sagavinaestartit.com\/fr\/wp-json\/wp\/v2\/tags?post=29311"}],"curies":[{"name":"wp","href":"https:\/\/api.w.org\/{rel}","templated":true}]}}