{"id":29301,"date":"2022-03-08T16:26:23","date_gmt":"2022-03-08T15:26:23","guid":{"rendered":"https:\/\/sagavinaestartit.com\/2022\/03\/08\/concert-maria-arnal-et-marcel-bages\/"},"modified":"2022-03-08T16:26:23","modified_gmt":"2022-03-08T15:26:23","slug":"concert-maria-arnal-et-marcel-bages","status":"publish","type":"post","link":"https:\/\/sagavinaestartit.com\/fr\/concert-maria-arnal-et-marcel-bages\/","title":{"rendered":"Concert Maria Arnal et Marcel Bag\u00e9s"},"content":{"rendered":"<h2><span style=\"font-weight: 400;\">Maria Arnal et Marcel Bag\u00e9s en concert !<\/span><\/h2>\n<p><span style=\"font-weight: 400;\">Le concert de ce duo musical aura lieu le 28 mai. S&rsquo;ils ont d\u00e9but\u00e9 en 2017 avec leur album \u00a0\u00bb 45 cerebros y un coraz\u00f3n \u00ab\u00a0, ils viennent aujourd&rsquo;hui nous voler la vedette avec \u00a0\u00bb Clamor \u00ab\u00a0, laur\u00e9at du VII Premio Ruido 2021 du meilleur disque national de l&rsquo;ann\u00e9e.<\/span><\/p>\n<h2><span style=\"font-weight: 400;\">Arnal &amp; Bag\u00e9s<\/span><\/h2>\n<p><span style=\"font-weight: 400;\">Ce duo catalan de pop et de n\u00e9o-R&amp;B m\u00eale musique et po\u00e9sie, m\u00e9lodies ancestrales et nouvelles sonorit\u00e9s, exp\u00e9rimentation et tradition, et il d\u00e9verse tout ce potentiel dans \u00ab\u00a0Clamor\u00a0\u00bb, le nouvel album enregistr\u00e9 entre Ath\u00e8nes et Barcelone.<\/span><\/p>\n<p><span style=\"font-weight: 400;\">L&rsquo;intensit\u00e9 \u00e9motionnelle de leur message porte sur la capacit\u00e9 de transformation de l&rsquo;homme, en r\u00e9ponse aux d\u00e9fis pos\u00e9s par l&rsquo;avenir d&rsquo;une plan\u00e8te en crise, \u00e0 travers une pop \u00e9lectronique mutante.<\/span><\/p>\n<p><span style=\"font-weight: 400;\">L&rsquo;album a \u00e9t\u00e9 produit par David Soler et compte des collaborateurs internationaux tels que le Kronos Quartet, le Morphosis Ensemble et Holly Herndon.<\/span><\/p>\n<p><span style=\"font-weight: 400;\">Certaines des merveilles que l&rsquo;on peut entendre sur sc\u00e8ne sont \u00a0\u00bb Fiera de m\u00ed \u00ab\u00a0, le single, \u00a0\u00bb Milagro \u00ab\u00a0, \u00a0\u00bb Meteorit ferit \u00ab\u00a0, \u00a0\u00bb Cant de la S\u00edbil-la \u00a0\u00bb et \u00a0\u00bb Jaque \u00ab\u00a0, parmi beaucoup d&rsquo;autres du nouvel album.<\/span><\/p>\n<p><span style=\"font-weight: 400;\">Le concert aura lieu dans le cadre du festival \u00cdtaca, qui, pour son dixi\u00e8me anniversaire, a opt\u00e9, comme il le fait depuis quelques ann\u00e9es, pour la meilleure sc\u00e8ne musicale.\u00a0<\/span><\/p>\n<p><span style=\"font-weight: 400;\">Nous vous laissons avec son single \u00ab\u00a0Fuera de mi\u00a0\u00bb.<\/span><\/p>\n<p><div class=\"video-shortcode\"><iframe title=\"Maria Arnal i Marcel Bag\u00e9s - FIERA DE M\u00cd (V\u00eddeo Oficial)\" width=\"1170\" height=\"658\" src=\"https:\/\/www.youtube.com\/embed\/7TV0vXMVzkc?feature=oembed\" frameborder=\"0\" allow=\"accelerometer; autoplay; clipboard-write; encrypted-media; gyroscope; picture-in-picture; web-share\" referrerpolicy=\"strict-origin-when-cross-origin\" allowfullscreen><\/iframe><\/div><\/p>\n<h2><span style=\"font-weight: 400;\">Le concert<\/span><\/h2>\n<h3><strong>Quand a lieu le concert ?<\/strong><\/h3>\n<p><span style=\"font-weight: 400;\">Samedi 28 mai 2022<\/span><\/p>\n<h3><strong>O\u00f9 aura-t-il lieu ?<\/strong><\/h3>\n<p><span style=\"font-weight: 400;\">\u00c0 l&rsquo;Auditori Teatre Espai Ter \u00e0 Torroella de Montgr\u00ed, \u00e0 seulement 11 minutes en voiture des <a href=\"https:\/\/www.sagavinaestartit.fr\/\">Appartements Sa Gavina<\/a> !<\/span><\/p>\n<h3><strong>A quelle heure ?<\/strong><\/h3>\n<p><span style=\"font-weight: 400;\">A 21h.<\/span><\/p>\n<p><span style=\"font-weight: 400;\">Voici l&rsquo;affiche officielle de l&rsquo;\u00e9v\u00e9nement avec toutes les informations :<\/span><\/p>\n<p><img decoding=\"async\" class=\"lazyload alignnone size-medium wp-image-18626\" src=\"data:image\/svg+xml,%3Csvg%20xmlns%3D%27http%3A%2F%2Fwww.w3.org%2F2000%2Fsvg%27%20width%3D%27300%27%20height%3D%27300%27%20viewBox%3D%270%200%20300%20300%27%3E%3Crect%20width%3D%27300%27%20height%3D%27300%27%20fill-opacity%3D%220%22%2F%3E%3C%2Fsvg%3E\" data-orig-src=\"https:\/\/www.sagavinaestartit.fr\/wp-content\/uploads\/2022\/03\/maria-arnal-i-marcel-bages-festival-itaca-2022-300x300.jpeg\" alt=\"\" width=\"300\" height=\"300\" \/><\/p>\n<h3><strong>Vous avez encore des doutes sur le concert ?<\/strong><\/h3>\n<p><span style=\"font-weight: 400;\">Achetez vos billets <strong><a href=\"https:\/\/itacacultura.koobin.com\/mariaarnaldimarcelbages\">ici.<\/a><\/strong><\/span><\/p>\n<p><span style=\"font-weight: 400;\">Vous pouvez \u00e9galement consulter d&rsquo;autres concerts ou activit\u00e9s similaires aux dates de votre s\u00e9jour en <strong><a href=\"https:\/\/www.agendatorroella.com\/ca\/programacio\/c\/5333-maria-arnal-i-marcel-bages.html\">cliquant ici.<\/a><\/strong><\/span><\/p>\n","protected":false},"excerpt":{"rendered":"<p>Maria Arnal et Marcel Bag\u00e9s en concert ! Le concert de ce duo musical aura lieu le 28 mai. S&rsquo;ils ont d\u00e9but\u00e9 en 2017 avec leur album \u00a0\u00bb 45 cerebros y un coraz\u00f3n \u00ab\u00a0, ils viennent aujourd&rsquo;hui nous voler la  [&#8230;]<\/p>\n","protected":false},"author":1,"featured_media":27402,"comment_status":"open","ping_status":"open","sticky":false,"template":"","format":"standard","meta":{"footnotes":""},"categories":[130],"tags":[],"class_list":["post-29301","post","type-post","status-publish","format-standard","has-post-thumbnail","hentry","category-nouvelles"],"yoast_head":"<!-- This site is optimized with the Yoast SEO plugin v27.1.1 - https:\/\/yoast.com\/product\/yoast-seo-wordpress\/ -->\n<title>Concert Maria Arnal et Marcel Bag\u00e9s | Sa Gavina Apartaments<\/title>\n<meta name=\"robots\" content=\"index, follow, max-snippet:-1, max-image-preview:large, max-video-preview:-1\" \/>\n<link rel=\"canonical\" href=\"https:\/\/sagavinaestartit.com\/fr\/concert-maria-arnal-et-marcel-bages\/\" \/>\n<meta property=\"og:locale\" content=\"fr_FR\" \/>\n<meta property=\"og:type\" content=\"article\" \/>\n<meta property=\"og:title\" content=\"Concert Maria Arnal et Marcel Bag\u00e9s | Sa Gavina Apartaments\" \/>\n<meta property=\"og:description\" content=\"Maria Arnal et Marcel Bag\u00e9s en concert ! Le concert de ce duo musical aura lieu le 28 mai. S&rsquo;ils ont d\u00e9but\u00e9 en 2017 avec leur album \u00a0\u00bb 45 cerebros y un coraz\u00f3n \u00ab\u00a0, ils viennent aujourd&rsquo;hui nous voler la [...]\" \/>\n<meta property=\"og:url\" content=\"https:\/\/sagavinaestartit.com\/fr\/concert-maria-arnal-et-marcel-bages\/\" \/>\n<meta property=\"og:site_name\" content=\"Sa Gavina Apartaments\" \/>\n<meta property=\"article:published_time\" content=\"2022-03-08T15:26:23+00:00\" \/>\n<meta property=\"og:image\" content=\"https:\/\/sagavinaestartit.com\/wp-content\/uploads\/2022\/03\/maria-arnal-marces-bages.jpg\" \/>\n\t<meta property=\"og:image:width\" content=\"850\" \/>\n\t<meta property=\"og:image:height\" content=\"550\" \/>\n\t<meta property=\"og:image:type\" content=\"image\/jpeg\" \/>\n<meta name=\"author\" content=\"tecnico_alojapro\" \/>\n<meta name=\"twitter:card\" content=\"summary_large_image\" \/>\n<meta name=\"twitter:label1\" content=\"\u00c9crit par\" \/>\n\t<meta name=\"twitter:data1\" content=\"tecnico_alojapro\" \/>\n\t<meta name=\"twitter:label2\" content=\"Dur\u00e9e de lecture estim\u00e9e\" \/>\n\t<meta name=\"twitter:data2\" content=\"2 minutes\" \/>\n<script type=\"application\/ld+json\" class=\"yoast-schema-graph\">{\"@context\":\"https:\/\/schema.org\",\"@graph\":[{\"@type\":\"Article\",\"@id\":\"https:\/\/sagavinaestartit.com\/fr\/concert-maria-arnal-et-marcel-bages\/#article\",\"isPartOf\":{\"@id\":\"https:\/\/sagavinaestartit.com\/fr\/concert-maria-arnal-et-marcel-bages\/\"},\"author\":{\"name\":\"tecnico_alojapro\",\"@id\":\"https:\/\/sagavinaestartit.com\/fr\/#\/schema\/person\/72b3f9a420869474351007377bde83c0\"},\"headline\":\"Concert Maria Arnal et Marcel Bag\u00e9s\",\"datePublished\":\"2022-03-08T15:26:23+00:00\",\"mainEntityOfPage\":{\"@id\":\"https:\/\/sagavinaestartit.com\/fr\/concert-maria-arnal-et-marcel-bages\/\"},\"wordCount\":336,\"commentCount\":0,\"publisher\":{\"@id\":\"https:\/\/sagavinaestartit.com\/fr\/#organization\"},\"image\":{\"@id\":\"https:\/\/sagavinaestartit.com\/fr\/concert-maria-arnal-et-marcel-bages\/#primaryimage\"},\"thumbnailUrl\":\"https:\/\/sagavinaestartit.com\/wp-content\/uploads\/2022\/03\/maria-arnal-marces-bages.jpg\",\"articleSection\":[\"Nouvelles\"],\"inLanguage\":\"fr-FR\",\"potentialAction\":[{\"@type\":\"CommentAction\",\"name\":\"Comment\",\"target\":[\"https:\/\/sagavinaestartit.com\/fr\/concert-maria-arnal-et-marcel-bages\/#respond\"]}]},{\"@type\":\"WebPage\",\"@id\":\"https:\/\/sagavinaestartit.com\/fr\/concert-maria-arnal-et-marcel-bages\/\",\"url\":\"https:\/\/sagavinaestartit.com\/fr\/concert-maria-arnal-et-marcel-bages\/\",\"name\":\"Concert Maria Arnal et Marcel Bag\u00e9s | Sa Gavina Apartaments\",\"isPartOf\":{\"@id\":\"https:\/\/sagavinaestartit.com\/fr\/#website\"},\"primaryImageOfPage\":{\"@id\":\"https:\/\/sagavinaestartit.com\/fr\/concert-maria-arnal-et-marcel-bages\/#primaryimage\"},\"image\":{\"@id\":\"https:\/\/sagavinaestartit.com\/fr\/concert-maria-arnal-et-marcel-bages\/#primaryimage\"},\"thumbnailUrl\":\"https:\/\/sagavinaestartit.com\/wp-content\/uploads\/2022\/03\/maria-arnal-marces-bages.jpg\",\"datePublished\":\"2022-03-08T15:26:23+00:00\",\"breadcrumb\":{\"@id\":\"https:\/\/sagavinaestartit.com\/fr\/concert-maria-arnal-et-marcel-bages\/#breadcrumb\"},\"inLanguage\":\"fr-FR\",\"potentialAction\":[{\"@type\":\"ReadAction\",\"target\":[\"https:\/\/sagavinaestartit.com\/fr\/concert-maria-arnal-et-marcel-bages\/\"]}]},{\"@type\":\"ImageObject\",\"inLanguage\":\"fr-FR\",\"@id\":\"https:\/\/sagavinaestartit.com\/fr\/concert-maria-arnal-et-marcel-bages\/#primaryimage\",\"url\":\"https:\/\/sagavinaestartit.com\/wp-content\/uploads\/2022\/03\/maria-arnal-marces-bages.jpg\",\"contentUrl\":\"https:\/\/sagavinaestartit.com\/wp-content\/uploads\/2022\/03\/maria-arnal-marces-bages.jpg\",\"width\":850,\"height\":550},{\"@type\":\"BreadcrumbList\",\"@id\":\"https:\/\/sagavinaestartit.com\/fr\/concert-maria-arnal-et-marcel-bages\/#breadcrumb\",\"itemListElement\":[{\"@type\":\"ListItem\",\"position\":1,\"name\":\"Portada\",\"item\":\"https:\/\/sagavinaestartit.com\/fr\/home\/\"},{\"@type\":\"ListItem\",\"position\":2,\"name\":\"Concert Maria Arnal et Marcel Bag\u00e9s\"}]},{\"@type\":\"WebSite\",\"@id\":\"https:\/\/sagavinaestartit.com\/fr\/#website\",\"url\":\"https:\/\/sagavinaestartit.com\/fr\/\",\"name\":\"Sa Gavina Apartaments\",\"description\":\"Sa Gavina Apartments\",\"publisher\":{\"@id\":\"https:\/\/sagavinaestartit.com\/fr\/#organization\"},\"potentialAction\":[{\"@type\":\"SearchAction\",\"target\":{\"@type\":\"EntryPoint\",\"urlTemplate\":\"https:\/\/sagavinaestartit.com\/fr\/?s={search_term_string}\"},\"query-input\":{\"@type\":\"PropertyValueSpecification\",\"valueRequired\":true,\"valueName\":\"search_term_string\"}}],\"inLanguage\":\"fr-FR\"},{\"@type\":\"Organization\",\"@id\":\"https:\/\/sagavinaestartit.com\/fr\/#organization\",\"name\":\"Sa Gavina Apartments\",\"url\":\"https:\/\/sagavinaestartit.com\/fr\/\",\"logo\":{\"@type\":\"ImageObject\",\"inLanguage\":\"fr-FR\",\"@id\":\"https:\/\/sagavinaestartit.com\/fr\/#\/schema\/logo\/image\/\",\"url\":\"https:\/\/sagavinaestartit.com\/wp-content\/uploads\/2024\/12\/3-1.png\",\"contentUrl\":\"https:\/\/sagavinaestartit.com\/wp-content\/uploads\/2024\/12\/3-1.png\",\"width\":500,\"height\":200,\"caption\":\"Sa Gavina Apartments\"},\"image\":{\"@id\":\"https:\/\/sagavinaestartit.com\/fr\/#\/schema\/logo\/image\/\"}},{\"@type\":\"Person\",\"@id\":\"https:\/\/sagavinaestartit.com\/fr\/#\/schema\/person\/72b3f9a420869474351007377bde83c0\",\"name\":\"tecnico_alojapro\",\"sameAs\":[\"https:\/\/sagavinaestartit.com\"]}]}<\/script>\n<!-- \/ Yoast SEO plugin. -->","yoast_head_json":{"title":"Concert Maria Arnal et Marcel Bag\u00e9s | Sa Gavina Apartaments","robots":{"index":"index","follow":"follow","max-snippet":"max-snippet:-1","max-image-preview":"max-image-preview:large","max-video-preview":"max-video-preview:-1"},"canonical":"https:\/\/sagavinaestartit.com\/fr\/concert-maria-arnal-et-marcel-bages\/","og_locale":"fr_FR","og_type":"article","og_title":"Concert Maria Arnal et Marcel Bag\u00e9s | Sa Gavina Apartaments","og_description":"Maria Arnal et Marcel Bag\u00e9s en concert ! Le concert de ce duo musical aura lieu le 28 mai. S&rsquo;ils ont d\u00e9but\u00e9 en 2017 avec leur album \u00a0\u00bb 45 cerebros y un coraz\u00f3n \u00ab\u00a0, ils viennent aujourd&rsquo;hui nous voler la [...]","og_url":"https:\/\/sagavinaestartit.com\/fr\/concert-maria-arnal-et-marcel-bages\/","og_site_name":"Sa Gavina Apartaments","article_published_time":"2022-03-08T15:26:23+00:00","og_image":[{"width":850,"height":550,"url":"https:\/\/sagavinaestartit.com\/wp-content\/uploads\/2022\/03\/maria-arnal-marces-bages.jpg","type":"image\/jpeg"}],"author":"tecnico_alojapro","twitter_card":"summary_large_image","twitter_misc":{"\u00c9crit par":"tecnico_alojapro","Dur\u00e9e de lecture estim\u00e9e":"2 minutes"},"schema":{"@context":"https:\/\/schema.org","@graph":[{"@type":"Article","@id":"https:\/\/sagavinaestartit.com\/fr\/concert-maria-arnal-et-marcel-bages\/#article","isPartOf":{"@id":"https:\/\/sagavinaestartit.com\/fr\/concert-maria-arnal-et-marcel-bages\/"},"author":{"name":"tecnico_alojapro","@id":"https:\/\/sagavinaestartit.com\/fr\/#\/schema\/person\/72b3f9a420869474351007377bde83c0"},"headline":"Concert Maria Arnal et Marcel Bag\u00e9s","datePublished":"2022-03-08T15:26:23+00:00","mainEntityOfPage":{"@id":"https:\/\/sagavinaestartit.com\/fr\/concert-maria-arnal-et-marcel-bages\/"},"wordCount":336,"commentCount":0,"publisher":{"@id":"https:\/\/sagavinaestartit.com\/fr\/#organization"},"image":{"@id":"https:\/\/sagavinaestartit.com\/fr\/concert-maria-arnal-et-marcel-bages\/#primaryimage"},"thumbnailUrl":"https:\/\/sagavinaestartit.com\/wp-content\/uploads\/2022\/03\/maria-arnal-marces-bages.jpg","articleSection":["Nouvelles"],"inLanguage":"fr-FR","potentialAction":[{"@type":"CommentAction","name":"Comment","target":["https:\/\/sagavinaestartit.com\/fr\/concert-maria-arnal-et-marcel-bages\/#respond"]}]},{"@type":"WebPage","@id":"https:\/\/sagavinaestartit.com\/fr\/concert-maria-arnal-et-marcel-bages\/","url":"https:\/\/sagavinaestartit.com\/fr\/concert-maria-arnal-et-marcel-bages\/","name":"Concert Maria Arnal et Marcel Bag\u00e9s | Sa Gavina Apartaments","isPartOf":{"@id":"https:\/\/sagavinaestartit.com\/fr\/#website"},"primaryImageOfPage":{"@id":"https:\/\/sagavinaestartit.com\/fr\/concert-maria-arnal-et-marcel-bages\/#primaryimage"},"image":{"@id":"https:\/\/sagavinaestartit.com\/fr\/concert-maria-arnal-et-marcel-bages\/#primaryimage"},"thumbnailUrl":"https:\/\/sagavinaestartit.com\/wp-content\/uploads\/2022\/03\/maria-arnal-marces-bages.jpg","datePublished":"2022-03-08T15:26:23+00:00","breadcrumb":{"@id":"https:\/\/sagavinaestartit.com\/fr\/concert-maria-arnal-et-marcel-bages\/#breadcrumb"},"inLanguage":"fr-FR","potentialAction":[{"@type":"ReadAction","target":["https:\/\/sagavinaestartit.com\/fr\/concert-maria-arnal-et-marcel-bages\/"]}]},{"@type":"ImageObject","inLanguage":"fr-FR","@id":"https:\/\/sagavinaestartit.com\/fr\/concert-maria-arnal-et-marcel-bages\/#primaryimage","url":"https:\/\/sagavinaestartit.com\/wp-content\/uploads\/2022\/03\/maria-arnal-marces-bages.jpg","contentUrl":"https:\/\/sagavinaestartit.com\/wp-content\/uploads\/2022\/03\/maria-arnal-marces-bages.jpg","width":850,"height":550},{"@type":"BreadcrumbList","@id":"https:\/\/sagavinaestartit.com\/fr\/concert-maria-arnal-et-marcel-bages\/#breadcrumb","itemListElement":[{"@type":"ListItem","position":1,"name":"Portada","item":"https:\/\/sagavinaestartit.com\/fr\/home\/"},{"@type":"ListItem","position":2,"name":"Concert Maria Arnal et Marcel Bag\u00e9s"}]},{"@type":"WebSite","@id":"https:\/\/sagavinaestartit.com\/fr\/#website","url":"https:\/\/sagavinaestartit.com\/fr\/","name":"Sa Gavina Apartaments","description":"Sa Gavina Apartments","publisher":{"@id":"https:\/\/sagavinaestartit.com\/fr\/#organization"},"potentialAction":[{"@type":"SearchAction","target":{"@type":"EntryPoint","urlTemplate":"https:\/\/sagavinaestartit.com\/fr\/?s={search_term_string}"},"query-input":{"@type":"PropertyValueSpecification","valueRequired":true,"valueName":"search_term_string"}}],"inLanguage":"fr-FR"},{"@type":"Organization","@id":"https:\/\/sagavinaestartit.com\/fr\/#organization","name":"Sa Gavina Apartments","url":"https:\/\/sagavinaestartit.com\/fr\/","logo":{"@type":"ImageObject","inLanguage":"fr-FR","@id":"https:\/\/sagavinaestartit.com\/fr\/#\/schema\/logo\/image\/","url":"https:\/\/sagavinaestartit.com\/wp-content\/uploads\/2024\/12\/3-1.png","contentUrl":"https:\/\/sagavinaestartit.com\/wp-content\/uploads\/2024\/12\/3-1.png","width":500,"height":200,"caption":"Sa Gavina Apartments"},"image":{"@id":"https:\/\/sagavinaestartit.com\/fr\/#\/schema\/logo\/image\/"}},{"@type":"Person","@id":"https:\/\/sagavinaestartit.com\/fr\/#\/schema\/person\/72b3f9a420869474351007377bde83c0","name":"tecnico_alojapro","sameAs":["https:\/\/sagavinaestartit.com"]}]}},"_links":{"self":[{"href":"https:\/\/sagavinaestartit.com\/fr\/wp-json\/wp\/v2\/posts\/29301","targetHints":{"allow":["GET"]}}],"collection":[{"href":"https:\/\/sagavinaestartit.com\/fr\/wp-json\/wp\/v2\/posts"}],"about":[{"href":"https:\/\/sagavinaestartit.com\/fr\/wp-json\/wp\/v2\/types\/post"}],"author":[{"embeddable":true,"href":"https:\/\/sagavinaestartit.com\/fr\/wp-json\/wp\/v2\/users\/1"}],"replies":[{"embeddable":true,"href":"https:\/\/sagavinaestartit.com\/fr\/wp-json\/wp\/v2\/comments?post=29301"}],"version-history":[{"count":0,"href":"https:\/\/sagavinaestartit.com\/fr\/wp-json\/wp\/v2\/posts\/29301\/revisions"}],"wp:featuredmedia":[{"embeddable":true,"href":"https:\/\/sagavinaestartit.com\/fr\/wp-json\/wp\/v2\/media\/27402"}],"wp:attachment":[{"href":"https:\/\/sagavinaestartit.com\/fr\/wp-json\/wp\/v2\/media?parent=29301"}],"wp:term":[{"taxonomy":"category","embeddable":true,"href":"https:\/\/sagavinaestartit.com\/fr\/wp-json\/wp\/v2\/categories?post=29301"},{"taxonomy":"post_tag","embeddable":true,"href":"https:\/\/sagavinaestartit.com\/fr\/wp-json\/wp\/v2\/tags?post=29301"}],"curies":[{"name":"wp","href":"https:\/\/api.w.org\/{rel}","templated":true}]}}