{"id":29295,"date":"2022-01-13T14:46:07","date_gmt":"2022-01-13T13:46:07","guid":{"rendered":"https:\/\/sagavinaestartit.com\/2022\/01\/13\/crematorrons-2022\/"},"modified":"2022-01-13T14:46:07","modified_gmt":"2022-01-13T13:46:07","slug":"crematorrons-2022","status":"publish","type":"post","link":"https:\/\/sagavinaestartit.com\/fr\/crematorrons-2022\/","title":{"rendered":"CremaTorrons 2022"},"content":{"rendered":"<h2>Venez participer \u00e0 la course CremaTorrons!<\/h2>\n<p>\u00c0 Torroella de Montgr\u00ed, c&rsquo;est devenu une tradition de participer \u00e0 la CremaTorrons apr\u00e8s No\u00ebl et le Nouvel An.<\/p>\n<p>Cette ann\u00e9e, la course se d\u00e9roulera le 23 janvier. Il s&rsquo;agit de la cinqui\u00e8me \u00e9dition. La course partira du Nou Pavell\u00f3 Municipal d&rsquo;Esports de Torroella et a diff\u00e9rentes modalit\u00e9s pour que chacun puisse profiter de celle qui lui pla\u00eet le plus.<\/p>\n<h2>Modalit\u00e9s de la Crematorrons<\/h2>\n<p>Il existe 5 modalit\u00e9s avec diff\u00e9rents niveaux de difficult\u00e9. Le plus long est l&rsquo;E-Bike (36,4 km) et le plus court est la Marxa a Peu (7,37 km).<\/p>\n<ul>\n<li><strong>E-Bike:<\/strong> 36,4 km et 633 m\u00e8tres de d\u00e9nivel\u00e9.<\/li>\n<li><strong>MTB Volta Llarga:<\/strong> 36,4 km et 633 m\u00e8tres de d\u00e9nivel\u00e9.<\/li>\n<li><strong>BTT Volta Curta:<\/strong> 23 km et 419 m\u00e8tres de d\u00e9nivel\u00e9.<\/li>\n<li><strong>Trail Running:<\/strong> 23 km et 9,9 m\u00e8tres de d\u00e9nivel\u00e9 positif.<\/li>\n<li><strong>Marxa a peu:<\/strong> 7,37 km et 368 m\u00e8tres de d\u00e9nivel\u00e9.<\/li>\n<\/ul>\n<h2>Horaire des courses<\/h2>\n<ul>\n<li><strong>09:10<\/strong> &#8211; Course E-Bike<\/li>\n<li><strong>09:15<\/strong> &#8211; Courses de VTT Volta Llarga et Volta Curta Curta<\/li>\n<li><strong>09.20<\/strong> &#8211; Trail Running et Marxa a peu<\/li>\n<\/ul>\n<h2>Inscription pour participer dans la CremaTorrons<\/h2>\n<p>Pour participer aux courses, il est n\u00e9cessaire de s&rsquo;inscrire \u00e0 l&rsquo;avance. Vous pouvez le faire en cliquant sur ce <a href=\"https:\/\/curses.cat\/crematorrons2022\/index.php\" target=\"_blank\" rel=\"noopener\"><strong>lien<\/strong><\/a>.<\/p>\n<p>Le prix varie en fonction de la modalit\u00e9 que vous choisissez et si vous \u00eates f\u00e9d\u00e9r\u00e9. D&rsquo;une part, les courses VTT Volta Llarga, Volta Curta et E-Bike co\u00fbtent 20 \u20ac pour les f\u00e9d\u00e9r\u00e9s et 25 \u20ac pour les non f\u00e9d\u00e9r\u00e9s. Les courses Trail &amp; Run et Marxa a Peu co\u00fbtent 13 \u20ac pour les plus de 14 ans et 8 \u20ac pour les moins de 14 ans.<\/p>\n<p>Pour plus d&rsquo;informations, vous pouvez acc\u00e9der au lien <a href=\"https:\/\/www.agendatorroella.com\/ca\/programacio\/c\/5288-cursa-crematorrons.html\" target=\"_blank\" rel=\"noopener\"><strong>suivant<\/strong><\/a>.<\/p>\n<p>Pour t\u00e9l\u00e9charger l&rsquo;affiche, cliquez <a href=\"https:\/\/curses.cat\/crematorrons2022\/cartell.jpg\" target=\"_blank\" rel=\"noopener\"><strong>ici<\/strong><\/a>.<\/p>\n<hr \/>\n<p>Photographie: www.agendatorroella.com<\/p>\n","protected":false},"excerpt":{"rendered":"<p>Venez participer \u00e0 la course CremaTorrons! \u00c0 Torroella de Montgr\u00ed, c&rsquo;est devenu une tradition de participer \u00e0 la CremaTorrons apr\u00e8s No\u00ebl et le Nouvel An. Cette ann\u00e9e, la course se d\u00e9roulera le 23 janvier. Il s&rsquo;agit de la cinqui\u00e8me \u00e9dition.  [&#8230;]<\/p>\n","protected":false},"author":1,"featured_media":27392,"comment_status":"open","ping_status":"open","sticky":false,"template":"","format":"standard","meta":{"footnotes":""},"categories":[127],"tags":[418],"class_list":["post-29295","post","type-post","status-publish","format-standard","has-post-thumbnail","hentry","category-activites-a-lestartit","tag-activites-a-lestartitcoursessport"],"yoast_head":"<!-- This site is optimized with the Yoast SEO plugin v27.1.1 - https:\/\/yoast.com\/product\/yoast-seo-wordpress\/ -->\n<title>CremaTorrons 2022 | Sa Gavina Apartaments<\/title>\n<meta name=\"robots\" content=\"index, follow, max-snippet:-1, max-image-preview:large, max-video-preview:-1\" \/>\n<link rel=\"canonical\" href=\"https:\/\/sagavinaestartit.com\/fr\/crematorrons-2022\/\" \/>\n<meta property=\"og:locale\" content=\"fr_FR\" \/>\n<meta property=\"og:type\" content=\"article\" \/>\n<meta property=\"og:title\" content=\"CremaTorrons 2022 | Sa Gavina Apartaments\" \/>\n<meta property=\"og:description\" content=\"Venez participer \u00e0 la course CremaTorrons! \u00c0 Torroella de Montgr\u00ed, c&rsquo;est devenu une tradition de participer \u00e0 la CremaTorrons apr\u00e8s No\u00ebl et le Nouvel An. Cette ann\u00e9e, la course se d\u00e9roulera le 23 janvier. Il s&rsquo;agit de la cinqui\u00e8me \u00e9dition. [...]\" \/>\n<meta property=\"og:url\" content=\"https:\/\/sagavinaestartit.com\/fr\/crematorrons-2022\/\" \/>\n<meta property=\"og:site_name\" content=\"Sa Gavina Apartaments\" \/>\n<meta property=\"article:published_time\" content=\"2022-01-13T13:46:07+00:00\" \/>\n<meta property=\"og:image\" content=\"https:\/\/sagavinaestartit.com\/wp-content\/uploads\/2022\/01\/crematorrons.jpg\" \/>\n\t<meta property=\"og:image:width\" content=\"850\" \/>\n\t<meta property=\"og:image:height\" content=\"550\" \/>\n\t<meta property=\"og:image:type\" content=\"image\/jpeg\" \/>\n<meta name=\"author\" content=\"tecnico_alojapro\" \/>\n<meta name=\"twitter:card\" content=\"summary_large_image\" \/>\n<meta name=\"twitter:label1\" content=\"\u00c9crit par\" \/>\n\t<meta name=\"twitter:data1\" content=\"tecnico_alojapro\" \/>\n\t<meta name=\"twitter:label2\" content=\"Dur\u00e9e de lecture estim\u00e9e\" \/>\n\t<meta name=\"twitter:data2\" content=\"1 minute\" \/>\n<script type=\"application\/ld+json\" class=\"yoast-schema-graph\">{\"@context\":\"https:\/\/schema.org\",\"@graph\":[{\"@type\":\"Article\",\"@id\":\"https:\/\/sagavinaestartit.com\/fr\/crematorrons-2022\/#article\",\"isPartOf\":{\"@id\":\"https:\/\/sagavinaestartit.com\/fr\/crematorrons-2022\/\"},\"author\":{\"name\":\"tecnico_alojapro\",\"@id\":\"https:\/\/sagavinaestartit.com\/fr\/#\/schema\/person\/72b3f9a420869474351007377bde83c0\"},\"headline\":\"CremaTorrons 2022\",\"datePublished\":\"2022-01-13T13:46:07+00:00\",\"mainEntityOfPage\":{\"@id\":\"https:\/\/sagavinaestartit.com\/fr\/crematorrons-2022\/\"},\"wordCount\":296,\"commentCount\":0,\"publisher\":{\"@id\":\"https:\/\/sagavinaestartit.com\/fr\/#organization\"},\"image\":{\"@id\":\"https:\/\/sagavinaestartit.com\/fr\/crematorrons-2022\/#primaryimage\"},\"thumbnailUrl\":\"https:\/\/sagavinaestartit.com\/wp-content\/uploads\/2022\/01\/crematorrons.jpg\",\"keywords\":[\"activit\u00e9s \u00e0 l'Estartit|courses|sport\"],\"articleSection\":[\"Activit\u00e9s a l'Estartit\"],\"inLanguage\":\"fr-FR\",\"potentialAction\":[{\"@type\":\"CommentAction\",\"name\":\"Comment\",\"target\":[\"https:\/\/sagavinaestartit.com\/fr\/crematorrons-2022\/#respond\"]}]},{\"@type\":\"WebPage\",\"@id\":\"https:\/\/sagavinaestartit.com\/fr\/crematorrons-2022\/\",\"url\":\"https:\/\/sagavinaestartit.com\/fr\/crematorrons-2022\/\",\"name\":\"CremaTorrons 2022 | Sa Gavina Apartaments\",\"isPartOf\":{\"@id\":\"https:\/\/sagavinaestartit.com\/fr\/#website\"},\"primaryImageOfPage\":{\"@id\":\"https:\/\/sagavinaestartit.com\/fr\/crematorrons-2022\/#primaryimage\"},\"image\":{\"@id\":\"https:\/\/sagavinaestartit.com\/fr\/crematorrons-2022\/#primaryimage\"},\"thumbnailUrl\":\"https:\/\/sagavinaestartit.com\/wp-content\/uploads\/2022\/01\/crematorrons.jpg\",\"datePublished\":\"2022-01-13T13:46:07+00:00\",\"breadcrumb\":{\"@id\":\"https:\/\/sagavinaestartit.com\/fr\/crematorrons-2022\/#breadcrumb\"},\"inLanguage\":\"fr-FR\",\"potentialAction\":[{\"@type\":\"ReadAction\",\"target\":[\"https:\/\/sagavinaestartit.com\/fr\/crematorrons-2022\/\"]}]},{\"@type\":\"ImageObject\",\"inLanguage\":\"fr-FR\",\"@id\":\"https:\/\/sagavinaestartit.com\/fr\/crematorrons-2022\/#primaryimage\",\"url\":\"https:\/\/sagavinaestartit.com\/wp-content\/uploads\/2022\/01\/crematorrons.jpg\",\"contentUrl\":\"https:\/\/sagavinaestartit.com\/wp-content\/uploads\/2022\/01\/crematorrons.jpg\",\"width\":850,\"height\":550},{\"@type\":\"BreadcrumbList\",\"@id\":\"https:\/\/sagavinaestartit.com\/fr\/crematorrons-2022\/#breadcrumb\",\"itemListElement\":[{\"@type\":\"ListItem\",\"position\":1,\"name\":\"Portada\",\"item\":\"https:\/\/sagavinaestartit.com\/fr\/home\/\"},{\"@type\":\"ListItem\",\"position\":2,\"name\":\"CremaTorrons 2022\"}]},{\"@type\":\"WebSite\",\"@id\":\"https:\/\/sagavinaestartit.com\/fr\/#website\",\"url\":\"https:\/\/sagavinaestartit.com\/fr\/\",\"name\":\"Sa Gavina Apartaments\",\"description\":\"Sa Gavina Apartments\",\"publisher\":{\"@id\":\"https:\/\/sagavinaestartit.com\/fr\/#organization\"},\"potentialAction\":[{\"@type\":\"SearchAction\",\"target\":{\"@type\":\"EntryPoint\",\"urlTemplate\":\"https:\/\/sagavinaestartit.com\/fr\/?s={search_term_string}\"},\"query-input\":{\"@type\":\"PropertyValueSpecification\",\"valueRequired\":true,\"valueName\":\"search_term_string\"}}],\"inLanguage\":\"fr-FR\"},{\"@type\":\"Organization\",\"@id\":\"https:\/\/sagavinaestartit.com\/fr\/#organization\",\"name\":\"Sa Gavina Apartments\",\"url\":\"https:\/\/sagavinaestartit.com\/fr\/\",\"logo\":{\"@type\":\"ImageObject\",\"inLanguage\":\"fr-FR\",\"@id\":\"https:\/\/sagavinaestartit.com\/fr\/#\/schema\/logo\/image\/\",\"url\":\"https:\/\/sagavinaestartit.com\/wp-content\/uploads\/2024\/12\/3-1.png\",\"contentUrl\":\"https:\/\/sagavinaestartit.com\/wp-content\/uploads\/2024\/12\/3-1.png\",\"width\":500,\"height\":200,\"caption\":\"Sa Gavina Apartments\"},\"image\":{\"@id\":\"https:\/\/sagavinaestartit.com\/fr\/#\/schema\/logo\/image\/\"}},{\"@type\":\"Person\",\"@id\":\"https:\/\/sagavinaestartit.com\/fr\/#\/schema\/person\/72b3f9a420869474351007377bde83c0\",\"name\":\"tecnico_alojapro\",\"sameAs\":[\"https:\/\/sagavinaestartit.com\"]}]}<\/script>\n<!-- \/ Yoast SEO plugin. -->","yoast_head_json":{"title":"CremaTorrons 2022 | Sa Gavina Apartaments","robots":{"index":"index","follow":"follow","max-snippet":"max-snippet:-1","max-image-preview":"max-image-preview:large","max-video-preview":"max-video-preview:-1"},"canonical":"https:\/\/sagavinaestartit.com\/fr\/crematorrons-2022\/","og_locale":"fr_FR","og_type":"article","og_title":"CremaTorrons 2022 | Sa Gavina Apartaments","og_description":"Venez participer \u00e0 la course CremaTorrons! \u00c0 Torroella de Montgr\u00ed, c&rsquo;est devenu une tradition de participer \u00e0 la CremaTorrons apr\u00e8s No\u00ebl et le Nouvel An. Cette ann\u00e9e, la course se d\u00e9roulera le 23 janvier. Il s&rsquo;agit de la cinqui\u00e8me \u00e9dition. [...]","og_url":"https:\/\/sagavinaestartit.com\/fr\/crematorrons-2022\/","og_site_name":"Sa Gavina Apartaments","article_published_time":"2022-01-13T13:46:07+00:00","og_image":[{"width":850,"height":550,"url":"https:\/\/sagavinaestartit.com\/wp-content\/uploads\/2022\/01\/crematorrons.jpg","type":"image\/jpeg"}],"author":"tecnico_alojapro","twitter_card":"summary_large_image","twitter_misc":{"\u00c9crit par":"tecnico_alojapro","Dur\u00e9e de lecture estim\u00e9e":"1 minute"},"schema":{"@context":"https:\/\/schema.org","@graph":[{"@type":"Article","@id":"https:\/\/sagavinaestartit.com\/fr\/crematorrons-2022\/#article","isPartOf":{"@id":"https:\/\/sagavinaestartit.com\/fr\/crematorrons-2022\/"},"author":{"name":"tecnico_alojapro","@id":"https:\/\/sagavinaestartit.com\/fr\/#\/schema\/person\/72b3f9a420869474351007377bde83c0"},"headline":"CremaTorrons 2022","datePublished":"2022-01-13T13:46:07+00:00","mainEntityOfPage":{"@id":"https:\/\/sagavinaestartit.com\/fr\/crematorrons-2022\/"},"wordCount":296,"commentCount":0,"publisher":{"@id":"https:\/\/sagavinaestartit.com\/fr\/#organization"},"image":{"@id":"https:\/\/sagavinaestartit.com\/fr\/crematorrons-2022\/#primaryimage"},"thumbnailUrl":"https:\/\/sagavinaestartit.com\/wp-content\/uploads\/2022\/01\/crematorrons.jpg","keywords":["activit\u00e9s \u00e0 l'Estartit|courses|sport"],"articleSection":["Activit\u00e9s a l'Estartit"],"inLanguage":"fr-FR","potentialAction":[{"@type":"CommentAction","name":"Comment","target":["https:\/\/sagavinaestartit.com\/fr\/crematorrons-2022\/#respond"]}]},{"@type":"WebPage","@id":"https:\/\/sagavinaestartit.com\/fr\/crematorrons-2022\/","url":"https:\/\/sagavinaestartit.com\/fr\/crematorrons-2022\/","name":"CremaTorrons 2022 | Sa Gavina Apartaments","isPartOf":{"@id":"https:\/\/sagavinaestartit.com\/fr\/#website"},"primaryImageOfPage":{"@id":"https:\/\/sagavinaestartit.com\/fr\/crematorrons-2022\/#primaryimage"},"image":{"@id":"https:\/\/sagavinaestartit.com\/fr\/crematorrons-2022\/#primaryimage"},"thumbnailUrl":"https:\/\/sagavinaestartit.com\/wp-content\/uploads\/2022\/01\/crematorrons.jpg","datePublished":"2022-01-13T13:46:07+00:00","breadcrumb":{"@id":"https:\/\/sagavinaestartit.com\/fr\/crematorrons-2022\/#breadcrumb"},"inLanguage":"fr-FR","potentialAction":[{"@type":"ReadAction","target":["https:\/\/sagavinaestartit.com\/fr\/crematorrons-2022\/"]}]},{"@type":"ImageObject","inLanguage":"fr-FR","@id":"https:\/\/sagavinaestartit.com\/fr\/crematorrons-2022\/#primaryimage","url":"https:\/\/sagavinaestartit.com\/wp-content\/uploads\/2022\/01\/crematorrons.jpg","contentUrl":"https:\/\/sagavinaestartit.com\/wp-content\/uploads\/2022\/01\/crematorrons.jpg","width":850,"height":550},{"@type":"BreadcrumbList","@id":"https:\/\/sagavinaestartit.com\/fr\/crematorrons-2022\/#breadcrumb","itemListElement":[{"@type":"ListItem","position":1,"name":"Portada","item":"https:\/\/sagavinaestartit.com\/fr\/home\/"},{"@type":"ListItem","position":2,"name":"CremaTorrons 2022"}]},{"@type":"WebSite","@id":"https:\/\/sagavinaestartit.com\/fr\/#website","url":"https:\/\/sagavinaestartit.com\/fr\/","name":"Sa Gavina Apartaments","description":"Sa Gavina Apartments","publisher":{"@id":"https:\/\/sagavinaestartit.com\/fr\/#organization"},"potentialAction":[{"@type":"SearchAction","target":{"@type":"EntryPoint","urlTemplate":"https:\/\/sagavinaestartit.com\/fr\/?s={search_term_string}"},"query-input":{"@type":"PropertyValueSpecification","valueRequired":true,"valueName":"search_term_string"}}],"inLanguage":"fr-FR"},{"@type":"Organization","@id":"https:\/\/sagavinaestartit.com\/fr\/#organization","name":"Sa Gavina Apartments","url":"https:\/\/sagavinaestartit.com\/fr\/","logo":{"@type":"ImageObject","inLanguage":"fr-FR","@id":"https:\/\/sagavinaestartit.com\/fr\/#\/schema\/logo\/image\/","url":"https:\/\/sagavinaestartit.com\/wp-content\/uploads\/2024\/12\/3-1.png","contentUrl":"https:\/\/sagavinaestartit.com\/wp-content\/uploads\/2024\/12\/3-1.png","width":500,"height":200,"caption":"Sa Gavina Apartments"},"image":{"@id":"https:\/\/sagavinaestartit.com\/fr\/#\/schema\/logo\/image\/"}},{"@type":"Person","@id":"https:\/\/sagavinaestartit.com\/fr\/#\/schema\/person\/72b3f9a420869474351007377bde83c0","name":"tecnico_alojapro","sameAs":["https:\/\/sagavinaestartit.com"]}]}},"_links":{"self":[{"href":"https:\/\/sagavinaestartit.com\/fr\/wp-json\/wp\/v2\/posts\/29295","targetHints":{"allow":["GET"]}}],"collection":[{"href":"https:\/\/sagavinaestartit.com\/fr\/wp-json\/wp\/v2\/posts"}],"about":[{"href":"https:\/\/sagavinaestartit.com\/fr\/wp-json\/wp\/v2\/types\/post"}],"author":[{"embeddable":true,"href":"https:\/\/sagavinaestartit.com\/fr\/wp-json\/wp\/v2\/users\/1"}],"replies":[{"embeddable":true,"href":"https:\/\/sagavinaestartit.com\/fr\/wp-json\/wp\/v2\/comments?post=29295"}],"version-history":[{"count":0,"href":"https:\/\/sagavinaestartit.com\/fr\/wp-json\/wp\/v2\/posts\/29295\/revisions"}],"wp:featuredmedia":[{"embeddable":true,"href":"https:\/\/sagavinaestartit.com\/fr\/wp-json\/wp\/v2\/media\/27392"}],"wp:attachment":[{"href":"https:\/\/sagavinaestartit.com\/fr\/wp-json\/wp\/v2\/media?parent=29295"}],"wp:term":[{"taxonomy":"category","embeddable":true,"href":"https:\/\/sagavinaestartit.com\/fr\/wp-json\/wp\/v2\/categories?post=29295"},{"taxonomy":"post_tag","embeddable":true,"href":"https:\/\/sagavinaestartit.com\/fr\/wp-json\/wp\/v2\/tags?post=29295"}],"curies":[{"name":"wp","href":"https:\/\/api.w.org\/{rel}","templated":true}]}}