{"id":29247,"date":"2020-08-12T07:09:34","date_gmt":"2020-08-12T05:09:34","guid":{"rendered":"https:\/\/sagavinaestartit.com\/2020\/08\/12\/visites-guidees-a-la-pletera-aout-2020\/"},"modified":"2020-08-12T07:09:34","modified_gmt":"2020-08-12T05:09:34","slug":"visites-guidees-a-la-pletera-aout-2020","status":"publish","type":"post","link":"https:\/\/sagavinaestartit.com\/fr\/visites-guidees-a-la-pletera-aout-2020\/","title":{"rendered":"Visites guid\u00e9es \u00e0 La Pletera &#8211; Ao\u00fbt 2020"},"content":{"rendered":"<p align=\"JUSTIFY\"><span style=\"color: #000000;\">Du 14\/07 au 25\/08 \u00e0 9h00 sur la Pla\u00e7a de l&rsquo;Esgl\u00e9sia de l&rsquo;Estartit, des <strong>visites guid\u00e9es<\/strong> sont organis\u00e9es au prix de 4 \u20ac pour d\u00e9couvrir l&rsquo;espace naturel de <strong>La Pletera<\/strong>, dans un itin\u00e9raire con\u00e7u pour toute la famille, vous d\u00e9couvrirez la diversit\u00e9 des environnements c\u00f4tiers du Baix Ter.<\/span><\/p>\n<p align=\"JUSTIFY\"><span style=\"color: #000000;\">L&rsquo;utilisation d&rsquo;un masque, le maintien d&rsquo;une distance de s\u00e9curit\u00e9 de 1,5 m et l&rsquo;hygi\u00e8ne des mains lorsque cela est n\u00e9cessaire sont obligatoires. Il est recommand\u00e9 d&rsquo;utiliser des v\u00eatements et des chaussures appropri\u00e9s pour marcher et transporter de l&rsquo;eau.<\/span><\/p>\n<p align=\"JUSTIFY\"><span style=\"color: #000000;\">Pour vous inscrire \u00e0 l&rsquo;activit\u00e9, vous devez envoyer un email \u00e0 <strong>museu@torroella-estartit.cat<\/strong> ou appeler le <strong>972755180<\/strong>. Vous devez faire une r\u00e9servation avant 21h00 la veille de la visite.<\/span><\/p>\n","protected":false},"excerpt":{"rendered":"<p>Du 14\/07 au 25\/08 \u00e0 9h00 sur la Pla\u00e7a de l&rsquo;Esgl\u00e9sia de l&rsquo;Estartit, des visites guid\u00e9es sont organis\u00e9es au prix de 4 \u20ac pour d\u00e9couvrir l&rsquo;espace naturel de La Pletera, dans un itin\u00e9raire con\u00e7u pour toute la famille, vous d\u00e9couvrirez  [&#8230;]<\/p>\n","protected":false},"author":1,"featured_media":27172,"comment_status":"open","ping_status":"open","sticky":false,"template":"","format":"standard","meta":{"footnotes":""},"categories":[130],"tags":[],"class_list":["post-29247","post","type-post","status-publish","format-standard","has-post-thumbnail","hentry","category-nouvelles"],"yoast_head":"<!-- This site is optimized with the Yoast SEO plugin v27.1.1 - https:\/\/yoast.com\/product\/yoast-seo-wordpress\/ -->\n<title>Visites guid\u00e9es \u00e0 La Pletera - Ao\u00fbt 2020 | Sa Gavina Apartaments<\/title>\n<meta name=\"robots\" content=\"index, follow, max-snippet:-1, max-image-preview:large, max-video-preview:-1\" \/>\n<link rel=\"canonical\" href=\"https:\/\/sagavinaestartit.com\/fr\/visites-guidees-a-la-pletera-aout-2020\/\" \/>\n<meta property=\"og:locale\" content=\"fr_FR\" \/>\n<meta property=\"og:type\" content=\"article\" \/>\n<meta property=\"og:title\" content=\"Visites guid\u00e9es \u00e0 La Pletera - Ao\u00fbt 2020 | Sa Gavina Apartaments\" \/>\n<meta property=\"og:description\" content=\"Du 14\/07 au 25\/08 \u00e0 9h00 sur la Pla\u00e7a de l&rsquo;Esgl\u00e9sia de l&rsquo;Estartit, des visites guid\u00e9es sont organis\u00e9es au prix de 4 \u20ac pour d\u00e9couvrir l&rsquo;espace naturel de La Pletera, dans un itin\u00e9raire con\u00e7u pour toute la famille, vous d\u00e9couvrirez [...]\" \/>\n<meta property=\"og:url\" content=\"https:\/\/sagavinaestartit.com\/fr\/visites-guidees-a-la-pletera-aout-2020\/\" \/>\n<meta property=\"og:site_name\" content=\"Sa Gavina Apartaments\" \/>\n<meta property=\"article:published_time\" content=\"2020-08-12T05:09:34+00:00\" \/>\n<meta property=\"og:image\" content=\"https:\/\/sagavinaestartit.com\/wp-content\/uploads\/2020\/08\/Novedades-Web.jpg\" \/>\n\t<meta property=\"og:image:width\" content=\"335\" \/>\n\t<meta property=\"og:image:height\" content=\"224\" \/>\n\t<meta property=\"og:image:type\" content=\"image\/jpeg\" \/>\n<meta name=\"author\" content=\"tecnico_alojapro\" \/>\n<meta name=\"twitter:card\" content=\"summary_large_image\" \/>\n<meta name=\"twitter:label1\" content=\"\u00c9crit par\" \/>\n\t<meta name=\"twitter:data1\" content=\"tecnico_alojapro\" \/>\n\t<meta name=\"twitter:label2\" content=\"Dur\u00e9e de lecture estim\u00e9e\" \/>\n\t<meta name=\"twitter:data2\" content=\"1 minute\" \/>\n<script type=\"application\/ld+json\" class=\"yoast-schema-graph\">{\"@context\":\"https:\/\/schema.org\",\"@graph\":[{\"@type\":\"Article\",\"@id\":\"https:\/\/sagavinaestartit.com\/fr\/visites-guidees-a-la-pletera-aout-2020\/#article\",\"isPartOf\":{\"@id\":\"https:\/\/sagavinaestartit.com\/fr\/visites-guidees-a-la-pletera-aout-2020\/\"},\"author\":{\"name\":\"tecnico_alojapro\",\"@id\":\"https:\/\/sagavinaestartit.com\/fr\/#\/schema\/person\/72b3f9a420869474351007377bde83c0\"},\"headline\":\"Visites guid\u00e9es \u00e0 La Pletera &#8211; Ao\u00fbt 2020\",\"datePublished\":\"2020-08-12T05:09:34+00:00\",\"mainEntityOfPage\":{\"@id\":\"https:\/\/sagavinaestartit.com\/fr\/visites-guidees-a-la-pletera-aout-2020\/\"},\"wordCount\":140,\"commentCount\":0,\"publisher\":{\"@id\":\"https:\/\/sagavinaestartit.com\/fr\/#organization\"},\"image\":{\"@id\":\"https:\/\/sagavinaestartit.com\/fr\/visites-guidees-a-la-pletera-aout-2020\/#primaryimage\"},\"thumbnailUrl\":\"https:\/\/sagavinaestartit.com\/wp-content\/uploads\/2020\/08\/Novedades-Web.jpg\",\"articleSection\":[\"Nouvelles\"],\"inLanguage\":\"fr-FR\",\"potentialAction\":[{\"@type\":\"CommentAction\",\"name\":\"Comment\",\"target\":[\"https:\/\/sagavinaestartit.com\/fr\/visites-guidees-a-la-pletera-aout-2020\/#respond\"]}]},{\"@type\":\"WebPage\",\"@id\":\"https:\/\/sagavinaestartit.com\/fr\/visites-guidees-a-la-pletera-aout-2020\/\",\"url\":\"https:\/\/sagavinaestartit.com\/fr\/visites-guidees-a-la-pletera-aout-2020\/\",\"name\":\"Visites guid\u00e9es \u00e0 La Pletera - Ao\u00fbt 2020 | Sa Gavina Apartaments\",\"isPartOf\":{\"@id\":\"https:\/\/sagavinaestartit.com\/fr\/#website\"},\"primaryImageOfPage\":{\"@id\":\"https:\/\/sagavinaestartit.com\/fr\/visites-guidees-a-la-pletera-aout-2020\/#primaryimage\"},\"image\":{\"@id\":\"https:\/\/sagavinaestartit.com\/fr\/visites-guidees-a-la-pletera-aout-2020\/#primaryimage\"},\"thumbnailUrl\":\"https:\/\/sagavinaestartit.com\/wp-content\/uploads\/2020\/08\/Novedades-Web.jpg\",\"datePublished\":\"2020-08-12T05:09:34+00:00\",\"breadcrumb\":{\"@id\":\"https:\/\/sagavinaestartit.com\/fr\/visites-guidees-a-la-pletera-aout-2020\/#breadcrumb\"},\"inLanguage\":\"fr-FR\",\"potentialAction\":[{\"@type\":\"ReadAction\",\"target\":[\"https:\/\/sagavinaestartit.com\/fr\/visites-guidees-a-la-pletera-aout-2020\/\"]}]},{\"@type\":\"ImageObject\",\"inLanguage\":\"fr-FR\",\"@id\":\"https:\/\/sagavinaestartit.com\/fr\/visites-guidees-a-la-pletera-aout-2020\/#primaryimage\",\"url\":\"https:\/\/sagavinaestartit.com\/wp-content\/uploads\/2020\/08\/Novedades-Web.jpg\",\"contentUrl\":\"https:\/\/sagavinaestartit.com\/wp-content\/uploads\/2020\/08\/Novedades-Web.jpg\",\"width\":335,\"height\":224,\"caption\":\"CREATOR: gd-jpeg v1.0 (using IJG JPEG v62), quality = 82\"},{\"@type\":\"BreadcrumbList\",\"@id\":\"https:\/\/sagavinaestartit.com\/fr\/visites-guidees-a-la-pletera-aout-2020\/#breadcrumb\",\"itemListElement\":[{\"@type\":\"ListItem\",\"position\":1,\"name\":\"Portada\",\"item\":\"https:\/\/sagavinaestartit.com\/fr\/home\/\"},{\"@type\":\"ListItem\",\"position\":2,\"name\":\"Visites guid\u00e9es \u00e0 La Pletera &#8211; Ao\u00fbt 2020\"}]},{\"@type\":\"WebSite\",\"@id\":\"https:\/\/sagavinaestartit.com\/fr\/#website\",\"url\":\"https:\/\/sagavinaestartit.com\/fr\/\",\"name\":\"Sa Gavina Apartaments\",\"description\":\"Sa Gavina Apartments\",\"publisher\":{\"@id\":\"https:\/\/sagavinaestartit.com\/fr\/#organization\"},\"potentialAction\":[{\"@type\":\"SearchAction\",\"target\":{\"@type\":\"EntryPoint\",\"urlTemplate\":\"https:\/\/sagavinaestartit.com\/fr\/?s={search_term_string}\"},\"query-input\":{\"@type\":\"PropertyValueSpecification\",\"valueRequired\":true,\"valueName\":\"search_term_string\"}}],\"inLanguage\":\"fr-FR\"},{\"@type\":\"Organization\",\"@id\":\"https:\/\/sagavinaestartit.com\/fr\/#organization\",\"name\":\"Sa Gavina Apartments\",\"url\":\"https:\/\/sagavinaestartit.com\/fr\/\",\"logo\":{\"@type\":\"ImageObject\",\"inLanguage\":\"fr-FR\",\"@id\":\"https:\/\/sagavinaestartit.com\/fr\/#\/schema\/logo\/image\/\",\"url\":\"https:\/\/sagavinaestartit.com\/wp-content\/uploads\/2024\/12\/3-1.png\",\"contentUrl\":\"https:\/\/sagavinaestartit.com\/wp-content\/uploads\/2024\/12\/3-1.png\",\"width\":500,\"height\":200,\"caption\":\"Sa Gavina Apartments\"},\"image\":{\"@id\":\"https:\/\/sagavinaestartit.com\/fr\/#\/schema\/logo\/image\/\"}},{\"@type\":\"Person\",\"@id\":\"https:\/\/sagavinaestartit.com\/fr\/#\/schema\/person\/72b3f9a420869474351007377bde83c0\",\"name\":\"tecnico_alojapro\",\"sameAs\":[\"https:\/\/sagavinaestartit.com\"]}]}<\/script>\n<!-- \/ Yoast SEO plugin. -->","yoast_head_json":{"title":"Visites guid\u00e9es \u00e0 La Pletera - Ao\u00fbt 2020 | Sa Gavina Apartaments","robots":{"index":"index","follow":"follow","max-snippet":"max-snippet:-1","max-image-preview":"max-image-preview:large","max-video-preview":"max-video-preview:-1"},"canonical":"https:\/\/sagavinaestartit.com\/fr\/visites-guidees-a-la-pletera-aout-2020\/","og_locale":"fr_FR","og_type":"article","og_title":"Visites guid\u00e9es \u00e0 La Pletera - Ao\u00fbt 2020 | Sa Gavina Apartaments","og_description":"Du 14\/07 au 25\/08 \u00e0 9h00 sur la Pla\u00e7a de l&rsquo;Esgl\u00e9sia de l&rsquo;Estartit, des visites guid\u00e9es sont organis\u00e9es au prix de 4 \u20ac pour d\u00e9couvrir l&rsquo;espace naturel de La Pletera, dans un itin\u00e9raire con\u00e7u pour toute la famille, vous d\u00e9couvrirez [...]","og_url":"https:\/\/sagavinaestartit.com\/fr\/visites-guidees-a-la-pletera-aout-2020\/","og_site_name":"Sa Gavina Apartaments","article_published_time":"2020-08-12T05:09:34+00:00","og_image":[{"width":335,"height":224,"url":"https:\/\/sagavinaestartit.com\/wp-content\/uploads\/2020\/08\/Novedades-Web.jpg","type":"image\/jpeg"}],"author":"tecnico_alojapro","twitter_card":"summary_large_image","twitter_misc":{"\u00c9crit par":"tecnico_alojapro","Dur\u00e9e de lecture estim\u00e9e":"1 minute"},"schema":{"@context":"https:\/\/schema.org","@graph":[{"@type":"Article","@id":"https:\/\/sagavinaestartit.com\/fr\/visites-guidees-a-la-pletera-aout-2020\/#article","isPartOf":{"@id":"https:\/\/sagavinaestartit.com\/fr\/visites-guidees-a-la-pletera-aout-2020\/"},"author":{"name":"tecnico_alojapro","@id":"https:\/\/sagavinaestartit.com\/fr\/#\/schema\/person\/72b3f9a420869474351007377bde83c0"},"headline":"Visites guid\u00e9es \u00e0 La Pletera &#8211; Ao\u00fbt 2020","datePublished":"2020-08-12T05:09:34+00:00","mainEntityOfPage":{"@id":"https:\/\/sagavinaestartit.com\/fr\/visites-guidees-a-la-pletera-aout-2020\/"},"wordCount":140,"commentCount":0,"publisher":{"@id":"https:\/\/sagavinaestartit.com\/fr\/#organization"},"image":{"@id":"https:\/\/sagavinaestartit.com\/fr\/visites-guidees-a-la-pletera-aout-2020\/#primaryimage"},"thumbnailUrl":"https:\/\/sagavinaestartit.com\/wp-content\/uploads\/2020\/08\/Novedades-Web.jpg","articleSection":["Nouvelles"],"inLanguage":"fr-FR","potentialAction":[{"@type":"CommentAction","name":"Comment","target":["https:\/\/sagavinaestartit.com\/fr\/visites-guidees-a-la-pletera-aout-2020\/#respond"]}]},{"@type":"WebPage","@id":"https:\/\/sagavinaestartit.com\/fr\/visites-guidees-a-la-pletera-aout-2020\/","url":"https:\/\/sagavinaestartit.com\/fr\/visites-guidees-a-la-pletera-aout-2020\/","name":"Visites guid\u00e9es \u00e0 La Pletera - Ao\u00fbt 2020 | Sa Gavina Apartaments","isPartOf":{"@id":"https:\/\/sagavinaestartit.com\/fr\/#website"},"primaryImageOfPage":{"@id":"https:\/\/sagavinaestartit.com\/fr\/visites-guidees-a-la-pletera-aout-2020\/#primaryimage"},"image":{"@id":"https:\/\/sagavinaestartit.com\/fr\/visites-guidees-a-la-pletera-aout-2020\/#primaryimage"},"thumbnailUrl":"https:\/\/sagavinaestartit.com\/wp-content\/uploads\/2020\/08\/Novedades-Web.jpg","datePublished":"2020-08-12T05:09:34+00:00","breadcrumb":{"@id":"https:\/\/sagavinaestartit.com\/fr\/visites-guidees-a-la-pletera-aout-2020\/#breadcrumb"},"inLanguage":"fr-FR","potentialAction":[{"@type":"ReadAction","target":["https:\/\/sagavinaestartit.com\/fr\/visites-guidees-a-la-pletera-aout-2020\/"]}]},{"@type":"ImageObject","inLanguage":"fr-FR","@id":"https:\/\/sagavinaestartit.com\/fr\/visites-guidees-a-la-pletera-aout-2020\/#primaryimage","url":"https:\/\/sagavinaestartit.com\/wp-content\/uploads\/2020\/08\/Novedades-Web.jpg","contentUrl":"https:\/\/sagavinaestartit.com\/wp-content\/uploads\/2020\/08\/Novedades-Web.jpg","width":335,"height":224,"caption":"CREATOR: gd-jpeg v1.0 (using IJG JPEG v62), quality = 82"},{"@type":"BreadcrumbList","@id":"https:\/\/sagavinaestartit.com\/fr\/visites-guidees-a-la-pletera-aout-2020\/#breadcrumb","itemListElement":[{"@type":"ListItem","position":1,"name":"Portada","item":"https:\/\/sagavinaestartit.com\/fr\/home\/"},{"@type":"ListItem","position":2,"name":"Visites guid\u00e9es \u00e0 La Pletera &#8211; Ao\u00fbt 2020"}]},{"@type":"WebSite","@id":"https:\/\/sagavinaestartit.com\/fr\/#website","url":"https:\/\/sagavinaestartit.com\/fr\/","name":"Sa Gavina Apartaments","description":"Sa Gavina Apartments","publisher":{"@id":"https:\/\/sagavinaestartit.com\/fr\/#organization"},"potentialAction":[{"@type":"SearchAction","target":{"@type":"EntryPoint","urlTemplate":"https:\/\/sagavinaestartit.com\/fr\/?s={search_term_string}"},"query-input":{"@type":"PropertyValueSpecification","valueRequired":true,"valueName":"search_term_string"}}],"inLanguage":"fr-FR"},{"@type":"Organization","@id":"https:\/\/sagavinaestartit.com\/fr\/#organization","name":"Sa Gavina Apartments","url":"https:\/\/sagavinaestartit.com\/fr\/","logo":{"@type":"ImageObject","inLanguage":"fr-FR","@id":"https:\/\/sagavinaestartit.com\/fr\/#\/schema\/logo\/image\/","url":"https:\/\/sagavinaestartit.com\/wp-content\/uploads\/2024\/12\/3-1.png","contentUrl":"https:\/\/sagavinaestartit.com\/wp-content\/uploads\/2024\/12\/3-1.png","width":500,"height":200,"caption":"Sa Gavina Apartments"},"image":{"@id":"https:\/\/sagavinaestartit.com\/fr\/#\/schema\/logo\/image\/"}},{"@type":"Person","@id":"https:\/\/sagavinaestartit.com\/fr\/#\/schema\/person\/72b3f9a420869474351007377bde83c0","name":"tecnico_alojapro","sameAs":["https:\/\/sagavinaestartit.com"]}]}},"_links":{"self":[{"href":"https:\/\/sagavinaestartit.com\/fr\/wp-json\/wp\/v2\/posts\/29247","targetHints":{"allow":["GET"]}}],"collection":[{"href":"https:\/\/sagavinaestartit.com\/fr\/wp-json\/wp\/v2\/posts"}],"about":[{"href":"https:\/\/sagavinaestartit.com\/fr\/wp-json\/wp\/v2\/types\/post"}],"author":[{"embeddable":true,"href":"https:\/\/sagavinaestartit.com\/fr\/wp-json\/wp\/v2\/users\/1"}],"replies":[{"embeddable":true,"href":"https:\/\/sagavinaestartit.com\/fr\/wp-json\/wp\/v2\/comments?post=29247"}],"version-history":[{"count":0,"href":"https:\/\/sagavinaestartit.com\/fr\/wp-json\/wp\/v2\/posts\/29247\/revisions"}],"wp:featuredmedia":[{"embeddable":true,"href":"https:\/\/sagavinaestartit.com\/fr\/wp-json\/wp\/v2\/media\/27172"}],"wp:attachment":[{"href":"https:\/\/sagavinaestartit.com\/fr\/wp-json\/wp\/v2\/media?parent=29247"}],"wp:term":[{"taxonomy":"category","embeddable":true,"href":"https:\/\/sagavinaestartit.com\/fr\/wp-json\/wp\/v2\/categories?post=29247"},{"taxonomy":"post_tag","embeddable":true,"href":"https:\/\/sagavinaestartit.com\/fr\/wp-json\/wp\/v2\/tags?post=29247"}],"curies":[{"name":"wp","href":"https:\/\/api.w.org\/{rel}","templated":true}]}}