{"id":29226,"date":"2018-04-07T16:00:36","date_gmt":"2018-04-07T14:00:36","guid":{"rendered":"https:\/\/sagavinaestartit.com\/2018\/04\/07\/le-guide-dactivite-estivale-2017-est-disponible\/"},"modified":"2018-04-07T16:00:36","modified_gmt":"2018-04-07T14:00:36","slug":"le-guide-dactivite-estivale-2017-est-disponible","status":"publish","type":"post","link":"https:\/\/sagavinaestartit.com\/fr\/le-guide-dactivite-estivale-2017-est-disponible\/","title":{"rendered":"Le guide d&rsquo;activit\u00e9 estivale 2017 est disponible"},"content":{"rendered":"<p style=\"font-weight: 400; text-align: justify;\">Profitant du location des appartements \u00e0 Estartit et d&rsquo;autres logements pendant la saison touristique de 2017, la Mairie de Torroella de Montgr\u00ed et l&rsquo;Estartit &#8211; avec l&rsquo;office de tourisme &#8211; a cr\u00e9\u00e9 un guide de toutes les activit\u00e9s \u00e0 mener dans la r\u00e9gion Pendant les mois de juin \u00e0 septembre.<\/p>\n<p style=\"font-weight: 400; text-align: justify;\">Des journ\u00e9es gastronomiques, des festivals musicaux, des chansons habaneras, des spectacles pour enfants, du cin\u00e9ma ou des sessions de Pilates ou Zumba, ce programme est con\u00e7u pour un public tr\u00e8s diversifi\u00e9 et avec un objectif clair: transformer les vacances des visiteurs en cette zone de La Costa Brava \u00e0 des vacances inoubliables.<\/p>\n<p style=\"font-weight: 400;\">Vous pouvez consultez au guide complet \u00e0:\u00a0<a href=\"http:\/\/www.visitestartit.com\/biblioteca\/items\/577\/VIU_L_ESTIU_2017_V7.pdf?platform=hootsuite\">http:\/\/www.visitestartit.com\/biblioteca\/items\/577\/VIU_L_ESTIU_2017_V7.pdf?platform=hootsuite<\/a><\/p>\n<p>&nbsp;<\/p>\n","protected":false},"excerpt":{"rendered":"<p>Profitant du location des appartements \u00e0 Estartit et d&rsquo;autres logements pendant la saison touristique de 2017, la Mairie de Torroella de Montgr\u00ed et l&rsquo;Estartit &#8211; avec l&rsquo;office de tourisme &#8211; a cr\u00e9\u00e9 un guide de toutes les activit\u00e9s \u00e0 mener  [&#8230;]<\/p>\n","protected":false},"author":1,"featured_media":26948,"comment_status":"open","ping_status":"open","sticky":false,"template":"","format":"standard","meta":{"footnotes":""},"categories":[130],"tags":[],"class_list":["post-29226","post","type-post","status-publish","format-standard","has-post-thumbnail","hentry","category-nouvelles"],"yoast_head":"<!-- This site is optimized with the Yoast SEO plugin v27.1.1 - https:\/\/yoast.com\/product\/yoast-seo-wordpress\/ -->\n<title>Le guide d&#039;activit\u00e9 estivale 2017 est disponible | Sa Gavina Apartaments<\/title>\n<meta name=\"robots\" content=\"index, follow, max-snippet:-1, max-image-preview:large, max-video-preview:-1\" \/>\n<link rel=\"canonical\" href=\"https:\/\/sagavinaestartit.com\/fr\/le-guide-dactivite-estivale-2017-est-disponible\/\" \/>\n<meta property=\"og:locale\" content=\"fr_FR\" \/>\n<meta property=\"og:type\" content=\"article\" \/>\n<meta property=\"og:title\" content=\"Le guide d&#039;activit\u00e9 estivale 2017 est disponible | Sa Gavina Apartaments\" \/>\n<meta property=\"og:description\" content=\"Profitant du location des appartements \u00e0 Estartit et d&rsquo;autres logements pendant la saison touristique de 2017, la Mairie de Torroella de Montgr\u00ed et l&rsquo;Estartit &#8211; avec l&rsquo;office de tourisme &#8211; a cr\u00e9\u00e9 un guide de toutes les activit\u00e9s \u00e0 mener [...]\" \/>\n<meta property=\"og:url\" content=\"https:\/\/sagavinaestartit.com\/fr\/le-guide-dactivite-estivale-2017-est-disponible\/\" \/>\n<meta property=\"og:site_name\" content=\"Sa Gavina Apartaments\" \/>\n<meta property=\"article:published_time\" content=\"2018-04-07T14:00:36+00:00\" \/>\n<meta property=\"og:image\" content=\"https:\/\/sagavinaestartit.com\/wp-content\/uploads\/2018\/04\/large_alquiler_apartamentos_estartit_guia_actividades.jpg\" \/>\n\t<meta property=\"og:image:width\" content=\"335\" \/>\n\t<meta property=\"og:image:height\" content=\"393\" \/>\n\t<meta property=\"og:image:type\" content=\"image\/jpeg\" \/>\n<meta name=\"author\" content=\"tecnico_alojapro\" \/>\n<meta name=\"twitter:card\" content=\"summary_large_image\" \/>\n<meta name=\"twitter:label1\" content=\"\u00c9crit par\" \/>\n\t<meta name=\"twitter:data1\" content=\"tecnico_alojapro\" \/>\n\t<meta name=\"twitter:label2\" content=\"Dur\u00e9e de lecture estim\u00e9e\" \/>\n\t<meta name=\"twitter:data2\" content=\"1 minute\" \/>\n<script type=\"application\/ld+json\" class=\"yoast-schema-graph\">{\"@context\":\"https:\/\/schema.org\",\"@graph\":[{\"@type\":\"Article\",\"@id\":\"https:\/\/sagavinaestartit.com\/fr\/le-guide-dactivite-estivale-2017-est-disponible\/#article\",\"isPartOf\":{\"@id\":\"https:\/\/sagavinaestartit.com\/fr\/le-guide-dactivite-estivale-2017-est-disponible\/\"},\"author\":{\"name\":\"tecnico_alojapro\",\"@id\":\"https:\/\/sagavinaestartit.com\/fr\/#\/schema\/person\/72b3f9a420869474351007377bde83c0\"},\"headline\":\"Le guide d&rsquo;activit\u00e9 estivale 2017 est disponible\",\"datePublished\":\"2018-04-07T14:00:36+00:00\",\"mainEntityOfPage\":{\"@id\":\"https:\/\/sagavinaestartit.com\/fr\/le-guide-dactivite-estivale-2017-est-disponible\/\"},\"wordCount\":133,\"commentCount\":0,\"publisher\":{\"@id\":\"https:\/\/sagavinaestartit.com\/fr\/#organization\"},\"image\":{\"@id\":\"https:\/\/sagavinaestartit.com\/fr\/le-guide-dactivite-estivale-2017-est-disponible\/#primaryimage\"},\"thumbnailUrl\":\"https:\/\/sagavinaestartit.com\/wp-content\/uploads\/2018\/04\/large_alquiler_apartamentos_estartit_guia_actividades.jpg\",\"articleSection\":[\"Nouvelles\"],\"inLanguage\":\"fr-FR\",\"potentialAction\":[{\"@type\":\"CommentAction\",\"name\":\"Comment\",\"target\":[\"https:\/\/sagavinaestartit.com\/fr\/le-guide-dactivite-estivale-2017-est-disponible\/#respond\"]}]},{\"@type\":\"WebPage\",\"@id\":\"https:\/\/sagavinaestartit.com\/fr\/le-guide-dactivite-estivale-2017-est-disponible\/\",\"url\":\"https:\/\/sagavinaestartit.com\/fr\/le-guide-dactivite-estivale-2017-est-disponible\/\",\"name\":\"Le guide d'activit\u00e9 estivale 2017 est disponible | Sa Gavina Apartaments\",\"isPartOf\":{\"@id\":\"https:\/\/sagavinaestartit.com\/fr\/#website\"},\"primaryImageOfPage\":{\"@id\":\"https:\/\/sagavinaestartit.com\/fr\/le-guide-dactivite-estivale-2017-est-disponible\/#primaryimage\"},\"image\":{\"@id\":\"https:\/\/sagavinaestartit.com\/fr\/le-guide-dactivite-estivale-2017-est-disponible\/#primaryimage\"},\"thumbnailUrl\":\"https:\/\/sagavinaestartit.com\/wp-content\/uploads\/2018\/04\/large_alquiler_apartamentos_estartit_guia_actividades.jpg\",\"datePublished\":\"2018-04-07T14:00:36+00:00\",\"breadcrumb\":{\"@id\":\"https:\/\/sagavinaestartit.com\/fr\/le-guide-dactivite-estivale-2017-est-disponible\/#breadcrumb\"},\"inLanguage\":\"fr-FR\",\"potentialAction\":[{\"@type\":\"ReadAction\",\"target\":[\"https:\/\/sagavinaestartit.com\/fr\/le-guide-dactivite-estivale-2017-est-disponible\/\"]}]},{\"@type\":\"ImageObject\",\"inLanguage\":\"fr-FR\",\"@id\":\"https:\/\/sagavinaestartit.com\/fr\/le-guide-dactivite-estivale-2017-est-disponible\/#primaryimage\",\"url\":\"https:\/\/sagavinaestartit.com\/wp-content\/uploads\/2018\/04\/large_alquiler_apartamentos_estartit_guia_actividades.jpg\",\"contentUrl\":\"https:\/\/sagavinaestartit.com\/wp-content\/uploads\/2018\/04\/large_alquiler_apartamentos_estartit_guia_actividades.jpg\",\"width\":335,\"height\":393},{\"@type\":\"BreadcrumbList\",\"@id\":\"https:\/\/sagavinaestartit.com\/fr\/le-guide-dactivite-estivale-2017-est-disponible\/#breadcrumb\",\"itemListElement\":[{\"@type\":\"ListItem\",\"position\":1,\"name\":\"Portada\",\"item\":\"https:\/\/sagavinaestartit.com\/fr\/home\/\"},{\"@type\":\"ListItem\",\"position\":2,\"name\":\"Le guide d&rsquo;activit\u00e9 estivale 2017 est disponible\"}]},{\"@type\":\"WebSite\",\"@id\":\"https:\/\/sagavinaestartit.com\/fr\/#website\",\"url\":\"https:\/\/sagavinaestartit.com\/fr\/\",\"name\":\"Sa Gavina Apartaments\",\"description\":\"Sa Gavina Apartments\",\"publisher\":{\"@id\":\"https:\/\/sagavinaestartit.com\/fr\/#organization\"},\"potentialAction\":[{\"@type\":\"SearchAction\",\"target\":{\"@type\":\"EntryPoint\",\"urlTemplate\":\"https:\/\/sagavinaestartit.com\/fr\/?s={search_term_string}\"},\"query-input\":{\"@type\":\"PropertyValueSpecification\",\"valueRequired\":true,\"valueName\":\"search_term_string\"}}],\"inLanguage\":\"fr-FR\"},{\"@type\":\"Organization\",\"@id\":\"https:\/\/sagavinaestartit.com\/fr\/#organization\",\"name\":\"Sa Gavina Apartments\",\"url\":\"https:\/\/sagavinaestartit.com\/fr\/\",\"logo\":{\"@type\":\"ImageObject\",\"inLanguage\":\"fr-FR\",\"@id\":\"https:\/\/sagavinaestartit.com\/fr\/#\/schema\/logo\/image\/\",\"url\":\"https:\/\/sagavinaestartit.com\/wp-content\/uploads\/2024\/12\/3-1.png\",\"contentUrl\":\"https:\/\/sagavinaestartit.com\/wp-content\/uploads\/2024\/12\/3-1.png\",\"width\":500,\"height\":200,\"caption\":\"Sa Gavina Apartments\"},\"image\":{\"@id\":\"https:\/\/sagavinaestartit.com\/fr\/#\/schema\/logo\/image\/\"}},{\"@type\":\"Person\",\"@id\":\"https:\/\/sagavinaestartit.com\/fr\/#\/schema\/person\/72b3f9a420869474351007377bde83c0\",\"name\":\"tecnico_alojapro\",\"sameAs\":[\"https:\/\/sagavinaestartit.com\"]}]}<\/script>\n<!-- \/ Yoast SEO plugin. -->","yoast_head_json":{"title":"Le guide d'activit\u00e9 estivale 2017 est disponible | Sa Gavina Apartaments","robots":{"index":"index","follow":"follow","max-snippet":"max-snippet:-1","max-image-preview":"max-image-preview:large","max-video-preview":"max-video-preview:-1"},"canonical":"https:\/\/sagavinaestartit.com\/fr\/le-guide-dactivite-estivale-2017-est-disponible\/","og_locale":"fr_FR","og_type":"article","og_title":"Le guide d'activit\u00e9 estivale 2017 est disponible | Sa Gavina Apartaments","og_description":"Profitant du location des appartements \u00e0 Estartit et d&rsquo;autres logements pendant la saison touristique de 2017, la Mairie de Torroella de Montgr\u00ed et l&rsquo;Estartit &#8211; avec l&rsquo;office de tourisme &#8211; a cr\u00e9\u00e9 un guide de toutes les activit\u00e9s \u00e0 mener [...]","og_url":"https:\/\/sagavinaestartit.com\/fr\/le-guide-dactivite-estivale-2017-est-disponible\/","og_site_name":"Sa Gavina Apartaments","article_published_time":"2018-04-07T14:00:36+00:00","og_image":[{"width":335,"height":393,"url":"https:\/\/sagavinaestartit.com\/wp-content\/uploads\/2018\/04\/large_alquiler_apartamentos_estartit_guia_actividades.jpg","type":"image\/jpeg"}],"author":"tecnico_alojapro","twitter_card":"summary_large_image","twitter_misc":{"\u00c9crit par":"tecnico_alojapro","Dur\u00e9e de lecture estim\u00e9e":"1 minute"},"schema":{"@context":"https:\/\/schema.org","@graph":[{"@type":"Article","@id":"https:\/\/sagavinaestartit.com\/fr\/le-guide-dactivite-estivale-2017-est-disponible\/#article","isPartOf":{"@id":"https:\/\/sagavinaestartit.com\/fr\/le-guide-dactivite-estivale-2017-est-disponible\/"},"author":{"name":"tecnico_alojapro","@id":"https:\/\/sagavinaestartit.com\/fr\/#\/schema\/person\/72b3f9a420869474351007377bde83c0"},"headline":"Le guide d&rsquo;activit\u00e9 estivale 2017 est disponible","datePublished":"2018-04-07T14:00:36+00:00","mainEntityOfPage":{"@id":"https:\/\/sagavinaestartit.com\/fr\/le-guide-dactivite-estivale-2017-est-disponible\/"},"wordCount":133,"commentCount":0,"publisher":{"@id":"https:\/\/sagavinaestartit.com\/fr\/#organization"},"image":{"@id":"https:\/\/sagavinaestartit.com\/fr\/le-guide-dactivite-estivale-2017-est-disponible\/#primaryimage"},"thumbnailUrl":"https:\/\/sagavinaestartit.com\/wp-content\/uploads\/2018\/04\/large_alquiler_apartamentos_estartit_guia_actividades.jpg","articleSection":["Nouvelles"],"inLanguage":"fr-FR","potentialAction":[{"@type":"CommentAction","name":"Comment","target":["https:\/\/sagavinaestartit.com\/fr\/le-guide-dactivite-estivale-2017-est-disponible\/#respond"]}]},{"@type":"WebPage","@id":"https:\/\/sagavinaestartit.com\/fr\/le-guide-dactivite-estivale-2017-est-disponible\/","url":"https:\/\/sagavinaestartit.com\/fr\/le-guide-dactivite-estivale-2017-est-disponible\/","name":"Le guide d'activit\u00e9 estivale 2017 est disponible | Sa Gavina Apartaments","isPartOf":{"@id":"https:\/\/sagavinaestartit.com\/fr\/#website"},"primaryImageOfPage":{"@id":"https:\/\/sagavinaestartit.com\/fr\/le-guide-dactivite-estivale-2017-est-disponible\/#primaryimage"},"image":{"@id":"https:\/\/sagavinaestartit.com\/fr\/le-guide-dactivite-estivale-2017-est-disponible\/#primaryimage"},"thumbnailUrl":"https:\/\/sagavinaestartit.com\/wp-content\/uploads\/2018\/04\/large_alquiler_apartamentos_estartit_guia_actividades.jpg","datePublished":"2018-04-07T14:00:36+00:00","breadcrumb":{"@id":"https:\/\/sagavinaestartit.com\/fr\/le-guide-dactivite-estivale-2017-est-disponible\/#breadcrumb"},"inLanguage":"fr-FR","potentialAction":[{"@type":"ReadAction","target":["https:\/\/sagavinaestartit.com\/fr\/le-guide-dactivite-estivale-2017-est-disponible\/"]}]},{"@type":"ImageObject","inLanguage":"fr-FR","@id":"https:\/\/sagavinaestartit.com\/fr\/le-guide-dactivite-estivale-2017-est-disponible\/#primaryimage","url":"https:\/\/sagavinaestartit.com\/wp-content\/uploads\/2018\/04\/large_alquiler_apartamentos_estartit_guia_actividades.jpg","contentUrl":"https:\/\/sagavinaestartit.com\/wp-content\/uploads\/2018\/04\/large_alquiler_apartamentos_estartit_guia_actividades.jpg","width":335,"height":393},{"@type":"BreadcrumbList","@id":"https:\/\/sagavinaestartit.com\/fr\/le-guide-dactivite-estivale-2017-est-disponible\/#breadcrumb","itemListElement":[{"@type":"ListItem","position":1,"name":"Portada","item":"https:\/\/sagavinaestartit.com\/fr\/home\/"},{"@type":"ListItem","position":2,"name":"Le guide d&rsquo;activit\u00e9 estivale 2017 est disponible"}]},{"@type":"WebSite","@id":"https:\/\/sagavinaestartit.com\/fr\/#website","url":"https:\/\/sagavinaestartit.com\/fr\/","name":"Sa Gavina Apartaments","description":"Sa Gavina Apartments","publisher":{"@id":"https:\/\/sagavinaestartit.com\/fr\/#organization"},"potentialAction":[{"@type":"SearchAction","target":{"@type":"EntryPoint","urlTemplate":"https:\/\/sagavinaestartit.com\/fr\/?s={search_term_string}"},"query-input":{"@type":"PropertyValueSpecification","valueRequired":true,"valueName":"search_term_string"}}],"inLanguage":"fr-FR"},{"@type":"Organization","@id":"https:\/\/sagavinaestartit.com\/fr\/#organization","name":"Sa Gavina Apartments","url":"https:\/\/sagavinaestartit.com\/fr\/","logo":{"@type":"ImageObject","inLanguage":"fr-FR","@id":"https:\/\/sagavinaestartit.com\/fr\/#\/schema\/logo\/image\/","url":"https:\/\/sagavinaestartit.com\/wp-content\/uploads\/2024\/12\/3-1.png","contentUrl":"https:\/\/sagavinaestartit.com\/wp-content\/uploads\/2024\/12\/3-1.png","width":500,"height":200,"caption":"Sa Gavina Apartments"},"image":{"@id":"https:\/\/sagavinaestartit.com\/fr\/#\/schema\/logo\/image\/"}},{"@type":"Person","@id":"https:\/\/sagavinaestartit.com\/fr\/#\/schema\/person\/72b3f9a420869474351007377bde83c0","name":"tecnico_alojapro","sameAs":["https:\/\/sagavinaestartit.com"]}]}},"_links":{"self":[{"href":"https:\/\/sagavinaestartit.com\/fr\/wp-json\/wp\/v2\/posts\/29226","targetHints":{"allow":["GET"]}}],"collection":[{"href":"https:\/\/sagavinaestartit.com\/fr\/wp-json\/wp\/v2\/posts"}],"about":[{"href":"https:\/\/sagavinaestartit.com\/fr\/wp-json\/wp\/v2\/types\/post"}],"author":[{"embeddable":true,"href":"https:\/\/sagavinaestartit.com\/fr\/wp-json\/wp\/v2\/users\/1"}],"replies":[{"embeddable":true,"href":"https:\/\/sagavinaestartit.com\/fr\/wp-json\/wp\/v2\/comments?post=29226"}],"version-history":[{"count":0,"href":"https:\/\/sagavinaestartit.com\/fr\/wp-json\/wp\/v2\/posts\/29226\/revisions"}],"wp:featuredmedia":[{"embeddable":true,"href":"https:\/\/sagavinaestartit.com\/fr\/wp-json\/wp\/v2\/media\/26948"}],"wp:attachment":[{"href":"https:\/\/sagavinaestartit.com\/fr\/wp-json\/wp\/v2\/media?parent=29226"}],"wp:term":[{"taxonomy":"category","embeddable":true,"href":"https:\/\/sagavinaestartit.com\/fr\/wp-json\/wp\/v2\/categories?post=29226"},{"taxonomy":"post_tag","embeddable":true,"href":"https:\/\/sagavinaestartit.com\/fr\/wp-json\/wp\/v2\/tags?post=29226"}],"curies":[{"name":"wp","href":"https:\/\/api.w.org\/{rel}","templated":true}]}}