{"id":29223,"date":"2018-04-07T16:45:15","date_gmt":"2018-04-07T14:45:15","guid":{"rendered":"https:\/\/sagavinaestartit.com\/2018\/04\/07\/les-jours-gastronomiques-du-bateau-a-la-table-a-estartit-au-cours-du-mois-de-mai\/"},"modified":"2018-04-07T16:45:15","modified_gmt":"2018-04-07T14:45:15","slug":"les-jours-gastronomiques-du-bateau-a-la-table-a-estartit-au-cours-du-mois-de-mai","status":"publish","type":"post","link":"https:\/\/sagavinaestartit.com\/fr\/les-jours-gastronomiques-du-bateau-a-la-table-a-estartit-au-cours-du-mois-de-mai\/","title":{"rendered":"Les jours gastronomiques \u00ab\u00a0du bateau \u00e0 la table\u00a0\u00bb \u00e0 Estartit au cours du mois de mai"},"content":{"rendered":"<p style=\"font-weight: 400; text-align: justify;\">Si pendant le mois de mai vous s\u00e9journez dans nos appartements locatifs \u00e0 Estartit, vous pourrez profiter des nouveaux journ\u00e9es gastronomiques organis\u00e9es par certains restaurants situ\u00e9s \u00e0 Estartit et \u00e0 Torroella de Montgr\u00ed.<\/p>\n<p style=\"font-weight: 400; text-align: justify;\">Plus pr\u00e9cis\u00e9ment, cette initiative a particip\u00e9 \u00e0 10 restaurants dans la r\u00e9gion qui offriront tout au long du mois de mai, un menu de p\u00eacheurs au prix de 20 \u20ac. Une occasion unique de profiter de la gastronomie typique de la r\u00e9gion \u00e0 un prix plus abordable pour toute la famille.<\/p>\n<p style=\"font-weight: 400; text-align: justify;\">Vous pouvez consulter la liste des restaurants et les d\u00e9tails de chacun des menus propos\u00e9s dans le lien suivant\u00a0:\u00a0<a href=\"https:\/\/www.facebook.com\/139652992802864\/photos\/a.139656069469223.20989.139652992802864\/1067525060015648\/?type=3&amp;theater\">https:\/\/www.facebook.com\/139652992802864\/photos\/a.139656069469223.20989.139652992802864\/1067525060015648\/?type=3&amp;theater<\/a><\/p>\n","protected":false},"excerpt":{"rendered":"<p>Si pendant le mois de mai vous s\u00e9journez dans nos appartements locatifs \u00e0 Estartit, vous pourrez profiter des nouveaux journ\u00e9es gastronomiques organis\u00e9es par certains restaurants situ\u00e9s \u00e0 Estartit et \u00e0 Torroella de Montgr\u00ed. Plus pr\u00e9cis\u00e9ment, cette initiative a particip\u00e9 \u00e0  [&#8230;]<\/p>\n","protected":false},"author":1,"featured_media":26933,"comment_status":"open","ping_status":"open","sticky":false,"template":"","format":"standard","meta":{"footnotes":""},"categories":[130],"tags":[],"class_list":["post-29223","post","type-post","status-publish","format-standard","has-post-thumbnail","hentry","category-nouvelles"],"yoast_head":"<!-- This site is optimized with the Yoast SEO plugin v27.1.1 - https:\/\/yoast.com\/product\/yoast-seo-wordpress\/ -->\n<title>Les jours gastronomiques &quot;du bateau \u00e0 la table&quot; \u00e0 Estartit au cours du mois de mai | Sa Gavina Apartaments<\/title>\n<meta name=\"robots\" content=\"index, follow, max-snippet:-1, max-image-preview:large, max-video-preview:-1\" \/>\n<link rel=\"canonical\" href=\"https:\/\/sagavinaestartit.com\/fr\/les-jours-gastronomiques-du-bateau-a-la-table-a-estartit-au-cours-du-mois-de-mai\/\" \/>\n<meta property=\"og:locale\" content=\"fr_FR\" \/>\n<meta property=\"og:type\" content=\"article\" \/>\n<meta property=\"og:title\" content=\"Les jours gastronomiques &quot;du bateau \u00e0 la table&quot; \u00e0 Estartit au cours du mois de mai | Sa Gavina Apartaments\" \/>\n<meta property=\"og:description\" content=\"Si pendant le mois de mai vous s\u00e9journez dans nos appartements locatifs \u00e0 Estartit, vous pourrez profiter des nouveaux journ\u00e9es gastronomiques organis\u00e9es par certains restaurants situ\u00e9s \u00e0 Estartit et \u00e0 Torroella de Montgr\u00ed. Plus pr\u00e9cis\u00e9ment, cette initiative a particip\u00e9 \u00e0 [...]\" \/>\n<meta property=\"og:url\" content=\"https:\/\/sagavinaestartit.com\/fr\/les-jours-gastronomiques-du-bateau-a-la-table-a-estartit-au-cours-du-mois-de-mai\/\" \/>\n<meta property=\"og:site_name\" content=\"Sa Gavina Apartaments\" \/>\n<meta property=\"article:published_time\" content=\"2018-04-07T14:45:15+00:00\" \/>\n<meta property=\"og:image\" content=\"https:\/\/sagavinaestartit.com\/wp-content\/uploads\/2018\/04\/large_jornadas_gastronomicas_barca_taula.jpg\" \/>\n\t<meta property=\"og:image:width\" content=\"305\" \/>\n\t<meta property=\"og:image:height\" content=\"500\" \/>\n\t<meta property=\"og:image:type\" content=\"image\/jpeg\" \/>\n<meta name=\"author\" content=\"tecnico_alojapro\" \/>\n<meta name=\"twitter:card\" content=\"summary_large_image\" \/>\n<meta name=\"twitter:label1\" content=\"\u00c9crit par\" \/>\n\t<meta name=\"twitter:data1\" content=\"tecnico_alojapro\" \/>\n\t<meta name=\"twitter:label2\" content=\"Dur\u00e9e de lecture estim\u00e9e\" \/>\n\t<meta name=\"twitter:data2\" content=\"1 minute\" \/>\n<script type=\"application\/ld+json\" class=\"yoast-schema-graph\">{\"@context\":\"https:\/\/schema.org\",\"@graph\":[{\"@type\":\"Article\",\"@id\":\"https:\/\/sagavinaestartit.com\/fr\/les-jours-gastronomiques-du-bateau-a-la-table-a-estartit-au-cours-du-mois-de-mai\/#article\",\"isPartOf\":{\"@id\":\"https:\/\/sagavinaestartit.com\/fr\/les-jours-gastronomiques-du-bateau-a-la-table-a-estartit-au-cours-du-mois-de-mai\/\"},\"author\":{\"name\":\"tecnico_alojapro\",\"@id\":\"https:\/\/sagavinaestartit.com\/fr\/#\/schema\/person\/72b3f9a420869474351007377bde83c0\"},\"headline\":\"Les jours gastronomiques \u00ab\u00a0du bateau \u00e0 la table\u00a0\u00bb \u00e0 Estartit au cours du mois de mai\",\"datePublished\":\"2018-04-07T14:45:15+00:00\",\"mainEntityOfPage\":{\"@id\":\"https:\/\/sagavinaestartit.com\/fr\/les-jours-gastronomiques-du-bateau-a-la-table-a-estartit-au-cours-du-mois-de-mai\/\"},\"wordCount\":129,\"commentCount\":0,\"publisher\":{\"@id\":\"https:\/\/sagavinaestartit.com\/fr\/#organization\"},\"image\":{\"@id\":\"https:\/\/sagavinaestartit.com\/fr\/les-jours-gastronomiques-du-bateau-a-la-table-a-estartit-au-cours-du-mois-de-mai\/#primaryimage\"},\"thumbnailUrl\":\"https:\/\/sagavinaestartit.com\/wp-content\/uploads\/2018\/04\/large_jornadas_gastronomicas_barca_taula.jpg\",\"articleSection\":[\"Nouvelles\"],\"inLanguage\":\"fr-FR\",\"potentialAction\":[{\"@type\":\"CommentAction\",\"name\":\"Comment\",\"target\":[\"https:\/\/sagavinaestartit.com\/fr\/les-jours-gastronomiques-du-bateau-a-la-table-a-estartit-au-cours-du-mois-de-mai\/#respond\"]}]},{\"@type\":\"WebPage\",\"@id\":\"https:\/\/sagavinaestartit.com\/fr\/les-jours-gastronomiques-du-bateau-a-la-table-a-estartit-au-cours-du-mois-de-mai\/\",\"url\":\"https:\/\/sagavinaestartit.com\/fr\/les-jours-gastronomiques-du-bateau-a-la-table-a-estartit-au-cours-du-mois-de-mai\/\",\"name\":\"Les jours gastronomiques \\\"du bateau \u00e0 la table\\\" \u00e0 Estartit au cours du mois de mai | Sa Gavina Apartaments\",\"isPartOf\":{\"@id\":\"https:\/\/sagavinaestartit.com\/fr\/#website\"},\"primaryImageOfPage\":{\"@id\":\"https:\/\/sagavinaestartit.com\/fr\/les-jours-gastronomiques-du-bateau-a-la-table-a-estartit-au-cours-du-mois-de-mai\/#primaryimage\"},\"image\":{\"@id\":\"https:\/\/sagavinaestartit.com\/fr\/les-jours-gastronomiques-du-bateau-a-la-table-a-estartit-au-cours-du-mois-de-mai\/#primaryimage\"},\"thumbnailUrl\":\"https:\/\/sagavinaestartit.com\/wp-content\/uploads\/2018\/04\/large_jornadas_gastronomicas_barca_taula.jpg\",\"datePublished\":\"2018-04-07T14:45:15+00:00\",\"breadcrumb\":{\"@id\":\"https:\/\/sagavinaestartit.com\/fr\/les-jours-gastronomiques-du-bateau-a-la-table-a-estartit-au-cours-du-mois-de-mai\/#breadcrumb\"},\"inLanguage\":\"fr-FR\",\"potentialAction\":[{\"@type\":\"ReadAction\",\"target\":[\"https:\/\/sagavinaestartit.com\/fr\/les-jours-gastronomiques-du-bateau-a-la-table-a-estartit-au-cours-du-mois-de-mai\/\"]}]},{\"@type\":\"ImageObject\",\"inLanguage\":\"fr-FR\",\"@id\":\"https:\/\/sagavinaestartit.com\/fr\/les-jours-gastronomiques-du-bateau-a-la-table-a-estartit-au-cours-du-mois-de-mai\/#primaryimage\",\"url\":\"https:\/\/sagavinaestartit.com\/wp-content\/uploads\/2018\/04\/large_jornadas_gastronomicas_barca_taula.jpg\",\"contentUrl\":\"https:\/\/sagavinaestartit.com\/wp-content\/uploads\/2018\/04\/large_jornadas_gastronomicas_barca_taula.jpg\",\"width\":305,\"height\":500},{\"@type\":\"BreadcrumbList\",\"@id\":\"https:\/\/sagavinaestartit.com\/fr\/les-jours-gastronomiques-du-bateau-a-la-table-a-estartit-au-cours-du-mois-de-mai\/#breadcrumb\",\"itemListElement\":[{\"@type\":\"ListItem\",\"position\":1,\"name\":\"Portada\",\"item\":\"https:\/\/sagavinaestartit.com\/fr\/home\/\"},{\"@type\":\"ListItem\",\"position\":2,\"name\":\"Les jours gastronomiques \u00ab\u00a0du bateau \u00e0 la table\u00a0\u00bb \u00e0 Estartit au cours du mois de mai\"}]},{\"@type\":\"WebSite\",\"@id\":\"https:\/\/sagavinaestartit.com\/fr\/#website\",\"url\":\"https:\/\/sagavinaestartit.com\/fr\/\",\"name\":\"Sa Gavina Apartaments\",\"description\":\"Sa Gavina Apartments\",\"publisher\":{\"@id\":\"https:\/\/sagavinaestartit.com\/fr\/#organization\"},\"potentialAction\":[{\"@type\":\"SearchAction\",\"target\":{\"@type\":\"EntryPoint\",\"urlTemplate\":\"https:\/\/sagavinaestartit.com\/fr\/?s={search_term_string}\"},\"query-input\":{\"@type\":\"PropertyValueSpecification\",\"valueRequired\":true,\"valueName\":\"search_term_string\"}}],\"inLanguage\":\"fr-FR\"},{\"@type\":\"Organization\",\"@id\":\"https:\/\/sagavinaestartit.com\/fr\/#organization\",\"name\":\"Sa Gavina Apartments\",\"url\":\"https:\/\/sagavinaestartit.com\/fr\/\",\"logo\":{\"@type\":\"ImageObject\",\"inLanguage\":\"fr-FR\",\"@id\":\"https:\/\/sagavinaestartit.com\/fr\/#\/schema\/logo\/image\/\",\"url\":\"https:\/\/sagavinaestartit.com\/wp-content\/uploads\/2024\/12\/3-1.png\",\"contentUrl\":\"https:\/\/sagavinaestartit.com\/wp-content\/uploads\/2024\/12\/3-1.png\",\"width\":500,\"height\":200,\"caption\":\"Sa Gavina Apartments\"},\"image\":{\"@id\":\"https:\/\/sagavinaestartit.com\/fr\/#\/schema\/logo\/image\/\"}},{\"@type\":\"Person\",\"@id\":\"https:\/\/sagavinaestartit.com\/fr\/#\/schema\/person\/72b3f9a420869474351007377bde83c0\",\"name\":\"tecnico_alojapro\",\"sameAs\":[\"https:\/\/sagavinaestartit.com\"]}]}<\/script>\n<!-- \/ Yoast SEO plugin. -->","yoast_head_json":{"title":"Les jours gastronomiques \"du bateau \u00e0 la table\" \u00e0 Estartit au cours du mois de mai | Sa Gavina Apartaments","robots":{"index":"index","follow":"follow","max-snippet":"max-snippet:-1","max-image-preview":"max-image-preview:large","max-video-preview":"max-video-preview:-1"},"canonical":"https:\/\/sagavinaestartit.com\/fr\/les-jours-gastronomiques-du-bateau-a-la-table-a-estartit-au-cours-du-mois-de-mai\/","og_locale":"fr_FR","og_type":"article","og_title":"Les jours gastronomiques \"du bateau \u00e0 la table\" \u00e0 Estartit au cours du mois de mai | Sa Gavina Apartaments","og_description":"Si pendant le mois de mai vous s\u00e9journez dans nos appartements locatifs \u00e0 Estartit, vous pourrez profiter des nouveaux journ\u00e9es gastronomiques organis\u00e9es par certains restaurants situ\u00e9s \u00e0 Estartit et \u00e0 Torroella de Montgr\u00ed. Plus pr\u00e9cis\u00e9ment, cette initiative a particip\u00e9 \u00e0 [...]","og_url":"https:\/\/sagavinaestartit.com\/fr\/les-jours-gastronomiques-du-bateau-a-la-table-a-estartit-au-cours-du-mois-de-mai\/","og_site_name":"Sa Gavina Apartaments","article_published_time":"2018-04-07T14:45:15+00:00","og_image":[{"width":305,"height":500,"url":"https:\/\/sagavinaestartit.com\/wp-content\/uploads\/2018\/04\/large_jornadas_gastronomicas_barca_taula.jpg","type":"image\/jpeg"}],"author":"tecnico_alojapro","twitter_card":"summary_large_image","twitter_misc":{"\u00c9crit par":"tecnico_alojapro","Dur\u00e9e de lecture estim\u00e9e":"1 minute"},"schema":{"@context":"https:\/\/schema.org","@graph":[{"@type":"Article","@id":"https:\/\/sagavinaestartit.com\/fr\/les-jours-gastronomiques-du-bateau-a-la-table-a-estartit-au-cours-du-mois-de-mai\/#article","isPartOf":{"@id":"https:\/\/sagavinaestartit.com\/fr\/les-jours-gastronomiques-du-bateau-a-la-table-a-estartit-au-cours-du-mois-de-mai\/"},"author":{"name":"tecnico_alojapro","@id":"https:\/\/sagavinaestartit.com\/fr\/#\/schema\/person\/72b3f9a420869474351007377bde83c0"},"headline":"Les jours gastronomiques \u00ab\u00a0du bateau \u00e0 la table\u00a0\u00bb \u00e0 Estartit au cours du mois de mai","datePublished":"2018-04-07T14:45:15+00:00","mainEntityOfPage":{"@id":"https:\/\/sagavinaestartit.com\/fr\/les-jours-gastronomiques-du-bateau-a-la-table-a-estartit-au-cours-du-mois-de-mai\/"},"wordCount":129,"commentCount":0,"publisher":{"@id":"https:\/\/sagavinaestartit.com\/fr\/#organization"},"image":{"@id":"https:\/\/sagavinaestartit.com\/fr\/les-jours-gastronomiques-du-bateau-a-la-table-a-estartit-au-cours-du-mois-de-mai\/#primaryimage"},"thumbnailUrl":"https:\/\/sagavinaestartit.com\/wp-content\/uploads\/2018\/04\/large_jornadas_gastronomicas_barca_taula.jpg","articleSection":["Nouvelles"],"inLanguage":"fr-FR","potentialAction":[{"@type":"CommentAction","name":"Comment","target":["https:\/\/sagavinaestartit.com\/fr\/les-jours-gastronomiques-du-bateau-a-la-table-a-estartit-au-cours-du-mois-de-mai\/#respond"]}]},{"@type":"WebPage","@id":"https:\/\/sagavinaestartit.com\/fr\/les-jours-gastronomiques-du-bateau-a-la-table-a-estartit-au-cours-du-mois-de-mai\/","url":"https:\/\/sagavinaestartit.com\/fr\/les-jours-gastronomiques-du-bateau-a-la-table-a-estartit-au-cours-du-mois-de-mai\/","name":"Les jours gastronomiques \"du bateau \u00e0 la table\" \u00e0 Estartit au cours du mois de mai | Sa Gavina Apartaments","isPartOf":{"@id":"https:\/\/sagavinaestartit.com\/fr\/#website"},"primaryImageOfPage":{"@id":"https:\/\/sagavinaestartit.com\/fr\/les-jours-gastronomiques-du-bateau-a-la-table-a-estartit-au-cours-du-mois-de-mai\/#primaryimage"},"image":{"@id":"https:\/\/sagavinaestartit.com\/fr\/les-jours-gastronomiques-du-bateau-a-la-table-a-estartit-au-cours-du-mois-de-mai\/#primaryimage"},"thumbnailUrl":"https:\/\/sagavinaestartit.com\/wp-content\/uploads\/2018\/04\/large_jornadas_gastronomicas_barca_taula.jpg","datePublished":"2018-04-07T14:45:15+00:00","breadcrumb":{"@id":"https:\/\/sagavinaestartit.com\/fr\/les-jours-gastronomiques-du-bateau-a-la-table-a-estartit-au-cours-du-mois-de-mai\/#breadcrumb"},"inLanguage":"fr-FR","potentialAction":[{"@type":"ReadAction","target":["https:\/\/sagavinaestartit.com\/fr\/les-jours-gastronomiques-du-bateau-a-la-table-a-estartit-au-cours-du-mois-de-mai\/"]}]},{"@type":"ImageObject","inLanguage":"fr-FR","@id":"https:\/\/sagavinaestartit.com\/fr\/les-jours-gastronomiques-du-bateau-a-la-table-a-estartit-au-cours-du-mois-de-mai\/#primaryimage","url":"https:\/\/sagavinaestartit.com\/wp-content\/uploads\/2018\/04\/large_jornadas_gastronomicas_barca_taula.jpg","contentUrl":"https:\/\/sagavinaestartit.com\/wp-content\/uploads\/2018\/04\/large_jornadas_gastronomicas_barca_taula.jpg","width":305,"height":500},{"@type":"BreadcrumbList","@id":"https:\/\/sagavinaestartit.com\/fr\/les-jours-gastronomiques-du-bateau-a-la-table-a-estartit-au-cours-du-mois-de-mai\/#breadcrumb","itemListElement":[{"@type":"ListItem","position":1,"name":"Portada","item":"https:\/\/sagavinaestartit.com\/fr\/home\/"},{"@type":"ListItem","position":2,"name":"Les jours gastronomiques \u00ab\u00a0du bateau \u00e0 la table\u00a0\u00bb \u00e0 Estartit au cours du mois de mai"}]},{"@type":"WebSite","@id":"https:\/\/sagavinaestartit.com\/fr\/#website","url":"https:\/\/sagavinaestartit.com\/fr\/","name":"Sa Gavina Apartaments","description":"Sa Gavina Apartments","publisher":{"@id":"https:\/\/sagavinaestartit.com\/fr\/#organization"},"potentialAction":[{"@type":"SearchAction","target":{"@type":"EntryPoint","urlTemplate":"https:\/\/sagavinaestartit.com\/fr\/?s={search_term_string}"},"query-input":{"@type":"PropertyValueSpecification","valueRequired":true,"valueName":"search_term_string"}}],"inLanguage":"fr-FR"},{"@type":"Organization","@id":"https:\/\/sagavinaestartit.com\/fr\/#organization","name":"Sa Gavina Apartments","url":"https:\/\/sagavinaestartit.com\/fr\/","logo":{"@type":"ImageObject","inLanguage":"fr-FR","@id":"https:\/\/sagavinaestartit.com\/fr\/#\/schema\/logo\/image\/","url":"https:\/\/sagavinaestartit.com\/wp-content\/uploads\/2024\/12\/3-1.png","contentUrl":"https:\/\/sagavinaestartit.com\/wp-content\/uploads\/2024\/12\/3-1.png","width":500,"height":200,"caption":"Sa Gavina Apartments"},"image":{"@id":"https:\/\/sagavinaestartit.com\/fr\/#\/schema\/logo\/image\/"}},{"@type":"Person","@id":"https:\/\/sagavinaestartit.com\/fr\/#\/schema\/person\/72b3f9a420869474351007377bde83c0","name":"tecnico_alojapro","sameAs":["https:\/\/sagavinaestartit.com"]}]}},"_links":{"self":[{"href":"https:\/\/sagavinaestartit.com\/fr\/wp-json\/wp\/v2\/posts\/29223","targetHints":{"allow":["GET"]}}],"collection":[{"href":"https:\/\/sagavinaestartit.com\/fr\/wp-json\/wp\/v2\/posts"}],"about":[{"href":"https:\/\/sagavinaestartit.com\/fr\/wp-json\/wp\/v2\/types\/post"}],"author":[{"embeddable":true,"href":"https:\/\/sagavinaestartit.com\/fr\/wp-json\/wp\/v2\/users\/1"}],"replies":[{"embeddable":true,"href":"https:\/\/sagavinaestartit.com\/fr\/wp-json\/wp\/v2\/comments?post=29223"}],"version-history":[{"count":0,"href":"https:\/\/sagavinaestartit.com\/fr\/wp-json\/wp\/v2\/posts\/29223\/revisions"}],"wp:featuredmedia":[{"embeddable":true,"href":"https:\/\/sagavinaestartit.com\/fr\/wp-json\/wp\/v2\/media\/26933"}],"wp:attachment":[{"href":"https:\/\/sagavinaestartit.com\/fr\/wp-json\/wp\/v2\/media?parent=29223"}],"wp:term":[{"taxonomy":"category","embeddable":true,"href":"https:\/\/sagavinaestartit.com\/fr\/wp-json\/wp\/v2\/categories?post=29223"},{"taxonomy":"post_tag","embeddable":true,"href":"https:\/\/sagavinaestartit.com\/fr\/wp-json\/wp\/v2\/tags?post=29223"}],"curies":[{"name":"wp","href":"https:\/\/api.w.org\/{rel}","templated":true}]}}