{"id":29221,"date":"2018-04-07T17:15:04","date_gmt":"2018-04-07T15:15:04","guid":{"rendered":"https:\/\/sagavinaestartit.com\/2018\/04\/07\/white-summer-2017-23-jours-de-festivites-et-dhebergement-dans-les-appartements-de-location-sa-gavina-a-estartit\/"},"modified":"2018-04-07T17:15:04","modified_gmt":"2018-04-07T15:15:04","slug":"white-summer-2017-23-jours-de-festivites-et-dhebergement-dans-les-appartements-de-location-sa-gavina-a-estartit","status":"publish","type":"post","link":"https:\/\/sagavinaestartit.com\/fr\/white-summer-2017-23-jours-de-festivites-et-dhebergement-dans-les-appartements-de-location-sa-gavina-a-estartit\/","title":{"rendered":"\u00ab\u00a0White summer\u201d 2017: 23 jours de festivit\u00e9s et d&rsquo;h\u00e9bergement dans les appartements de location Sa gavina \u00e0 Estartit"},"content":{"rendered":"<p style=\"font-weight: 400; text-align: justify;\">La nouvelle \u00e9dition du\u00a0<strong>White Summer Festival<\/strong>, qui se tient chaque ann\u00e9e, tr\u00e8s proche des appartements \u00e0 location, Sa Gavina, Estartit, date des dates officielles: le\u00a0<strong>5 ao\u00fbt au 27 ao\u00fbt<\/strong>, de 17h00 \u00e0 01h00. Une occasion de profiter de vacances compl\u00e8tes sur la Costa Brava en profitant de toute une gamme d&rsquo;activit\u00e9s de loisirs propos\u00e9es dans la r\u00e9gion d&rsquo;Estartit et de la Costa Brava.<\/p>\n<p style=\"font-weight: 400; text-align: justify;\">Un festival innovant<\/p>\n<p style=\"font-weight: 400; text-align: justify;\">White Summer est un festival innovant qui combine des\u00a0<strong>magasins cr\u00e9atifs<\/strong>,\u00a0<strong>gastronomiques et de loisir<\/strong>, con\u00e7u pour un\u00a0<strong>public de tous \u00e2ges<\/strong>\u00a0et avec un choix minutieux de l&rsquo;art et du commerce. Situ\u00e9 dans la Masia \u00ab\u00a0Mas Gelabert\u00a0\u00bb, \u00e0 Pals, il offre \u00e0 ses visiteurs plus de 5 000 places de parking et une capacit\u00e9 de 8 000 personnes par jour<\/p>\n<p style=\"font-weight: 400; text-align: justify;\">L&rsquo;\u00e9dition 2016, qui a dur\u00e9 22 jours, plus de 120 000 personnes ont assist\u00e9 aux 300 exposants qui ont particip\u00e9 au march\u00e9 cr\u00e9atif, \u00ab\u00a0Brandshow\u00a0\u00bb avec les meilleures marques et une offre gastronomique compl\u00e8te avec 30 stands d&rsquo;alimentation et 3 restaurants exclusifs. De plus, 66 spectacles visuels et musicaux \u00e9taient \u00e0 votre disposition.<\/p>\n<p style=\"font-weight: 400; text-align: justify;\">Pour l&rsquo;\u00e9dition 2017, l&rsquo;organisation travaille activement \u00e0 offrir un programme qui s\u00e9duira encore une fois ses visiteurs et les encourage \u00e0 se r\u00e9p\u00e9ter ann\u00e9e apr\u00e8s ann\u00e9e, ce qui attire davantage d&rsquo;int\u00e9r\u00eat public pour ce type d&rsquo;\u00e9v\u00e9nement.<\/p>\n<p style=\"font-weight: 400; text-align: justify;\">Vous pouvez obtenir plus d&rsquo;informations sur le White Summer Festival sur son site officiel:\u00a0<a href=\"http:\/\/www.whitesummer.es\/fr\/inicio.html\">http:\/\/www.whitesummer.es\/fr\/inicio.html<\/a><\/p>\n","protected":false},"excerpt":{"rendered":"<p>La nouvelle \u00e9dition du\u00a0White Summer Festival, qui se tient chaque ann\u00e9e, tr\u00e8s proche des appartements \u00e0 location, Sa Gavina, Estartit, date des dates officielles: le\u00a05 ao\u00fbt au 27 ao\u00fbt, de 17h00 \u00e0 01h00. Une occasion de profiter de vacances compl\u00e8tes  [&#8230;]<\/p>\n","protected":false},"author":1,"featured_media":26923,"comment_status":"open","ping_status":"open","sticky":false,"template":"","format":"standard","meta":{"footnotes":""},"categories":[130],"tags":[],"class_list":["post-29221","post","type-post","status-publish","format-standard","has-post-thumbnail","hentry","category-nouvelles"],"yoast_head":"<!-- This site is optimized with the Yoast SEO plugin v27.1.1 - https:\/\/yoast.com\/product\/yoast-seo-wordpress\/ -->\n<title>&quot;White summer\u201d 2017: 23 jours de festivit\u00e9s et d&#039;h\u00e9bergement dans les appartements de location Sa gavina \u00e0 Estartit | Sa Gavina Apartaments<\/title>\n<meta name=\"robots\" content=\"index, follow, max-snippet:-1, max-image-preview:large, max-video-preview:-1\" \/>\n<link rel=\"canonical\" href=\"https:\/\/sagavinaestartit.com\/fr\/white-summer-2017-23-jours-de-festivites-et-dhebergement-dans-les-appartements-de-location-sa-gavina-a-estartit\/\" \/>\n<meta property=\"og:locale\" content=\"fr_FR\" \/>\n<meta property=\"og:type\" content=\"article\" \/>\n<meta property=\"og:title\" content=\"&quot;White summer\u201d 2017: 23 jours de festivit\u00e9s et d&#039;h\u00e9bergement dans les appartements de location Sa gavina \u00e0 Estartit | Sa Gavina Apartaments\" \/>\n<meta property=\"og:description\" content=\"La nouvelle \u00e9dition du\u00a0White Summer Festival, qui se tient chaque ann\u00e9e, tr\u00e8s proche des appartements \u00e0 location, Sa Gavina, Estartit, date des dates officielles: le\u00a05 ao\u00fbt au 27 ao\u00fbt, de 17h00 \u00e0 01h00. Une occasion de profiter de vacances compl\u00e8tes [...]\" \/>\n<meta property=\"og:url\" content=\"https:\/\/sagavinaestartit.com\/fr\/white-summer-2017-23-jours-de-festivites-et-dhebergement-dans-les-appartements-de-location-sa-gavina-a-estartit\/\" \/>\n<meta property=\"og:site_name\" content=\"Sa Gavina Apartaments\" \/>\n<meta property=\"article:published_time\" content=\"2018-04-07T15:15:04+00:00\" \/>\n<meta property=\"og:image\" content=\"https:\/\/sagavinaestartit.com\/wp-content\/uploads\/2018\/04\/large_WHITE_SUMMER_KIDS_alquiler_apartamentos_estartit.jpg\" \/>\n\t<meta property=\"og:image:width\" content=\"335\" \/>\n\t<meta property=\"og:image:height\" content=\"224\" \/>\n\t<meta property=\"og:image:type\" content=\"image\/jpeg\" \/>\n<meta name=\"author\" content=\"tecnico_alojapro\" \/>\n<meta name=\"twitter:card\" content=\"summary_large_image\" \/>\n<meta name=\"twitter:label1\" content=\"\u00c9crit par\" \/>\n\t<meta name=\"twitter:data1\" content=\"tecnico_alojapro\" \/>\n\t<meta name=\"twitter:label2\" content=\"Dur\u00e9e de lecture estim\u00e9e\" \/>\n\t<meta name=\"twitter:data2\" content=\"1 minute\" \/>\n<script type=\"application\/ld+json\" class=\"yoast-schema-graph\">{\"@context\":\"https:\/\/schema.org\",\"@graph\":[{\"@type\":\"Article\",\"@id\":\"https:\/\/sagavinaestartit.com\/fr\/white-summer-2017-23-jours-de-festivites-et-dhebergement-dans-les-appartements-de-location-sa-gavina-a-estartit\/#article\",\"isPartOf\":{\"@id\":\"https:\/\/sagavinaestartit.com\/fr\/white-summer-2017-23-jours-de-festivites-et-dhebergement-dans-les-appartements-de-location-sa-gavina-a-estartit\/\"},\"author\":{\"name\":\"tecnico_alojapro\",\"@id\":\"https:\/\/sagavinaestartit.com\/fr\/#\/schema\/person\/72b3f9a420869474351007377bde83c0\"},\"headline\":\"\u00ab\u00a0White summer\u201d 2017: 23 jours de festivit\u00e9s et d&rsquo;h\u00e9bergement dans les appartements de location Sa gavina \u00e0 Estartit\",\"datePublished\":\"2018-04-07T15:15:04+00:00\",\"mainEntityOfPage\":{\"@id\":\"https:\/\/sagavinaestartit.com\/fr\/white-summer-2017-23-jours-de-festivites-et-dhebergement-dans-les-appartements-de-location-sa-gavina-a-estartit\/\"},\"wordCount\":265,\"commentCount\":0,\"publisher\":{\"@id\":\"https:\/\/sagavinaestartit.com\/fr\/#organization\"},\"image\":{\"@id\":\"https:\/\/sagavinaestartit.com\/fr\/white-summer-2017-23-jours-de-festivites-et-dhebergement-dans-les-appartements-de-location-sa-gavina-a-estartit\/#primaryimage\"},\"thumbnailUrl\":\"https:\/\/sagavinaestartit.com\/wp-content\/uploads\/2018\/04\/large_WHITE_SUMMER_KIDS_alquiler_apartamentos_estartit.jpg\",\"articleSection\":[\"Nouvelles\"],\"inLanguage\":\"fr-FR\",\"potentialAction\":[{\"@type\":\"CommentAction\",\"name\":\"Comment\",\"target\":[\"https:\/\/sagavinaestartit.com\/fr\/white-summer-2017-23-jours-de-festivites-et-dhebergement-dans-les-appartements-de-location-sa-gavina-a-estartit\/#respond\"]}]},{\"@type\":\"WebPage\",\"@id\":\"https:\/\/sagavinaestartit.com\/fr\/white-summer-2017-23-jours-de-festivites-et-dhebergement-dans-les-appartements-de-location-sa-gavina-a-estartit\/\",\"url\":\"https:\/\/sagavinaestartit.com\/fr\/white-summer-2017-23-jours-de-festivites-et-dhebergement-dans-les-appartements-de-location-sa-gavina-a-estartit\/\",\"name\":\"\\\"White summer\u201d 2017: 23 jours de festivit\u00e9s et d'h\u00e9bergement dans les appartements de location Sa gavina \u00e0 Estartit | Sa Gavina Apartaments\",\"isPartOf\":{\"@id\":\"https:\/\/sagavinaestartit.com\/fr\/#website\"},\"primaryImageOfPage\":{\"@id\":\"https:\/\/sagavinaestartit.com\/fr\/white-summer-2017-23-jours-de-festivites-et-dhebergement-dans-les-appartements-de-location-sa-gavina-a-estartit\/#primaryimage\"},\"image\":{\"@id\":\"https:\/\/sagavinaestartit.com\/fr\/white-summer-2017-23-jours-de-festivites-et-dhebergement-dans-les-appartements-de-location-sa-gavina-a-estartit\/#primaryimage\"},\"thumbnailUrl\":\"https:\/\/sagavinaestartit.com\/wp-content\/uploads\/2018\/04\/large_WHITE_SUMMER_KIDS_alquiler_apartamentos_estartit.jpg\",\"datePublished\":\"2018-04-07T15:15:04+00:00\",\"breadcrumb\":{\"@id\":\"https:\/\/sagavinaestartit.com\/fr\/white-summer-2017-23-jours-de-festivites-et-dhebergement-dans-les-appartements-de-location-sa-gavina-a-estartit\/#breadcrumb\"},\"inLanguage\":\"fr-FR\",\"potentialAction\":[{\"@type\":\"ReadAction\",\"target\":[\"https:\/\/sagavinaestartit.com\/fr\/white-summer-2017-23-jours-de-festivites-et-dhebergement-dans-les-appartements-de-location-sa-gavina-a-estartit\/\"]}]},{\"@type\":\"ImageObject\",\"inLanguage\":\"fr-FR\",\"@id\":\"https:\/\/sagavinaestartit.com\/fr\/white-summer-2017-23-jours-de-festivites-et-dhebergement-dans-les-appartements-de-location-sa-gavina-a-estartit\/#primaryimage\",\"url\":\"https:\/\/sagavinaestartit.com\/wp-content\/uploads\/2018\/04\/large_WHITE_SUMMER_KIDS_alquiler_apartamentos_estartit.jpg\",\"contentUrl\":\"https:\/\/sagavinaestartit.com\/wp-content\/uploads\/2018\/04\/large_WHITE_SUMMER_KIDS_alquiler_apartamentos_estartit.jpg\",\"width\":335,\"height\":224},{\"@type\":\"BreadcrumbList\",\"@id\":\"https:\/\/sagavinaestartit.com\/fr\/white-summer-2017-23-jours-de-festivites-et-dhebergement-dans-les-appartements-de-location-sa-gavina-a-estartit\/#breadcrumb\",\"itemListElement\":[{\"@type\":\"ListItem\",\"position\":1,\"name\":\"Portada\",\"item\":\"https:\/\/sagavinaestartit.com\/fr\/home\/\"},{\"@type\":\"ListItem\",\"position\":2,\"name\":\"\u00ab\u00a0White summer\u201d 2017: 23 jours de festivit\u00e9s et d&rsquo;h\u00e9bergement dans les appartements de location Sa gavina \u00e0 Estartit\"}]},{\"@type\":\"WebSite\",\"@id\":\"https:\/\/sagavinaestartit.com\/fr\/#website\",\"url\":\"https:\/\/sagavinaestartit.com\/fr\/\",\"name\":\"Sa Gavina Apartaments\",\"description\":\"Sa Gavina Apartments\",\"publisher\":{\"@id\":\"https:\/\/sagavinaestartit.com\/fr\/#organization\"},\"potentialAction\":[{\"@type\":\"SearchAction\",\"target\":{\"@type\":\"EntryPoint\",\"urlTemplate\":\"https:\/\/sagavinaestartit.com\/fr\/?s={search_term_string}\"},\"query-input\":{\"@type\":\"PropertyValueSpecification\",\"valueRequired\":true,\"valueName\":\"search_term_string\"}}],\"inLanguage\":\"fr-FR\"},{\"@type\":\"Organization\",\"@id\":\"https:\/\/sagavinaestartit.com\/fr\/#organization\",\"name\":\"Sa Gavina Apartments\",\"url\":\"https:\/\/sagavinaestartit.com\/fr\/\",\"logo\":{\"@type\":\"ImageObject\",\"inLanguage\":\"fr-FR\",\"@id\":\"https:\/\/sagavinaestartit.com\/fr\/#\/schema\/logo\/image\/\",\"url\":\"https:\/\/sagavinaestartit.com\/wp-content\/uploads\/2024\/12\/3-1.png\",\"contentUrl\":\"https:\/\/sagavinaestartit.com\/wp-content\/uploads\/2024\/12\/3-1.png\",\"width\":500,\"height\":200,\"caption\":\"Sa Gavina Apartments\"},\"image\":{\"@id\":\"https:\/\/sagavinaestartit.com\/fr\/#\/schema\/logo\/image\/\"}},{\"@type\":\"Person\",\"@id\":\"https:\/\/sagavinaestartit.com\/fr\/#\/schema\/person\/72b3f9a420869474351007377bde83c0\",\"name\":\"tecnico_alojapro\",\"sameAs\":[\"https:\/\/sagavinaestartit.com\"]}]}<\/script>\n<!-- \/ Yoast SEO plugin. -->","yoast_head_json":{"title":"\"White summer\u201d 2017: 23 jours de festivit\u00e9s et d'h\u00e9bergement dans les appartements de location Sa gavina \u00e0 Estartit | Sa Gavina Apartaments","robots":{"index":"index","follow":"follow","max-snippet":"max-snippet:-1","max-image-preview":"max-image-preview:large","max-video-preview":"max-video-preview:-1"},"canonical":"https:\/\/sagavinaestartit.com\/fr\/white-summer-2017-23-jours-de-festivites-et-dhebergement-dans-les-appartements-de-location-sa-gavina-a-estartit\/","og_locale":"fr_FR","og_type":"article","og_title":"\"White summer\u201d 2017: 23 jours de festivit\u00e9s et d'h\u00e9bergement dans les appartements de location Sa gavina \u00e0 Estartit | Sa Gavina Apartaments","og_description":"La nouvelle \u00e9dition du\u00a0White Summer Festival, qui se tient chaque ann\u00e9e, tr\u00e8s proche des appartements \u00e0 location, Sa Gavina, Estartit, date des dates officielles: le\u00a05 ao\u00fbt au 27 ao\u00fbt, de 17h00 \u00e0 01h00. Une occasion de profiter de vacances compl\u00e8tes [...]","og_url":"https:\/\/sagavinaestartit.com\/fr\/white-summer-2017-23-jours-de-festivites-et-dhebergement-dans-les-appartements-de-location-sa-gavina-a-estartit\/","og_site_name":"Sa Gavina Apartaments","article_published_time":"2018-04-07T15:15:04+00:00","og_image":[{"width":335,"height":224,"url":"https:\/\/sagavinaestartit.com\/wp-content\/uploads\/2018\/04\/large_WHITE_SUMMER_KIDS_alquiler_apartamentos_estartit.jpg","type":"image\/jpeg"}],"author":"tecnico_alojapro","twitter_card":"summary_large_image","twitter_misc":{"\u00c9crit par":"tecnico_alojapro","Dur\u00e9e de lecture estim\u00e9e":"1 minute"},"schema":{"@context":"https:\/\/schema.org","@graph":[{"@type":"Article","@id":"https:\/\/sagavinaestartit.com\/fr\/white-summer-2017-23-jours-de-festivites-et-dhebergement-dans-les-appartements-de-location-sa-gavina-a-estartit\/#article","isPartOf":{"@id":"https:\/\/sagavinaestartit.com\/fr\/white-summer-2017-23-jours-de-festivites-et-dhebergement-dans-les-appartements-de-location-sa-gavina-a-estartit\/"},"author":{"name":"tecnico_alojapro","@id":"https:\/\/sagavinaestartit.com\/fr\/#\/schema\/person\/72b3f9a420869474351007377bde83c0"},"headline":"\u00ab\u00a0White summer\u201d 2017: 23 jours de festivit\u00e9s et d&rsquo;h\u00e9bergement dans les appartements de location Sa gavina \u00e0 Estartit","datePublished":"2018-04-07T15:15:04+00:00","mainEntityOfPage":{"@id":"https:\/\/sagavinaestartit.com\/fr\/white-summer-2017-23-jours-de-festivites-et-dhebergement-dans-les-appartements-de-location-sa-gavina-a-estartit\/"},"wordCount":265,"commentCount":0,"publisher":{"@id":"https:\/\/sagavinaestartit.com\/fr\/#organization"},"image":{"@id":"https:\/\/sagavinaestartit.com\/fr\/white-summer-2017-23-jours-de-festivites-et-dhebergement-dans-les-appartements-de-location-sa-gavina-a-estartit\/#primaryimage"},"thumbnailUrl":"https:\/\/sagavinaestartit.com\/wp-content\/uploads\/2018\/04\/large_WHITE_SUMMER_KIDS_alquiler_apartamentos_estartit.jpg","articleSection":["Nouvelles"],"inLanguage":"fr-FR","potentialAction":[{"@type":"CommentAction","name":"Comment","target":["https:\/\/sagavinaestartit.com\/fr\/white-summer-2017-23-jours-de-festivites-et-dhebergement-dans-les-appartements-de-location-sa-gavina-a-estartit\/#respond"]}]},{"@type":"WebPage","@id":"https:\/\/sagavinaestartit.com\/fr\/white-summer-2017-23-jours-de-festivites-et-dhebergement-dans-les-appartements-de-location-sa-gavina-a-estartit\/","url":"https:\/\/sagavinaestartit.com\/fr\/white-summer-2017-23-jours-de-festivites-et-dhebergement-dans-les-appartements-de-location-sa-gavina-a-estartit\/","name":"\"White summer\u201d 2017: 23 jours de festivit\u00e9s et d'h\u00e9bergement dans les appartements de location Sa gavina \u00e0 Estartit | Sa Gavina Apartaments","isPartOf":{"@id":"https:\/\/sagavinaestartit.com\/fr\/#website"},"primaryImageOfPage":{"@id":"https:\/\/sagavinaestartit.com\/fr\/white-summer-2017-23-jours-de-festivites-et-dhebergement-dans-les-appartements-de-location-sa-gavina-a-estartit\/#primaryimage"},"image":{"@id":"https:\/\/sagavinaestartit.com\/fr\/white-summer-2017-23-jours-de-festivites-et-dhebergement-dans-les-appartements-de-location-sa-gavina-a-estartit\/#primaryimage"},"thumbnailUrl":"https:\/\/sagavinaestartit.com\/wp-content\/uploads\/2018\/04\/large_WHITE_SUMMER_KIDS_alquiler_apartamentos_estartit.jpg","datePublished":"2018-04-07T15:15:04+00:00","breadcrumb":{"@id":"https:\/\/sagavinaestartit.com\/fr\/white-summer-2017-23-jours-de-festivites-et-dhebergement-dans-les-appartements-de-location-sa-gavina-a-estartit\/#breadcrumb"},"inLanguage":"fr-FR","potentialAction":[{"@type":"ReadAction","target":["https:\/\/sagavinaestartit.com\/fr\/white-summer-2017-23-jours-de-festivites-et-dhebergement-dans-les-appartements-de-location-sa-gavina-a-estartit\/"]}]},{"@type":"ImageObject","inLanguage":"fr-FR","@id":"https:\/\/sagavinaestartit.com\/fr\/white-summer-2017-23-jours-de-festivites-et-dhebergement-dans-les-appartements-de-location-sa-gavina-a-estartit\/#primaryimage","url":"https:\/\/sagavinaestartit.com\/wp-content\/uploads\/2018\/04\/large_WHITE_SUMMER_KIDS_alquiler_apartamentos_estartit.jpg","contentUrl":"https:\/\/sagavinaestartit.com\/wp-content\/uploads\/2018\/04\/large_WHITE_SUMMER_KIDS_alquiler_apartamentos_estartit.jpg","width":335,"height":224},{"@type":"BreadcrumbList","@id":"https:\/\/sagavinaestartit.com\/fr\/white-summer-2017-23-jours-de-festivites-et-dhebergement-dans-les-appartements-de-location-sa-gavina-a-estartit\/#breadcrumb","itemListElement":[{"@type":"ListItem","position":1,"name":"Portada","item":"https:\/\/sagavinaestartit.com\/fr\/home\/"},{"@type":"ListItem","position":2,"name":"\u00ab\u00a0White summer\u201d 2017: 23 jours de festivit\u00e9s et d&rsquo;h\u00e9bergement dans les appartements de location Sa gavina \u00e0 Estartit"}]},{"@type":"WebSite","@id":"https:\/\/sagavinaestartit.com\/fr\/#website","url":"https:\/\/sagavinaestartit.com\/fr\/","name":"Sa Gavina Apartaments","description":"Sa Gavina Apartments","publisher":{"@id":"https:\/\/sagavinaestartit.com\/fr\/#organization"},"potentialAction":[{"@type":"SearchAction","target":{"@type":"EntryPoint","urlTemplate":"https:\/\/sagavinaestartit.com\/fr\/?s={search_term_string}"},"query-input":{"@type":"PropertyValueSpecification","valueRequired":true,"valueName":"search_term_string"}}],"inLanguage":"fr-FR"},{"@type":"Organization","@id":"https:\/\/sagavinaestartit.com\/fr\/#organization","name":"Sa Gavina Apartments","url":"https:\/\/sagavinaestartit.com\/fr\/","logo":{"@type":"ImageObject","inLanguage":"fr-FR","@id":"https:\/\/sagavinaestartit.com\/fr\/#\/schema\/logo\/image\/","url":"https:\/\/sagavinaestartit.com\/wp-content\/uploads\/2024\/12\/3-1.png","contentUrl":"https:\/\/sagavinaestartit.com\/wp-content\/uploads\/2024\/12\/3-1.png","width":500,"height":200,"caption":"Sa Gavina Apartments"},"image":{"@id":"https:\/\/sagavinaestartit.com\/fr\/#\/schema\/logo\/image\/"}},{"@type":"Person","@id":"https:\/\/sagavinaestartit.com\/fr\/#\/schema\/person\/72b3f9a420869474351007377bde83c0","name":"tecnico_alojapro","sameAs":["https:\/\/sagavinaestartit.com"]}]}},"_links":{"self":[{"href":"https:\/\/sagavinaestartit.com\/fr\/wp-json\/wp\/v2\/posts\/29221","targetHints":{"allow":["GET"]}}],"collection":[{"href":"https:\/\/sagavinaestartit.com\/fr\/wp-json\/wp\/v2\/posts"}],"about":[{"href":"https:\/\/sagavinaestartit.com\/fr\/wp-json\/wp\/v2\/types\/post"}],"author":[{"embeddable":true,"href":"https:\/\/sagavinaestartit.com\/fr\/wp-json\/wp\/v2\/users\/1"}],"replies":[{"embeddable":true,"href":"https:\/\/sagavinaestartit.com\/fr\/wp-json\/wp\/v2\/comments?post=29221"}],"version-history":[{"count":0,"href":"https:\/\/sagavinaestartit.com\/fr\/wp-json\/wp\/v2\/posts\/29221\/revisions"}],"wp:featuredmedia":[{"embeddable":true,"href":"https:\/\/sagavinaestartit.com\/fr\/wp-json\/wp\/v2\/media\/26923"}],"wp:attachment":[{"href":"https:\/\/sagavinaestartit.com\/fr\/wp-json\/wp\/v2\/media?parent=29221"}],"wp:term":[{"taxonomy":"category","embeddable":true,"href":"https:\/\/sagavinaestartit.com\/fr\/wp-json\/wp\/v2\/categories?post=29221"},{"taxonomy":"post_tag","embeddable":true,"href":"https:\/\/sagavinaestartit.com\/fr\/wp-json\/wp\/v2\/tags?post=29221"}],"curies":[{"name":"wp","href":"https:\/\/api.w.org\/{rel}","templated":true}]}}