{"id":29220,"date":"2018-04-07T17:30:06","date_gmt":"2018-04-07T15:30:06","guid":{"rendered":"https:\/\/sagavinaestartit.com\/2018\/04\/07\/que-faire-en-estartit-le-chemin-cami-de-ronda\/"},"modified":"2018-04-07T17:30:06","modified_gmt":"2018-04-07T15:30:06","slug":"que-faire-en-estartit-le-chemin-cami-de-ronda","status":"publish","type":"post","link":"https:\/\/sagavinaestartit.com\/fr\/que-faire-en-estartit-le-chemin-cami-de-ronda\/","title":{"rendered":"Que faire en Estartit ? Le chemin \u00ab\u00a0cami de ronda\u00a0\u00bb"},"content":{"rendered":"<p style=\"font-weight: 400; text-align: justify;\">Le \u00ab Cami de Ronda \u00bb est un sentier c\u00f4tier, de l&rsquo;ancienne origine, qui suit la c\u00f4te zone de la Costa Brava et qui a comme point de d\u00e9part Blanes et Portbou comme point final. Il mesure 130 kilom\u00e8tres de long et a \u00e9t\u00e9 cr\u00e9\u00e9 dans le but de communiquer diff\u00e9rentes populations qui sont sur son chemin, ainsi que sur ses plages et ses criques, et pour contr\u00f4ler la contrebande par les autorit\u00e9s espagnole.<\/p>\n<p style=\"font-weight: 400; text-align: justify;\">Afin de le prot\u00e9ger et de le conserver, la Diputaci\u00f3n de Girona a d\u00e9cid\u00e9 de pr\u00e9parer une candidature dans le but que l&rsquo;Unesco le fasse un patrimoine mondial sous la d\u00e9finition du paysage culturel. La candidature sera \u00e9galement couverte par un comit\u00e9 scientifique form\u00e9 par des biologistes, des historiens et des g\u00e9ologues qui seront responsables de la r\u00e9daction d&rsquo;un rapport d\u00e9taillant les principaux points d&rsquo;int\u00e9r\u00eat.<\/p>\n<p style=\"font-weight: 400; text-align: justify;\">C&rsquo;est une opportunit\u00e9 unique pour le tourisme dans la r\u00e9gion, car le Camino de Ronda n&rsquo;est pas seulement un paysage culturel et naturel de la Costa Brava, mais une station touristique \u00e0 la hausse qui valorise le territoire et ses environs.<\/p>\n","protected":false},"excerpt":{"rendered":"<p>Le \u00ab Cami de Ronda \u00bb est un sentier c\u00f4tier, de l&rsquo;ancienne origine, qui suit la c\u00f4te zone de la Costa Brava et qui a comme point de d\u00e9part Blanes et Portbou comme point final. Il mesure 130 kilom\u00e8tres de  [&#8230;]<\/p>\n","protected":false},"author":1,"featured_media":26918,"comment_status":"open","ping_status":"open","sticky":false,"template":"","format":"standard","meta":{"footnotes":""},"categories":[130],"tags":[],"class_list":["post-29220","post","type-post","status-publish","format-standard","has-post-thumbnail","hentry","category-nouvelles"],"yoast_head":"<!-- This site is optimized with the Yoast SEO plugin v27.1.1 - https:\/\/yoast.com\/product\/yoast-seo-wordpress\/ -->\n<title>Que faire en Estartit ? Le chemin &quot;cami de ronda&quot; | Sa Gavina Apartaments<\/title>\n<meta name=\"robots\" content=\"index, follow, max-snippet:-1, max-image-preview:large, max-video-preview:-1\" \/>\n<link rel=\"canonical\" href=\"https:\/\/sagavinaestartit.com\/fr\/que-faire-en-estartit-le-chemin-cami-de-ronda\/\" \/>\n<meta property=\"og:locale\" content=\"fr_FR\" \/>\n<meta property=\"og:type\" content=\"article\" \/>\n<meta property=\"og:title\" content=\"Que faire en Estartit ? Le chemin &quot;cami de ronda&quot; | Sa Gavina Apartaments\" \/>\n<meta property=\"og:description\" content=\"Le \u00ab Cami de Ronda \u00bb est un sentier c\u00f4tier, de l&rsquo;ancienne origine, qui suit la c\u00f4te zone de la Costa Brava et qui a comme point de d\u00e9part Blanes et Portbou comme point final. Il mesure 130 kilom\u00e8tres de [...]\" \/>\n<meta property=\"og:url\" content=\"https:\/\/sagavinaestartit.com\/fr\/que-faire-en-estartit-le-chemin-cami-de-ronda\/\" \/>\n<meta property=\"og:site_name\" content=\"Sa Gavina Apartaments\" \/>\n<meta property=\"article:published_time\" content=\"2018-04-07T15:30:06+00:00\" \/>\n<meta property=\"og:image\" content=\"https:\/\/sagavinaestartit.com\/wp-content\/uploads\/2018\/04\/large_camino-de-ronda-alquiler_apartamentos_estartit.jpg\" \/>\n\t<meta property=\"og:image:width\" content=\"335\" \/>\n\t<meta property=\"og:image:height\" content=\"223\" \/>\n\t<meta property=\"og:image:type\" content=\"image\/jpeg\" \/>\n<meta name=\"author\" content=\"tecnico_alojapro\" \/>\n<meta name=\"twitter:card\" content=\"summary_large_image\" \/>\n<meta name=\"twitter:label1\" content=\"\u00c9crit par\" \/>\n\t<meta name=\"twitter:data1\" content=\"tecnico_alojapro\" \/>\n\t<meta name=\"twitter:label2\" content=\"Dur\u00e9e de lecture estim\u00e9e\" \/>\n\t<meta name=\"twitter:data2\" content=\"1 minute\" \/>\n<script type=\"application\/ld+json\" class=\"yoast-schema-graph\">{\"@context\":\"https:\/\/schema.org\",\"@graph\":[{\"@type\":\"Article\",\"@id\":\"https:\/\/sagavinaestartit.com\/fr\/que-faire-en-estartit-le-chemin-cami-de-ronda\/#article\",\"isPartOf\":{\"@id\":\"https:\/\/sagavinaestartit.com\/fr\/que-faire-en-estartit-le-chemin-cami-de-ronda\/\"},\"author\":{\"name\":\"tecnico_alojapro\",\"@id\":\"https:\/\/sagavinaestartit.com\/fr\/#\/schema\/person\/72b3f9a420869474351007377bde83c0\"},\"headline\":\"Que faire en Estartit ? Le chemin \u00ab\u00a0cami de ronda\u00a0\u00bb\",\"datePublished\":\"2018-04-07T15:30:06+00:00\",\"mainEntityOfPage\":{\"@id\":\"https:\/\/sagavinaestartit.com\/fr\/que-faire-en-estartit-le-chemin-cami-de-ronda\/\"},\"wordCount\":209,\"commentCount\":0,\"publisher\":{\"@id\":\"https:\/\/sagavinaestartit.com\/fr\/#organization\"},\"image\":{\"@id\":\"https:\/\/sagavinaestartit.com\/fr\/que-faire-en-estartit-le-chemin-cami-de-ronda\/#primaryimage\"},\"thumbnailUrl\":\"https:\/\/sagavinaestartit.com\/wp-content\/uploads\/2018\/04\/large_camino-de-ronda-alquiler_apartamentos_estartit.jpg\",\"articleSection\":[\"Nouvelles\"],\"inLanguage\":\"fr-FR\",\"potentialAction\":[{\"@type\":\"CommentAction\",\"name\":\"Comment\",\"target\":[\"https:\/\/sagavinaestartit.com\/fr\/que-faire-en-estartit-le-chemin-cami-de-ronda\/#respond\"]}]},{\"@type\":\"WebPage\",\"@id\":\"https:\/\/sagavinaestartit.com\/fr\/que-faire-en-estartit-le-chemin-cami-de-ronda\/\",\"url\":\"https:\/\/sagavinaestartit.com\/fr\/que-faire-en-estartit-le-chemin-cami-de-ronda\/\",\"name\":\"Que faire en Estartit ? Le chemin \\\"cami de ronda\\\" | Sa Gavina Apartaments\",\"isPartOf\":{\"@id\":\"https:\/\/sagavinaestartit.com\/fr\/#website\"},\"primaryImageOfPage\":{\"@id\":\"https:\/\/sagavinaestartit.com\/fr\/que-faire-en-estartit-le-chemin-cami-de-ronda\/#primaryimage\"},\"image\":{\"@id\":\"https:\/\/sagavinaestartit.com\/fr\/que-faire-en-estartit-le-chemin-cami-de-ronda\/#primaryimage\"},\"thumbnailUrl\":\"https:\/\/sagavinaestartit.com\/wp-content\/uploads\/2018\/04\/large_camino-de-ronda-alquiler_apartamentos_estartit.jpg\",\"datePublished\":\"2018-04-07T15:30:06+00:00\",\"breadcrumb\":{\"@id\":\"https:\/\/sagavinaestartit.com\/fr\/que-faire-en-estartit-le-chemin-cami-de-ronda\/#breadcrumb\"},\"inLanguage\":\"fr-FR\",\"potentialAction\":[{\"@type\":\"ReadAction\",\"target\":[\"https:\/\/sagavinaestartit.com\/fr\/que-faire-en-estartit-le-chemin-cami-de-ronda\/\"]}]},{\"@type\":\"ImageObject\",\"inLanguage\":\"fr-FR\",\"@id\":\"https:\/\/sagavinaestartit.com\/fr\/que-faire-en-estartit-le-chemin-cami-de-ronda\/#primaryimage\",\"url\":\"https:\/\/sagavinaestartit.com\/wp-content\/uploads\/2018\/04\/large_camino-de-ronda-alquiler_apartamentos_estartit.jpg\",\"contentUrl\":\"https:\/\/sagavinaestartit.com\/wp-content\/uploads\/2018\/04\/large_camino-de-ronda-alquiler_apartamentos_estartit.jpg\",\"width\":335,\"height\":223},{\"@type\":\"BreadcrumbList\",\"@id\":\"https:\/\/sagavinaestartit.com\/fr\/que-faire-en-estartit-le-chemin-cami-de-ronda\/#breadcrumb\",\"itemListElement\":[{\"@type\":\"ListItem\",\"position\":1,\"name\":\"Portada\",\"item\":\"https:\/\/sagavinaestartit.com\/fr\/home\/\"},{\"@type\":\"ListItem\",\"position\":2,\"name\":\"Que faire en Estartit ? Le chemin \u00abcami de ronda\u00bb\"}]},{\"@type\":\"WebSite\",\"@id\":\"https:\/\/sagavinaestartit.com\/fr\/#website\",\"url\":\"https:\/\/sagavinaestartit.com\/fr\/\",\"name\":\"Sa Gavina Apartaments\",\"description\":\"Sa Gavina Apartments\",\"publisher\":{\"@id\":\"https:\/\/sagavinaestartit.com\/fr\/#organization\"},\"potentialAction\":[{\"@type\":\"SearchAction\",\"target\":{\"@type\":\"EntryPoint\",\"urlTemplate\":\"https:\/\/sagavinaestartit.com\/fr\/?s={search_term_string}\"},\"query-input\":{\"@type\":\"PropertyValueSpecification\",\"valueRequired\":true,\"valueName\":\"search_term_string\"}}],\"inLanguage\":\"fr-FR\"},{\"@type\":\"Organization\",\"@id\":\"https:\/\/sagavinaestartit.com\/fr\/#organization\",\"name\":\"Sa Gavina Apartments\",\"url\":\"https:\/\/sagavinaestartit.com\/fr\/\",\"logo\":{\"@type\":\"ImageObject\",\"inLanguage\":\"fr-FR\",\"@id\":\"https:\/\/sagavinaestartit.com\/fr\/#\/schema\/logo\/image\/\",\"url\":\"https:\/\/sagavinaestartit.com\/wp-content\/uploads\/2024\/12\/3-1.png\",\"contentUrl\":\"https:\/\/sagavinaestartit.com\/wp-content\/uploads\/2024\/12\/3-1.png\",\"width\":500,\"height\":200,\"caption\":\"Sa Gavina Apartments\"},\"image\":{\"@id\":\"https:\/\/sagavinaestartit.com\/fr\/#\/schema\/logo\/image\/\"}},{\"@type\":\"Person\",\"@id\":\"https:\/\/sagavinaestartit.com\/fr\/#\/schema\/person\/72b3f9a420869474351007377bde83c0\",\"name\":\"tecnico_alojapro\",\"sameAs\":[\"https:\/\/sagavinaestartit.com\"]}]}<\/script>\n<!-- \/ Yoast SEO plugin. -->","yoast_head_json":{"title":"Que faire en Estartit ? Le chemin \"cami de ronda\" | Sa Gavina Apartaments","robots":{"index":"index","follow":"follow","max-snippet":"max-snippet:-1","max-image-preview":"max-image-preview:large","max-video-preview":"max-video-preview:-1"},"canonical":"https:\/\/sagavinaestartit.com\/fr\/que-faire-en-estartit-le-chemin-cami-de-ronda\/","og_locale":"fr_FR","og_type":"article","og_title":"Que faire en Estartit ? Le chemin \"cami de ronda\" | Sa Gavina Apartaments","og_description":"Le \u00ab Cami de Ronda \u00bb est un sentier c\u00f4tier, de l&rsquo;ancienne origine, qui suit la c\u00f4te zone de la Costa Brava et qui a comme point de d\u00e9part Blanes et Portbou comme point final. Il mesure 130 kilom\u00e8tres de [...]","og_url":"https:\/\/sagavinaestartit.com\/fr\/que-faire-en-estartit-le-chemin-cami-de-ronda\/","og_site_name":"Sa Gavina Apartaments","article_published_time":"2018-04-07T15:30:06+00:00","og_image":[{"width":335,"height":223,"url":"https:\/\/sagavinaestartit.com\/wp-content\/uploads\/2018\/04\/large_camino-de-ronda-alquiler_apartamentos_estartit.jpg","type":"image\/jpeg"}],"author":"tecnico_alojapro","twitter_card":"summary_large_image","twitter_misc":{"\u00c9crit par":"tecnico_alojapro","Dur\u00e9e de lecture estim\u00e9e":"1 minute"},"schema":{"@context":"https:\/\/schema.org","@graph":[{"@type":"Article","@id":"https:\/\/sagavinaestartit.com\/fr\/que-faire-en-estartit-le-chemin-cami-de-ronda\/#article","isPartOf":{"@id":"https:\/\/sagavinaestartit.com\/fr\/que-faire-en-estartit-le-chemin-cami-de-ronda\/"},"author":{"name":"tecnico_alojapro","@id":"https:\/\/sagavinaestartit.com\/fr\/#\/schema\/person\/72b3f9a420869474351007377bde83c0"},"headline":"Que faire en Estartit ? Le chemin \u00ab\u00a0cami de ronda\u00a0\u00bb","datePublished":"2018-04-07T15:30:06+00:00","mainEntityOfPage":{"@id":"https:\/\/sagavinaestartit.com\/fr\/que-faire-en-estartit-le-chemin-cami-de-ronda\/"},"wordCount":209,"commentCount":0,"publisher":{"@id":"https:\/\/sagavinaestartit.com\/fr\/#organization"},"image":{"@id":"https:\/\/sagavinaestartit.com\/fr\/que-faire-en-estartit-le-chemin-cami-de-ronda\/#primaryimage"},"thumbnailUrl":"https:\/\/sagavinaestartit.com\/wp-content\/uploads\/2018\/04\/large_camino-de-ronda-alquiler_apartamentos_estartit.jpg","articleSection":["Nouvelles"],"inLanguage":"fr-FR","potentialAction":[{"@type":"CommentAction","name":"Comment","target":["https:\/\/sagavinaestartit.com\/fr\/que-faire-en-estartit-le-chemin-cami-de-ronda\/#respond"]}]},{"@type":"WebPage","@id":"https:\/\/sagavinaestartit.com\/fr\/que-faire-en-estartit-le-chemin-cami-de-ronda\/","url":"https:\/\/sagavinaestartit.com\/fr\/que-faire-en-estartit-le-chemin-cami-de-ronda\/","name":"Que faire en Estartit ? Le chemin \"cami de ronda\" | Sa Gavina Apartaments","isPartOf":{"@id":"https:\/\/sagavinaestartit.com\/fr\/#website"},"primaryImageOfPage":{"@id":"https:\/\/sagavinaestartit.com\/fr\/que-faire-en-estartit-le-chemin-cami-de-ronda\/#primaryimage"},"image":{"@id":"https:\/\/sagavinaestartit.com\/fr\/que-faire-en-estartit-le-chemin-cami-de-ronda\/#primaryimage"},"thumbnailUrl":"https:\/\/sagavinaestartit.com\/wp-content\/uploads\/2018\/04\/large_camino-de-ronda-alquiler_apartamentos_estartit.jpg","datePublished":"2018-04-07T15:30:06+00:00","breadcrumb":{"@id":"https:\/\/sagavinaestartit.com\/fr\/que-faire-en-estartit-le-chemin-cami-de-ronda\/#breadcrumb"},"inLanguage":"fr-FR","potentialAction":[{"@type":"ReadAction","target":["https:\/\/sagavinaestartit.com\/fr\/que-faire-en-estartit-le-chemin-cami-de-ronda\/"]}]},{"@type":"ImageObject","inLanguage":"fr-FR","@id":"https:\/\/sagavinaestartit.com\/fr\/que-faire-en-estartit-le-chemin-cami-de-ronda\/#primaryimage","url":"https:\/\/sagavinaestartit.com\/wp-content\/uploads\/2018\/04\/large_camino-de-ronda-alquiler_apartamentos_estartit.jpg","contentUrl":"https:\/\/sagavinaestartit.com\/wp-content\/uploads\/2018\/04\/large_camino-de-ronda-alquiler_apartamentos_estartit.jpg","width":335,"height":223},{"@type":"BreadcrumbList","@id":"https:\/\/sagavinaestartit.com\/fr\/que-faire-en-estartit-le-chemin-cami-de-ronda\/#breadcrumb","itemListElement":[{"@type":"ListItem","position":1,"name":"Portada","item":"https:\/\/sagavinaestartit.com\/fr\/home\/"},{"@type":"ListItem","position":2,"name":"Que faire en Estartit ? Le chemin \u00abcami de ronda\u00bb"}]},{"@type":"WebSite","@id":"https:\/\/sagavinaestartit.com\/fr\/#website","url":"https:\/\/sagavinaestartit.com\/fr\/","name":"Sa Gavina Apartaments","description":"Sa Gavina Apartments","publisher":{"@id":"https:\/\/sagavinaestartit.com\/fr\/#organization"},"potentialAction":[{"@type":"SearchAction","target":{"@type":"EntryPoint","urlTemplate":"https:\/\/sagavinaestartit.com\/fr\/?s={search_term_string}"},"query-input":{"@type":"PropertyValueSpecification","valueRequired":true,"valueName":"search_term_string"}}],"inLanguage":"fr-FR"},{"@type":"Organization","@id":"https:\/\/sagavinaestartit.com\/fr\/#organization","name":"Sa Gavina Apartments","url":"https:\/\/sagavinaestartit.com\/fr\/","logo":{"@type":"ImageObject","inLanguage":"fr-FR","@id":"https:\/\/sagavinaestartit.com\/fr\/#\/schema\/logo\/image\/","url":"https:\/\/sagavinaestartit.com\/wp-content\/uploads\/2024\/12\/3-1.png","contentUrl":"https:\/\/sagavinaestartit.com\/wp-content\/uploads\/2024\/12\/3-1.png","width":500,"height":200,"caption":"Sa Gavina Apartments"},"image":{"@id":"https:\/\/sagavinaestartit.com\/fr\/#\/schema\/logo\/image\/"}},{"@type":"Person","@id":"https:\/\/sagavinaestartit.com\/fr\/#\/schema\/person\/72b3f9a420869474351007377bde83c0","name":"tecnico_alojapro","sameAs":["https:\/\/sagavinaestartit.com"]}]}},"_links":{"self":[{"href":"https:\/\/sagavinaestartit.com\/fr\/wp-json\/wp\/v2\/posts\/29220","targetHints":{"allow":["GET"]}}],"collection":[{"href":"https:\/\/sagavinaestartit.com\/fr\/wp-json\/wp\/v2\/posts"}],"about":[{"href":"https:\/\/sagavinaestartit.com\/fr\/wp-json\/wp\/v2\/types\/post"}],"author":[{"embeddable":true,"href":"https:\/\/sagavinaestartit.com\/fr\/wp-json\/wp\/v2\/users\/1"}],"replies":[{"embeddable":true,"href":"https:\/\/sagavinaestartit.com\/fr\/wp-json\/wp\/v2\/comments?post=29220"}],"version-history":[{"count":0,"href":"https:\/\/sagavinaestartit.com\/fr\/wp-json\/wp\/v2\/posts\/29220\/revisions"}],"wp:featuredmedia":[{"embeddable":true,"href":"https:\/\/sagavinaestartit.com\/fr\/wp-json\/wp\/v2\/media\/26918"}],"wp:attachment":[{"href":"https:\/\/sagavinaestartit.com\/fr\/wp-json\/wp\/v2\/media?parent=29220"}],"wp:term":[{"taxonomy":"category","embeddable":true,"href":"https:\/\/sagavinaestartit.com\/fr\/wp-json\/wp\/v2\/categories?post=29220"},{"taxonomy":"post_tag","embeddable":true,"href":"https:\/\/sagavinaestartit.com\/fr\/wp-json\/wp\/v2\/tags?post=29220"}],"curies":[{"name":"wp","href":"https:\/\/api.w.org\/{rel}","templated":true}]}}