{"id":29217,"date":"2018-04-07T18:15:47","date_gmt":"2018-04-07T16:15:47","guid":{"rendered":"https:\/\/sagavinaestartit.com\/2018\/04\/07\/reservations-location-appartements-estartit-2017\/"},"modified":"2018-04-07T18:15:47","modified_gmt":"2018-04-07T16:15:47","slug":"reservations-location-appartements-estartit-2017","status":"publish","type":"post","link":"https:\/\/sagavinaestartit.com\/fr\/reservations-location-appartements-estartit-2017\/","title":{"rendered":"R\u00e9servations location appartements Estartit 2017"},"content":{"rendered":"<p style=\"font-weight: 400; text-align: justify;\"><strong>Location appartement \u00e0 Estartit<\/strong>\u00a0n&rsquo;a jamais \u00e9t\u00e9 aussi facile pour l&rsquo;ann\u00e9e 2017. Et les appartements Sa Gavina Estartit se pr\u00e9parent d\u00e9j\u00e0 pour\u00a0<strong>la saison 2017<\/strong>\u00a0(qui commence le\u00a0<strong>8 Avril\u00a0<\/strong>\u00e0\u00a0<strong>Appartments Sa Gavina Medes<\/strong>\u00a0et le\u00a0<strong>29 Avril<\/strong>\u00a0\u00e0 Appartments<strong>Sa Gavina Gaud\u00ed<\/strong>), et offrent la possibilit\u00e9 \u00e0 ses clients de r\u00e9server \u00e0 l&rsquo;avance un appartement.<\/p>\n<p style=\"font-weight: 400; text-align: justify;\">Et les appartements peuvent \u00eatre r\u00e9serv\u00e9s \u00e0 la fois pour \u00a0<strong>Appartments Sa Gavina\u00a0 M\u00e8des<\/strong>, avec vue sur la piscine ou vue sur l&rsquo;ext\u00e9rieur; comme pour \u00a0<strong>Appartments Sa Gavina Gaud\u00ed<\/strong>. Tous les appartements disposent d&rsquo;un r\u00e9frig\u00e9rateur, micro-ondes, draps et serviettes, pompe \u00e0 air chaud, air conditionn\u00e9, lave-linge, cuisine, et la t\u00e9l\u00e9vision. Ils ont \u00e9galement\u00a0<strong>WIFI gratuit<\/strong>, et les animaux sont les bienvenus (en suppl\u00e9ment). La capacit\u00e9 d&rsquo;appartements Sa Gavina Gaud\u00ed est de 2 \u00e0 8 personnes; tandis que les appartements Sa Gavina Medes est de 2 \u00e0 6 personnes.<\/p>\n<p style=\"font-weight: 400; text-align: justify;\">Ne pas oublier aussi qu&rsquo;ils ont \u00e0 leur disposition une partie des\u00a0<a href=\"http:\/\/www.sagavinaestartit.fr\/offres\">offres<\/a>\u00a0en fonction de la dur\u00e9e du s\u00e9jour de votre r\u00e9servation et le nombre de nuits de celui-ci.<\/p>\n<p style=\"font-weight: 400; text-align: justify;\">Pour plus d&rsquo;informations sur la\u00a0location\u00a0<a href=\"http:\/\/www.sagavinaestartit.fr\/contact\">d&rsquo;appartements<\/a>\u00a0\u00e0 Estartit, s&rsquo;il vous pla\u00eet contactez-nous.<\/p>\n","protected":false},"excerpt":{"rendered":"<p>Location appartement \u00e0 Estartit\u00a0n&rsquo;a jamais \u00e9t\u00e9 aussi facile pour l&rsquo;ann\u00e9e 2017. Et les appartements Sa Gavina Estartit se pr\u00e9parent d\u00e9j\u00e0 pour\u00a0la saison 2017\u00a0(qui commence le\u00a08 Avril\u00a0\u00e0\u00a0Appartments Sa Gavina Medes\u00a0et le\u00a029 Avril\u00a0\u00e0 AppartmentsSa Gavina Gaud\u00ed), et offrent la possibilit\u00e9 \u00e0 ses  [&#8230;]<\/p>\n","protected":false},"author":1,"featured_media":0,"comment_status":"open","ping_status":"open","sticky":false,"template":"","format":"standard","meta":{"footnotes":""},"categories":[130],"tags":[],"class_list":["post-29217","post","type-post","status-publish","format-standard","hentry","category-nouvelles"],"yoast_head":"<!-- This site is optimized with the Yoast SEO plugin v27.1.1 - https:\/\/yoast.com\/product\/yoast-seo-wordpress\/ -->\n<title>R\u00e9servations location appartements Estartit 2017 | Sa Gavina Apartaments<\/title>\n<meta name=\"robots\" content=\"index, follow, max-snippet:-1, max-image-preview:large, max-video-preview:-1\" \/>\n<link rel=\"canonical\" href=\"https:\/\/sagavinaestartit.com\/fr\/reservations-location-appartements-estartit-2017\/\" \/>\n<meta property=\"og:locale\" content=\"fr_FR\" \/>\n<meta property=\"og:type\" content=\"article\" \/>\n<meta property=\"og:title\" content=\"R\u00e9servations location appartements Estartit 2017 | Sa Gavina Apartaments\" \/>\n<meta property=\"og:description\" content=\"Location appartement \u00e0 Estartit\u00a0n&rsquo;a jamais \u00e9t\u00e9 aussi facile pour l&rsquo;ann\u00e9e 2017. Et les appartements Sa Gavina Estartit se pr\u00e9parent d\u00e9j\u00e0 pour\u00a0la saison 2017\u00a0(qui commence le\u00a08 Avril\u00a0\u00e0\u00a0Appartments Sa Gavina Medes\u00a0et le\u00a029 Avril\u00a0\u00e0 AppartmentsSa Gavina Gaud\u00ed), et offrent la possibilit\u00e9 \u00e0 ses [...]\" \/>\n<meta property=\"og:url\" content=\"https:\/\/sagavinaestartit.com\/fr\/reservations-location-appartements-estartit-2017\/\" \/>\n<meta property=\"og:site_name\" content=\"Sa Gavina Apartaments\" \/>\n<meta property=\"article:published_time\" content=\"2018-04-07T16:15:47+00:00\" \/>\n<meta name=\"author\" content=\"tecnico_alojapro\" \/>\n<meta name=\"twitter:card\" content=\"summary_large_image\" \/>\n<meta name=\"twitter:label1\" content=\"\u00c9crit par\" \/>\n\t<meta name=\"twitter:data1\" content=\"tecnico_alojapro\" \/>\n\t<meta name=\"twitter:label2\" content=\"Dur\u00e9e de lecture estim\u00e9e\" \/>\n\t<meta name=\"twitter:data2\" content=\"1 minute\" \/>\n<script type=\"application\/ld+json\" class=\"yoast-schema-graph\">{\"@context\":\"https:\/\/schema.org\",\"@graph\":[{\"@type\":\"Article\",\"@id\":\"https:\/\/sagavinaestartit.com\/fr\/reservations-location-appartements-estartit-2017\/#article\",\"isPartOf\":{\"@id\":\"https:\/\/sagavinaestartit.com\/fr\/reservations-location-appartements-estartit-2017\/\"},\"author\":{\"name\":\"tecnico_alojapro\",\"@id\":\"https:\/\/sagavinaestartit.com\/fr\/#\/schema\/person\/72b3f9a420869474351007377bde83c0\"},\"headline\":\"R\u00e9servations location appartements Estartit 2017\",\"datePublished\":\"2018-04-07T16:15:47+00:00\",\"mainEntityOfPage\":{\"@id\":\"https:\/\/sagavinaestartit.com\/fr\/reservations-location-appartements-estartit-2017\/\"},\"wordCount\":200,\"commentCount\":0,\"publisher\":{\"@id\":\"https:\/\/sagavinaestartit.com\/fr\/#organization\"},\"articleSection\":[\"Nouvelles\"],\"inLanguage\":\"fr-FR\",\"potentialAction\":[{\"@type\":\"CommentAction\",\"name\":\"Comment\",\"target\":[\"https:\/\/sagavinaestartit.com\/fr\/reservations-location-appartements-estartit-2017\/#respond\"]}]},{\"@type\":\"WebPage\",\"@id\":\"https:\/\/sagavinaestartit.com\/fr\/reservations-location-appartements-estartit-2017\/\",\"url\":\"https:\/\/sagavinaestartit.com\/fr\/reservations-location-appartements-estartit-2017\/\",\"name\":\"R\u00e9servations location appartements Estartit 2017 | Sa Gavina Apartaments\",\"isPartOf\":{\"@id\":\"https:\/\/sagavinaestartit.com\/fr\/#website\"},\"datePublished\":\"2018-04-07T16:15:47+00:00\",\"breadcrumb\":{\"@id\":\"https:\/\/sagavinaestartit.com\/fr\/reservations-location-appartements-estartit-2017\/#breadcrumb\"},\"inLanguage\":\"fr-FR\",\"potentialAction\":[{\"@type\":\"ReadAction\",\"target\":[\"https:\/\/sagavinaestartit.com\/fr\/reservations-location-appartements-estartit-2017\/\"]}]},{\"@type\":\"BreadcrumbList\",\"@id\":\"https:\/\/sagavinaestartit.com\/fr\/reservations-location-appartements-estartit-2017\/#breadcrumb\",\"itemListElement\":[{\"@type\":\"ListItem\",\"position\":1,\"name\":\"Portada\",\"item\":\"https:\/\/sagavinaestartit.com\/fr\/home\/\"},{\"@type\":\"ListItem\",\"position\":2,\"name\":\"R\u00e9servations location appartements Estartit 2017\"}]},{\"@type\":\"WebSite\",\"@id\":\"https:\/\/sagavinaestartit.com\/fr\/#website\",\"url\":\"https:\/\/sagavinaestartit.com\/fr\/\",\"name\":\"Sa Gavina Apartaments\",\"description\":\"Sa Gavina Apartments\",\"publisher\":{\"@id\":\"https:\/\/sagavinaestartit.com\/fr\/#organization\"},\"potentialAction\":[{\"@type\":\"SearchAction\",\"target\":{\"@type\":\"EntryPoint\",\"urlTemplate\":\"https:\/\/sagavinaestartit.com\/fr\/?s={search_term_string}\"},\"query-input\":{\"@type\":\"PropertyValueSpecification\",\"valueRequired\":true,\"valueName\":\"search_term_string\"}}],\"inLanguage\":\"fr-FR\"},{\"@type\":\"Organization\",\"@id\":\"https:\/\/sagavinaestartit.com\/fr\/#organization\",\"name\":\"Sa Gavina Apartments\",\"url\":\"https:\/\/sagavinaestartit.com\/fr\/\",\"logo\":{\"@type\":\"ImageObject\",\"inLanguage\":\"fr-FR\",\"@id\":\"https:\/\/sagavinaestartit.com\/fr\/#\/schema\/logo\/image\/\",\"url\":\"https:\/\/sagavinaestartit.com\/wp-content\/uploads\/2024\/12\/3-1.png\",\"contentUrl\":\"https:\/\/sagavinaestartit.com\/wp-content\/uploads\/2024\/12\/3-1.png\",\"width\":500,\"height\":200,\"caption\":\"Sa Gavina Apartments\"},\"image\":{\"@id\":\"https:\/\/sagavinaestartit.com\/fr\/#\/schema\/logo\/image\/\"}},{\"@type\":\"Person\",\"@id\":\"https:\/\/sagavinaestartit.com\/fr\/#\/schema\/person\/72b3f9a420869474351007377bde83c0\",\"name\":\"tecnico_alojapro\",\"sameAs\":[\"https:\/\/sagavinaestartit.com\"]}]}<\/script>\n<!-- \/ Yoast SEO plugin. -->","yoast_head_json":{"title":"R\u00e9servations location appartements Estartit 2017 | Sa Gavina Apartaments","robots":{"index":"index","follow":"follow","max-snippet":"max-snippet:-1","max-image-preview":"max-image-preview:large","max-video-preview":"max-video-preview:-1"},"canonical":"https:\/\/sagavinaestartit.com\/fr\/reservations-location-appartements-estartit-2017\/","og_locale":"fr_FR","og_type":"article","og_title":"R\u00e9servations location appartements Estartit 2017 | Sa Gavina Apartaments","og_description":"Location appartement \u00e0 Estartit\u00a0n&rsquo;a jamais \u00e9t\u00e9 aussi facile pour l&rsquo;ann\u00e9e 2017. Et les appartements Sa Gavina Estartit se pr\u00e9parent d\u00e9j\u00e0 pour\u00a0la saison 2017\u00a0(qui commence le\u00a08 Avril\u00a0\u00e0\u00a0Appartments Sa Gavina Medes\u00a0et le\u00a029 Avril\u00a0\u00e0 AppartmentsSa Gavina Gaud\u00ed), et offrent la possibilit\u00e9 \u00e0 ses [...]","og_url":"https:\/\/sagavinaestartit.com\/fr\/reservations-location-appartements-estartit-2017\/","og_site_name":"Sa Gavina Apartaments","article_published_time":"2018-04-07T16:15:47+00:00","author":"tecnico_alojapro","twitter_card":"summary_large_image","twitter_misc":{"\u00c9crit par":"tecnico_alojapro","Dur\u00e9e de lecture estim\u00e9e":"1 minute"},"schema":{"@context":"https:\/\/schema.org","@graph":[{"@type":"Article","@id":"https:\/\/sagavinaestartit.com\/fr\/reservations-location-appartements-estartit-2017\/#article","isPartOf":{"@id":"https:\/\/sagavinaestartit.com\/fr\/reservations-location-appartements-estartit-2017\/"},"author":{"name":"tecnico_alojapro","@id":"https:\/\/sagavinaestartit.com\/fr\/#\/schema\/person\/72b3f9a420869474351007377bde83c0"},"headline":"R\u00e9servations location appartements Estartit 2017","datePublished":"2018-04-07T16:15:47+00:00","mainEntityOfPage":{"@id":"https:\/\/sagavinaestartit.com\/fr\/reservations-location-appartements-estartit-2017\/"},"wordCount":200,"commentCount":0,"publisher":{"@id":"https:\/\/sagavinaestartit.com\/fr\/#organization"},"articleSection":["Nouvelles"],"inLanguage":"fr-FR","potentialAction":[{"@type":"CommentAction","name":"Comment","target":["https:\/\/sagavinaestartit.com\/fr\/reservations-location-appartements-estartit-2017\/#respond"]}]},{"@type":"WebPage","@id":"https:\/\/sagavinaestartit.com\/fr\/reservations-location-appartements-estartit-2017\/","url":"https:\/\/sagavinaestartit.com\/fr\/reservations-location-appartements-estartit-2017\/","name":"R\u00e9servations location appartements Estartit 2017 | Sa Gavina Apartaments","isPartOf":{"@id":"https:\/\/sagavinaestartit.com\/fr\/#website"},"datePublished":"2018-04-07T16:15:47+00:00","breadcrumb":{"@id":"https:\/\/sagavinaestartit.com\/fr\/reservations-location-appartements-estartit-2017\/#breadcrumb"},"inLanguage":"fr-FR","potentialAction":[{"@type":"ReadAction","target":["https:\/\/sagavinaestartit.com\/fr\/reservations-location-appartements-estartit-2017\/"]}]},{"@type":"BreadcrumbList","@id":"https:\/\/sagavinaestartit.com\/fr\/reservations-location-appartements-estartit-2017\/#breadcrumb","itemListElement":[{"@type":"ListItem","position":1,"name":"Portada","item":"https:\/\/sagavinaestartit.com\/fr\/home\/"},{"@type":"ListItem","position":2,"name":"R\u00e9servations location appartements Estartit 2017"}]},{"@type":"WebSite","@id":"https:\/\/sagavinaestartit.com\/fr\/#website","url":"https:\/\/sagavinaestartit.com\/fr\/","name":"Sa Gavina Apartaments","description":"Sa Gavina Apartments","publisher":{"@id":"https:\/\/sagavinaestartit.com\/fr\/#organization"},"potentialAction":[{"@type":"SearchAction","target":{"@type":"EntryPoint","urlTemplate":"https:\/\/sagavinaestartit.com\/fr\/?s={search_term_string}"},"query-input":{"@type":"PropertyValueSpecification","valueRequired":true,"valueName":"search_term_string"}}],"inLanguage":"fr-FR"},{"@type":"Organization","@id":"https:\/\/sagavinaestartit.com\/fr\/#organization","name":"Sa Gavina Apartments","url":"https:\/\/sagavinaestartit.com\/fr\/","logo":{"@type":"ImageObject","inLanguage":"fr-FR","@id":"https:\/\/sagavinaestartit.com\/fr\/#\/schema\/logo\/image\/","url":"https:\/\/sagavinaestartit.com\/wp-content\/uploads\/2024\/12\/3-1.png","contentUrl":"https:\/\/sagavinaestartit.com\/wp-content\/uploads\/2024\/12\/3-1.png","width":500,"height":200,"caption":"Sa Gavina Apartments"},"image":{"@id":"https:\/\/sagavinaestartit.com\/fr\/#\/schema\/logo\/image\/"}},{"@type":"Person","@id":"https:\/\/sagavinaestartit.com\/fr\/#\/schema\/person\/72b3f9a420869474351007377bde83c0","name":"tecnico_alojapro","sameAs":["https:\/\/sagavinaestartit.com"]}]}},"_links":{"self":[{"href":"https:\/\/sagavinaestartit.com\/fr\/wp-json\/wp\/v2\/posts\/29217","targetHints":{"allow":["GET"]}}],"collection":[{"href":"https:\/\/sagavinaestartit.com\/fr\/wp-json\/wp\/v2\/posts"}],"about":[{"href":"https:\/\/sagavinaestartit.com\/fr\/wp-json\/wp\/v2\/types\/post"}],"author":[{"embeddable":true,"href":"https:\/\/sagavinaestartit.com\/fr\/wp-json\/wp\/v2\/users\/1"}],"replies":[{"embeddable":true,"href":"https:\/\/sagavinaestartit.com\/fr\/wp-json\/wp\/v2\/comments?post=29217"}],"version-history":[{"count":0,"href":"https:\/\/sagavinaestartit.com\/fr\/wp-json\/wp\/v2\/posts\/29217\/revisions"}],"wp:attachment":[{"href":"https:\/\/sagavinaestartit.com\/fr\/wp-json\/wp\/v2\/media?parent=29217"}],"wp:term":[{"taxonomy":"category","embeddable":true,"href":"https:\/\/sagavinaestartit.com\/fr\/wp-json\/wp\/v2\/categories?post=29217"},{"taxonomy":"post_tag","embeddable":true,"href":"https:\/\/sagavinaestartit.com\/fr\/wp-json\/wp\/v2\/tags?post=29217"}],"curies":[{"name":"wp","href":"https:\/\/api.w.org\/{rel}","templated":true}]}}