{"id":29216,"date":"2018-04-07T18:30:26","date_gmt":"2018-04-07T16:30:26","guid":{"rendered":"https:\/\/sagavinaestartit.com\/2018\/04\/07\/grands-yachts-peuvent-acceder-au-port-de-lestartit\/"},"modified":"2018-04-07T18:30:26","modified_gmt":"2018-04-07T16:30:26","slug":"grands-yachts-peuvent-acceder-au-port-de-lestartit","status":"publish","type":"post","link":"https:\/\/sagavinaestartit.com\/fr\/grands-yachts-peuvent-acceder-au-port-de-lestartit\/","title":{"rendered":"Grands yachts peuvent acc\u00e9der au port de l&rsquo;Estartit"},"content":{"rendered":"<p style=\"text-align: justify;\">Le Port \u00e0 Estartit a \u00e9t\u00e9 enti\u00e8rement r\u00e9nov\u00e9 pour accueillir de grands yachts. Cela implique, par cons\u00e9quent, l&rsquo;arriv\u00e9e d&rsquo;un nouveau profil touristique avec un pouvoir d&rsquo;achat \u00e9lev\u00e9.<\/p>\n<p style=\"text-align: justify;\">Les pr\u00e9visions indiquent que l&rsquo;arriv\u00e9e de ce type de tourisme \u00e0 stimuler l&rsquo;\u00e9conomie de l&rsquo;Estartit, apportant des avantages aux deux h\u00f4tels et appartements et le commerce de location en g\u00e9n\u00e9ral, tous attir\u00e9s par les nombreuses\u00a0<a href=\"http:\/\/www.sagavinaestartit.fr\/activites?__utma=266684044.1122831113.1474361577.1474361577.1474534584.2&amp;__utmb=266684044.44.10.1474534584&amp;__utmc=266684044&amp;__utmx=-&amp;__utmz=266684044.1474361577.1.1.utmcsr=google|utmccn=(organic)|utmcmd=organic|utmctr=(not%20provided)&amp;__utmv=-&amp;__utmk=1362482\" target=\"_blank\" rel=\"noopener noreferrer\">activit\u00e9s\u00a0<\/a>qui peuvent \u00eatre pratiqu\u00e9es dans la r\u00e9gion et ses\u00a0<a href=\"http:\/\/www.sagavinaestartit.fr\/activites\/visitez-le-castell-montgri-le-chateau-de-la-montagne-gris?__utma=266684044.1122831113.1474361577.1474361577.1474534584.2&amp;__utmb=266684044.44.10.1474534584&amp;__utmc=266684044&amp;__utmx=-&amp;__utmz=266684044.1474361577.1.1.utmcsr=google|utmccn=(organic)|utmcmd=organic|utmctr=(not%20provided)&amp;__utmv=-&amp;__utmk=1362482\" target=\"_blank\" rel=\"noopener noreferrer\">attraits<\/a>.<\/p>\n<p style=\"text-align: justify;\">Pour cela, nous avons construit un espace de 50 m\u00e8tres o\u00f9 ils peuvent amarrer les bateaux de luxe et est pr\u00e9vu pour la projection dans les \u00e9tapes ult\u00e9rieures d&rsquo;un nouveau b\u00e2timent pour l&rsquo;\u00e9cole de voile et l&rsquo;installation de points d&rsquo;\u00e9nergie renouvelable pour compl\u00e9ter le\u00a0<a href=\"http:\/\/www.sagavinaestartit.fr\/nouvelles\/appartement-a-louer-a-estartit-et-le-tourisme-durable?__utma=266684044.1122831113.1474361577.1474361577.1474534584.2&amp;__utmb=266684044.44.10.1474534584&amp;__utmc=266684044&amp;__utmx=-&amp;__utmz=266684044.1474361577.1.1.utmcsr=google|utmccn=(organic)|utmcmd=organic|utmctr=(not%20provided)&amp;__utmv=-&amp;__utmk=1362482\" target=\"_blank\" rel=\"noopener noreferrer\">mod\u00e8le de durabilit\u00e9 et l&rsquo;efficacit\u00e9 \u00e9nerg\u00e9tique\u00a0<\/a>d\u00e9j\u00e0 appliqu\u00e9e dans la r\u00e9gion.<\/p>\n","protected":false},"excerpt":{"rendered":"<p>Le Port \u00e0 Estartit a \u00e9t\u00e9 enti\u00e8rement r\u00e9nov\u00e9 pour accueillir de grands yachts. Cela implique, par cons\u00e9quent, l&rsquo;arriv\u00e9e d&rsquo;un nouveau profil touristique avec un pouvoir d&rsquo;achat \u00e9lev\u00e9. Les pr\u00e9visions indiquent que l&rsquo;arriv\u00e9e de ce type de tourisme \u00e0 stimuler l&rsquo;\u00e9conomie  [&#8230;]<\/p>\n","protected":false},"author":1,"featured_media":26902,"comment_status":"open","ping_status":"open","sticky":false,"template":"","format":"standard","meta":{"footnotes":""},"categories":[130],"tags":[],"class_list":["post-29216","post","type-post","status-publish","format-standard","has-post-thumbnail","hentry","category-nouvelles"],"yoast_head":"<!-- This site is optimized with the Yoast SEO plugin v27.1.1 - https:\/\/yoast.com\/product\/yoast-seo-wordpress\/ -->\n<title>Grands yachts peuvent acc\u00e9der au port de l&#039;Estartit | Sa Gavina Apartaments<\/title>\n<meta name=\"robots\" content=\"index, follow, max-snippet:-1, max-image-preview:large, max-video-preview:-1\" \/>\n<link rel=\"canonical\" href=\"https:\/\/sagavinaestartit.com\/fr\/grands-yachts-peuvent-acceder-au-port-de-lestartit\/\" \/>\n<meta property=\"og:locale\" content=\"fr_FR\" \/>\n<meta property=\"og:type\" content=\"article\" \/>\n<meta property=\"og:title\" content=\"Grands yachts peuvent acc\u00e9der au port de l&#039;Estartit | Sa Gavina Apartaments\" \/>\n<meta property=\"og:description\" content=\"Le Port \u00e0 Estartit a \u00e9t\u00e9 enti\u00e8rement r\u00e9nov\u00e9 pour accueillir de grands yachts. Cela implique, par cons\u00e9quent, l&rsquo;arriv\u00e9e d&rsquo;un nouveau profil touristique avec un pouvoir d&rsquo;achat \u00e9lev\u00e9. Les pr\u00e9visions indiquent que l&rsquo;arriv\u00e9e de ce type de tourisme \u00e0 stimuler l&rsquo;\u00e9conomie [...]\" \/>\n<meta property=\"og:url\" content=\"https:\/\/sagavinaestartit.com\/fr\/grands-yachts-peuvent-acceder-au-port-de-lestartit\/\" \/>\n<meta property=\"og:site_name\" content=\"Sa Gavina Apartaments\" \/>\n<meta property=\"article:published_time\" content=\"2018-04-07T16:30:26+00:00\" \/>\n<meta property=\"og:image\" content=\"https:\/\/sagavinaestartit.com\/wp-content\/uploads\/2018\/04\/large_yates_puerto_estartit.jpg\" \/>\n\t<meta property=\"og:image:width\" content=\"335\" \/>\n\t<meta property=\"og:image:height\" content=\"203\" \/>\n\t<meta property=\"og:image:type\" content=\"image\/jpeg\" \/>\n<meta name=\"author\" content=\"tecnico_alojapro\" \/>\n<meta name=\"twitter:card\" content=\"summary_large_image\" \/>\n<meta name=\"twitter:label1\" content=\"\u00c9crit par\" \/>\n\t<meta name=\"twitter:data1\" content=\"tecnico_alojapro\" \/>\n\t<meta name=\"twitter:label2\" content=\"Dur\u00e9e de lecture estim\u00e9e\" \/>\n\t<meta name=\"twitter:data2\" content=\"1 minute\" \/>\n<script type=\"application\/ld+json\" class=\"yoast-schema-graph\">{\"@context\":\"https:\/\/schema.org\",\"@graph\":[{\"@type\":\"Article\",\"@id\":\"https:\/\/sagavinaestartit.com\/fr\/grands-yachts-peuvent-acceder-au-port-de-lestartit\/#article\",\"isPartOf\":{\"@id\":\"https:\/\/sagavinaestartit.com\/fr\/grands-yachts-peuvent-acceder-au-port-de-lestartit\/\"},\"author\":{\"name\":\"tecnico_alojapro\",\"@id\":\"https:\/\/sagavinaestartit.com\/fr\/#\/schema\/person\/72b3f9a420869474351007377bde83c0\"},\"headline\":\"Grands yachts peuvent acc\u00e9der au port de l&rsquo;Estartit\",\"datePublished\":\"2018-04-07T16:30:26+00:00\",\"mainEntityOfPage\":{\"@id\":\"https:\/\/sagavinaestartit.com\/fr\/grands-yachts-peuvent-acceder-au-port-de-lestartit\/\"},\"wordCount\":169,\"commentCount\":0,\"publisher\":{\"@id\":\"https:\/\/sagavinaestartit.com\/fr\/#organization\"},\"image\":{\"@id\":\"https:\/\/sagavinaestartit.com\/fr\/grands-yachts-peuvent-acceder-au-port-de-lestartit\/#primaryimage\"},\"thumbnailUrl\":\"https:\/\/sagavinaestartit.com\/wp-content\/uploads\/2018\/04\/large_yates_puerto_estartit.jpg\",\"articleSection\":[\"Nouvelles\"],\"inLanguage\":\"fr-FR\",\"potentialAction\":[{\"@type\":\"CommentAction\",\"name\":\"Comment\",\"target\":[\"https:\/\/sagavinaestartit.com\/fr\/grands-yachts-peuvent-acceder-au-port-de-lestartit\/#respond\"]}]},{\"@type\":\"WebPage\",\"@id\":\"https:\/\/sagavinaestartit.com\/fr\/grands-yachts-peuvent-acceder-au-port-de-lestartit\/\",\"url\":\"https:\/\/sagavinaestartit.com\/fr\/grands-yachts-peuvent-acceder-au-port-de-lestartit\/\",\"name\":\"Grands yachts peuvent acc\u00e9der au port de l'Estartit | Sa Gavina Apartaments\",\"isPartOf\":{\"@id\":\"https:\/\/sagavinaestartit.com\/fr\/#website\"},\"primaryImageOfPage\":{\"@id\":\"https:\/\/sagavinaestartit.com\/fr\/grands-yachts-peuvent-acceder-au-port-de-lestartit\/#primaryimage\"},\"image\":{\"@id\":\"https:\/\/sagavinaestartit.com\/fr\/grands-yachts-peuvent-acceder-au-port-de-lestartit\/#primaryimage\"},\"thumbnailUrl\":\"https:\/\/sagavinaestartit.com\/wp-content\/uploads\/2018\/04\/large_yates_puerto_estartit.jpg\",\"datePublished\":\"2018-04-07T16:30:26+00:00\",\"breadcrumb\":{\"@id\":\"https:\/\/sagavinaestartit.com\/fr\/grands-yachts-peuvent-acceder-au-port-de-lestartit\/#breadcrumb\"},\"inLanguage\":\"fr-FR\",\"potentialAction\":[{\"@type\":\"ReadAction\",\"target\":[\"https:\/\/sagavinaestartit.com\/fr\/grands-yachts-peuvent-acceder-au-port-de-lestartit\/\"]}]},{\"@type\":\"ImageObject\",\"inLanguage\":\"fr-FR\",\"@id\":\"https:\/\/sagavinaestartit.com\/fr\/grands-yachts-peuvent-acceder-au-port-de-lestartit\/#primaryimage\",\"url\":\"https:\/\/sagavinaestartit.com\/wp-content\/uploads\/2018\/04\/large_yates_puerto_estartit.jpg\",\"contentUrl\":\"https:\/\/sagavinaestartit.com\/wp-content\/uploads\/2018\/04\/large_yates_puerto_estartit.jpg\",\"width\":335,\"height\":203},{\"@type\":\"BreadcrumbList\",\"@id\":\"https:\/\/sagavinaestartit.com\/fr\/grands-yachts-peuvent-acceder-au-port-de-lestartit\/#breadcrumb\",\"itemListElement\":[{\"@type\":\"ListItem\",\"position\":1,\"name\":\"Portada\",\"item\":\"https:\/\/sagavinaestartit.com\/fr\/home\/\"},{\"@type\":\"ListItem\",\"position\":2,\"name\":\"Grands yachts peuvent acc\u00e9der au port de l&rsquo;Estartit\"}]},{\"@type\":\"WebSite\",\"@id\":\"https:\/\/sagavinaestartit.com\/fr\/#website\",\"url\":\"https:\/\/sagavinaestartit.com\/fr\/\",\"name\":\"Sa Gavina Apartaments\",\"description\":\"Sa Gavina Apartments\",\"publisher\":{\"@id\":\"https:\/\/sagavinaestartit.com\/fr\/#organization\"},\"potentialAction\":[{\"@type\":\"SearchAction\",\"target\":{\"@type\":\"EntryPoint\",\"urlTemplate\":\"https:\/\/sagavinaestartit.com\/fr\/?s={search_term_string}\"},\"query-input\":{\"@type\":\"PropertyValueSpecification\",\"valueRequired\":true,\"valueName\":\"search_term_string\"}}],\"inLanguage\":\"fr-FR\"},{\"@type\":\"Organization\",\"@id\":\"https:\/\/sagavinaestartit.com\/fr\/#organization\",\"name\":\"Sa Gavina Apartments\",\"url\":\"https:\/\/sagavinaestartit.com\/fr\/\",\"logo\":{\"@type\":\"ImageObject\",\"inLanguage\":\"fr-FR\",\"@id\":\"https:\/\/sagavinaestartit.com\/fr\/#\/schema\/logo\/image\/\",\"url\":\"https:\/\/sagavinaestartit.com\/wp-content\/uploads\/2024\/12\/3-1.png\",\"contentUrl\":\"https:\/\/sagavinaestartit.com\/wp-content\/uploads\/2024\/12\/3-1.png\",\"width\":500,\"height\":200,\"caption\":\"Sa Gavina Apartments\"},\"image\":{\"@id\":\"https:\/\/sagavinaestartit.com\/fr\/#\/schema\/logo\/image\/\"}},{\"@type\":\"Person\",\"@id\":\"https:\/\/sagavinaestartit.com\/fr\/#\/schema\/person\/72b3f9a420869474351007377bde83c0\",\"name\":\"tecnico_alojapro\",\"sameAs\":[\"https:\/\/sagavinaestartit.com\"]}]}<\/script>\n<!-- \/ Yoast SEO plugin. -->","yoast_head_json":{"title":"Grands yachts peuvent acc\u00e9der au port de l'Estartit | Sa Gavina Apartaments","robots":{"index":"index","follow":"follow","max-snippet":"max-snippet:-1","max-image-preview":"max-image-preview:large","max-video-preview":"max-video-preview:-1"},"canonical":"https:\/\/sagavinaestartit.com\/fr\/grands-yachts-peuvent-acceder-au-port-de-lestartit\/","og_locale":"fr_FR","og_type":"article","og_title":"Grands yachts peuvent acc\u00e9der au port de l'Estartit | Sa Gavina Apartaments","og_description":"Le Port \u00e0 Estartit a \u00e9t\u00e9 enti\u00e8rement r\u00e9nov\u00e9 pour accueillir de grands yachts. Cela implique, par cons\u00e9quent, l&rsquo;arriv\u00e9e d&rsquo;un nouveau profil touristique avec un pouvoir d&rsquo;achat \u00e9lev\u00e9. Les pr\u00e9visions indiquent que l&rsquo;arriv\u00e9e de ce type de tourisme \u00e0 stimuler l&rsquo;\u00e9conomie [...]","og_url":"https:\/\/sagavinaestartit.com\/fr\/grands-yachts-peuvent-acceder-au-port-de-lestartit\/","og_site_name":"Sa Gavina Apartaments","article_published_time":"2018-04-07T16:30:26+00:00","og_image":[{"width":335,"height":203,"url":"https:\/\/sagavinaestartit.com\/wp-content\/uploads\/2018\/04\/large_yates_puerto_estartit.jpg","type":"image\/jpeg"}],"author":"tecnico_alojapro","twitter_card":"summary_large_image","twitter_misc":{"\u00c9crit par":"tecnico_alojapro","Dur\u00e9e de lecture estim\u00e9e":"1 minute"},"schema":{"@context":"https:\/\/schema.org","@graph":[{"@type":"Article","@id":"https:\/\/sagavinaestartit.com\/fr\/grands-yachts-peuvent-acceder-au-port-de-lestartit\/#article","isPartOf":{"@id":"https:\/\/sagavinaestartit.com\/fr\/grands-yachts-peuvent-acceder-au-port-de-lestartit\/"},"author":{"name":"tecnico_alojapro","@id":"https:\/\/sagavinaestartit.com\/fr\/#\/schema\/person\/72b3f9a420869474351007377bde83c0"},"headline":"Grands yachts peuvent acc\u00e9der au port de l&rsquo;Estartit","datePublished":"2018-04-07T16:30:26+00:00","mainEntityOfPage":{"@id":"https:\/\/sagavinaestartit.com\/fr\/grands-yachts-peuvent-acceder-au-port-de-lestartit\/"},"wordCount":169,"commentCount":0,"publisher":{"@id":"https:\/\/sagavinaestartit.com\/fr\/#organization"},"image":{"@id":"https:\/\/sagavinaestartit.com\/fr\/grands-yachts-peuvent-acceder-au-port-de-lestartit\/#primaryimage"},"thumbnailUrl":"https:\/\/sagavinaestartit.com\/wp-content\/uploads\/2018\/04\/large_yates_puerto_estartit.jpg","articleSection":["Nouvelles"],"inLanguage":"fr-FR","potentialAction":[{"@type":"CommentAction","name":"Comment","target":["https:\/\/sagavinaestartit.com\/fr\/grands-yachts-peuvent-acceder-au-port-de-lestartit\/#respond"]}]},{"@type":"WebPage","@id":"https:\/\/sagavinaestartit.com\/fr\/grands-yachts-peuvent-acceder-au-port-de-lestartit\/","url":"https:\/\/sagavinaestartit.com\/fr\/grands-yachts-peuvent-acceder-au-port-de-lestartit\/","name":"Grands yachts peuvent acc\u00e9der au port de l'Estartit | Sa Gavina Apartaments","isPartOf":{"@id":"https:\/\/sagavinaestartit.com\/fr\/#website"},"primaryImageOfPage":{"@id":"https:\/\/sagavinaestartit.com\/fr\/grands-yachts-peuvent-acceder-au-port-de-lestartit\/#primaryimage"},"image":{"@id":"https:\/\/sagavinaestartit.com\/fr\/grands-yachts-peuvent-acceder-au-port-de-lestartit\/#primaryimage"},"thumbnailUrl":"https:\/\/sagavinaestartit.com\/wp-content\/uploads\/2018\/04\/large_yates_puerto_estartit.jpg","datePublished":"2018-04-07T16:30:26+00:00","breadcrumb":{"@id":"https:\/\/sagavinaestartit.com\/fr\/grands-yachts-peuvent-acceder-au-port-de-lestartit\/#breadcrumb"},"inLanguage":"fr-FR","potentialAction":[{"@type":"ReadAction","target":["https:\/\/sagavinaestartit.com\/fr\/grands-yachts-peuvent-acceder-au-port-de-lestartit\/"]}]},{"@type":"ImageObject","inLanguage":"fr-FR","@id":"https:\/\/sagavinaestartit.com\/fr\/grands-yachts-peuvent-acceder-au-port-de-lestartit\/#primaryimage","url":"https:\/\/sagavinaestartit.com\/wp-content\/uploads\/2018\/04\/large_yates_puerto_estartit.jpg","contentUrl":"https:\/\/sagavinaestartit.com\/wp-content\/uploads\/2018\/04\/large_yates_puerto_estartit.jpg","width":335,"height":203},{"@type":"BreadcrumbList","@id":"https:\/\/sagavinaestartit.com\/fr\/grands-yachts-peuvent-acceder-au-port-de-lestartit\/#breadcrumb","itemListElement":[{"@type":"ListItem","position":1,"name":"Portada","item":"https:\/\/sagavinaestartit.com\/fr\/home\/"},{"@type":"ListItem","position":2,"name":"Grands yachts peuvent acc\u00e9der au port de l&rsquo;Estartit"}]},{"@type":"WebSite","@id":"https:\/\/sagavinaestartit.com\/fr\/#website","url":"https:\/\/sagavinaestartit.com\/fr\/","name":"Sa Gavina Apartaments","description":"Sa Gavina Apartments","publisher":{"@id":"https:\/\/sagavinaestartit.com\/fr\/#organization"},"potentialAction":[{"@type":"SearchAction","target":{"@type":"EntryPoint","urlTemplate":"https:\/\/sagavinaestartit.com\/fr\/?s={search_term_string}"},"query-input":{"@type":"PropertyValueSpecification","valueRequired":true,"valueName":"search_term_string"}}],"inLanguage":"fr-FR"},{"@type":"Organization","@id":"https:\/\/sagavinaestartit.com\/fr\/#organization","name":"Sa Gavina Apartments","url":"https:\/\/sagavinaestartit.com\/fr\/","logo":{"@type":"ImageObject","inLanguage":"fr-FR","@id":"https:\/\/sagavinaestartit.com\/fr\/#\/schema\/logo\/image\/","url":"https:\/\/sagavinaestartit.com\/wp-content\/uploads\/2024\/12\/3-1.png","contentUrl":"https:\/\/sagavinaestartit.com\/wp-content\/uploads\/2024\/12\/3-1.png","width":500,"height":200,"caption":"Sa Gavina Apartments"},"image":{"@id":"https:\/\/sagavinaestartit.com\/fr\/#\/schema\/logo\/image\/"}},{"@type":"Person","@id":"https:\/\/sagavinaestartit.com\/fr\/#\/schema\/person\/72b3f9a420869474351007377bde83c0","name":"tecnico_alojapro","sameAs":["https:\/\/sagavinaestartit.com"]}]}},"_links":{"self":[{"href":"https:\/\/sagavinaestartit.com\/fr\/wp-json\/wp\/v2\/posts\/29216","targetHints":{"allow":["GET"]}}],"collection":[{"href":"https:\/\/sagavinaestartit.com\/fr\/wp-json\/wp\/v2\/posts"}],"about":[{"href":"https:\/\/sagavinaestartit.com\/fr\/wp-json\/wp\/v2\/types\/post"}],"author":[{"embeddable":true,"href":"https:\/\/sagavinaestartit.com\/fr\/wp-json\/wp\/v2\/users\/1"}],"replies":[{"embeddable":true,"href":"https:\/\/sagavinaestartit.com\/fr\/wp-json\/wp\/v2\/comments?post=29216"}],"version-history":[{"count":0,"href":"https:\/\/sagavinaestartit.com\/fr\/wp-json\/wp\/v2\/posts\/29216\/revisions"}],"wp:featuredmedia":[{"embeddable":true,"href":"https:\/\/sagavinaestartit.com\/fr\/wp-json\/wp\/v2\/media\/26902"}],"wp:attachment":[{"href":"https:\/\/sagavinaestartit.com\/fr\/wp-json\/wp\/v2\/media?parent=29216"}],"wp:term":[{"taxonomy":"category","embeddable":true,"href":"https:\/\/sagavinaestartit.com\/fr\/wp-json\/wp\/v2\/categories?post=29216"},{"taxonomy":"post_tag","embeddable":true,"href":"https:\/\/sagavinaestartit.com\/fr\/wp-json\/wp\/v2\/tags?post=29216"}],"curies":[{"name":"wp","href":"https:\/\/api.w.org\/{rel}","templated":true}]}}