{"id":29214,"date":"2018-04-07T19:00:54","date_gmt":"2018-04-07T17:00:54","guid":{"rendered":"https:\/\/sagavinaestartit.com\/2018\/04\/07\/location-dappartements-estartit-une-nouvelle-ligne-de-bus-relie-figueres-et-torroella\/"},"modified":"2018-04-07T19:00:54","modified_gmt":"2018-04-07T17:00:54","slug":"location-dappartements-estartit-une-nouvelle-ligne-de-bus-relie-figueres-et-torroella","status":"publish","type":"post","link":"https:\/\/sagavinaestartit.com\/fr\/location-dappartements-estartit-une-nouvelle-ligne-de-bus-relie-figueres-et-torroella\/","title":{"rendered":"Location d&rsquo;appartements Estartit: une nouvelle ligne de bus relie Figueres et Torroella"},"content":{"rendered":"<p style=\"text-align: justify;\">Tous les clients qui s\u00e9journent dans nos appartements \u00e0 Estartit, doivent savoir que si elles veulent faire un tour de la ville qui abrite le mus\u00e9e Dali &#8211; Figueres &#8211; ont maintenant une ligne de bus reliant Torroella avec la ville.<\/p>\n<p style=\"text-align: justify;\">La ligne, qui, dans son itin\u00e9raire comprend \u00e9galement Bellcaire i L&rsquo;Escala, est une am\u00e9lioration significative de la communication de service entre le Baix Empord\u00e0 et Alt Empord\u00e0. En fait, son fonctionnement est le r\u00e9sultat de la forte demande pour ce service pour un grand nombre d&rsquo;utilisateurs.<\/p>\n<p style=\"text-align: justify;\">La ligne offre 12 voyages par jour &#8211; 6 tour 6 tour &#8211; modifier son itin\u00e9raire pendant l&rsquo;\u00e9t\u00e9 pour le b\u00e9n\u00e9fice des utilisateurs des campings de Sant Pere Pescador et L&rsquo;Escala.<\/p>\n<p style=\"text-align: justify;\">Pour plus d&rsquo;informations sur les horaires de la ligne de bus entre Torroella et Figueres, vous pouvez consulter le lien suivant:\u00a0<a href=\"http:\/\/www.moventis.es\/es\/lineas-horarios\/torroella-m-lescala-figueres\" target=\"_blank\" rel=\"noopener noreferrer\">http:\/\/www.moventis.es\/es\/lineas-horarios\/torroella-m-lescala-figueres<\/a><\/p>\n","protected":false},"excerpt":{"rendered":"<p>Tous les clients qui s\u00e9journent dans nos appartements \u00e0 Estartit, doivent savoir que si elles veulent faire un tour de la ville qui abrite le mus\u00e9e Dali &#8211; Figueres &#8211; ont maintenant une ligne de bus reliant Torroella avec la  [&#8230;]<\/p>\n","protected":false},"author":1,"featured_media":26892,"comment_status":"open","ping_status":"open","sticky":false,"template":"","format":"standard","meta":{"footnotes":""},"categories":[130],"tags":[],"class_list":["post-29214","post","type-post","status-publish","format-standard","has-post-thumbnail","hentry","category-nouvelles"],"yoast_head":"<!-- This site is optimized with the Yoast SEO plugin v27.1.1 - https:\/\/yoast.com\/product\/yoast-seo-wordpress\/ -->\n<title>Location d&#039;appartements Estartit: une nouvelle ligne de bus relie Figueres et Torroella | Sa Gavina Apartaments<\/title>\n<meta name=\"robots\" content=\"index, follow, max-snippet:-1, max-image-preview:large, max-video-preview:-1\" \/>\n<link rel=\"canonical\" href=\"https:\/\/sagavinaestartit.com\/fr\/location-dappartements-estartit-une-nouvelle-ligne-de-bus-relie-figueres-et-torroella\/\" \/>\n<meta property=\"og:locale\" content=\"fr_FR\" \/>\n<meta property=\"og:type\" content=\"article\" \/>\n<meta property=\"og:title\" content=\"Location d&#039;appartements Estartit: une nouvelle ligne de bus relie Figueres et Torroella | Sa Gavina Apartaments\" \/>\n<meta property=\"og:description\" content=\"Tous les clients qui s\u00e9journent dans nos appartements \u00e0 Estartit, doivent savoir que si elles veulent faire un tour de la ville qui abrite le mus\u00e9e Dali &#8211; Figueres &#8211; ont maintenant une ligne de bus reliant Torroella avec la [...]\" \/>\n<meta property=\"og:url\" content=\"https:\/\/sagavinaestartit.com\/fr\/location-dappartements-estartit-une-nouvelle-ligne-de-bus-relie-figueres-et-torroella\/\" \/>\n<meta property=\"og:site_name\" content=\"Sa Gavina Apartaments\" \/>\n<meta property=\"article:published_time\" content=\"2018-04-07T17:00:54+00:00\" \/>\n<meta property=\"og:image\" content=\"https:\/\/sagavinaestartit.com\/wp-content\/uploads\/2018\/04\/large_busTorroella_Figueres.jpg\" \/>\n\t<meta property=\"og:image:width\" content=\"335\" \/>\n\t<meta property=\"og:image:height\" content=\"251\" \/>\n\t<meta property=\"og:image:type\" content=\"image\/jpeg\" \/>\n<meta name=\"author\" content=\"tecnico_alojapro\" \/>\n<meta name=\"twitter:card\" content=\"summary_large_image\" \/>\n<meta name=\"twitter:label1\" content=\"\u00c9crit par\" \/>\n\t<meta name=\"twitter:data1\" content=\"tecnico_alojapro\" \/>\n\t<meta name=\"twitter:label2\" content=\"Dur\u00e9e de lecture estim\u00e9e\" \/>\n\t<meta name=\"twitter:data2\" content=\"1 minute\" \/>\n<script type=\"application\/ld+json\" class=\"yoast-schema-graph\">{\"@context\":\"https:\/\/schema.org\",\"@graph\":[{\"@type\":\"Article\",\"@id\":\"https:\/\/sagavinaestartit.com\/fr\/location-dappartements-estartit-une-nouvelle-ligne-de-bus-relie-figueres-et-torroella\/#article\",\"isPartOf\":{\"@id\":\"https:\/\/sagavinaestartit.com\/fr\/location-dappartements-estartit-une-nouvelle-ligne-de-bus-relie-figueres-et-torroella\/\"},\"author\":{\"name\":\"tecnico_alojapro\",\"@id\":\"https:\/\/sagavinaestartit.com\/fr\/#\/schema\/person\/72b3f9a420869474351007377bde83c0\"},\"headline\":\"Location d&rsquo;appartements Estartit: une nouvelle ligne de bus relie Figueres et Torroella\",\"datePublished\":\"2018-04-07T17:00:54+00:00\",\"mainEntityOfPage\":{\"@id\":\"https:\/\/sagavinaestartit.com\/fr\/location-dappartements-estartit-une-nouvelle-ligne-de-bus-relie-figueres-et-torroella\/\"},\"wordCount\":168,\"commentCount\":0,\"publisher\":{\"@id\":\"https:\/\/sagavinaestartit.com\/fr\/#organization\"},\"image\":{\"@id\":\"https:\/\/sagavinaestartit.com\/fr\/location-dappartements-estartit-une-nouvelle-ligne-de-bus-relie-figueres-et-torroella\/#primaryimage\"},\"thumbnailUrl\":\"https:\/\/sagavinaestartit.com\/wp-content\/uploads\/2018\/04\/large_busTorroella_Figueres.jpg\",\"articleSection\":[\"Nouvelles\"],\"inLanguage\":\"fr-FR\",\"potentialAction\":[{\"@type\":\"CommentAction\",\"name\":\"Comment\",\"target\":[\"https:\/\/sagavinaestartit.com\/fr\/location-dappartements-estartit-une-nouvelle-ligne-de-bus-relie-figueres-et-torroella\/#respond\"]}]},{\"@type\":\"WebPage\",\"@id\":\"https:\/\/sagavinaestartit.com\/fr\/location-dappartements-estartit-une-nouvelle-ligne-de-bus-relie-figueres-et-torroella\/\",\"url\":\"https:\/\/sagavinaestartit.com\/fr\/location-dappartements-estartit-une-nouvelle-ligne-de-bus-relie-figueres-et-torroella\/\",\"name\":\"Location d'appartements Estartit: une nouvelle ligne de bus relie Figueres et Torroella | Sa Gavina Apartaments\",\"isPartOf\":{\"@id\":\"https:\/\/sagavinaestartit.com\/fr\/#website\"},\"primaryImageOfPage\":{\"@id\":\"https:\/\/sagavinaestartit.com\/fr\/location-dappartements-estartit-une-nouvelle-ligne-de-bus-relie-figueres-et-torroella\/#primaryimage\"},\"image\":{\"@id\":\"https:\/\/sagavinaestartit.com\/fr\/location-dappartements-estartit-une-nouvelle-ligne-de-bus-relie-figueres-et-torroella\/#primaryimage\"},\"thumbnailUrl\":\"https:\/\/sagavinaestartit.com\/wp-content\/uploads\/2018\/04\/large_busTorroella_Figueres.jpg\",\"datePublished\":\"2018-04-07T17:00:54+00:00\",\"breadcrumb\":{\"@id\":\"https:\/\/sagavinaestartit.com\/fr\/location-dappartements-estartit-une-nouvelle-ligne-de-bus-relie-figueres-et-torroella\/#breadcrumb\"},\"inLanguage\":\"fr-FR\",\"potentialAction\":[{\"@type\":\"ReadAction\",\"target\":[\"https:\/\/sagavinaestartit.com\/fr\/location-dappartements-estartit-une-nouvelle-ligne-de-bus-relie-figueres-et-torroella\/\"]}]},{\"@type\":\"ImageObject\",\"inLanguage\":\"fr-FR\",\"@id\":\"https:\/\/sagavinaestartit.com\/fr\/location-dappartements-estartit-une-nouvelle-ligne-de-bus-relie-figueres-et-torroella\/#primaryimage\",\"url\":\"https:\/\/sagavinaestartit.com\/wp-content\/uploads\/2018\/04\/large_busTorroella_Figueres.jpg\",\"contentUrl\":\"https:\/\/sagavinaestartit.com\/wp-content\/uploads\/2018\/04\/large_busTorroella_Figueres.jpg\",\"width\":335,\"height\":251},{\"@type\":\"BreadcrumbList\",\"@id\":\"https:\/\/sagavinaestartit.com\/fr\/location-dappartements-estartit-une-nouvelle-ligne-de-bus-relie-figueres-et-torroella\/#breadcrumb\",\"itemListElement\":[{\"@type\":\"ListItem\",\"position\":1,\"name\":\"Portada\",\"item\":\"https:\/\/sagavinaestartit.com\/fr\/home\/\"},{\"@type\":\"ListItem\",\"position\":2,\"name\":\"Location d&#8217;appartements Estartit: une nouvelle ligne de bus relie Figueres et Torroella\"}]},{\"@type\":\"WebSite\",\"@id\":\"https:\/\/sagavinaestartit.com\/fr\/#website\",\"url\":\"https:\/\/sagavinaestartit.com\/fr\/\",\"name\":\"Sa Gavina Apartaments\",\"description\":\"Sa Gavina Apartments\",\"publisher\":{\"@id\":\"https:\/\/sagavinaestartit.com\/fr\/#organization\"},\"potentialAction\":[{\"@type\":\"SearchAction\",\"target\":{\"@type\":\"EntryPoint\",\"urlTemplate\":\"https:\/\/sagavinaestartit.com\/fr\/?s={search_term_string}\"},\"query-input\":{\"@type\":\"PropertyValueSpecification\",\"valueRequired\":true,\"valueName\":\"search_term_string\"}}],\"inLanguage\":\"fr-FR\"},{\"@type\":\"Organization\",\"@id\":\"https:\/\/sagavinaestartit.com\/fr\/#organization\",\"name\":\"Sa Gavina Apartments\",\"url\":\"https:\/\/sagavinaestartit.com\/fr\/\",\"logo\":{\"@type\":\"ImageObject\",\"inLanguage\":\"fr-FR\",\"@id\":\"https:\/\/sagavinaestartit.com\/fr\/#\/schema\/logo\/image\/\",\"url\":\"https:\/\/sagavinaestartit.com\/wp-content\/uploads\/2024\/12\/3-1.png\",\"contentUrl\":\"https:\/\/sagavinaestartit.com\/wp-content\/uploads\/2024\/12\/3-1.png\",\"width\":500,\"height\":200,\"caption\":\"Sa Gavina Apartments\"},\"image\":{\"@id\":\"https:\/\/sagavinaestartit.com\/fr\/#\/schema\/logo\/image\/\"}},{\"@type\":\"Person\",\"@id\":\"https:\/\/sagavinaestartit.com\/fr\/#\/schema\/person\/72b3f9a420869474351007377bde83c0\",\"name\":\"tecnico_alojapro\",\"sameAs\":[\"https:\/\/sagavinaestartit.com\"]}]}<\/script>\n<!-- \/ Yoast SEO plugin. -->","yoast_head_json":{"title":"Location d'appartements Estartit: une nouvelle ligne de bus relie Figueres et Torroella | Sa Gavina Apartaments","robots":{"index":"index","follow":"follow","max-snippet":"max-snippet:-1","max-image-preview":"max-image-preview:large","max-video-preview":"max-video-preview:-1"},"canonical":"https:\/\/sagavinaestartit.com\/fr\/location-dappartements-estartit-une-nouvelle-ligne-de-bus-relie-figueres-et-torroella\/","og_locale":"fr_FR","og_type":"article","og_title":"Location d'appartements Estartit: une nouvelle ligne de bus relie Figueres et Torroella | Sa Gavina Apartaments","og_description":"Tous les clients qui s\u00e9journent dans nos appartements \u00e0 Estartit, doivent savoir que si elles veulent faire un tour de la ville qui abrite le mus\u00e9e Dali &#8211; Figueres &#8211; ont maintenant une ligne de bus reliant Torroella avec la [...]","og_url":"https:\/\/sagavinaestartit.com\/fr\/location-dappartements-estartit-une-nouvelle-ligne-de-bus-relie-figueres-et-torroella\/","og_site_name":"Sa Gavina Apartaments","article_published_time":"2018-04-07T17:00:54+00:00","og_image":[{"width":335,"height":251,"url":"https:\/\/sagavinaestartit.com\/wp-content\/uploads\/2018\/04\/large_busTorroella_Figueres.jpg","type":"image\/jpeg"}],"author":"tecnico_alojapro","twitter_card":"summary_large_image","twitter_misc":{"\u00c9crit par":"tecnico_alojapro","Dur\u00e9e de lecture estim\u00e9e":"1 minute"},"schema":{"@context":"https:\/\/schema.org","@graph":[{"@type":"Article","@id":"https:\/\/sagavinaestartit.com\/fr\/location-dappartements-estartit-une-nouvelle-ligne-de-bus-relie-figueres-et-torroella\/#article","isPartOf":{"@id":"https:\/\/sagavinaestartit.com\/fr\/location-dappartements-estartit-une-nouvelle-ligne-de-bus-relie-figueres-et-torroella\/"},"author":{"name":"tecnico_alojapro","@id":"https:\/\/sagavinaestartit.com\/fr\/#\/schema\/person\/72b3f9a420869474351007377bde83c0"},"headline":"Location d&rsquo;appartements Estartit: une nouvelle ligne de bus relie Figueres et Torroella","datePublished":"2018-04-07T17:00:54+00:00","mainEntityOfPage":{"@id":"https:\/\/sagavinaestartit.com\/fr\/location-dappartements-estartit-une-nouvelle-ligne-de-bus-relie-figueres-et-torroella\/"},"wordCount":168,"commentCount":0,"publisher":{"@id":"https:\/\/sagavinaestartit.com\/fr\/#organization"},"image":{"@id":"https:\/\/sagavinaestartit.com\/fr\/location-dappartements-estartit-une-nouvelle-ligne-de-bus-relie-figueres-et-torroella\/#primaryimage"},"thumbnailUrl":"https:\/\/sagavinaestartit.com\/wp-content\/uploads\/2018\/04\/large_busTorroella_Figueres.jpg","articleSection":["Nouvelles"],"inLanguage":"fr-FR","potentialAction":[{"@type":"CommentAction","name":"Comment","target":["https:\/\/sagavinaestartit.com\/fr\/location-dappartements-estartit-une-nouvelle-ligne-de-bus-relie-figueres-et-torroella\/#respond"]}]},{"@type":"WebPage","@id":"https:\/\/sagavinaestartit.com\/fr\/location-dappartements-estartit-une-nouvelle-ligne-de-bus-relie-figueres-et-torroella\/","url":"https:\/\/sagavinaestartit.com\/fr\/location-dappartements-estartit-une-nouvelle-ligne-de-bus-relie-figueres-et-torroella\/","name":"Location d'appartements Estartit: une nouvelle ligne de bus relie Figueres et Torroella | Sa Gavina Apartaments","isPartOf":{"@id":"https:\/\/sagavinaestartit.com\/fr\/#website"},"primaryImageOfPage":{"@id":"https:\/\/sagavinaestartit.com\/fr\/location-dappartements-estartit-une-nouvelle-ligne-de-bus-relie-figueres-et-torroella\/#primaryimage"},"image":{"@id":"https:\/\/sagavinaestartit.com\/fr\/location-dappartements-estartit-une-nouvelle-ligne-de-bus-relie-figueres-et-torroella\/#primaryimage"},"thumbnailUrl":"https:\/\/sagavinaestartit.com\/wp-content\/uploads\/2018\/04\/large_busTorroella_Figueres.jpg","datePublished":"2018-04-07T17:00:54+00:00","breadcrumb":{"@id":"https:\/\/sagavinaestartit.com\/fr\/location-dappartements-estartit-une-nouvelle-ligne-de-bus-relie-figueres-et-torroella\/#breadcrumb"},"inLanguage":"fr-FR","potentialAction":[{"@type":"ReadAction","target":["https:\/\/sagavinaestartit.com\/fr\/location-dappartements-estartit-une-nouvelle-ligne-de-bus-relie-figueres-et-torroella\/"]}]},{"@type":"ImageObject","inLanguage":"fr-FR","@id":"https:\/\/sagavinaestartit.com\/fr\/location-dappartements-estartit-une-nouvelle-ligne-de-bus-relie-figueres-et-torroella\/#primaryimage","url":"https:\/\/sagavinaestartit.com\/wp-content\/uploads\/2018\/04\/large_busTorroella_Figueres.jpg","contentUrl":"https:\/\/sagavinaestartit.com\/wp-content\/uploads\/2018\/04\/large_busTorroella_Figueres.jpg","width":335,"height":251},{"@type":"BreadcrumbList","@id":"https:\/\/sagavinaestartit.com\/fr\/location-dappartements-estartit-une-nouvelle-ligne-de-bus-relie-figueres-et-torroella\/#breadcrumb","itemListElement":[{"@type":"ListItem","position":1,"name":"Portada","item":"https:\/\/sagavinaestartit.com\/fr\/home\/"},{"@type":"ListItem","position":2,"name":"Location d&#8217;appartements Estartit: une nouvelle ligne de bus relie Figueres et Torroella"}]},{"@type":"WebSite","@id":"https:\/\/sagavinaestartit.com\/fr\/#website","url":"https:\/\/sagavinaestartit.com\/fr\/","name":"Sa Gavina Apartaments","description":"Sa Gavina Apartments","publisher":{"@id":"https:\/\/sagavinaestartit.com\/fr\/#organization"},"potentialAction":[{"@type":"SearchAction","target":{"@type":"EntryPoint","urlTemplate":"https:\/\/sagavinaestartit.com\/fr\/?s={search_term_string}"},"query-input":{"@type":"PropertyValueSpecification","valueRequired":true,"valueName":"search_term_string"}}],"inLanguage":"fr-FR"},{"@type":"Organization","@id":"https:\/\/sagavinaestartit.com\/fr\/#organization","name":"Sa Gavina Apartments","url":"https:\/\/sagavinaestartit.com\/fr\/","logo":{"@type":"ImageObject","inLanguage":"fr-FR","@id":"https:\/\/sagavinaestartit.com\/fr\/#\/schema\/logo\/image\/","url":"https:\/\/sagavinaestartit.com\/wp-content\/uploads\/2024\/12\/3-1.png","contentUrl":"https:\/\/sagavinaestartit.com\/wp-content\/uploads\/2024\/12\/3-1.png","width":500,"height":200,"caption":"Sa Gavina Apartments"},"image":{"@id":"https:\/\/sagavinaestartit.com\/fr\/#\/schema\/logo\/image\/"}},{"@type":"Person","@id":"https:\/\/sagavinaestartit.com\/fr\/#\/schema\/person\/72b3f9a420869474351007377bde83c0","name":"tecnico_alojapro","sameAs":["https:\/\/sagavinaestartit.com"]}]}},"_links":{"self":[{"href":"https:\/\/sagavinaestartit.com\/fr\/wp-json\/wp\/v2\/posts\/29214","targetHints":{"allow":["GET"]}}],"collection":[{"href":"https:\/\/sagavinaestartit.com\/fr\/wp-json\/wp\/v2\/posts"}],"about":[{"href":"https:\/\/sagavinaestartit.com\/fr\/wp-json\/wp\/v2\/types\/post"}],"author":[{"embeddable":true,"href":"https:\/\/sagavinaestartit.com\/fr\/wp-json\/wp\/v2\/users\/1"}],"replies":[{"embeddable":true,"href":"https:\/\/sagavinaestartit.com\/fr\/wp-json\/wp\/v2\/comments?post=29214"}],"version-history":[{"count":0,"href":"https:\/\/sagavinaestartit.com\/fr\/wp-json\/wp\/v2\/posts\/29214\/revisions"}],"wp:featuredmedia":[{"embeddable":true,"href":"https:\/\/sagavinaestartit.com\/fr\/wp-json\/wp\/v2\/media\/26892"}],"wp:attachment":[{"href":"https:\/\/sagavinaestartit.com\/fr\/wp-json\/wp\/v2\/media?parent=29214"}],"wp:term":[{"taxonomy":"category","embeddable":true,"href":"https:\/\/sagavinaestartit.com\/fr\/wp-json\/wp\/v2\/categories?post=29214"},{"taxonomy":"post_tag","embeddable":true,"href":"https:\/\/sagavinaestartit.com\/fr\/wp-json\/wp\/v2\/tags?post=29214"}],"curies":[{"name":"wp","href":"https:\/\/api.w.org\/{rel}","templated":true}]}}