{"id":29213,"date":"2018-04-07T19:15:45","date_gmt":"2018-04-07T17:15:45","guid":{"rendered":"https:\/\/sagavinaestartit.com\/2018\/04\/07\/appartement-en-location-a-estartit-et-le-tourisme-durable\/"},"modified":"2018-04-07T19:15:45","modified_gmt":"2018-04-07T17:15:45","slug":"appartement-en-location-a-estartit-et-le-tourisme-durable","status":"publish","type":"post","link":"https:\/\/sagavinaestartit.com\/fr\/appartement-en-location-a-estartit-et-le-tourisme-durable\/","title":{"rendered":"Appartement en location \u00e0 Estartit et le tourisme durable"},"content":{"rendered":"<p style=\"text-align: justify;\">Tous les visiteurs s\u00e9journant dans nos appartements en location \u00e0 Estartit peuvent profiter, \u00e0 partir de maintenant, une exp\u00e9rience plus satisfaisante lors de votre visite \u00e0 notre municipalit\u00e9, nous avons \u00e9t\u00e9 r\u00e9compens\u00e9s par l&rsquo;Union europ\u00e9enne avec une certification de la durabilit\u00e9 et la gestion responsable de la destination touristique.<\/p>\n<p style=\"text-align: justify;\">Les indicateurs de durabilit\u00e9 et de gestion responsable dans la destination touristique sont bas\u00e9s sur une liste de 27 points obligatoires et 40 qui sont facultatifs. Ils sont sp\u00e9cialement con\u00e7us pour observer attentivement le tourisme environnemental en tenant compte des aspects tels que: la gestion de la destination, l&rsquo;\u00e9ventuel impact \u00e9conomique, l&rsquo;influence sur le plan social et culturel, ainsi que l&rsquo;environnement. Pour chacun d&rsquo;eux, Estartit a obtenu 94,64% de tous les indicateurs.<\/p>\n<p style=\"text-align: justify;\">Afin d&rsquo;atteindre ces pourcentages, il est essentiel de la participation de toutes les parties: les entreprises, les organismes responsables de l&rsquo;administration publique, etc.<\/p>\n<p style=\"text-align: justify;\">Avec ce prix le maire adjoint de Torroella-Estartit, estime que le mod\u00e8le de gestion du tourisme permettra d&rsquo;am\u00e9liorer visiblement car il va g\u00e9n\u00e9rer plus de qualit\u00e9 de vie et le bien-\u00eatre \u00e0 la population locale et les touristes, et promouvoir le patrimoine des ressources sont pr\u00e9serv\u00e9es.<\/p>\n","protected":false},"excerpt":{"rendered":"<p>Tous les visiteurs s\u00e9journant dans nos appartements en location \u00e0 Estartit peuvent profiter, \u00e0 partir de maintenant, une exp\u00e9rience plus satisfaisante lors de votre visite \u00e0 notre municipalit\u00e9, nous avons \u00e9t\u00e9 r\u00e9compens\u00e9s par l&rsquo;Union europ\u00e9enne avec une certification de la  [&#8230;]<\/p>\n","protected":false},"author":1,"featured_media":26887,"comment_status":"open","ping_status":"open","sticky":false,"template":"","format":"standard","meta":{"footnotes":""},"categories":[130],"tags":[],"class_list":["post-29213","post","type-post","status-publish","format-standard","has-post-thumbnail","hentry","category-nouvelles"],"yoast_head":"<!-- This site is optimized with the Yoast SEO plugin v27.1.1 - https:\/\/yoast.com\/product\/yoast-seo-wordpress\/ -->\n<title>Appartement en location \u00e0 Estartit et le tourisme durable | Sa Gavina Apartaments<\/title>\n<meta name=\"robots\" content=\"index, follow, max-snippet:-1, max-image-preview:large, max-video-preview:-1\" \/>\n<link rel=\"canonical\" href=\"https:\/\/sagavinaestartit.com\/fr\/appartement-en-location-a-estartit-et-le-tourisme-durable\/\" \/>\n<meta property=\"og:locale\" content=\"fr_FR\" \/>\n<meta property=\"og:type\" content=\"article\" \/>\n<meta property=\"og:title\" content=\"Appartement en location \u00e0 Estartit et le tourisme durable | Sa Gavina Apartaments\" \/>\n<meta property=\"og:description\" content=\"Tous les visiteurs s\u00e9journant dans nos appartements en location \u00e0 Estartit peuvent profiter, \u00e0 partir de maintenant, une exp\u00e9rience plus satisfaisante lors de votre visite \u00e0 notre municipalit\u00e9, nous avons \u00e9t\u00e9 r\u00e9compens\u00e9s par l&rsquo;Union europ\u00e9enne avec une certification de la [...]\" \/>\n<meta property=\"og:url\" content=\"https:\/\/sagavinaestartit.com\/fr\/appartement-en-location-a-estartit-et-le-tourisme-durable\/\" \/>\n<meta property=\"og:site_name\" content=\"Sa Gavina Apartaments\" \/>\n<meta property=\"article:published_time\" content=\"2018-04-07T17:15:45+00:00\" \/>\n<meta property=\"og:image\" content=\"https:\/\/sagavinaestartit.com\/wp-content\/uploads\/2018\/04\/large_premi_etis_2.jpg\" \/>\n\t<meta property=\"og:image:width\" content=\"335\" \/>\n\t<meta property=\"og:image:height\" content=\"189\" \/>\n\t<meta property=\"og:image:type\" content=\"image\/jpeg\" \/>\n<meta name=\"author\" content=\"tecnico_alojapro\" \/>\n<meta name=\"twitter:card\" content=\"summary_large_image\" \/>\n<meta name=\"twitter:label1\" content=\"\u00c9crit par\" \/>\n\t<meta name=\"twitter:data1\" content=\"tecnico_alojapro\" \/>\n\t<meta name=\"twitter:label2\" content=\"Dur\u00e9e de lecture estim\u00e9e\" \/>\n\t<meta name=\"twitter:data2\" content=\"1 minute\" \/>\n<script type=\"application\/ld+json\" class=\"yoast-schema-graph\">{\"@context\":\"https:\/\/schema.org\",\"@graph\":[{\"@type\":\"Article\",\"@id\":\"https:\/\/sagavinaestartit.com\/fr\/appartement-en-location-a-estartit-et-le-tourisme-durable\/#article\",\"isPartOf\":{\"@id\":\"https:\/\/sagavinaestartit.com\/fr\/appartement-en-location-a-estartit-et-le-tourisme-durable\/\"},\"author\":{\"name\":\"tecnico_alojapro\",\"@id\":\"https:\/\/sagavinaestartit.com\/fr\/#\/schema\/person\/72b3f9a420869474351007377bde83c0\"},\"headline\":\"Appartement en location \u00e0 Estartit et le tourisme durable\",\"datePublished\":\"2018-04-07T17:15:45+00:00\",\"mainEntityOfPage\":{\"@id\":\"https:\/\/sagavinaestartit.com\/fr\/appartement-en-location-a-estartit-et-le-tourisme-durable\/\"},\"wordCount\":214,\"commentCount\":0,\"publisher\":{\"@id\":\"https:\/\/sagavinaestartit.com\/fr\/#organization\"},\"image\":{\"@id\":\"https:\/\/sagavinaestartit.com\/fr\/appartement-en-location-a-estartit-et-le-tourisme-durable\/#primaryimage\"},\"thumbnailUrl\":\"https:\/\/sagavinaestartit.com\/wp-content\/uploads\/2018\/04\/large_premi_etis_2.jpg\",\"articleSection\":[\"Nouvelles\"],\"inLanguage\":\"fr-FR\",\"potentialAction\":[{\"@type\":\"CommentAction\",\"name\":\"Comment\",\"target\":[\"https:\/\/sagavinaestartit.com\/fr\/appartement-en-location-a-estartit-et-le-tourisme-durable\/#respond\"]}]},{\"@type\":\"WebPage\",\"@id\":\"https:\/\/sagavinaestartit.com\/fr\/appartement-en-location-a-estartit-et-le-tourisme-durable\/\",\"url\":\"https:\/\/sagavinaestartit.com\/fr\/appartement-en-location-a-estartit-et-le-tourisme-durable\/\",\"name\":\"Appartement en location \u00e0 Estartit et le tourisme durable | Sa Gavina Apartaments\",\"isPartOf\":{\"@id\":\"https:\/\/sagavinaestartit.com\/fr\/#website\"},\"primaryImageOfPage\":{\"@id\":\"https:\/\/sagavinaestartit.com\/fr\/appartement-en-location-a-estartit-et-le-tourisme-durable\/#primaryimage\"},\"image\":{\"@id\":\"https:\/\/sagavinaestartit.com\/fr\/appartement-en-location-a-estartit-et-le-tourisme-durable\/#primaryimage\"},\"thumbnailUrl\":\"https:\/\/sagavinaestartit.com\/wp-content\/uploads\/2018\/04\/large_premi_etis_2.jpg\",\"datePublished\":\"2018-04-07T17:15:45+00:00\",\"breadcrumb\":{\"@id\":\"https:\/\/sagavinaestartit.com\/fr\/appartement-en-location-a-estartit-et-le-tourisme-durable\/#breadcrumb\"},\"inLanguage\":\"fr-FR\",\"potentialAction\":[{\"@type\":\"ReadAction\",\"target\":[\"https:\/\/sagavinaestartit.com\/fr\/appartement-en-location-a-estartit-et-le-tourisme-durable\/\"]}]},{\"@type\":\"ImageObject\",\"inLanguage\":\"fr-FR\",\"@id\":\"https:\/\/sagavinaestartit.com\/fr\/appartement-en-location-a-estartit-et-le-tourisme-durable\/#primaryimage\",\"url\":\"https:\/\/sagavinaestartit.com\/wp-content\/uploads\/2018\/04\/large_premi_etis_2.jpg\",\"contentUrl\":\"https:\/\/sagavinaestartit.com\/wp-content\/uploads\/2018\/04\/large_premi_etis_2.jpg\",\"width\":335,\"height\":189},{\"@type\":\"BreadcrumbList\",\"@id\":\"https:\/\/sagavinaestartit.com\/fr\/appartement-en-location-a-estartit-et-le-tourisme-durable\/#breadcrumb\",\"itemListElement\":[{\"@type\":\"ListItem\",\"position\":1,\"name\":\"Portada\",\"item\":\"https:\/\/sagavinaestartit.com\/fr\/home\/\"},{\"@type\":\"ListItem\",\"position\":2,\"name\":\"Appartement en location \u00e0 Estartit et le tourisme durable\"}]},{\"@type\":\"WebSite\",\"@id\":\"https:\/\/sagavinaestartit.com\/fr\/#website\",\"url\":\"https:\/\/sagavinaestartit.com\/fr\/\",\"name\":\"Sa Gavina Apartaments\",\"description\":\"Sa Gavina Apartments\",\"publisher\":{\"@id\":\"https:\/\/sagavinaestartit.com\/fr\/#organization\"},\"potentialAction\":[{\"@type\":\"SearchAction\",\"target\":{\"@type\":\"EntryPoint\",\"urlTemplate\":\"https:\/\/sagavinaestartit.com\/fr\/?s={search_term_string}\"},\"query-input\":{\"@type\":\"PropertyValueSpecification\",\"valueRequired\":true,\"valueName\":\"search_term_string\"}}],\"inLanguage\":\"fr-FR\"},{\"@type\":\"Organization\",\"@id\":\"https:\/\/sagavinaestartit.com\/fr\/#organization\",\"name\":\"Sa Gavina Apartments\",\"url\":\"https:\/\/sagavinaestartit.com\/fr\/\",\"logo\":{\"@type\":\"ImageObject\",\"inLanguage\":\"fr-FR\",\"@id\":\"https:\/\/sagavinaestartit.com\/fr\/#\/schema\/logo\/image\/\",\"url\":\"https:\/\/sagavinaestartit.com\/wp-content\/uploads\/2024\/12\/3-1.png\",\"contentUrl\":\"https:\/\/sagavinaestartit.com\/wp-content\/uploads\/2024\/12\/3-1.png\",\"width\":500,\"height\":200,\"caption\":\"Sa Gavina Apartments\"},\"image\":{\"@id\":\"https:\/\/sagavinaestartit.com\/fr\/#\/schema\/logo\/image\/\"}},{\"@type\":\"Person\",\"@id\":\"https:\/\/sagavinaestartit.com\/fr\/#\/schema\/person\/72b3f9a420869474351007377bde83c0\",\"name\":\"tecnico_alojapro\",\"sameAs\":[\"https:\/\/sagavinaestartit.com\"]}]}<\/script>\n<!-- \/ Yoast SEO plugin. -->","yoast_head_json":{"title":"Appartement en location \u00e0 Estartit et le tourisme durable | Sa Gavina Apartaments","robots":{"index":"index","follow":"follow","max-snippet":"max-snippet:-1","max-image-preview":"max-image-preview:large","max-video-preview":"max-video-preview:-1"},"canonical":"https:\/\/sagavinaestartit.com\/fr\/appartement-en-location-a-estartit-et-le-tourisme-durable\/","og_locale":"fr_FR","og_type":"article","og_title":"Appartement en location \u00e0 Estartit et le tourisme durable | Sa Gavina Apartaments","og_description":"Tous les visiteurs s\u00e9journant dans nos appartements en location \u00e0 Estartit peuvent profiter, \u00e0 partir de maintenant, une exp\u00e9rience plus satisfaisante lors de votre visite \u00e0 notre municipalit\u00e9, nous avons \u00e9t\u00e9 r\u00e9compens\u00e9s par l&rsquo;Union europ\u00e9enne avec une certification de la [...]","og_url":"https:\/\/sagavinaestartit.com\/fr\/appartement-en-location-a-estartit-et-le-tourisme-durable\/","og_site_name":"Sa Gavina Apartaments","article_published_time":"2018-04-07T17:15:45+00:00","og_image":[{"width":335,"height":189,"url":"https:\/\/sagavinaestartit.com\/wp-content\/uploads\/2018\/04\/large_premi_etis_2.jpg","type":"image\/jpeg"}],"author":"tecnico_alojapro","twitter_card":"summary_large_image","twitter_misc":{"\u00c9crit par":"tecnico_alojapro","Dur\u00e9e de lecture estim\u00e9e":"1 minute"},"schema":{"@context":"https:\/\/schema.org","@graph":[{"@type":"Article","@id":"https:\/\/sagavinaestartit.com\/fr\/appartement-en-location-a-estartit-et-le-tourisme-durable\/#article","isPartOf":{"@id":"https:\/\/sagavinaestartit.com\/fr\/appartement-en-location-a-estartit-et-le-tourisme-durable\/"},"author":{"name":"tecnico_alojapro","@id":"https:\/\/sagavinaestartit.com\/fr\/#\/schema\/person\/72b3f9a420869474351007377bde83c0"},"headline":"Appartement en location \u00e0 Estartit et le tourisme durable","datePublished":"2018-04-07T17:15:45+00:00","mainEntityOfPage":{"@id":"https:\/\/sagavinaestartit.com\/fr\/appartement-en-location-a-estartit-et-le-tourisme-durable\/"},"wordCount":214,"commentCount":0,"publisher":{"@id":"https:\/\/sagavinaestartit.com\/fr\/#organization"},"image":{"@id":"https:\/\/sagavinaestartit.com\/fr\/appartement-en-location-a-estartit-et-le-tourisme-durable\/#primaryimage"},"thumbnailUrl":"https:\/\/sagavinaestartit.com\/wp-content\/uploads\/2018\/04\/large_premi_etis_2.jpg","articleSection":["Nouvelles"],"inLanguage":"fr-FR","potentialAction":[{"@type":"CommentAction","name":"Comment","target":["https:\/\/sagavinaestartit.com\/fr\/appartement-en-location-a-estartit-et-le-tourisme-durable\/#respond"]}]},{"@type":"WebPage","@id":"https:\/\/sagavinaestartit.com\/fr\/appartement-en-location-a-estartit-et-le-tourisme-durable\/","url":"https:\/\/sagavinaestartit.com\/fr\/appartement-en-location-a-estartit-et-le-tourisme-durable\/","name":"Appartement en location \u00e0 Estartit et le tourisme durable | Sa Gavina Apartaments","isPartOf":{"@id":"https:\/\/sagavinaestartit.com\/fr\/#website"},"primaryImageOfPage":{"@id":"https:\/\/sagavinaestartit.com\/fr\/appartement-en-location-a-estartit-et-le-tourisme-durable\/#primaryimage"},"image":{"@id":"https:\/\/sagavinaestartit.com\/fr\/appartement-en-location-a-estartit-et-le-tourisme-durable\/#primaryimage"},"thumbnailUrl":"https:\/\/sagavinaestartit.com\/wp-content\/uploads\/2018\/04\/large_premi_etis_2.jpg","datePublished":"2018-04-07T17:15:45+00:00","breadcrumb":{"@id":"https:\/\/sagavinaestartit.com\/fr\/appartement-en-location-a-estartit-et-le-tourisme-durable\/#breadcrumb"},"inLanguage":"fr-FR","potentialAction":[{"@type":"ReadAction","target":["https:\/\/sagavinaestartit.com\/fr\/appartement-en-location-a-estartit-et-le-tourisme-durable\/"]}]},{"@type":"ImageObject","inLanguage":"fr-FR","@id":"https:\/\/sagavinaestartit.com\/fr\/appartement-en-location-a-estartit-et-le-tourisme-durable\/#primaryimage","url":"https:\/\/sagavinaestartit.com\/wp-content\/uploads\/2018\/04\/large_premi_etis_2.jpg","contentUrl":"https:\/\/sagavinaestartit.com\/wp-content\/uploads\/2018\/04\/large_premi_etis_2.jpg","width":335,"height":189},{"@type":"BreadcrumbList","@id":"https:\/\/sagavinaestartit.com\/fr\/appartement-en-location-a-estartit-et-le-tourisme-durable\/#breadcrumb","itemListElement":[{"@type":"ListItem","position":1,"name":"Portada","item":"https:\/\/sagavinaestartit.com\/fr\/home\/"},{"@type":"ListItem","position":2,"name":"Appartement en location \u00e0 Estartit et le tourisme durable"}]},{"@type":"WebSite","@id":"https:\/\/sagavinaestartit.com\/fr\/#website","url":"https:\/\/sagavinaestartit.com\/fr\/","name":"Sa Gavina Apartaments","description":"Sa Gavina Apartments","publisher":{"@id":"https:\/\/sagavinaestartit.com\/fr\/#organization"},"potentialAction":[{"@type":"SearchAction","target":{"@type":"EntryPoint","urlTemplate":"https:\/\/sagavinaestartit.com\/fr\/?s={search_term_string}"},"query-input":{"@type":"PropertyValueSpecification","valueRequired":true,"valueName":"search_term_string"}}],"inLanguage":"fr-FR"},{"@type":"Organization","@id":"https:\/\/sagavinaestartit.com\/fr\/#organization","name":"Sa Gavina Apartments","url":"https:\/\/sagavinaestartit.com\/fr\/","logo":{"@type":"ImageObject","inLanguage":"fr-FR","@id":"https:\/\/sagavinaestartit.com\/fr\/#\/schema\/logo\/image\/","url":"https:\/\/sagavinaestartit.com\/wp-content\/uploads\/2024\/12\/3-1.png","contentUrl":"https:\/\/sagavinaestartit.com\/wp-content\/uploads\/2024\/12\/3-1.png","width":500,"height":200,"caption":"Sa Gavina Apartments"},"image":{"@id":"https:\/\/sagavinaestartit.com\/fr\/#\/schema\/logo\/image\/"}},{"@type":"Person","@id":"https:\/\/sagavinaestartit.com\/fr\/#\/schema\/person\/72b3f9a420869474351007377bde83c0","name":"tecnico_alojapro","sameAs":["https:\/\/sagavinaestartit.com"]}]}},"_links":{"self":[{"href":"https:\/\/sagavinaestartit.com\/fr\/wp-json\/wp\/v2\/posts\/29213","targetHints":{"allow":["GET"]}}],"collection":[{"href":"https:\/\/sagavinaestartit.com\/fr\/wp-json\/wp\/v2\/posts"}],"about":[{"href":"https:\/\/sagavinaestartit.com\/fr\/wp-json\/wp\/v2\/types\/post"}],"author":[{"embeddable":true,"href":"https:\/\/sagavinaestartit.com\/fr\/wp-json\/wp\/v2\/users\/1"}],"replies":[{"embeddable":true,"href":"https:\/\/sagavinaestartit.com\/fr\/wp-json\/wp\/v2\/comments?post=29213"}],"version-history":[{"count":0,"href":"https:\/\/sagavinaestartit.com\/fr\/wp-json\/wp\/v2\/posts\/29213\/revisions"}],"wp:featuredmedia":[{"embeddable":true,"href":"https:\/\/sagavinaestartit.com\/fr\/wp-json\/wp\/v2\/media\/26887"}],"wp:attachment":[{"href":"https:\/\/sagavinaestartit.com\/fr\/wp-json\/wp\/v2\/media?parent=29213"}],"wp:term":[{"taxonomy":"category","embeddable":true,"href":"https:\/\/sagavinaestartit.com\/fr\/wp-json\/wp\/v2\/categories?post=29213"},{"taxonomy":"post_tag","embeddable":true,"href":"https:\/\/sagavinaestartit.com\/fr\/wp-json\/wp\/v2\/tags?post=29213"}],"curies":[{"name":"wp","href":"https:\/\/api.w.org\/{rel}","templated":true}]}}