{"id":29212,"date":"2018-04-07T19:30:56","date_gmt":"2018-04-07T17:30:56","guid":{"rendered":"https:\/\/sagavinaestartit.com\/2018\/04\/07\/tours-medievaux-pendant-que-votre-sejour-dans-nos-appartements-en-location-a-estartit\/"},"modified":"2018-04-07T19:30:56","modified_gmt":"2018-04-07T17:30:56","slug":"tours-medievaux-pendant-que-votre-sejour-dans-nos-appartements-en-location-a-estartit","status":"publish","type":"post","link":"https:\/\/sagavinaestartit.com\/fr\/tours-medievaux-pendant-que-votre-sejour-dans-nos-appartements-en-location-a-estartit\/","title":{"rendered":"Tours medievaux pendant que votre s\u00e9jour dans nos appartements en location \u00e0 Estartit"},"content":{"rendered":"<p style=\"text-align: justify;\">Les conseils r\u00e9gionaux de Haute et Basse Empord\u00e0 \u00e9diter une brochure touristique avec 35 propositions pour les visites m\u00e9di\u00e9vales guid\u00e9es pour tous les touristes s\u00e9journant dans la r\u00e9gion et dans nos appartements en location \u00e0 Estartit.<\/p>\n<p style=\"text-align: justify;\">Plus pr\u00e9cis\u00e9ment, ils offrent 22 visites guid\u00e9es dans la Haute Emporda et 13 dans le Bas Empord\u00e0, pour ceux qui souhaitent d\u00e9couvrir la beaut\u00e9 de notre territoire. La brochure indique le jour de la visite, le th\u00e8me, la dur\u00e9e et le prix. Il est un moyen d&rsquo;encourager les visites dans ces domaines qui sont peu connus, mais avec un grand int\u00e9r\u00eat architectural et culturel.<\/p>\n<p style=\"text-align: justify;\">Pour plus d&rsquo;information, ne pas h\u00e9siter \u00e0 nous consulter.<\/p>\n","protected":false},"excerpt":{"rendered":"<p>Les conseils r\u00e9gionaux de Haute et Basse Empord\u00e0 \u00e9diter une brochure touristique avec 35 propositions pour les visites m\u00e9di\u00e9vales guid\u00e9es pour tous les touristes s\u00e9journant dans la r\u00e9gion et dans nos appartements en location \u00e0 Estartit. Plus pr\u00e9cis\u00e9ment, ils offrent  [&#8230;]<\/p>\n","protected":false},"author":1,"featured_media":26882,"comment_status":"open","ping_status":"open","sticky":false,"template":"","format":"standard","meta":{"footnotes":""},"categories":[130],"tags":[],"class_list":["post-29212","post","type-post","status-publish","format-standard","has-post-thumbnail","hentry","category-nouvelles"],"yoast_head":"<!-- This site is optimized with the Yoast SEO plugin v27.1.1 - https:\/\/yoast.com\/product\/yoast-seo-wordpress\/ -->\n<title>Tours medievaux pendant que votre s\u00e9jour dans nos appartements en location \u00e0 Estartit | Sa Gavina Apartaments<\/title>\n<meta name=\"robots\" content=\"index, follow, max-snippet:-1, max-image-preview:large, max-video-preview:-1\" \/>\n<link rel=\"canonical\" href=\"https:\/\/sagavinaestartit.com\/fr\/tours-medievaux-pendant-que-votre-sejour-dans-nos-appartements-en-location-a-estartit\/\" \/>\n<meta property=\"og:locale\" content=\"fr_FR\" \/>\n<meta property=\"og:type\" content=\"article\" \/>\n<meta property=\"og:title\" content=\"Tours medievaux pendant que votre s\u00e9jour dans nos appartements en location \u00e0 Estartit | Sa Gavina Apartaments\" \/>\n<meta property=\"og:description\" content=\"Les conseils r\u00e9gionaux de Haute et Basse Empord\u00e0 \u00e9diter une brochure touristique avec 35 propositions pour les visites m\u00e9di\u00e9vales guid\u00e9es pour tous les touristes s\u00e9journant dans la r\u00e9gion et dans nos appartements en location \u00e0 Estartit. Plus pr\u00e9cis\u00e9ment, ils offrent [...]\" \/>\n<meta property=\"og:url\" content=\"https:\/\/sagavinaestartit.com\/fr\/tours-medievaux-pendant-que-votre-sejour-dans-nos-appartements-en-location-a-estartit\/\" \/>\n<meta property=\"og:site_name\" content=\"Sa Gavina Apartaments\" \/>\n<meta property=\"article:published_time\" content=\"2018-04-07T17:30:56+00:00\" \/>\n<meta property=\"og:image\" content=\"https:\/\/sagavinaestartit.com\/wp-content\/uploads\/2018\/04\/large_tours_medievales_estartit.jpg\" \/>\n\t<meta property=\"og:image:width\" content=\"335\" \/>\n\t<meta property=\"og:image:height\" content=\"143\" \/>\n\t<meta property=\"og:image:type\" content=\"image\/jpeg\" \/>\n<meta name=\"author\" content=\"tecnico_alojapro\" \/>\n<meta name=\"twitter:card\" content=\"summary_large_image\" \/>\n<meta name=\"twitter:label1\" content=\"\u00c9crit par\" \/>\n\t<meta name=\"twitter:data1\" content=\"tecnico_alojapro\" \/>\n\t<meta name=\"twitter:label2\" content=\"Dur\u00e9e de lecture estim\u00e9e\" \/>\n\t<meta name=\"twitter:data2\" content=\"1 minute\" \/>\n<script type=\"application\/ld+json\" class=\"yoast-schema-graph\">{\"@context\":\"https:\/\/schema.org\",\"@graph\":[{\"@type\":\"Article\",\"@id\":\"https:\/\/sagavinaestartit.com\/fr\/tours-medievaux-pendant-que-votre-sejour-dans-nos-appartements-en-location-a-estartit\/#article\",\"isPartOf\":{\"@id\":\"https:\/\/sagavinaestartit.com\/fr\/tours-medievaux-pendant-que-votre-sejour-dans-nos-appartements-en-location-a-estartit\/\"},\"author\":{\"name\":\"tecnico_alojapro\",\"@id\":\"https:\/\/sagavinaestartit.com\/fr\/#\/schema\/person\/72b3f9a420869474351007377bde83c0\"},\"headline\":\"Tours medievaux pendant que votre s\u00e9jour dans nos appartements en location \u00e0 Estartit\",\"datePublished\":\"2018-04-07T17:30:56+00:00\",\"mainEntityOfPage\":{\"@id\":\"https:\/\/sagavinaestartit.com\/fr\/tours-medievaux-pendant-que-votre-sejour-dans-nos-appartements-en-location-a-estartit\/\"},\"wordCount\":134,\"commentCount\":0,\"publisher\":{\"@id\":\"https:\/\/sagavinaestartit.com\/fr\/#organization\"},\"image\":{\"@id\":\"https:\/\/sagavinaestartit.com\/fr\/tours-medievaux-pendant-que-votre-sejour-dans-nos-appartements-en-location-a-estartit\/#primaryimage\"},\"thumbnailUrl\":\"https:\/\/sagavinaestartit.com\/wp-content\/uploads\/2018\/04\/large_tours_medievales_estartit.jpg\",\"articleSection\":[\"Nouvelles\"],\"inLanguage\":\"fr-FR\",\"potentialAction\":[{\"@type\":\"CommentAction\",\"name\":\"Comment\",\"target\":[\"https:\/\/sagavinaestartit.com\/fr\/tours-medievaux-pendant-que-votre-sejour-dans-nos-appartements-en-location-a-estartit\/#respond\"]}]},{\"@type\":\"WebPage\",\"@id\":\"https:\/\/sagavinaestartit.com\/fr\/tours-medievaux-pendant-que-votre-sejour-dans-nos-appartements-en-location-a-estartit\/\",\"url\":\"https:\/\/sagavinaestartit.com\/fr\/tours-medievaux-pendant-que-votre-sejour-dans-nos-appartements-en-location-a-estartit\/\",\"name\":\"Tours medievaux pendant que votre s\u00e9jour dans nos appartements en location \u00e0 Estartit | Sa Gavina Apartaments\",\"isPartOf\":{\"@id\":\"https:\/\/sagavinaestartit.com\/fr\/#website\"},\"primaryImageOfPage\":{\"@id\":\"https:\/\/sagavinaestartit.com\/fr\/tours-medievaux-pendant-que-votre-sejour-dans-nos-appartements-en-location-a-estartit\/#primaryimage\"},\"image\":{\"@id\":\"https:\/\/sagavinaestartit.com\/fr\/tours-medievaux-pendant-que-votre-sejour-dans-nos-appartements-en-location-a-estartit\/#primaryimage\"},\"thumbnailUrl\":\"https:\/\/sagavinaestartit.com\/wp-content\/uploads\/2018\/04\/large_tours_medievales_estartit.jpg\",\"datePublished\":\"2018-04-07T17:30:56+00:00\",\"breadcrumb\":{\"@id\":\"https:\/\/sagavinaestartit.com\/fr\/tours-medievaux-pendant-que-votre-sejour-dans-nos-appartements-en-location-a-estartit\/#breadcrumb\"},\"inLanguage\":\"fr-FR\",\"potentialAction\":[{\"@type\":\"ReadAction\",\"target\":[\"https:\/\/sagavinaestartit.com\/fr\/tours-medievaux-pendant-que-votre-sejour-dans-nos-appartements-en-location-a-estartit\/\"]}]},{\"@type\":\"ImageObject\",\"inLanguage\":\"fr-FR\",\"@id\":\"https:\/\/sagavinaestartit.com\/fr\/tours-medievaux-pendant-que-votre-sejour-dans-nos-appartements-en-location-a-estartit\/#primaryimage\",\"url\":\"https:\/\/sagavinaestartit.com\/wp-content\/uploads\/2018\/04\/large_tours_medievales_estartit.jpg\",\"contentUrl\":\"https:\/\/sagavinaestartit.com\/wp-content\/uploads\/2018\/04\/large_tours_medievales_estartit.jpg\",\"width\":335,\"height\":143},{\"@type\":\"BreadcrumbList\",\"@id\":\"https:\/\/sagavinaestartit.com\/fr\/tours-medievaux-pendant-que-votre-sejour-dans-nos-appartements-en-location-a-estartit\/#breadcrumb\",\"itemListElement\":[{\"@type\":\"ListItem\",\"position\":1,\"name\":\"Portada\",\"item\":\"https:\/\/sagavinaestartit.com\/fr\/home\/\"},{\"@type\":\"ListItem\",\"position\":2,\"name\":\"Tours medievaux pendant que votre s\u00e9jour dans nos appartements en location \u00e0 Estartit\"}]},{\"@type\":\"WebSite\",\"@id\":\"https:\/\/sagavinaestartit.com\/fr\/#website\",\"url\":\"https:\/\/sagavinaestartit.com\/fr\/\",\"name\":\"Sa Gavina Apartaments\",\"description\":\"Sa Gavina Apartments\",\"publisher\":{\"@id\":\"https:\/\/sagavinaestartit.com\/fr\/#organization\"},\"potentialAction\":[{\"@type\":\"SearchAction\",\"target\":{\"@type\":\"EntryPoint\",\"urlTemplate\":\"https:\/\/sagavinaestartit.com\/fr\/?s={search_term_string}\"},\"query-input\":{\"@type\":\"PropertyValueSpecification\",\"valueRequired\":true,\"valueName\":\"search_term_string\"}}],\"inLanguage\":\"fr-FR\"},{\"@type\":\"Organization\",\"@id\":\"https:\/\/sagavinaestartit.com\/fr\/#organization\",\"name\":\"Sa Gavina Apartments\",\"url\":\"https:\/\/sagavinaestartit.com\/fr\/\",\"logo\":{\"@type\":\"ImageObject\",\"inLanguage\":\"fr-FR\",\"@id\":\"https:\/\/sagavinaestartit.com\/fr\/#\/schema\/logo\/image\/\",\"url\":\"https:\/\/sagavinaestartit.com\/wp-content\/uploads\/2024\/12\/3-1.png\",\"contentUrl\":\"https:\/\/sagavinaestartit.com\/wp-content\/uploads\/2024\/12\/3-1.png\",\"width\":500,\"height\":200,\"caption\":\"Sa Gavina Apartments\"},\"image\":{\"@id\":\"https:\/\/sagavinaestartit.com\/fr\/#\/schema\/logo\/image\/\"}},{\"@type\":\"Person\",\"@id\":\"https:\/\/sagavinaestartit.com\/fr\/#\/schema\/person\/72b3f9a420869474351007377bde83c0\",\"name\":\"tecnico_alojapro\",\"sameAs\":[\"https:\/\/sagavinaestartit.com\"]}]}<\/script>\n<!-- \/ Yoast SEO plugin. -->","yoast_head_json":{"title":"Tours medievaux pendant que votre s\u00e9jour dans nos appartements en location \u00e0 Estartit | Sa Gavina Apartaments","robots":{"index":"index","follow":"follow","max-snippet":"max-snippet:-1","max-image-preview":"max-image-preview:large","max-video-preview":"max-video-preview:-1"},"canonical":"https:\/\/sagavinaestartit.com\/fr\/tours-medievaux-pendant-que-votre-sejour-dans-nos-appartements-en-location-a-estartit\/","og_locale":"fr_FR","og_type":"article","og_title":"Tours medievaux pendant que votre s\u00e9jour dans nos appartements en location \u00e0 Estartit | Sa Gavina Apartaments","og_description":"Les conseils r\u00e9gionaux de Haute et Basse Empord\u00e0 \u00e9diter une brochure touristique avec 35 propositions pour les visites m\u00e9di\u00e9vales guid\u00e9es pour tous les touristes s\u00e9journant dans la r\u00e9gion et dans nos appartements en location \u00e0 Estartit. Plus pr\u00e9cis\u00e9ment, ils offrent [...]","og_url":"https:\/\/sagavinaestartit.com\/fr\/tours-medievaux-pendant-que-votre-sejour-dans-nos-appartements-en-location-a-estartit\/","og_site_name":"Sa Gavina Apartaments","article_published_time":"2018-04-07T17:30:56+00:00","og_image":[{"width":335,"height":143,"url":"https:\/\/sagavinaestartit.com\/wp-content\/uploads\/2018\/04\/large_tours_medievales_estartit.jpg","type":"image\/jpeg"}],"author":"tecnico_alojapro","twitter_card":"summary_large_image","twitter_misc":{"\u00c9crit par":"tecnico_alojapro","Dur\u00e9e de lecture estim\u00e9e":"1 minute"},"schema":{"@context":"https:\/\/schema.org","@graph":[{"@type":"Article","@id":"https:\/\/sagavinaestartit.com\/fr\/tours-medievaux-pendant-que-votre-sejour-dans-nos-appartements-en-location-a-estartit\/#article","isPartOf":{"@id":"https:\/\/sagavinaestartit.com\/fr\/tours-medievaux-pendant-que-votre-sejour-dans-nos-appartements-en-location-a-estartit\/"},"author":{"name":"tecnico_alojapro","@id":"https:\/\/sagavinaestartit.com\/fr\/#\/schema\/person\/72b3f9a420869474351007377bde83c0"},"headline":"Tours medievaux pendant que votre s\u00e9jour dans nos appartements en location \u00e0 Estartit","datePublished":"2018-04-07T17:30:56+00:00","mainEntityOfPage":{"@id":"https:\/\/sagavinaestartit.com\/fr\/tours-medievaux-pendant-que-votre-sejour-dans-nos-appartements-en-location-a-estartit\/"},"wordCount":134,"commentCount":0,"publisher":{"@id":"https:\/\/sagavinaestartit.com\/fr\/#organization"},"image":{"@id":"https:\/\/sagavinaestartit.com\/fr\/tours-medievaux-pendant-que-votre-sejour-dans-nos-appartements-en-location-a-estartit\/#primaryimage"},"thumbnailUrl":"https:\/\/sagavinaestartit.com\/wp-content\/uploads\/2018\/04\/large_tours_medievales_estartit.jpg","articleSection":["Nouvelles"],"inLanguage":"fr-FR","potentialAction":[{"@type":"CommentAction","name":"Comment","target":["https:\/\/sagavinaestartit.com\/fr\/tours-medievaux-pendant-que-votre-sejour-dans-nos-appartements-en-location-a-estartit\/#respond"]}]},{"@type":"WebPage","@id":"https:\/\/sagavinaestartit.com\/fr\/tours-medievaux-pendant-que-votre-sejour-dans-nos-appartements-en-location-a-estartit\/","url":"https:\/\/sagavinaestartit.com\/fr\/tours-medievaux-pendant-que-votre-sejour-dans-nos-appartements-en-location-a-estartit\/","name":"Tours medievaux pendant que votre s\u00e9jour dans nos appartements en location \u00e0 Estartit | Sa Gavina Apartaments","isPartOf":{"@id":"https:\/\/sagavinaestartit.com\/fr\/#website"},"primaryImageOfPage":{"@id":"https:\/\/sagavinaestartit.com\/fr\/tours-medievaux-pendant-que-votre-sejour-dans-nos-appartements-en-location-a-estartit\/#primaryimage"},"image":{"@id":"https:\/\/sagavinaestartit.com\/fr\/tours-medievaux-pendant-que-votre-sejour-dans-nos-appartements-en-location-a-estartit\/#primaryimage"},"thumbnailUrl":"https:\/\/sagavinaestartit.com\/wp-content\/uploads\/2018\/04\/large_tours_medievales_estartit.jpg","datePublished":"2018-04-07T17:30:56+00:00","breadcrumb":{"@id":"https:\/\/sagavinaestartit.com\/fr\/tours-medievaux-pendant-que-votre-sejour-dans-nos-appartements-en-location-a-estartit\/#breadcrumb"},"inLanguage":"fr-FR","potentialAction":[{"@type":"ReadAction","target":["https:\/\/sagavinaestartit.com\/fr\/tours-medievaux-pendant-que-votre-sejour-dans-nos-appartements-en-location-a-estartit\/"]}]},{"@type":"ImageObject","inLanguage":"fr-FR","@id":"https:\/\/sagavinaestartit.com\/fr\/tours-medievaux-pendant-que-votre-sejour-dans-nos-appartements-en-location-a-estartit\/#primaryimage","url":"https:\/\/sagavinaestartit.com\/wp-content\/uploads\/2018\/04\/large_tours_medievales_estartit.jpg","contentUrl":"https:\/\/sagavinaestartit.com\/wp-content\/uploads\/2018\/04\/large_tours_medievales_estartit.jpg","width":335,"height":143},{"@type":"BreadcrumbList","@id":"https:\/\/sagavinaestartit.com\/fr\/tours-medievaux-pendant-que-votre-sejour-dans-nos-appartements-en-location-a-estartit\/#breadcrumb","itemListElement":[{"@type":"ListItem","position":1,"name":"Portada","item":"https:\/\/sagavinaestartit.com\/fr\/home\/"},{"@type":"ListItem","position":2,"name":"Tours medievaux pendant que votre s\u00e9jour dans nos appartements en location \u00e0 Estartit"}]},{"@type":"WebSite","@id":"https:\/\/sagavinaestartit.com\/fr\/#website","url":"https:\/\/sagavinaestartit.com\/fr\/","name":"Sa Gavina Apartaments","description":"Sa Gavina Apartments","publisher":{"@id":"https:\/\/sagavinaestartit.com\/fr\/#organization"},"potentialAction":[{"@type":"SearchAction","target":{"@type":"EntryPoint","urlTemplate":"https:\/\/sagavinaestartit.com\/fr\/?s={search_term_string}"},"query-input":{"@type":"PropertyValueSpecification","valueRequired":true,"valueName":"search_term_string"}}],"inLanguage":"fr-FR"},{"@type":"Organization","@id":"https:\/\/sagavinaestartit.com\/fr\/#organization","name":"Sa Gavina Apartments","url":"https:\/\/sagavinaestartit.com\/fr\/","logo":{"@type":"ImageObject","inLanguage":"fr-FR","@id":"https:\/\/sagavinaestartit.com\/fr\/#\/schema\/logo\/image\/","url":"https:\/\/sagavinaestartit.com\/wp-content\/uploads\/2024\/12\/3-1.png","contentUrl":"https:\/\/sagavinaestartit.com\/wp-content\/uploads\/2024\/12\/3-1.png","width":500,"height":200,"caption":"Sa Gavina Apartments"},"image":{"@id":"https:\/\/sagavinaestartit.com\/fr\/#\/schema\/logo\/image\/"}},{"@type":"Person","@id":"https:\/\/sagavinaestartit.com\/fr\/#\/schema\/person\/72b3f9a420869474351007377bde83c0","name":"tecnico_alojapro","sameAs":["https:\/\/sagavinaestartit.com"]}]}},"_links":{"self":[{"href":"https:\/\/sagavinaestartit.com\/fr\/wp-json\/wp\/v2\/posts\/29212","targetHints":{"allow":["GET"]}}],"collection":[{"href":"https:\/\/sagavinaestartit.com\/fr\/wp-json\/wp\/v2\/posts"}],"about":[{"href":"https:\/\/sagavinaestartit.com\/fr\/wp-json\/wp\/v2\/types\/post"}],"author":[{"embeddable":true,"href":"https:\/\/sagavinaestartit.com\/fr\/wp-json\/wp\/v2\/users\/1"}],"replies":[{"embeddable":true,"href":"https:\/\/sagavinaestartit.com\/fr\/wp-json\/wp\/v2\/comments?post=29212"}],"version-history":[{"count":0,"href":"https:\/\/sagavinaestartit.com\/fr\/wp-json\/wp\/v2\/posts\/29212\/revisions"}],"wp:featuredmedia":[{"embeddable":true,"href":"https:\/\/sagavinaestartit.com\/fr\/wp-json\/wp\/v2\/media\/26882"}],"wp:attachment":[{"href":"https:\/\/sagavinaestartit.com\/fr\/wp-json\/wp\/v2\/media?parent=29212"}],"wp:term":[{"taxonomy":"category","embeddable":true,"href":"https:\/\/sagavinaestartit.com\/fr\/wp-json\/wp\/v2\/categories?post=29212"},{"taxonomy":"post_tag","embeddable":true,"href":"https:\/\/sagavinaestartit.com\/fr\/wp-json\/wp\/v2\/tags?post=29212"}],"curies":[{"name":"wp","href":"https:\/\/api.w.org\/{rel}","templated":true}]}}