{"id":29211,"date":"2018-04-07T19:45:40","date_gmt":"2018-04-07T17:45:40","guid":{"rendered":"https:\/\/sagavinaestartit.com\/2018\/04\/07\/les-crevettes-de-palamos-et-votre-sejour-dans-les-appartements-sa-gavina-en-location-a-estartit\/"},"modified":"2018-04-07T19:45:40","modified_gmt":"2018-04-07T17:45:40","slug":"les-crevettes-de-palamos-et-votre-sejour-dans-les-appartements-sa-gavina-en-location-a-estartit","status":"publish","type":"post","link":"https:\/\/sagavinaestartit.com\/fr\/les-crevettes-de-palamos-et-votre-sejour-dans-les-appartements-sa-gavina-en-location-a-estartit\/","title":{"rendered":"Les crevettes de Palam\u00f3s et votre s\u00e9jour dans les appartements Sa gavina en location \u00e0 Estartit"},"content":{"rendered":"<p style=\"font-weight: 400; text-align: justify;\">Pendant votre s\u00e9jour \u00e0 les\u00a0<strong>Appartements Sa Gavina en location \u00e0 Estartit<\/strong>\u00a0il vaut la peine de faire une visite \u00e0 la\u00a0<a href=\"http:\/\/firadelagamba.cat\/\">Foire de la crevette \u00e0 Palam\u00f3s<\/a>, a lieu chaque ann\u00e9e en Juin.<\/p>\n<p style=\"font-weight: 400; text-align: justify;\">L&rsquo;an dernier, les crevettes de Palam\u00f3s o\u00f9 inclus dans la marque locale \u00ab\u00a0Produits de Empord\u00e0\u00a0\u00bb<\/p>\n<p style=\"font-weight: 400; text-align: justify;\">Cette marque regroupe des produits typiques de notre r\u00e9gion tels que le riz Pals, la saucisse douce, bunyols de Empord\u00e0, Figueres oignon, fromage fra\u00eeche et la pomme farcie de Vilabertran.<\/p>\n<p style=\"font-weight: 400; text-align: justify;\">L&rsquo;incorporation de crevettes Palam\u00f3s permet d&rsquo;accro\u00eetre la valeur de garantir la qualit\u00e9 des produits et de prestige dans le but d&rsquo;am\u00e9liorer leur promotion et de la connaissance.<\/p>\n<p style=\"font-weight: 400; text-align: justify;\">La marque garantit que tous ses produits sont fabriqu\u00e9s ou transform\u00e9s localement dans la r\u00e9gion Empord\u00e0 suivant les traditions locales. Les producteurs doivent \u00e9galement proc\u00e9der \u00e0 des contr\u00f4les p\u00e9riodiques par un laboratoire alimentaire pour certifier la qualit\u00e9 des diff\u00e9rentes phases du produit.<\/p>\n<p style=\"font-weight: 400; text-align: justify;\">Les crevettes sont un Ils sont une caract\u00e9ristique distinctive pour Palam\u00f3s et sont promus dans la foire annuelle du port de p\u00eache. Dans cette foire participer diff\u00e9rents profils de expositeurs tels les distributeurs, les p\u00eacheurs et les restaurants<\/p>\n<p style=\"font-weight: 400; text-align: justify;\">Chaque fois que votre s\u00e9jour dans les<strong>\u00a0appartements de location Sa Gavina \u00e0 Estartit<\/strong>, ne manquez pas la chance d&rsquo;essayer les fantastiques crevettes du Palam\u00f3s.\u00a0Vous ne regretterez pas!<\/p>\n","protected":false},"excerpt":{"rendered":"<p>Pendant votre s\u00e9jour \u00e0 les\u00a0Appartements Sa Gavina en location \u00e0 Estartit\u00a0il vaut la peine de faire une visite \u00e0 la\u00a0Foire de la crevette \u00e0 Palam\u00f3s, a lieu chaque ann\u00e9e en Juin. L&rsquo;an dernier, les crevettes de Palam\u00f3s o\u00f9 inclus dans  [&#8230;]<\/p>\n","protected":false},"author":1,"featured_media":26449,"comment_status":"open","ping_status":"open","sticky":false,"template":"","format":"standard","meta":{"footnotes":""},"categories":[130],"tags":[],"class_list":["post-29211","post","type-post","status-publish","format-standard","has-post-thumbnail","hentry","category-nouvelles"],"yoast_head":"<!-- This site is optimized with the Yoast SEO plugin v27.1.1 - https:\/\/yoast.com\/product\/yoast-seo-wordpress\/ -->\n<title>Les crevettes de Palam\u00f3s et votre s\u00e9jour dans les appartements Sa gavina en location \u00e0 Estartit | Sa Gavina Apartaments<\/title>\n<meta name=\"robots\" content=\"index, follow, max-snippet:-1, max-image-preview:large, max-video-preview:-1\" \/>\n<link rel=\"canonical\" href=\"https:\/\/sagavinaestartit.com\/fr\/les-crevettes-de-palamos-et-votre-sejour-dans-les-appartements-sa-gavina-en-location-a-estartit\/\" \/>\n<meta property=\"og:locale\" content=\"fr_FR\" \/>\n<meta property=\"og:type\" content=\"article\" \/>\n<meta property=\"og:title\" content=\"Les crevettes de Palam\u00f3s et votre s\u00e9jour dans les appartements Sa gavina en location \u00e0 Estartit | Sa Gavina Apartaments\" \/>\n<meta property=\"og:description\" content=\"Pendant votre s\u00e9jour \u00e0 les\u00a0Appartements Sa Gavina en location \u00e0 Estartit\u00a0il vaut la peine de faire une visite \u00e0 la\u00a0Foire de la crevette \u00e0 Palam\u00f3s, a lieu chaque ann\u00e9e en Juin. L&rsquo;an dernier, les crevettes de Palam\u00f3s o\u00f9 inclus dans [...]\" \/>\n<meta property=\"og:url\" content=\"https:\/\/sagavinaestartit.com\/fr\/les-crevettes-de-palamos-et-votre-sejour-dans-les-appartements-sa-gavina-en-location-a-estartit\/\" \/>\n<meta property=\"og:site_name\" content=\"Sa Gavina Apartaments\" \/>\n<meta property=\"article:published_time\" content=\"2018-04-07T17:45:40+00:00\" \/>\n<meta property=\"og:image\" content=\"https:\/\/sagavinaestartit.com\/wp-content\/uploads\/2018\/04\/large_marca-de-garantia-Gamba-de-Palamos.jpg\" \/>\n\t<meta property=\"og:image:width\" content=\"335\" \/>\n\t<meta property=\"og:image:height\" content=\"321\" \/>\n\t<meta property=\"og:image:type\" content=\"image\/jpeg\" \/>\n<meta name=\"author\" content=\"tecnico_alojapro\" \/>\n<meta name=\"twitter:card\" content=\"summary_large_image\" \/>\n<meta name=\"twitter:label1\" content=\"\u00c9crit par\" \/>\n\t<meta name=\"twitter:data1\" content=\"tecnico_alojapro\" \/>\n\t<meta name=\"twitter:label2\" content=\"Dur\u00e9e de lecture estim\u00e9e\" \/>\n\t<meta name=\"twitter:data2\" content=\"1 minute\" \/>\n<script type=\"application\/ld+json\" class=\"yoast-schema-graph\">{\"@context\":\"https:\/\/schema.org\",\"@graph\":[{\"@type\":\"Article\",\"@id\":\"https:\/\/sagavinaestartit.com\/fr\/les-crevettes-de-palamos-et-votre-sejour-dans-les-appartements-sa-gavina-en-location-a-estartit\/#article\",\"isPartOf\":{\"@id\":\"https:\/\/sagavinaestartit.com\/fr\/les-crevettes-de-palamos-et-votre-sejour-dans-les-appartements-sa-gavina-en-location-a-estartit\/\"},\"author\":{\"name\":\"tecnico_alojapro\",\"@id\":\"https:\/\/sagavinaestartit.com\/fr\/#\/schema\/person\/72b3f9a420869474351007377bde83c0\"},\"headline\":\"Les crevettes de Palam\u00f3s et votre s\u00e9jour dans les appartements Sa gavina en location \u00e0 Estartit\",\"datePublished\":\"2018-04-07T17:45:40+00:00\",\"mainEntityOfPage\":{\"@id\":\"https:\/\/sagavinaestartit.com\/fr\/les-crevettes-de-palamos-et-votre-sejour-dans-les-appartements-sa-gavina-en-location-a-estartit\/\"},\"wordCount\":254,\"commentCount\":0,\"publisher\":{\"@id\":\"https:\/\/sagavinaestartit.com\/fr\/#organization\"},\"image\":{\"@id\":\"https:\/\/sagavinaestartit.com\/fr\/les-crevettes-de-palamos-et-votre-sejour-dans-les-appartements-sa-gavina-en-location-a-estartit\/#primaryimage\"},\"thumbnailUrl\":\"https:\/\/sagavinaestartit.com\/wp-content\/uploads\/2018\/04\/large_marca-de-garantia-Gamba-de-Palamos.jpg\",\"articleSection\":[\"Nouvelles\"],\"inLanguage\":\"fr-FR\",\"potentialAction\":[{\"@type\":\"CommentAction\",\"name\":\"Comment\",\"target\":[\"https:\/\/sagavinaestartit.com\/fr\/les-crevettes-de-palamos-et-votre-sejour-dans-les-appartements-sa-gavina-en-location-a-estartit\/#respond\"]}]},{\"@type\":\"WebPage\",\"@id\":\"https:\/\/sagavinaestartit.com\/fr\/les-crevettes-de-palamos-et-votre-sejour-dans-les-appartements-sa-gavina-en-location-a-estartit\/\",\"url\":\"https:\/\/sagavinaestartit.com\/fr\/les-crevettes-de-palamos-et-votre-sejour-dans-les-appartements-sa-gavina-en-location-a-estartit\/\",\"name\":\"Les crevettes de Palam\u00f3s et votre s\u00e9jour dans les appartements Sa gavina en location \u00e0 Estartit | Sa Gavina Apartaments\",\"isPartOf\":{\"@id\":\"https:\/\/sagavinaestartit.com\/fr\/#website\"},\"primaryImageOfPage\":{\"@id\":\"https:\/\/sagavinaestartit.com\/fr\/les-crevettes-de-palamos-et-votre-sejour-dans-les-appartements-sa-gavina-en-location-a-estartit\/#primaryimage\"},\"image\":{\"@id\":\"https:\/\/sagavinaestartit.com\/fr\/les-crevettes-de-palamos-et-votre-sejour-dans-les-appartements-sa-gavina-en-location-a-estartit\/#primaryimage\"},\"thumbnailUrl\":\"https:\/\/sagavinaestartit.com\/wp-content\/uploads\/2018\/04\/large_marca-de-garantia-Gamba-de-Palamos.jpg\",\"datePublished\":\"2018-04-07T17:45:40+00:00\",\"breadcrumb\":{\"@id\":\"https:\/\/sagavinaestartit.com\/fr\/les-crevettes-de-palamos-et-votre-sejour-dans-les-appartements-sa-gavina-en-location-a-estartit\/#breadcrumb\"},\"inLanguage\":\"fr-FR\",\"potentialAction\":[{\"@type\":\"ReadAction\",\"target\":[\"https:\/\/sagavinaestartit.com\/fr\/les-crevettes-de-palamos-et-votre-sejour-dans-les-appartements-sa-gavina-en-location-a-estartit\/\"]}]},{\"@type\":\"ImageObject\",\"inLanguage\":\"fr-FR\",\"@id\":\"https:\/\/sagavinaestartit.com\/fr\/les-crevettes-de-palamos-et-votre-sejour-dans-les-appartements-sa-gavina-en-location-a-estartit\/#primaryimage\",\"url\":\"https:\/\/sagavinaestartit.com\/wp-content\/uploads\/2018\/04\/large_marca-de-garantia-Gamba-de-Palamos.jpg\",\"contentUrl\":\"https:\/\/sagavinaestartit.com\/wp-content\/uploads\/2018\/04\/large_marca-de-garantia-Gamba-de-Palamos.jpg\",\"width\":335,\"height\":321},{\"@type\":\"BreadcrumbList\",\"@id\":\"https:\/\/sagavinaestartit.com\/fr\/les-crevettes-de-palamos-et-votre-sejour-dans-les-appartements-sa-gavina-en-location-a-estartit\/#breadcrumb\",\"itemListElement\":[{\"@type\":\"ListItem\",\"position\":1,\"name\":\"Portada\",\"item\":\"https:\/\/sagavinaestartit.com\/fr\/home\/\"},{\"@type\":\"ListItem\",\"position\":2,\"name\":\"Les crevettes de Palam\u00f3s et votre s\u00e9jour dans les appartements Sa gavina en location \u00e0 Estartit\"}]},{\"@type\":\"WebSite\",\"@id\":\"https:\/\/sagavinaestartit.com\/fr\/#website\",\"url\":\"https:\/\/sagavinaestartit.com\/fr\/\",\"name\":\"Sa Gavina Apartaments\",\"description\":\"Sa Gavina Apartments\",\"publisher\":{\"@id\":\"https:\/\/sagavinaestartit.com\/fr\/#organization\"},\"potentialAction\":[{\"@type\":\"SearchAction\",\"target\":{\"@type\":\"EntryPoint\",\"urlTemplate\":\"https:\/\/sagavinaestartit.com\/fr\/?s={search_term_string}\"},\"query-input\":{\"@type\":\"PropertyValueSpecification\",\"valueRequired\":true,\"valueName\":\"search_term_string\"}}],\"inLanguage\":\"fr-FR\"},{\"@type\":\"Organization\",\"@id\":\"https:\/\/sagavinaestartit.com\/fr\/#organization\",\"name\":\"Sa Gavina Apartments\",\"url\":\"https:\/\/sagavinaestartit.com\/fr\/\",\"logo\":{\"@type\":\"ImageObject\",\"inLanguage\":\"fr-FR\",\"@id\":\"https:\/\/sagavinaestartit.com\/fr\/#\/schema\/logo\/image\/\",\"url\":\"https:\/\/sagavinaestartit.com\/wp-content\/uploads\/2024\/12\/3-1.png\",\"contentUrl\":\"https:\/\/sagavinaestartit.com\/wp-content\/uploads\/2024\/12\/3-1.png\",\"width\":500,\"height\":200,\"caption\":\"Sa Gavina Apartments\"},\"image\":{\"@id\":\"https:\/\/sagavinaestartit.com\/fr\/#\/schema\/logo\/image\/\"}},{\"@type\":\"Person\",\"@id\":\"https:\/\/sagavinaestartit.com\/fr\/#\/schema\/person\/72b3f9a420869474351007377bde83c0\",\"name\":\"tecnico_alojapro\",\"sameAs\":[\"https:\/\/sagavinaestartit.com\"]}]}<\/script>\n<!-- \/ Yoast SEO plugin. -->","yoast_head_json":{"title":"Les crevettes de Palam\u00f3s et votre s\u00e9jour dans les appartements Sa gavina en location \u00e0 Estartit | Sa Gavina Apartaments","robots":{"index":"index","follow":"follow","max-snippet":"max-snippet:-1","max-image-preview":"max-image-preview:large","max-video-preview":"max-video-preview:-1"},"canonical":"https:\/\/sagavinaestartit.com\/fr\/les-crevettes-de-palamos-et-votre-sejour-dans-les-appartements-sa-gavina-en-location-a-estartit\/","og_locale":"fr_FR","og_type":"article","og_title":"Les crevettes de Palam\u00f3s et votre s\u00e9jour dans les appartements Sa gavina en location \u00e0 Estartit | Sa Gavina Apartaments","og_description":"Pendant votre s\u00e9jour \u00e0 les\u00a0Appartements Sa Gavina en location \u00e0 Estartit\u00a0il vaut la peine de faire une visite \u00e0 la\u00a0Foire de la crevette \u00e0 Palam\u00f3s, a lieu chaque ann\u00e9e en Juin. L&rsquo;an dernier, les crevettes de Palam\u00f3s o\u00f9 inclus dans [...]","og_url":"https:\/\/sagavinaestartit.com\/fr\/les-crevettes-de-palamos-et-votre-sejour-dans-les-appartements-sa-gavina-en-location-a-estartit\/","og_site_name":"Sa Gavina Apartaments","article_published_time":"2018-04-07T17:45:40+00:00","og_image":[{"width":335,"height":321,"url":"https:\/\/sagavinaestartit.com\/wp-content\/uploads\/2018\/04\/large_marca-de-garantia-Gamba-de-Palamos.jpg","type":"image\/jpeg"}],"author":"tecnico_alojapro","twitter_card":"summary_large_image","twitter_misc":{"\u00c9crit par":"tecnico_alojapro","Dur\u00e9e de lecture estim\u00e9e":"1 minute"},"schema":{"@context":"https:\/\/schema.org","@graph":[{"@type":"Article","@id":"https:\/\/sagavinaestartit.com\/fr\/les-crevettes-de-palamos-et-votre-sejour-dans-les-appartements-sa-gavina-en-location-a-estartit\/#article","isPartOf":{"@id":"https:\/\/sagavinaestartit.com\/fr\/les-crevettes-de-palamos-et-votre-sejour-dans-les-appartements-sa-gavina-en-location-a-estartit\/"},"author":{"name":"tecnico_alojapro","@id":"https:\/\/sagavinaestartit.com\/fr\/#\/schema\/person\/72b3f9a420869474351007377bde83c0"},"headline":"Les crevettes de Palam\u00f3s et votre s\u00e9jour dans les appartements Sa gavina en location \u00e0 Estartit","datePublished":"2018-04-07T17:45:40+00:00","mainEntityOfPage":{"@id":"https:\/\/sagavinaestartit.com\/fr\/les-crevettes-de-palamos-et-votre-sejour-dans-les-appartements-sa-gavina-en-location-a-estartit\/"},"wordCount":254,"commentCount":0,"publisher":{"@id":"https:\/\/sagavinaestartit.com\/fr\/#organization"},"image":{"@id":"https:\/\/sagavinaestartit.com\/fr\/les-crevettes-de-palamos-et-votre-sejour-dans-les-appartements-sa-gavina-en-location-a-estartit\/#primaryimage"},"thumbnailUrl":"https:\/\/sagavinaestartit.com\/wp-content\/uploads\/2018\/04\/large_marca-de-garantia-Gamba-de-Palamos.jpg","articleSection":["Nouvelles"],"inLanguage":"fr-FR","potentialAction":[{"@type":"CommentAction","name":"Comment","target":["https:\/\/sagavinaestartit.com\/fr\/les-crevettes-de-palamos-et-votre-sejour-dans-les-appartements-sa-gavina-en-location-a-estartit\/#respond"]}]},{"@type":"WebPage","@id":"https:\/\/sagavinaestartit.com\/fr\/les-crevettes-de-palamos-et-votre-sejour-dans-les-appartements-sa-gavina-en-location-a-estartit\/","url":"https:\/\/sagavinaestartit.com\/fr\/les-crevettes-de-palamos-et-votre-sejour-dans-les-appartements-sa-gavina-en-location-a-estartit\/","name":"Les crevettes de Palam\u00f3s et votre s\u00e9jour dans les appartements Sa gavina en location \u00e0 Estartit | Sa Gavina Apartaments","isPartOf":{"@id":"https:\/\/sagavinaestartit.com\/fr\/#website"},"primaryImageOfPage":{"@id":"https:\/\/sagavinaestartit.com\/fr\/les-crevettes-de-palamos-et-votre-sejour-dans-les-appartements-sa-gavina-en-location-a-estartit\/#primaryimage"},"image":{"@id":"https:\/\/sagavinaestartit.com\/fr\/les-crevettes-de-palamos-et-votre-sejour-dans-les-appartements-sa-gavina-en-location-a-estartit\/#primaryimage"},"thumbnailUrl":"https:\/\/sagavinaestartit.com\/wp-content\/uploads\/2018\/04\/large_marca-de-garantia-Gamba-de-Palamos.jpg","datePublished":"2018-04-07T17:45:40+00:00","breadcrumb":{"@id":"https:\/\/sagavinaestartit.com\/fr\/les-crevettes-de-palamos-et-votre-sejour-dans-les-appartements-sa-gavina-en-location-a-estartit\/#breadcrumb"},"inLanguage":"fr-FR","potentialAction":[{"@type":"ReadAction","target":["https:\/\/sagavinaestartit.com\/fr\/les-crevettes-de-palamos-et-votre-sejour-dans-les-appartements-sa-gavina-en-location-a-estartit\/"]}]},{"@type":"ImageObject","inLanguage":"fr-FR","@id":"https:\/\/sagavinaestartit.com\/fr\/les-crevettes-de-palamos-et-votre-sejour-dans-les-appartements-sa-gavina-en-location-a-estartit\/#primaryimage","url":"https:\/\/sagavinaestartit.com\/wp-content\/uploads\/2018\/04\/large_marca-de-garantia-Gamba-de-Palamos.jpg","contentUrl":"https:\/\/sagavinaestartit.com\/wp-content\/uploads\/2018\/04\/large_marca-de-garantia-Gamba-de-Palamos.jpg","width":335,"height":321},{"@type":"BreadcrumbList","@id":"https:\/\/sagavinaestartit.com\/fr\/les-crevettes-de-palamos-et-votre-sejour-dans-les-appartements-sa-gavina-en-location-a-estartit\/#breadcrumb","itemListElement":[{"@type":"ListItem","position":1,"name":"Portada","item":"https:\/\/sagavinaestartit.com\/fr\/home\/"},{"@type":"ListItem","position":2,"name":"Les crevettes de Palam\u00f3s et votre s\u00e9jour dans les appartements Sa gavina en location \u00e0 Estartit"}]},{"@type":"WebSite","@id":"https:\/\/sagavinaestartit.com\/fr\/#website","url":"https:\/\/sagavinaestartit.com\/fr\/","name":"Sa Gavina Apartaments","description":"Sa Gavina Apartments","publisher":{"@id":"https:\/\/sagavinaestartit.com\/fr\/#organization"},"potentialAction":[{"@type":"SearchAction","target":{"@type":"EntryPoint","urlTemplate":"https:\/\/sagavinaestartit.com\/fr\/?s={search_term_string}"},"query-input":{"@type":"PropertyValueSpecification","valueRequired":true,"valueName":"search_term_string"}}],"inLanguage":"fr-FR"},{"@type":"Organization","@id":"https:\/\/sagavinaestartit.com\/fr\/#organization","name":"Sa Gavina Apartments","url":"https:\/\/sagavinaestartit.com\/fr\/","logo":{"@type":"ImageObject","inLanguage":"fr-FR","@id":"https:\/\/sagavinaestartit.com\/fr\/#\/schema\/logo\/image\/","url":"https:\/\/sagavinaestartit.com\/wp-content\/uploads\/2024\/12\/3-1.png","contentUrl":"https:\/\/sagavinaestartit.com\/wp-content\/uploads\/2024\/12\/3-1.png","width":500,"height":200,"caption":"Sa Gavina Apartments"},"image":{"@id":"https:\/\/sagavinaestartit.com\/fr\/#\/schema\/logo\/image\/"}},{"@type":"Person","@id":"https:\/\/sagavinaestartit.com\/fr\/#\/schema\/person\/72b3f9a420869474351007377bde83c0","name":"tecnico_alojapro","sameAs":["https:\/\/sagavinaestartit.com"]}]}},"_links":{"self":[{"href":"https:\/\/sagavinaestartit.com\/fr\/wp-json\/wp\/v2\/posts\/29211","targetHints":{"allow":["GET"]}}],"collection":[{"href":"https:\/\/sagavinaestartit.com\/fr\/wp-json\/wp\/v2\/posts"}],"about":[{"href":"https:\/\/sagavinaestartit.com\/fr\/wp-json\/wp\/v2\/types\/post"}],"author":[{"embeddable":true,"href":"https:\/\/sagavinaestartit.com\/fr\/wp-json\/wp\/v2\/users\/1"}],"replies":[{"embeddable":true,"href":"https:\/\/sagavinaestartit.com\/fr\/wp-json\/wp\/v2\/comments?post=29211"}],"version-history":[{"count":0,"href":"https:\/\/sagavinaestartit.com\/fr\/wp-json\/wp\/v2\/posts\/29211\/revisions"}],"wp:featuredmedia":[{"embeddable":true,"href":"https:\/\/sagavinaestartit.com\/fr\/wp-json\/wp\/v2\/media\/26449"}],"wp:attachment":[{"href":"https:\/\/sagavinaestartit.com\/fr\/wp-json\/wp\/v2\/media?parent=29211"}],"wp:term":[{"taxonomy":"category","embeddable":true,"href":"https:\/\/sagavinaestartit.com\/fr\/wp-json\/wp\/v2\/categories?post=29211"},{"taxonomy":"post_tag","embeddable":true,"href":"https:\/\/sagavinaestartit.com\/fr\/wp-json\/wp\/v2\/tags?post=29211"}],"curies":[{"name":"wp","href":"https:\/\/api.w.org\/{rel}","templated":true}]}}