{"id":29209,"date":"2018-04-07T20:15:33","date_gmt":"2018-04-07T18:15:33","guid":{"rendered":"https:\/\/sagavinaestartit.com\/2018\/04\/07\/le-conseil-favorise-la-revitalisation-des-itineraires-en-bonne-sante-en-pratiquant-la-marche-nordique-departs-sur-19-3-et-25-4-dans-le-parc-estartit-salut\/"},"modified":"2018-04-07T20:15:33","modified_gmt":"2018-04-07T18:15:33","slug":"le-conseil-favorise-la-revitalisation-des-itineraires-en-bonne-sante-en-pratiquant-la-marche-nordique-departs-sur-19-3-et-25-4-dans-le-parc-estartit-salut","status":"publish","type":"post","link":"https:\/\/sagavinaestartit.com\/fr\/le-conseil-favorise-la-revitalisation-des-itineraires-en-bonne-sante-en-pratiquant-la-marche-nordique-departs-sur-19-3-et-25-4-dans-le-parc-estartit-salut\/","title":{"rendered":"Le conseil favorise la revitalisation des itin\u00e9raires en bonne sant\u00e9 en pratiquant la marche nordique (d\u00e9parts sur 19\/3 et 25\/4) dans le parc Estartit salut"},"content":{"rendered":"<p style=\"font-weight: 400; text-align: justify;\">La municipalit\u00e9 de l&rsquo;Estartit, avec Dipsalut &#8211; Agence de la sant\u00e9 publique du Conseil provincial de G\u00e9rone, ajouter \u00e0 la pratique de la marche nordique et rejoindre les dynamisations gratuits organis\u00e9s par le R\u00e9seau des Routes en bonne sant\u00e9 de la r\u00e9gion de G\u00e9rone.<\/p>\n<p style=\"font-weight: 400; text-align: justify;\">La marche nordique est une alternative aux promenades traditionnelles pour activer jusqu&rsquo;\u00e0 90% de la technique des muscles. Tout le monde est adapt\u00e9 \u00e0 la pratique de la marche nordique comme cette discipline ne n\u00e9cessite pas une grande pr\u00e9paration physique et se caract\u00e9rise comme une activit\u00e9 \u00e0 faible impact qui ne nuit pas aux articulations.<\/p>\n<p style=\"font-weight: 400; text-align: justify;\">Co\u00efncidant avec le d\u00e9but de la saison de nos appartements \u00e0 Estartit, le 19 Mars \u00e0 12 heures il y a un appel pr\u00e9vu dans le Parc Salut Estartit. Pas besoin d&rsquo;apporter des cannes ou de faire une inscription pr\u00e9alable.<\/p>\n<p style=\"font-weight: 400; text-align: justify;\">Pour plus d&rsquo;informations, s&rsquo;il vous pla\u00eet communiquer avec le minist\u00e8re de la Citoyennet\u00e9 de la Ville de Estartit au t\u00e9l\u00e9phone 972.64.23.10<\/p>\n<p style=\"font-weight: 400; text-align: justify;\">Il y a un autre appel pr\u00e9vu pour le 25 Avril \u00e0 16.30h.<\/p>\n","protected":false},"excerpt":{"rendered":"<p>La municipalit\u00e9 de l&rsquo;Estartit, avec Dipsalut &#8211; Agence de la sant\u00e9 publique du Conseil provincial de G\u00e9rone, ajouter \u00e0 la pratique de la marche nordique et rejoindre les dynamisations gratuits organis\u00e9s par le R\u00e9seau des Routes en bonne sant\u00e9 de  [&#8230;]<\/p>\n","protected":false},"author":1,"featured_media":26877,"comment_status":"open","ping_status":"open","sticky":false,"template":"","format":"standard","meta":{"footnotes":""},"categories":[130],"tags":[],"class_list":["post-29209","post","type-post","status-publish","format-standard","has-post-thumbnail","hentry","category-nouvelles"],"yoast_head":"<!-- This site is optimized with the Yoast SEO plugin v27.1.1 - https:\/\/yoast.com\/product\/yoast-seo-wordpress\/ -->\n<title>Le conseil favorise la revitalisation des itin\u00e9raires en bonne sant\u00e9 en pratiquant la marche nordique (d\u00e9parts sur 19\/3 et 25\/4) dans le parc Estartit salut | Sa Gavina Apartaments<\/title>\n<meta name=\"robots\" content=\"index, follow, max-snippet:-1, max-image-preview:large, max-video-preview:-1\" \/>\n<link rel=\"canonical\" href=\"https:\/\/sagavinaestartit.com\/fr\/le-conseil-favorise-la-revitalisation-des-itineraires-en-bonne-sante-en-pratiquant-la-marche-nordique-departs-sur-19-3-et-25-4-dans-le-parc-estartit-salut\/\" \/>\n<meta property=\"og:locale\" content=\"fr_FR\" \/>\n<meta property=\"og:type\" content=\"article\" \/>\n<meta property=\"og:title\" content=\"Le conseil favorise la revitalisation des itin\u00e9raires en bonne sant\u00e9 en pratiquant la marche nordique (d\u00e9parts sur 19\/3 et 25\/4) dans le parc Estartit salut | Sa Gavina Apartaments\" \/>\n<meta property=\"og:description\" content=\"La municipalit\u00e9 de l&rsquo;Estartit, avec Dipsalut &#8211; Agence de la sant\u00e9 publique du Conseil provincial de G\u00e9rone, ajouter \u00e0 la pratique de la marche nordique et rejoindre les dynamisations gratuits organis\u00e9s par le R\u00e9seau des Routes en bonne sant\u00e9 de [...]\" \/>\n<meta property=\"og:url\" content=\"https:\/\/sagavinaestartit.com\/fr\/le-conseil-favorise-la-revitalisation-des-itineraires-en-bonne-sante-en-pratiquant-la-marche-nordique-departs-sur-19-3-et-25-4-dans-le-parc-estartit-salut\/\" \/>\n<meta property=\"og:site_name\" content=\"Sa Gavina Apartaments\" \/>\n<meta property=\"article:published_time\" content=\"2018-04-07T18:15:33+00:00\" \/>\n<meta property=\"og:image\" content=\"https:\/\/sagavinaestartit.com\/wp-content\/uploads\/2018\/04\/large_itinerarios_saludables_estartit.jpg\" \/>\n\t<meta property=\"og:image:width\" content=\"335\" \/>\n\t<meta property=\"og:image:height\" content=\"492\" \/>\n\t<meta property=\"og:image:type\" content=\"image\/jpeg\" \/>\n<meta name=\"author\" content=\"tecnico_alojapro\" \/>\n<meta name=\"twitter:card\" content=\"summary_large_image\" \/>\n<meta name=\"twitter:label1\" content=\"\u00c9crit par\" \/>\n\t<meta name=\"twitter:data1\" content=\"tecnico_alojapro\" \/>\n\t<meta name=\"twitter:label2\" content=\"Dur\u00e9e de lecture estim\u00e9e\" \/>\n\t<meta name=\"twitter:data2\" content=\"1 minute\" \/>\n<script type=\"application\/ld+json\" class=\"yoast-schema-graph\">{\"@context\":\"https:\/\/schema.org\",\"@graph\":[{\"@type\":\"Article\",\"@id\":\"https:\/\/sagavinaestartit.com\/fr\/le-conseil-favorise-la-revitalisation-des-itineraires-en-bonne-sante-en-pratiquant-la-marche-nordique-departs-sur-19-3-et-25-4-dans-le-parc-estartit-salut\/#article\",\"isPartOf\":{\"@id\":\"https:\/\/sagavinaestartit.com\/fr\/le-conseil-favorise-la-revitalisation-des-itineraires-en-bonne-sante-en-pratiquant-la-marche-nordique-departs-sur-19-3-et-25-4-dans-le-parc-estartit-salut\/\"},\"author\":{\"name\":\"tecnico_alojapro\",\"@id\":\"https:\/\/sagavinaestartit.com\/fr\/#\/schema\/person\/72b3f9a420869474351007377bde83c0\"},\"headline\":\"Le conseil favorise la revitalisation des itin\u00e9raires en bonne sant\u00e9 en pratiquant la marche nordique (d\u00e9parts sur 19\/3 et 25\/4) dans le parc Estartit salut\",\"datePublished\":\"2018-04-07T18:15:33+00:00\",\"mainEntityOfPage\":{\"@id\":\"https:\/\/sagavinaestartit.com\/fr\/le-conseil-favorise-la-revitalisation-des-itineraires-en-bonne-sante-en-pratiquant-la-marche-nordique-departs-sur-19-3-et-25-4-dans-le-parc-estartit-salut\/\"},\"wordCount\":208,\"commentCount\":0,\"publisher\":{\"@id\":\"https:\/\/sagavinaestartit.com\/fr\/#organization\"},\"image\":{\"@id\":\"https:\/\/sagavinaestartit.com\/fr\/le-conseil-favorise-la-revitalisation-des-itineraires-en-bonne-sante-en-pratiquant-la-marche-nordique-departs-sur-19-3-et-25-4-dans-le-parc-estartit-salut\/#primaryimage\"},\"thumbnailUrl\":\"https:\/\/sagavinaestartit.com\/wp-content\/uploads\/2018\/04\/large_itinerarios_saludables_estartit.jpg\",\"articleSection\":[\"Nouvelles\"],\"inLanguage\":\"fr-FR\",\"potentialAction\":[{\"@type\":\"CommentAction\",\"name\":\"Comment\",\"target\":[\"https:\/\/sagavinaestartit.com\/fr\/le-conseil-favorise-la-revitalisation-des-itineraires-en-bonne-sante-en-pratiquant-la-marche-nordique-departs-sur-19-3-et-25-4-dans-le-parc-estartit-salut\/#respond\"]}]},{\"@type\":\"WebPage\",\"@id\":\"https:\/\/sagavinaestartit.com\/fr\/le-conseil-favorise-la-revitalisation-des-itineraires-en-bonne-sante-en-pratiquant-la-marche-nordique-departs-sur-19-3-et-25-4-dans-le-parc-estartit-salut\/\",\"url\":\"https:\/\/sagavinaestartit.com\/fr\/le-conseil-favorise-la-revitalisation-des-itineraires-en-bonne-sante-en-pratiquant-la-marche-nordique-departs-sur-19-3-et-25-4-dans-le-parc-estartit-salut\/\",\"name\":\"Le conseil favorise la revitalisation des itin\u00e9raires en bonne sant\u00e9 en pratiquant la marche nordique (d\u00e9parts sur 19\/3 et 25\/4) dans le parc Estartit salut | Sa Gavina Apartaments\",\"isPartOf\":{\"@id\":\"https:\/\/sagavinaestartit.com\/fr\/#website\"},\"primaryImageOfPage\":{\"@id\":\"https:\/\/sagavinaestartit.com\/fr\/le-conseil-favorise-la-revitalisation-des-itineraires-en-bonne-sante-en-pratiquant-la-marche-nordique-departs-sur-19-3-et-25-4-dans-le-parc-estartit-salut\/#primaryimage\"},\"image\":{\"@id\":\"https:\/\/sagavinaestartit.com\/fr\/le-conseil-favorise-la-revitalisation-des-itineraires-en-bonne-sante-en-pratiquant-la-marche-nordique-departs-sur-19-3-et-25-4-dans-le-parc-estartit-salut\/#primaryimage\"},\"thumbnailUrl\":\"https:\/\/sagavinaestartit.com\/wp-content\/uploads\/2018\/04\/large_itinerarios_saludables_estartit.jpg\",\"datePublished\":\"2018-04-07T18:15:33+00:00\",\"breadcrumb\":{\"@id\":\"https:\/\/sagavinaestartit.com\/fr\/le-conseil-favorise-la-revitalisation-des-itineraires-en-bonne-sante-en-pratiquant-la-marche-nordique-departs-sur-19-3-et-25-4-dans-le-parc-estartit-salut\/#breadcrumb\"},\"inLanguage\":\"fr-FR\",\"potentialAction\":[{\"@type\":\"ReadAction\",\"target\":[\"https:\/\/sagavinaestartit.com\/fr\/le-conseil-favorise-la-revitalisation-des-itineraires-en-bonne-sante-en-pratiquant-la-marche-nordique-departs-sur-19-3-et-25-4-dans-le-parc-estartit-salut\/\"]}]},{\"@type\":\"ImageObject\",\"inLanguage\":\"fr-FR\",\"@id\":\"https:\/\/sagavinaestartit.com\/fr\/le-conseil-favorise-la-revitalisation-des-itineraires-en-bonne-sante-en-pratiquant-la-marche-nordique-departs-sur-19-3-et-25-4-dans-le-parc-estartit-salut\/#primaryimage\",\"url\":\"https:\/\/sagavinaestartit.com\/wp-content\/uploads\/2018\/04\/large_itinerarios_saludables_estartit.jpg\",\"contentUrl\":\"https:\/\/sagavinaestartit.com\/wp-content\/uploads\/2018\/04\/large_itinerarios_saludables_estartit.jpg\",\"width\":335,\"height\":492},{\"@type\":\"BreadcrumbList\",\"@id\":\"https:\/\/sagavinaestartit.com\/fr\/le-conseil-favorise-la-revitalisation-des-itineraires-en-bonne-sante-en-pratiquant-la-marche-nordique-departs-sur-19-3-et-25-4-dans-le-parc-estartit-salut\/#breadcrumb\",\"itemListElement\":[{\"@type\":\"ListItem\",\"position\":1,\"name\":\"Portada\",\"item\":\"https:\/\/sagavinaestartit.com\/fr\/home\/\"},{\"@type\":\"ListItem\",\"position\":2,\"name\":\"Le conseil favorise la revitalisation des itin\u00e9raires en bonne sant\u00e9 en pratiquant la marche nordique (d\u00e9parts sur 19\/3 et 25\/4) dans le parc Estartit salut\"}]},{\"@type\":\"WebSite\",\"@id\":\"https:\/\/sagavinaestartit.com\/fr\/#website\",\"url\":\"https:\/\/sagavinaestartit.com\/fr\/\",\"name\":\"Sa Gavina Apartaments\",\"description\":\"Sa Gavina Apartments\",\"publisher\":{\"@id\":\"https:\/\/sagavinaestartit.com\/fr\/#organization\"},\"potentialAction\":[{\"@type\":\"SearchAction\",\"target\":{\"@type\":\"EntryPoint\",\"urlTemplate\":\"https:\/\/sagavinaestartit.com\/fr\/?s={search_term_string}\"},\"query-input\":{\"@type\":\"PropertyValueSpecification\",\"valueRequired\":true,\"valueName\":\"search_term_string\"}}],\"inLanguage\":\"fr-FR\"},{\"@type\":\"Organization\",\"@id\":\"https:\/\/sagavinaestartit.com\/fr\/#organization\",\"name\":\"Sa Gavina Apartments\",\"url\":\"https:\/\/sagavinaestartit.com\/fr\/\",\"logo\":{\"@type\":\"ImageObject\",\"inLanguage\":\"fr-FR\",\"@id\":\"https:\/\/sagavinaestartit.com\/fr\/#\/schema\/logo\/image\/\",\"url\":\"https:\/\/sagavinaestartit.com\/wp-content\/uploads\/2024\/12\/3-1.png\",\"contentUrl\":\"https:\/\/sagavinaestartit.com\/wp-content\/uploads\/2024\/12\/3-1.png\",\"width\":500,\"height\":200,\"caption\":\"Sa Gavina Apartments\"},\"image\":{\"@id\":\"https:\/\/sagavinaestartit.com\/fr\/#\/schema\/logo\/image\/\"}},{\"@type\":\"Person\",\"@id\":\"https:\/\/sagavinaestartit.com\/fr\/#\/schema\/person\/72b3f9a420869474351007377bde83c0\",\"name\":\"tecnico_alojapro\",\"sameAs\":[\"https:\/\/sagavinaestartit.com\"]}]}<\/script>\n<!-- \/ Yoast SEO plugin. -->","yoast_head_json":{"title":"Le conseil favorise la revitalisation des itin\u00e9raires en bonne sant\u00e9 en pratiquant la marche nordique (d\u00e9parts sur 19\/3 et 25\/4) dans le parc Estartit salut | Sa Gavina Apartaments","robots":{"index":"index","follow":"follow","max-snippet":"max-snippet:-1","max-image-preview":"max-image-preview:large","max-video-preview":"max-video-preview:-1"},"canonical":"https:\/\/sagavinaestartit.com\/fr\/le-conseil-favorise-la-revitalisation-des-itineraires-en-bonne-sante-en-pratiquant-la-marche-nordique-departs-sur-19-3-et-25-4-dans-le-parc-estartit-salut\/","og_locale":"fr_FR","og_type":"article","og_title":"Le conseil favorise la revitalisation des itin\u00e9raires en bonne sant\u00e9 en pratiquant la marche nordique (d\u00e9parts sur 19\/3 et 25\/4) dans le parc Estartit salut | Sa Gavina Apartaments","og_description":"La municipalit\u00e9 de l&rsquo;Estartit, avec Dipsalut &#8211; Agence de la sant\u00e9 publique du Conseil provincial de G\u00e9rone, ajouter \u00e0 la pratique de la marche nordique et rejoindre les dynamisations gratuits organis\u00e9s par le R\u00e9seau des Routes en bonne sant\u00e9 de [...]","og_url":"https:\/\/sagavinaestartit.com\/fr\/le-conseil-favorise-la-revitalisation-des-itineraires-en-bonne-sante-en-pratiquant-la-marche-nordique-departs-sur-19-3-et-25-4-dans-le-parc-estartit-salut\/","og_site_name":"Sa Gavina Apartaments","article_published_time":"2018-04-07T18:15:33+00:00","og_image":[{"width":335,"height":492,"url":"https:\/\/sagavinaestartit.com\/wp-content\/uploads\/2018\/04\/large_itinerarios_saludables_estartit.jpg","type":"image\/jpeg"}],"author":"tecnico_alojapro","twitter_card":"summary_large_image","twitter_misc":{"\u00c9crit par":"tecnico_alojapro","Dur\u00e9e de lecture estim\u00e9e":"1 minute"},"schema":{"@context":"https:\/\/schema.org","@graph":[{"@type":"Article","@id":"https:\/\/sagavinaestartit.com\/fr\/le-conseil-favorise-la-revitalisation-des-itineraires-en-bonne-sante-en-pratiquant-la-marche-nordique-departs-sur-19-3-et-25-4-dans-le-parc-estartit-salut\/#article","isPartOf":{"@id":"https:\/\/sagavinaestartit.com\/fr\/le-conseil-favorise-la-revitalisation-des-itineraires-en-bonne-sante-en-pratiquant-la-marche-nordique-departs-sur-19-3-et-25-4-dans-le-parc-estartit-salut\/"},"author":{"name":"tecnico_alojapro","@id":"https:\/\/sagavinaestartit.com\/fr\/#\/schema\/person\/72b3f9a420869474351007377bde83c0"},"headline":"Le conseil favorise la revitalisation des itin\u00e9raires en bonne sant\u00e9 en pratiquant la marche nordique (d\u00e9parts sur 19\/3 et 25\/4) dans le parc Estartit salut","datePublished":"2018-04-07T18:15:33+00:00","mainEntityOfPage":{"@id":"https:\/\/sagavinaestartit.com\/fr\/le-conseil-favorise-la-revitalisation-des-itineraires-en-bonne-sante-en-pratiquant-la-marche-nordique-departs-sur-19-3-et-25-4-dans-le-parc-estartit-salut\/"},"wordCount":208,"commentCount":0,"publisher":{"@id":"https:\/\/sagavinaestartit.com\/fr\/#organization"},"image":{"@id":"https:\/\/sagavinaestartit.com\/fr\/le-conseil-favorise-la-revitalisation-des-itineraires-en-bonne-sante-en-pratiquant-la-marche-nordique-departs-sur-19-3-et-25-4-dans-le-parc-estartit-salut\/#primaryimage"},"thumbnailUrl":"https:\/\/sagavinaestartit.com\/wp-content\/uploads\/2018\/04\/large_itinerarios_saludables_estartit.jpg","articleSection":["Nouvelles"],"inLanguage":"fr-FR","potentialAction":[{"@type":"CommentAction","name":"Comment","target":["https:\/\/sagavinaestartit.com\/fr\/le-conseil-favorise-la-revitalisation-des-itineraires-en-bonne-sante-en-pratiquant-la-marche-nordique-departs-sur-19-3-et-25-4-dans-le-parc-estartit-salut\/#respond"]}]},{"@type":"WebPage","@id":"https:\/\/sagavinaestartit.com\/fr\/le-conseil-favorise-la-revitalisation-des-itineraires-en-bonne-sante-en-pratiquant-la-marche-nordique-departs-sur-19-3-et-25-4-dans-le-parc-estartit-salut\/","url":"https:\/\/sagavinaestartit.com\/fr\/le-conseil-favorise-la-revitalisation-des-itineraires-en-bonne-sante-en-pratiquant-la-marche-nordique-departs-sur-19-3-et-25-4-dans-le-parc-estartit-salut\/","name":"Le conseil favorise la revitalisation des itin\u00e9raires en bonne sant\u00e9 en pratiquant la marche nordique (d\u00e9parts sur 19\/3 et 25\/4) dans le parc Estartit salut | Sa Gavina Apartaments","isPartOf":{"@id":"https:\/\/sagavinaestartit.com\/fr\/#website"},"primaryImageOfPage":{"@id":"https:\/\/sagavinaestartit.com\/fr\/le-conseil-favorise-la-revitalisation-des-itineraires-en-bonne-sante-en-pratiquant-la-marche-nordique-departs-sur-19-3-et-25-4-dans-le-parc-estartit-salut\/#primaryimage"},"image":{"@id":"https:\/\/sagavinaestartit.com\/fr\/le-conseil-favorise-la-revitalisation-des-itineraires-en-bonne-sante-en-pratiquant-la-marche-nordique-departs-sur-19-3-et-25-4-dans-le-parc-estartit-salut\/#primaryimage"},"thumbnailUrl":"https:\/\/sagavinaestartit.com\/wp-content\/uploads\/2018\/04\/large_itinerarios_saludables_estartit.jpg","datePublished":"2018-04-07T18:15:33+00:00","breadcrumb":{"@id":"https:\/\/sagavinaestartit.com\/fr\/le-conseil-favorise-la-revitalisation-des-itineraires-en-bonne-sante-en-pratiquant-la-marche-nordique-departs-sur-19-3-et-25-4-dans-le-parc-estartit-salut\/#breadcrumb"},"inLanguage":"fr-FR","potentialAction":[{"@type":"ReadAction","target":["https:\/\/sagavinaestartit.com\/fr\/le-conseil-favorise-la-revitalisation-des-itineraires-en-bonne-sante-en-pratiquant-la-marche-nordique-departs-sur-19-3-et-25-4-dans-le-parc-estartit-salut\/"]}]},{"@type":"ImageObject","inLanguage":"fr-FR","@id":"https:\/\/sagavinaestartit.com\/fr\/le-conseil-favorise-la-revitalisation-des-itineraires-en-bonne-sante-en-pratiquant-la-marche-nordique-departs-sur-19-3-et-25-4-dans-le-parc-estartit-salut\/#primaryimage","url":"https:\/\/sagavinaestartit.com\/wp-content\/uploads\/2018\/04\/large_itinerarios_saludables_estartit.jpg","contentUrl":"https:\/\/sagavinaestartit.com\/wp-content\/uploads\/2018\/04\/large_itinerarios_saludables_estartit.jpg","width":335,"height":492},{"@type":"BreadcrumbList","@id":"https:\/\/sagavinaestartit.com\/fr\/le-conseil-favorise-la-revitalisation-des-itineraires-en-bonne-sante-en-pratiquant-la-marche-nordique-departs-sur-19-3-et-25-4-dans-le-parc-estartit-salut\/#breadcrumb","itemListElement":[{"@type":"ListItem","position":1,"name":"Portada","item":"https:\/\/sagavinaestartit.com\/fr\/home\/"},{"@type":"ListItem","position":2,"name":"Le conseil favorise la revitalisation des itin\u00e9raires en bonne sant\u00e9 en pratiquant la marche nordique (d\u00e9parts sur 19\/3 et 25\/4) dans le parc Estartit salut"}]},{"@type":"WebSite","@id":"https:\/\/sagavinaestartit.com\/fr\/#website","url":"https:\/\/sagavinaestartit.com\/fr\/","name":"Sa Gavina Apartaments","description":"Sa Gavina Apartments","publisher":{"@id":"https:\/\/sagavinaestartit.com\/fr\/#organization"},"potentialAction":[{"@type":"SearchAction","target":{"@type":"EntryPoint","urlTemplate":"https:\/\/sagavinaestartit.com\/fr\/?s={search_term_string}"},"query-input":{"@type":"PropertyValueSpecification","valueRequired":true,"valueName":"search_term_string"}}],"inLanguage":"fr-FR"},{"@type":"Organization","@id":"https:\/\/sagavinaestartit.com\/fr\/#organization","name":"Sa Gavina Apartments","url":"https:\/\/sagavinaestartit.com\/fr\/","logo":{"@type":"ImageObject","inLanguage":"fr-FR","@id":"https:\/\/sagavinaestartit.com\/fr\/#\/schema\/logo\/image\/","url":"https:\/\/sagavinaestartit.com\/wp-content\/uploads\/2024\/12\/3-1.png","contentUrl":"https:\/\/sagavinaestartit.com\/wp-content\/uploads\/2024\/12\/3-1.png","width":500,"height":200,"caption":"Sa Gavina Apartments"},"image":{"@id":"https:\/\/sagavinaestartit.com\/fr\/#\/schema\/logo\/image\/"}},{"@type":"Person","@id":"https:\/\/sagavinaestartit.com\/fr\/#\/schema\/person\/72b3f9a420869474351007377bde83c0","name":"tecnico_alojapro","sameAs":["https:\/\/sagavinaestartit.com"]}]}},"_links":{"self":[{"href":"https:\/\/sagavinaestartit.com\/fr\/wp-json\/wp\/v2\/posts\/29209","targetHints":{"allow":["GET"]}}],"collection":[{"href":"https:\/\/sagavinaestartit.com\/fr\/wp-json\/wp\/v2\/posts"}],"about":[{"href":"https:\/\/sagavinaestartit.com\/fr\/wp-json\/wp\/v2\/types\/post"}],"author":[{"embeddable":true,"href":"https:\/\/sagavinaestartit.com\/fr\/wp-json\/wp\/v2\/users\/1"}],"replies":[{"embeddable":true,"href":"https:\/\/sagavinaestartit.com\/fr\/wp-json\/wp\/v2\/comments?post=29209"}],"version-history":[{"count":0,"href":"https:\/\/sagavinaestartit.com\/fr\/wp-json\/wp\/v2\/posts\/29209\/revisions"}],"wp:featuredmedia":[{"embeddable":true,"href":"https:\/\/sagavinaestartit.com\/fr\/wp-json\/wp\/v2\/media\/26877"}],"wp:attachment":[{"href":"https:\/\/sagavinaestartit.com\/fr\/wp-json\/wp\/v2\/media?parent=29209"}],"wp:term":[{"taxonomy":"category","embeddable":true,"href":"https:\/\/sagavinaestartit.com\/fr\/wp-json\/wp\/v2\/categories?post=29209"},{"taxonomy":"post_tag","embeddable":true,"href":"https:\/\/sagavinaestartit.com\/fr\/wp-json\/wp\/v2\/tags?post=29209"}],"curies":[{"name":"wp","href":"https:\/\/api.w.org\/{rel}","templated":true}]}}