{"id":29206,"date":"2018-04-07T21:00:08","date_gmt":"2018-04-07T19:00:08","guid":{"rendered":"https:\/\/sagavinaestartit.com\/2018\/04\/07\/debut-de-saison-2016-le-19-mars\/"},"modified":"2018-04-07T21:00:08","modified_gmt":"2018-04-07T19:00:08","slug":"debut-de-saison-2016-le-19-mars","status":"publish","type":"post","link":"https:\/\/sagavinaestartit.com\/fr\/debut-de-saison-2016-le-19-mars\/","title":{"rendered":"D\u00e9but de saison 2016 le 19 mars"},"content":{"rendered":"<p style=\"font-weight: 400; text-align: justify;\">Suivant Samedi 19 Mars, nos appartements enn location \u00e0 Estartit seront ouverts pour la saison 2016 qui va durer jusqu&rsquo;au 30 Septembre.<\/p>\n<p style=\"font-weight: 400; text-align: justify;\">Nous vous recommandons de visiter la section de\u00a0<a href=\"http:\/\/www.sagavinaestartit.fr\/offres?__utma=266684044.2091400527.1456492353.1456492353.1456492353.1&amp;__utmb=266684044.50.10.1456492353&amp;__utmc=266684044&amp;__utmx=-&amp;__utmz=266684044.1456492353.1.1.utmcsr=(direct)|utmccn=(direct)|utmcmd=(none)&amp;__utmv=-&amp;__utmk=25109049\">beaucoup\u00a0<\/a>de notre site Web o\u00f9 vous trouverez des r\u00e9ductions pour des s\u00e9jours entre le 19 Mars et 16 Juillet et 27 Ao\u00fbt et 30 Septembre.<\/p>\n<p style=\"font-weight: 400; text-align: justify;\">Nous offrons \u00e0 nos clients deux appartement en location \u00e0 Estartit &#8211; b\u00e2timent Sa Gavina Gaud\u00ed, appartements enti\u00e8rement \u00e9quip\u00e9s avec une capacit\u00e9 de jusqu&rsquo;\u00e0 8 personnes; Sa Gavina M\u00e8des et le b\u00e2timent, avec une capacit\u00e9 de jusqu&rsquo;\u00e0 6 personnes et enti\u00e8rement \u00e9quip\u00e9es. En outre, les animaux &#8211; les chiens et les chats (services en suppl\u00e9ment), nous offrons un service WIFI gratuit, et nous fournissons des lits et des chaises hautes (services en suppl\u00e9ment) ainsi que le service de stationnement (service en suppl\u00e9ment) et un personnel multilingue.<\/p>\n<p style=\"font-weight: 400; text-align: justify;\">Aussi dans la section des\u00a0<a href=\"http:\/\/www.sagavinaestartit.fr\/activites\">activit\u00e9s<\/a>, vous trouverez des informations sur toutes sortes d&rsquo;activit\u00e9s \u00e0 faire dans la r\u00e9gion de nos appartements &#8211; \u00e0 la fois individuellement et les familles avec enfants.<\/p>\n<p style=\"font-weight: 400; text-align: justify;\">Pour plus d&rsquo;informations et r\u00e9servations, ne pas h\u00e9siter \u00e0 nous\u00a0<a href=\"http:\/\/www.sagavinaestartit.fr\/contact\">contacter<\/a>.<\/p>\n","protected":false},"excerpt":{"rendered":"<p>Suivant Samedi 19 Mars, nos appartements enn location \u00e0 Estartit seront ouverts pour la saison 2016 qui va durer jusqu&rsquo;au 30 Septembre. Nous vous recommandons de visiter la section de\u00a0beaucoup\u00a0de notre site Web o\u00f9 vous trouverez des r\u00e9ductions pour des  [&#8230;]<\/p>\n","protected":false},"author":1,"featured_media":26867,"comment_status":"open","ping_status":"open","sticky":false,"template":"","format":"standard","meta":{"footnotes":""},"categories":[130],"tags":[],"class_list":["post-29206","post","type-post","status-publish","format-standard","has-post-thumbnail","hentry","category-nouvelles"],"yoast_head":"<!-- This site is optimized with the Yoast SEO plugin v27.1.1 - https:\/\/yoast.com\/product\/yoast-seo-wordpress\/ -->\n<title>D\u00e9but de saison 2016 le 19 mars | Sa Gavina Apartaments<\/title>\n<meta name=\"robots\" content=\"index, follow, max-snippet:-1, max-image-preview:large, max-video-preview:-1\" \/>\n<link rel=\"canonical\" href=\"https:\/\/sagavinaestartit.com\/fr\/debut-de-saison-2016-le-19-mars\/\" \/>\n<meta property=\"og:locale\" content=\"fr_FR\" \/>\n<meta property=\"og:type\" content=\"article\" \/>\n<meta property=\"og:title\" content=\"D\u00e9but de saison 2016 le 19 mars | Sa Gavina Apartaments\" \/>\n<meta property=\"og:description\" content=\"Suivant Samedi 19 Mars, nos appartements enn location \u00e0 Estartit seront ouverts pour la saison 2016 qui va durer jusqu&rsquo;au 30 Septembre. Nous vous recommandons de visiter la section de\u00a0beaucoup\u00a0de notre site Web o\u00f9 vous trouverez des r\u00e9ductions pour des [...]\" \/>\n<meta property=\"og:url\" content=\"https:\/\/sagavinaestartit.com\/fr\/debut-de-saison-2016-le-19-mars\/\" \/>\n<meta property=\"og:site_name\" content=\"Sa Gavina Apartaments\" \/>\n<meta property=\"article:published_time\" content=\"2018-04-07T19:00:08+00:00\" \/>\n<meta property=\"og:image\" content=\"https:\/\/sagavinaestartit.com\/wp-content\/uploads\/2018\/04\/large_slideshow_thumb_DSCF4439.jpg\" \/>\n\t<meta property=\"og:image:width\" content=\"335\" \/>\n\t<meta property=\"og:image:height\" content=\"224\" \/>\n\t<meta property=\"og:image:type\" content=\"image\/jpeg\" \/>\n<meta name=\"author\" content=\"tecnico_alojapro\" \/>\n<meta name=\"twitter:card\" content=\"summary_large_image\" \/>\n<meta name=\"twitter:label1\" content=\"\u00c9crit par\" \/>\n\t<meta name=\"twitter:data1\" content=\"tecnico_alojapro\" \/>\n\t<meta name=\"twitter:label2\" content=\"Dur\u00e9e de lecture estim\u00e9e\" \/>\n\t<meta name=\"twitter:data2\" content=\"1 minute\" \/>\n<script type=\"application\/ld+json\" class=\"yoast-schema-graph\">{\"@context\":\"https:\/\/schema.org\",\"@graph\":[{\"@type\":\"Article\",\"@id\":\"https:\/\/sagavinaestartit.com\/fr\/debut-de-saison-2016-le-19-mars\/#article\",\"isPartOf\":{\"@id\":\"https:\/\/sagavinaestartit.com\/fr\/debut-de-saison-2016-le-19-mars\/\"},\"author\":{\"name\":\"tecnico_alojapro\",\"@id\":\"https:\/\/sagavinaestartit.com\/fr\/#\/schema\/person\/72b3f9a420869474351007377bde83c0\"},\"headline\":\"D\u00e9but de saison 2016 le 19 mars\",\"datePublished\":\"2018-04-07T19:00:08+00:00\",\"mainEntityOfPage\":{\"@id\":\"https:\/\/sagavinaestartit.com\/fr\/debut-de-saison-2016-le-19-mars\/\"},\"wordCount\":197,\"commentCount\":0,\"publisher\":{\"@id\":\"https:\/\/sagavinaestartit.com\/fr\/#organization\"},\"image\":{\"@id\":\"https:\/\/sagavinaestartit.com\/fr\/debut-de-saison-2016-le-19-mars\/#primaryimage\"},\"thumbnailUrl\":\"https:\/\/sagavinaestartit.com\/wp-content\/uploads\/2018\/04\/large_slideshow_thumb_DSCF4439.jpg\",\"articleSection\":[\"Nouvelles\"],\"inLanguage\":\"fr-FR\",\"potentialAction\":[{\"@type\":\"CommentAction\",\"name\":\"Comment\",\"target\":[\"https:\/\/sagavinaestartit.com\/fr\/debut-de-saison-2016-le-19-mars\/#respond\"]}]},{\"@type\":\"WebPage\",\"@id\":\"https:\/\/sagavinaestartit.com\/fr\/debut-de-saison-2016-le-19-mars\/\",\"url\":\"https:\/\/sagavinaestartit.com\/fr\/debut-de-saison-2016-le-19-mars\/\",\"name\":\"D\u00e9but de saison 2016 le 19 mars | Sa Gavina Apartaments\",\"isPartOf\":{\"@id\":\"https:\/\/sagavinaestartit.com\/fr\/#website\"},\"primaryImageOfPage\":{\"@id\":\"https:\/\/sagavinaestartit.com\/fr\/debut-de-saison-2016-le-19-mars\/#primaryimage\"},\"image\":{\"@id\":\"https:\/\/sagavinaestartit.com\/fr\/debut-de-saison-2016-le-19-mars\/#primaryimage\"},\"thumbnailUrl\":\"https:\/\/sagavinaestartit.com\/wp-content\/uploads\/2018\/04\/large_slideshow_thumb_DSCF4439.jpg\",\"datePublished\":\"2018-04-07T19:00:08+00:00\",\"breadcrumb\":{\"@id\":\"https:\/\/sagavinaestartit.com\/fr\/debut-de-saison-2016-le-19-mars\/#breadcrumb\"},\"inLanguage\":\"fr-FR\",\"potentialAction\":[{\"@type\":\"ReadAction\",\"target\":[\"https:\/\/sagavinaestartit.com\/fr\/debut-de-saison-2016-le-19-mars\/\"]}]},{\"@type\":\"ImageObject\",\"inLanguage\":\"fr-FR\",\"@id\":\"https:\/\/sagavinaestartit.com\/fr\/debut-de-saison-2016-le-19-mars\/#primaryimage\",\"url\":\"https:\/\/sagavinaestartit.com\/wp-content\/uploads\/2018\/04\/large_slideshow_thumb_DSCF4439.jpg\",\"contentUrl\":\"https:\/\/sagavinaestartit.com\/wp-content\/uploads\/2018\/04\/large_slideshow_thumb_DSCF4439.jpg\",\"width\":335,\"height\":224},{\"@type\":\"BreadcrumbList\",\"@id\":\"https:\/\/sagavinaestartit.com\/fr\/debut-de-saison-2016-le-19-mars\/#breadcrumb\",\"itemListElement\":[{\"@type\":\"ListItem\",\"position\":1,\"name\":\"Portada\",\"item\":\"https:\/\/sagavinaestartit.com\/fr\/home\/\"},{\"@type\":\"ListItem\",\"position\":2,\"name\":\"D\u00e9but de saison 2016 le 19 mars\"}]},{\"@type\":\"WebSite\",\"@id\":\"https:\/\/sagavinaestartit.com\/fr\/#website\",\"url\":\"https:\/\/sagavinaestartit.com\/fr\/\",\"name\":\"Sa Gavina Apartaments\",\"description\":\"Sa Gavina Apartments\",\"publisher\":{\"@id\":\"https:\/\/sagavinaestartit.com\/fr\/#organization\"},\"potentialAction\":[{\"@type\":\"SearchAction\",\"target\":{\"@type\":\"EntryPoint\",\"urlTemplate\":\"https:\/\/sagavinaestartit.com\/fr\/?s={search_term_string}\"},\"query-input\":{\"@type\":\"PropertyValueSpecification\",\"valueRequired\":true,\"valueName\":\"search_term_string\"}}],\"inLanguage\":\"fr-FR\"},{\"@type\":\"Organization\",\"@id\":\"https:\/\/sagavinaestartit.com\/fr\/#organization\",\"name\":\"Sa Gavina Apartments\",\"url\":\"https:\/\/sagavinaestartit.com\/fr\/\",\"logo\":{\"@type\":\"ImageObject\",\"inLanguage\":\"fr-FR\",\"@id\":\"https:\/\/sagavinaestartit.com\/fr\/#\/schema\/logo\/image\/\",\"url\":\"https:\/\/sagavinaestartit.com\/wp-content\/uploads\/2024\/12\/3-1.png\",\"contentUrl\":\"https:\/\/sagavinaestartit.com\/wp-content\/uploads\/2024\/12\/3-1.png\",\"width\":500,\"height\":200,\"caption\":\"Sa Gavina Apartments\"},\"image\":{\"@id\":\"https:\/\/sagavinaestartit.com\/fr\/#\/schema\/logo\/image\/\"}},{\"@type\":\"Person\",\"@id\":\"https:\/\/sagavinaestartit.com\/fr\/#\/schema\/person\/72b3f9a420869474351007377bde83c0\",\"name\":\"tecnico_alojapro\",\"sameAs\":[\"https:\/\/sagavinaestartit.com\"]}]}<\/script>\n<!-- \/ Yoast SEO plugin. -->","yoast_head_json":{"title":"D\u00e9but de saison 2016 le 19 mars | Sa Gavina Apartaments","robots":{"index":"index","follow":"follow","max-snippet":"max-snippet:-1","max-image-preview":"max-image-preview:large","max-video-preview":"max-video-preview:-1"},"canonical":"https:\/\/sagavinaestartit.com\/fr\/debut-de-saison-2016-le-19-mars\/","og_locale":"fr_FR","og_type":"article","og_title":"D\u00e9but de saison 2016 le 19 mars | Sa Gavina Apartaments","og_description":"Suivant Samedi 19 Mars, nos appartements enn location \u00e0 Estartit seront ouverts pour la saison 2016 qui va durer jusqu&rsquo;au 30 Septembre. Nous vous recommandons de visiter la section de\u00a0beaucoup\u00a0de notre site Web o\u00f9 vous trouverez des r\u00e9ductions pour des [...]","og_url":"https:\/\/sagavinaestartit.com\/fr\/debut-de-saison-2016-le-19-mars\/","og_site_name":"Sa Gavina Apartaments","article_published_time":"2018-04-07T19:00:08+00:00","og_image":[{"width":335,"height":224,"url":"https:\/\/sagavinaestartit.com\/wp-content\/uploads\/2018\/04\/large_slideshow_thumb_DSCF4439.jpg","type":"image\/jpeg"}],"author":"tecnico_alojapro","twitter_card":"summary_large_image","twitter_misc":{"\u00c9crit par":"tecnico_alojapro","Dur\u00e9e de lecture estim\u00e9e":"1 minute"},"schema":{"@context":"https:\/\/schema.org","@graph":[{"@type":"Article","@id":"https:\/\/sagavinaestartit.com\/fr\/debut-de-saison-2016-le-19-mars\/#article","isPartOf":{"@id":"https:\/\/sagavinaestartit.com\/fr\/debut-de-saison-2016-le-19-mars\/"},"author":{"name":"tecnico_alojapro","@id":"https:\/\/sagavinaestartit.com\/fr\/#\/schema\/person\/72b3f9a420869474351007377bde83c0"},"headline":"D\u00e9but de saison 2016 le 19 mars","datePublished":"2018-04-07T19:00:08+00:00","mainEntityOfPage":{"@id":"https:\/\/sagavinaestartit.com\/fr\/debut-de-saison-2016-le-19-mars\/"},"wordCount":197,"commentCount":0,"publisher":{"@id":"https:\/\/sagavinaestartit.com\/fr\/#organization"},"image":{"@id":"https:\/\/sagavinaestartit.com\/fr\/debut-de-saison-2016-le-19-mars\/#primaryimage"},"thumbnailUrl":"https:\/\/sagavinaestartit.com\/wp-content\/uploads\/2018\/04\/large_slideshow_thumb_DSCF4439.jpg","articleSection":["Nouvelles"],"inLanguage":"fr-FR","potentialAction":[{"@type":"CommentAction","name":"Comment","target":["https:\/\/sagavinaestartit.com\/fr\/debut-de-saison-2016-le-19-mars\/#respond"]}]},{"@type":"WebPage","@id":"https:\/\/sagavinaestartit.com\/fr\/debut-de-saison-2016-le-19-mars\/","url":"https:\/\/sagavinaestartit.com\/fr\/debut-de-saison-2016-le-19-mars\/","name":"D\u00e9but de saison 2016 le 19 mars | Sa Gavina Apartaments","isPartOf":{"@id":"https:\/\/sagavinaestartit.com\/fr\/#website"},"primaryImageOfPage":{"@id":"https:\/\/sagavinaestartit.com\/fr\/debut-de-saison-2016-le-19-mars\/#primaryimage"},"image":{"@id":"https:\/\/sagavinaestartit.com\/fr\/debut-de-saison-2016-le-19-mars\/#primaryimage"},"thumbnailUrl":"https:\/\/sagavinaestartit.com\/wp-content\/uploads\/2018\/04\/large_slideshow_thumb_DSCF4439.jpg","datePublished":"2018-04-07T19:00:08+00:00","breadcrumb":{"@id":"https:\/\/sagavinaestartit.com\/fr\/debut-de-saison-2016-le-19-mars\/#breadcrumb"},"inLanguage":"fr-FR","potentialAction":[{"@type":"ReadAction","target":["https:\/\/sagavinaestartit.com\/fr\/debut-de-saison-2016-le-19-mars\/"]}]},{"@type":"ImageObject","inLanguage":"fr-FR","@id":"https:\/\/sagavinaestartit.com\/fr\/debut-de-saison-2016-le-19-mars\/#primaryimage","url":"https:\/\/sagavinaestartit.com\/wp-content\/uploads\/2018\/04\/large_slideshow_thumb_DSCF4439.jpg","contentUrl":"https:\/\/sagavinaestartit.com\/wp-content\/uploads\/2018\/04\/large_slideshow_thumb_DSCF4439.jpg","width":335,"height":224},{"@type":"BreadcrumbList","@id":"https:\/\/sagavinaestartit.com\/fr\/debut-de-saison-2016-le-19-mars\/#breadcrumb","itemListElement":[{"@type":"ListItem","position":1,"name":"Portada","item":"https:\/\/sagavinaestartit.com\/fr\/home\/"},{"@type":"ListItem","position":2,"name":"D\u00e9but de saison 2016 le 19 mars"}]},{"@type":"WebSite","@id":"https:\/\/sagavinaestartit.com\/fr\/#website","url":"https:\/\/sagavinaestartit.com\/fr\/","name":"Sa Gavina Apartaments","description":"Sa Gavina Apartments","publisher":{"@id":"https:\/\/sagavinaestartit.com\/fr\/#organization"},"potentialAction":[{"@type":"SearchAction","target":{"@type":"EntryPoint","urlTemplate":"https:\/\/sagavinaestartit.com\/fr\/?s={search_term_string}"},"query-input":{"@type":"PropertyValueSpecification","valueRequired":true,"valueName":"search_term_string"}}],"inLanguage":"fr-FR"},{"@type":"Organization","@id":"https:\/\/sagavinaestartit.com\/fr\/#organization","name":"Sa Gavina Apartments","url":"https:\/\/sagavinaestartit.com\/fr\/","logo":{"@type":"ImageObject","inLanguage":"fr-FR","@id":"https:\/\/sagavinaestartit.com\/fr\/#\/schema\/logo\/image\/","url":"https:\/\/sagavinaestartit.com\/wp-content\/uploads\/2024\/12\/3-1.png","contentUrl":"https:\/\/sagavinaestartit.com\/wp-content\/uploads\/2024\/12\/3-1.png","width":500,"height":200,"caption":"Sa Gavina Apartments"},"image":{"@id":"https:\/\/sagavinaestartit.com\/fr\/#\/schema\/logo\/image\/"}},{"@type":"Person","@id":"https:\/\/sagavinaestartit.com\/fr\/#\/schema\/person\/72b3f9a420869474351007377bde83c0","name":"tecnico_alojapro","sameAs":["https:\/\/sagavinaestartit.com"]}]}},"_links":{"self":[{"href":"https:\/\/sagavinaestartit.com\/fr\/wp-json\/wp\/v2\/posts\/29206","targetHints":{"allow":["GET"]}}],"collection":[{"href":"https:\/\/sagavinaestartit.com\/fr\/wp-json\/wp\/v2\/posts"}],"about":[{"href":"https:\/\/sagavinaestartit.com\/fr\/wp-json\/wp\/v2\/types\/post"}],"author":[{"embeddable":true,"href":"https:\/\/sagavinaestartit.com\/fr\/wp-json\/wp\/v2\/users\/1"}],"replies":[{"embeddable":true,"href":"https:\/\/sagavinaestartit.com\/fr\/wp-json\/wp\/v2\/comments?post=29206"}],"version-history":[{"count":0,"href":"https:\/\/sagavinaestartit.com\/fr\/wp-json\/wp\/v2\/posts\/29206\/revisions"}],"wp:featuredmedia":[{"embeddable":true,"href":"https:\/\/sagavinaestartit.com\/fr\/wp-json\/wp\/v2\/media\/26867"}],"wp:attachment":[{"href":"https:\/\/sagavinaestartit.com\/fr\/wp-json\/wp\/v2\/media?parent=29206"}],"wp:term":[{"taxonomy":"category","embeddable":true,"href":"https:\/\/sagavinaestartit.com\/fr\/wp-json\/wp\/v2\/categories?post=29206"},{"taxonomy":"post_tag","embeddable":true,"href":"https:\/\/sagavinaestartit.com\/fr\/wp-json\/wp\/v2\/tags?post=29206"}],"curies":[{"name":"wp","href":"https:\/\/api.w.org\/{rel}","templated":true}]}}