{"id":29199,"date":"2018-04-07T22:45:22","date_gmt":"2018-04-07T20:45:22","guid":{"rendered":"https:\/\/sagavinaestartit.com\/2018\/04\/07\/nos-appartements-de-location-sont-sur-facebook\/"},"modified":"2018-04-07T22:45:22","modified_gmt":"2018-04-07T20:45:22","slug":"nos-appartements-de-location-sont-sur-facebook","status":"publish","type":"post","link":"https:\/\/sagavinaestartit.com\/fr\/nos-appartements-de-location-sont-sur-facebook\/","title":{"rendered":"Nos appartements de location sont sur Facebook"},"content":{"rendered":"<p style=\"text-align: justify;\">Jusqu&rsquo;\u00e0 la date d&rsquo;aujourd&rsquo;hui, nous avons 1.200 fans de nos\u00a0<strong>appartements de location \u00e0 l\u2019Estartit<\/strong>, qui restent en contact avec nous par la page officielle de les\u00a0<strong>Appartements Sa Gavina<\/strong>\u00a0\u00e0 Facebook.<\/p>\n<p style=\"text-align: justify;\">Sur Facebook, nous vous informons des activit\u00e9s les plus populaires, \u00e0 l\u2019Estartit, sur la\u00a0<strong>Costa Brava<\/strong>, vous pourrez profiter de nos appartements de location. Nous aimons aussi partager avec nos clients et amis, quelques photos sp\u00e9ciales. Bien s\u00fbr, nos fans de Facebook sont les premiers \u00e0 conna\u00eetre nos offres et promotions.<\/p>\n<p style=\"text-align: justify;\">Visitez-nous sur Facebook!<\/p>\n<p style=\"text-align: justify;\"><a title=\"Appartements-location-Estartit-Sagavina\" href=\"https:\/\/www.facebook.com\/SaGavinaEstartit\" target=\"_blank\" rel=\"noopener noreferrer\">https:\/\/www.facebook.com\/SaGavinaEstartit<\/a><\/p>\n","protected":false},"excerpt":{"rendered":"<p>Jusqu&rsquo;\u00e0 la date d&rsquo;aujourd&rsquo;hui, nous avons 1.200 fans de nos\u00a0appartements de location \u00e0 l\u2019Estartit, qui restent en contact avec nous par la page officielle de les\u00a0Appartements Sa Gavina\u00a0\u00e0 Facebook. Sur Facebook, nous vous informons des activit\u00e9s les plus populaires, \u00e0  [&#8230;]<\/p>\n","protected":false},"author":1,"featured_media":26836,"comment_status":"open","ping_status":"open","sticky":false,"template":"","format":"standard","meta":{"footnotes":""},"categories":[130],"tags":[],"class_list":["post-29199","post","type-post","status-publish","format-standard","has-post-thumbnail","hentry","category-nouvelles"],"yoast_head":"<!-- This site is optimized with the Yoast SEO plugin v27.1.1 - https:\/\/yoast.com\/product\/yoast-seo-wordpress\/ -->\n<title>Nos appartements de location sont sur Facebook | Sa Gavina Apartaments<\/title>\n<meta name=\"robots\" content=\"index, follow, max-snippet:-1, max-image-preview:large, max-video-preview:-1\" \/>\n<link rel=\"canonical\" href=\"https:\/\/sagavinaestartit.com\/fr\/nos-appartements-de-location-sont-sur-facebook\/\" \/>\n<meta property=\"og:locale\" content=\"fr_FR\" \/>\n<meta property=\"og:type\" content=\"article\" \/>\n<meta property=\"og:title\" content=\"Nos appartements de location sont sur Facebook | Sa Gavina Apartaments\" \/>\n<meta property=\"og:description\" content=\"Jusqu&rsquo;\u00e0 la date d&rsquo;aujourd&rsquo;hui, nous avons 1.200 fans de nos\u00a0appartements de location \u00e0 l\u2019Estartit, qui restent en contact avec nous par la page officielle de les\u00a0Appartements Sa Gavina\u00a0\u00e0 Facebook. Sur Facebook, nous vous informons des activit\u00e9s les plus populaires, \u00e0 [...]\" \/>\n<meta property=\"og:url\" content=\"https:\/\/sagavinaestartit.com\/fr\/nos-appartements-de-location-sont-sur-facebook\/\" \/>\n<meta property=\"og:site_name\" content=\"Sa Gavina Apartaments\" \/>\n<meta property=\"article:published_time\" content=\"2018-04-07T20:45:22+00:00\" \/>\n<meta property=\"og:image\" content=\"https:\/\/sagavinaestartit.com\/wp-content\/uploads\/2018\/04\/large_facebook.jpg\" \/>\n\t<meta property=\"og:image:width\" content=\"335\" \/>\n\t<meta property=\"og:image:height\" content=\"235\" \/>\n\t<meta property=\"og:image:type\" content=\"image\/jpeg\" \/>\n<meta name=\"author\" content=\"tecnico_alojapro\" \/>\n<meta name=\"twitter:card\" content=\"summary_large_image\" \/>\n<meta name=\"twitter:label1\" content=\"\u00c9crit par\" \/>\n\t<meta name=\"twitter:data1\" content=\"tecnico_alojapro\" \/>\n<script type=\"application\/ld+json\" class=\"yoast-schema-graph\">{\"@context\":\"https:\/\/schema.org\",\"@graph\":[{\"@type\":\"Article\",\"@id\":\"https:\/\/sagavinaestartit.com\/fr\/nos-appartements-de-location-sont-sur-facebook\/#article\",\"isPartOf\":{\"@id\":\"https:\/\/sagavinaestartit.com\/fr\/nos-appartements-de-location-sont-sur-facebook\/\"},\"author\":{\"name\":\"tecnico_alojapro\",\"@id\":\"https:\/\/sagavinaestartit.com\/fr\/#\/schema\/person\/72b3f9a420869474351007377bde83c0\"},\"headline\":\"Nos appartements de location sont sur Facebook\",\"datePublished\":\"2018-04-07T20:45:22+00:00\",\"mainEntityOfPage\":{\"@id\":\"https:\/\/sagavinaestartit.com\/fr\/nos-appartements-de-location-sont-sur-facebook\/\"},\"wordCount\":101,\"commentCount\":0,\"publisher\":{\"@id\":\"https:\/\/sagavinaestartit.com\/fr\/#organization\"},\"image\":{\"@id\":\"https:\/\/sagavinaestartit.com\/fr\/nos-appartements-de-location-sont-sur-facebook\/#primaryimage\"},\"thumbnailUrl\":\"https:\/\/sagavinaestartit.com\/wp-content\/uploads\/2018\/04\/large_facebook.jpg\",\"articleSection\":[\"Nouvelles\"],\"inLanguage\":\"fr-FR\",\"potentialAction\":[{\"@type\":\"CommentAction\",\"name\":\"Comment\",\"target\":[\"https:\/\/sagavinaestartit.com\/fr\/nos-appartements-de-location-sont-sur-facebook\/#respond\"]}]},{\"@type\":\"WebPage\",\"@id\":\"https:\/\/sagavinaestartit.com\/fr\/nos-appartements-de-location-sont-sur-facebook\/\",\"url\":\"https:\/\/sagavinaestartit.com\/fr\/nos-appartements-de-location-sont-sur-facebook\/\",\"name\":\"Nos appartements de location sont sur Facebook | Sa Gavina Apartaments\",\"isPartOf\":{\"@id\":\"https:\/\/sagavinaestartit.com\/fr\/#website\"},\"primaryImageOfPage\":{\"@id\":\"https:\/\/sagavinaestartit.com\/fr\/nos-appartements-de-location-sont-sur-facebook\/#primaryimage\"},\"image\":{\"@id\":\"https:\/\/sagavinaestartit.com\/fr\/nos-appartements-de-location-sont-sur-facebook\/#primaryimage\"},\"thumbnailUrl\":\"https:\/\/sagavinaestartit.com\/wp-content\/uploads\/2018\/04\/large_facebook.jpg\",\"datePublished\":\"2018-04-07T20:45:22+00:00\",\"breadcrumb\":{\"@id\":\"https:\/\/sagavinaestartit.com\/fr\/nos-appartements-de-location-sont-sur-facebook\/#breadcrumb\"},\"inLanguage\":\"fr-FR\",\"potentialAction\":[{\"@type\":\"ReadAction\",\"target\":[\"https:\/\/sagavinaestartit.com\/fr\/nos-appartements-de-location-sont-sur-facebook\/\"]}]},{\"@type\":\"ImageObject\",\"inLanguage\":\"fr-FR\",\"@id\":\"https:\/\/sagavinaestartit.com\/fr\/nos-appartements-de-location-sont-sur-facebook\/#primaryimage\",\"url\":\"https:\/\/sagavinaestartit.com\/wp-content\/uploads\/2018\/04\/large_facebook.jpg\",\"contentUrl\":\"https:\/\/sagavinaestartit.com\/wp-content\/uploads\/2018\/04\/large_facebook.jpg\",\"width\":335,\"height\":235},{\"@type\":\"BreadcrumbList\",\"@id\":\"https:\/\/sagavinaestartit.com\/fr\/nos-appartements-de-location-sont-sur-facebook\/#breadcrumb\",\"itemListElement\":[{\"@type\":\"ListItem\",\"position\":1,\"name\":\"Portada\",\"item\":\"https:\/\/sagavinaestartit.com\/fr\/home\/\"},{\"@type\":\"ListItem\",\"position\":2,\"name\":\"Nos appartements de location sont sur Facebook\"}]},{\"@type\":\"WebSite\",\"@id\":\"https:\/\/sagavinaestartit.com\/fr\/#website\",\"url\":\"https:\/\/sagavinaestartit.com\/fr\/\",\"name\":\"Sa Gavina Apartaments\",\"description\":\"Sa Gavina Apartments\",\"publisher\":{\"@id\":\"https:\/\/sagavinaestartit.com\/fr\/#organization\"},\"potentialAction\":[{\"@type\":\"SearchAction\",\"target\":{\"@type\":\"EntryPoint\",\"urlTemplate\":\"https:\/\/sagavinaestartit.com\/fr\/?s={search_term_string}\"},\"query-input\":{\"@type\":\"PropertyValueSpecification\",\"valueRequired\":true,\"valueName\":\"search_term_string\"}}],\"inLanguage\":\"fr-FR\"},{\"@type\":\"Organization\",\"@id\":\"https:\/\/sagavinaestartit.com\/fr\/#organization\",\"name\":\"Sa Gavina Apartments\",\"url\":\"https:\/\/sagavinaestartit.com\/fr\/\",\"logo\":{\"@type\":\"ImageObject\",\"inLanguage\":\"fr-FR\",\"@id\":\"https:\/\/sagavinaestartit.com\/fr\/#\/schema\/logo\/image\/\",\"url\":\"https:\/\/sagavinaestartit.com\/wp-content\/uploads\/2024\/12\/3-1.png\",\"contentUrl\":\"https:\/\/sagavinaestartit.com\/wp-content\/uploads\/2024\/12\/3-1.png\",\"width\":500,\"height\":200,\"caption\":\"Sa Gavina Apartments\"},\"image\":{\"@id\":\"https:\/\/sagavinaestartit.com\/fr\/#\/schema\/logo\/image\/\"}},{\"@type\":\"Person\",\"@id\":\"https:\/\/sagavinaestartit.com\/fr\/#\/schema\/person\/72b3f9a420869474351007377bde83c0\",\"name\":\"tecnico_alojapro\",\"sameAs\":[\"https:\/\/sagavinaestartit.com\"]}]}<\/script>\n<!-- \/ Yoast SEO plugin. -->","yoast_head_json":{"title":"Nos appartements de location sont sur Facebook | Sa Gavina Apartaments","robots":{"index":"index","follow":"follow","max-snippet":"max-snippet:-1","max-image-preview":"max-image-preview:large","max-video-preview":"max-video-preview:-1"},"canonical":"https:\/\/sagavinaestartit.com\/fr\/nos-appartements-de-location-sont-sur-facebook\/","og_locale":"fr_FR","og_type":"article","og_title":"Nos appartements de location sont sur Facebook | Sa Gavina Apartaments","og_description":"Jusqu&rsquo;\u00e0 la date d&rsquo;aujourd&rsquo;hui, nous avons 1.200 fans de nos\u00a0appartements de location \u00e0 l\u2019Estartit, qui restent en contact avec nous par la page officielle de les\u00a0Appartements Sa Gavina\u00a0\u00e0 Facebook. Sur Facebook, nous vous informons des activit\u00e9s les plus populaires, \u00e0 [...]","og_url":"https:\/\/sagavinaestartit.com\/fr\/nos-appartements-de-location-sont-sur-facebook\/","og_site_name":"Sa Gavina Apartaments","article_published_time":"2018-04-07T20:45:22+00:00","og_image":[{"width":335,"height":235,"url":"https:\/\/sagavinaestartit.com\/wp-content\/uploads\/2018\/04\/large_facebook.jpg","type":"image\/jpeg"}],"author":"tecnico_alojapro","twitter_card":"summary_large_image","twitter_misc":{"\u00c9crit par":"tecnico_alojapro"},"schema":{"@context":"https:\/\/schema.org","@graph":[{"@type":"Article","@id":"https:\/\/sagavinaestartit.com\/fr\/nos-appartements-de-location-sont-sur-facebook\/#article","isPartOf":{"@id":"https:\/\/sagavinaestartit.com\/fr\/nos-appartements-de-location-sont-sur-facebook\/"},"author":{"name":"tecnico_alojapro","@id":"https:\/\/sagavinaestartit.com\/fr\/#\/schema\/person\/72b3f9a420869474351007377bde83c0"},"headline":"Nos appartements de location sont sur Facebook","datePublished":"2018-04-07T20:45:22+00:00","mainEntityOfPage":{"@id":"https:\/\/sagavinaestartit.com\/fr\/nos-appartements-de-location-sont-sur-facebook\/"},"wordCount":101,"commentCount":0,"publisher":{"@id":"https:\/\/sagavinaestartit.com\/fr\/#organization"},"image":{"@id":"https:\/\/sagavinaestartit.com\/fr\/nos-appartements-de-location-sont-sur-facebook\/#primaryimage"},"thumbnailUrl":"https:\/\/sagavinaestartit.com\/wp-content\/uploads\/2018\/04\/large_facebook.jpg","articleSection":["Nouvelles"],"inLanguage":"fr-FR","potentialAction":[{"@type":"CommentAction","name":"Comment","target":["https:\/\/sagavinaestartit.com\/fr\/nos-appartements-de-location-sont-sur-facebook\/#respond"]}]},{"@type":"WebPage","@id":"https:\/\/sagavinaestartit.com\/fr\/nos-appartements-de-location-sont-sur-facebook\/","url":"https:\/\/sagavinaestartit.com\/fr\/nos-appartements-de-location-sont-sur-facebook\/","name":"Nos appartements de location sont sur Facebook | Sa Gavina Apartaments","isPartOf":{"@id":"https:\/\/sagavinaestartit.com\/fr\/#website"},"primaryImageOfPage":{"@id":"https:\/\/sagavinaestartit.com\/fr\/nos-appartements-de-location-sont-sur-facebook\/#primaryimage"},"image":{"@id":"https:\/\/sagavinaestartit.com\/fr\/nos-appartements-de-location-sont-sur-facebook\/#primaryimage"},"thumbnailUrl":"https:\/\/sagavinaestartit.com\/wp-content\/uploads\/2018\/04\/large_facebook.jpg","datePublished":"2018-04-07T20:45:22+00:00","breadcrumb":{"@id":"https:\/\/sagavinaestartit.com\/fr\/nos-appartements-de-location-sont-sur-facebook\/#breadcrumb"},"inLanguage":"fr-FR","potentialAction":[{"@type":"ReadAction","target":["https:\/\/sagavinaestartit.com\/fr\/nos-appartements-de-location-sont-sur-facebook\/"]}]},{"@type":"ImageObject","inLanguage":"fr-FR","@id":"https:\/\/sagavinaestartit.com\/fr\/nos-appartements-de-location-sont-sur-facebook\/#primaryimage","url":"https:\/\/sagavinaestartit.com\/wp-content\/uploads\/2018\/04\/large_facebook.jpg","contentUrl":"https:\/\/sagavinaestartit.com\/wp-content\/uploads\/2018\/04\/large_facebook.jpg","width":335,"height":235},{"@type":"BreadcrumbList","@id":"https:\/\/sagavinaestartit.com\/fr\/nos-appartements-de-location-sont-sur-facebook\/#breadcrumb","itemListElement":[{"@type":"ListItem","position":1,"name":"Portada","item":"https:\/\/sagavinaestartit.com\/fr\/home\/"},{"@type":"ListItem","position":2,"name":"Nos appartements de location sont sur Facebook"}]},{"@type":"WebSite","@id":"https:\/\/sagavinaestartit.com\/fr\/#website","url":"https:\/\/sagavinaestartit.com\/fr\/","name":"Sa Gavina Apartaments","description":"Sa Gavina Apartments","publisher":{"@id":"https:\/\/sagavinaestartit.com\/fr\/#organization"},"potentialAction":[{"@type":"SearchAction","target":{"@type":"EntryPoint","urlTemplate":"https:\/\/sagavinaestartit.com\/fr\/?s={search_term_string}"},"query-input":{"@type":"PropertyValueSpecification","valueRequired":true,"valueName":"search_term_string"}}],"inLanguage":"fr-FR"},{"@type":"Organization","@id":"https:\/\/sagavinaestartit.com\/fr\/#organization","name":"Sa Gavina Apartments","url":"https:\/\/sagavinaestartit.com\/fr\/","logo":{"@type":"ImageObject","inLanguage":"fr-FR","@id":"https:\/\/sagavinaestartit.com\/fr\/#\/schema\/logo\/image\/","url":"https:\/\/sagavinaestartit.com\/wp-content\/uploads\/2024\/12\/3-1.png","contentUrl":"https:\/\/sagavinaestartit.com\/wp-content\/uploads\/2024\/12\/3-1.png","width":500,"height":200,"caption":"Sa Gavina Apartments"},"image":{"@id":"https:\/\/sagavinaestartit.com\/fr\/#\/schema\/logo\/image\/"}},{"@type":"Person","@id":"https:\/\/sagavinaestartit.com\/fr\/#\/schema\/person\/72b3f9a420869474351007377bde83c0","name":"tecnico_alojapro","sameAs":["https:\/\/sagavinaestartit.com"]}]}},"_links":{"self":[{"href":"https:\/\/sagavinaestartit.com\/fr\/wp-json\/wp\/v2\/posts\/29199","targetHints":{"allow":["GET"]}}],"collection":[{"href":"https:\/\/sagavinaestartit.com\/fr\/wp-json\/wp\/v2\/posts"}],"about":[{"href":"https:\/\/sagavinaestartit.com\/fr\/wp-json\/wp\/v2\/types\/post"}],"author":[{"embeddable":true,"href":"https:\/\/sagavinaestartit.com\/fr\/wp-json\/wp\/v2\/users\/1"}],"replies":[{"embeddable":true,"href":"https:\/\/sagavinaestartit.com\/fr\/wp-json\/wp\/v2\/comments?post=29199"}],"version-history":[{"count":0,"href":"https:\/\/sagavinaestartit.com\/fr\/wp-json\/wp\/v2\/posts\/29199\/revisions"}],"wp:featuredmedia":[{"embeddable":true,"href":"https:\/\/sagavinaestartit.com\/fr\/wp-json\/wp\/v2\/media\/26836"}],"wp:attachment":[{"href":"https:\/\/sagavinaestartit.com\/fr\/wp-json\/wp\/v2\/media?parent=29199"}],"wp:term":[{"taxonomy":"category","embeddable":true,"href":"https:\/\/sagavinaestartit.com\/fr\/wp-json\/wp\/v2\/categories?post=29199"},{"taxonomy":"post_tag","embeddable":true,"href":"https:\/\/sagavinaestartit.com\/fr\/wp-json\/wp\/v2\/tags?post=29199"}],"curies":[{"name":"wp","href":"https:\/\/api.w.org\/{rel}","templated":true}]}}