{"id":29192,"date":"2019-10-01T08:05:55","date_gmt":"2019-10-01T06:05:55","guid":{"rendered":"https:\/\/sagavinaestartit.com\/2019\/10\/01\/la-municipalite-de-lestartit-accueillera-le-championnat-despagne-fotosub-et-videosub-octobre-2019\/"},"modified":"2019-10-01T08:05:55","modified_gmt":"2019-10-01T06:05:55","slug":"la-municipalite-de-lestartit-accueillera-le-championnat-despagne-fotosub-et-videosub-octobre-2019","status":"publish","type":"post","link":"https:\/\/sagavinaestartit.com\/fr\/la-municipalite-de-lestartit-accueillera-le-championnat-despagne-fotosub-et-videosub-octobre-2019\/","title":{"rendered":"La municipalit\u00e9 de L&rsquo;Estartit accueillera le Championnat d&rsquo;Espagne Fotosub et Videosub &#8211; Octobre 2019"},"content":{"rendered":"<p style=\"text-align: justify;\">Del 9 al 13 de octubre a partir de las 8 de la ma\u00f1ana los fondos marinos de la <strong>Reserva Natural de las Islas Medes-Costa del Montgr\u00ed<\/strong> ser\u00e1n escenario de un gran evento deportivo, como es el <strong>Campeonato de Espa\u00f1a de Fotosub y Videosub<\/strong>.<\/p>\n<p style=\"text-align: justify;\">Estas dos disciplinas hacen referencia a la toma de fotograf\u00edas y videos subacu\u00e1ticos con la atenci\u00f3n puesta en la vida marina o en el registro de compa\u00f1eros durante la inmersi\u00f3n.<\/p>\n<p style=\"text-align: justify;\">Para dedicarse a estas disciplinas se precisan conocimientos de buceo, porque adem\u00e1s del control de la presi\u00f3n, de la profundidad y la flotabilidad tambi\u00e9n hay que tener en cuenta el manejo de la c\u00e1mara.<\/p>\n<p style=\"text-align: justify;\">En el marco del campeonato celebrado en el <strong>Estartit<\/strong> estar\u00e1n los mejores especialistas del panorama nacional, en estas dos modalidades.<\/p>\n<p style=\"text-align: justify;\">Para obtener m\u00e1s informaci\u00f3n del evento, consultar el siguiente link: <\/p>\n","protected":false},"excerpt":{"rendered":"<p>Del 9 al 13 de octubre a partir de las 8 de la ma\u00f1ana los fondos marinos de la Reserva Natural de las Islas Medes-Costa del Montgr\u00ed ser\u00e1n escenario de un gran evento deportivo, como es el Campeonato de Espa\u00f1a  [&#8230;]<\/p>\n","protected":false},"author":1,"featured_media":26615,"comment_status":"open","ping_status":"open","sticky":false,"template":"","format":"standard","meta":{"footnotes":""},"categories":[130],"tags":[],"class_list":["post-29192","post","type-post","status-publish","format-standard","has-post-thumbnail","hentry","category-nouvelles"],"yoast_head":"<!-- This site is optimized with the Yoast SEO plugin v27.1.1 - https:\/\/yoast.com\/product\/yoast-seo-wordpress\/ -->\n<title>La municipalit\u00e9 de L&#039;Estartit accueillera le Championnat d&#039;Espagne Fotosub et Videosub - Octobre 2019 | Sa Gavina Apartaments<\/title>\n<meta name=\"robots\" content=\"index, follow, max-snippet:-1, max-image-preview:large, max-video-preview:-1\" \/>\n<link rel=\"canonical\" href=\"https:\/\/sagavinaestartit.com\/fr\/la-municipalite-de-lestartit-accueillera-le-championnat-despagne-fotosub-et-videosub-octobre-2019\/\" \/>\n<meta property=\"og:locale\" content=\"fr_FR\" \/>\n<meta property=\"og:type\" content=\"article\" \/>\n<meta property=\"og:title\" content=\"La municipalit\u00e9 de L&#039;Estartit accueillera le Championnat d&#039;Espagne Fotosub et Videosub - Octobre 2019 | Sa Gavina Apartaments\" \/>\n<meta property=\"og:description\" content=\"Del 9 al 13 de octubre a partir de las 8 de la ma\u00f1ana los fondos marinos de la Reserva Natural de las Islas Medes-Costa del Montgr\u00ed ser\u00e1n escenario de un gran evento deportivo, como es el Campeonato de Espa\u00f1a [...]\" \/>\n<meta property=\"og:url\" content=\"https:\/\/sagavinaestartit.com\/fr\/la-municipalite-de-lestartit-accueillera-le-championnat-despagne-fotosub-et-videosub-octobre-2019\/\" \/>\n<meta property=\"og:site_name\" content=\"Sa Gavina Apartaments\" \/>\n<meta property=\"article:published_time\" content=\"2019-10-01T06:05:55+00:00\" \/>\n<meta property=\"og:image\" content=\"https:\/\/sagavinaestartit.com\/wp-content\/uploads\/2019\/10\/fotosub-y-videosub-1.jpg\" \/>\n\t<meta property=\"og:image:width\" content=\"335\" \/>\n\t<meta property=\"og:image:height\" content=\"224\" \/>\n\t<meta property=\"og:image:type\" content=\"image\/jpeg\" \/>\n<meta name=\"author\" content=\"tecnico_alojapro\" \/>\n<meta name=\"twitter:card\" content=\"summary_large_image\" \/>\n<meta name=\"twitter:label1\" content=\"\u00c9crit par\" \/>\n\t<meta name=\"twitter:data1\" content=\"tecnico_alojapro\" \/>\n\t<meta name=\"twitter:label2\" content=\"Dur\u00e9e de lecture estim\u00e9e\" \/>\n\t<meta name=\"twitter:data2\" content=\"1 minute\" \/>\n<script type=\"application\/ld+json\" class=\"yoast-schema-graph\">{\"@context\":\"https:\/\/schema.org\",\"@graph\":[{\"@type\":\"Article\",\"@id\":\"https:\/\/sagavinaestartit.com\/fr\/la-municipalite-de-lestartit-accueillera-le-championnat-despagne-fotosub-et-videosub-octobre-2019\/#article\",\"isPartOf\":{\"@id\":\"https:\/\/sagavinaestartit.com\/fr\/la-municipalite-de-lestartit-accueillera-le-championnat-despagne-fotosub-et-videosub-octobre-2019\/\"},\"author\":{\"name\":\"tecnico_alojapro\",\"@id\":\"https:\/\/sagavinaestartit.com\/fr\/#\/schema\/person\/72b3f9a420869474351007377bde83c0\"},\"headline\":\"La municipalit\u00e9 de L&rsquo;Estartit accueillera le Championnat d&rsquo;Espagne Fotosub et Videosub &#8211; Octobre 2019\",\"datePublished\":\"2019-10-01T06:05:55+00:00\",\"mainEntityOfPage\":{\"@id\":\"https:\/\/sagavinaestartit.com\/fr\/la-municipalite-de-lestartit-accueillera-le-championnat-despagne-fotosub-et-videosub-octobre-2019\/\"},\"wordCount\":165,\"commentCount\":0,\"publisher\":{\"@id\":\"https:\/\/sagavinaestartit.com\/fr\/#organization\"},\"image\":{\"@id\":\"https:\/\/sagavinaestartit.com\/fr\/la-municipalite-de-lestartit-accueillera-le-championnat-despagne-fotosub-et-videosub-octobre-2019\/#primaryimage\"},\"thumbnailUrl\":\"https:\/\/sagavinaestartit.com\/wp-content\/uploads\/2019\/10\/fotosub-y-videosub-1.jpg\",\"articleSection\":[\"Nouvelles\"],\"inLanguage\":\"fr-FR\",\"potentialAction\":[{\"@type\":\"CommentAction\",\"name\":\"Comment\",\"target\":[\"https:\/\/sagavinaestartit.com\/fr\/la-municipalite-de-lestartit-accueillera-le-championnat-despagne-fotosub-et-videosub-octobre-2019\/#respond\"]}]},{\"@type\":\"WebPage\",\"@id\":\"https:\/\/sagavinaestartit.com\/fr\/la-municipalite-de-lestartit-accueillera-le-championnat-despagne-fotosub-et-videosub-octobre-2019\/\",\"url\":\"https:\/\/sagavinaestartit.com\/fr\/la-municipalite-de-lestartit-accueillera-le-championnat-despagne-fotosub-et-videosub-octobre-2019\/\",\"name\":\"La municipalit\u00e9 de L'Estartit accueillera le Championnat d'Espagne Fotosub et Videosub - Octobre 2019 | Sa Gavina Apartaments\",\"isPartOf\":{\"@id\":\"https:\/\/sagavinaestartit.com\/fr\/#website\"},\"primaryImageOfPage\":{\"@id\":\"https:\/\/sagavinaestartit.com\/fr\/la-municipalite-de-lestartit-accueillera-le-championnat-despagne-fotosub-et-videosub-octobre-2019\/#primaryimage\"},\"image\":{\"@id\":\"https:\/\/sagavinaestartit.com\/fr\/la-municipalite-de-lestartit-accueillera-le-championnat-despagne-fotosub-et-videosub-octobre-2019\/#primaryimage\"},\"thumbnailUrl\":\"https:\/\/sagavinaestartit.com\/wp-content\/uploads\/2019\/10\/fotosub-y-videosub-1.jpg\",\"datePublished\":\"2019-10-01T06:05:55+00:00\",\"breadcrumb\":{\"@id\":\"https:\/\/sagavinaestartit.com\/fr\/la-municipalite-de-lestartit-accueillera-le-championnat-despagne-fotosub-et-videosub-octobre-2019\/#breadcrumb\"},\"inLanguage\":\"fr-FR\",\"potentialAction\":[{\"@type\":\"ReadAction\",\"target\":[\"https:\/\/sagavinaestartit.com\/fr\/la-municipalite-de-lestartit-accueillera-le-championnat-despagne-fotosub-et-videosub-octobre-2019\/\"]}]},{\"@type\":\"ImageObject\",\"inLanguage\":\"fr-FR\",\"@id\":\"https:\/\/sagavinaestartit.com\/fr\/la-municipalite-de-lestartit-accueillera-le-championnat-despagne-fotosub-et-videosub-octobre-2019\/#primaryimage\",\"url\":\"https:\/\/sagavinaestartit.com\/wp-content\/uploads\/2019\/10\/fotosub-y-videosub-1.jpg\",\"contentUrl\":\"https:\/\/sagavinaestartit.com\/wp-content\/uploads\/2019\/10\/fotosub-y-videosub-1.jpg\",\"width\":335,\"height\":224,\"caption\":\"CREATOR: gd-jpeg v1.0 (using IJG JPEG v80), quality = 80\"},{\"@type\":\"BreadcrumbList\",\"@id\":\"https:\/\/sagavinaestartit.com\/fr\/la-municipalite-de-lestartit-accueillera-le-championnat-despagne-fotosub-et-videosub-octobre-2019\/#breadcrumb\",\"itemListElement\":[{\"@type\":\"ListItem\",\"position\":1,\"name\":\"Portada\",\"item\":\"https:\/\/sagavinaestartit.com\/fr\/home\/\"},{\"@type\":\"ListItem\",\"position\":2,\"name\":\"La municipalit\u00e9 de L&#8217;Estartit accueillera le Championnat d&#8217;Espagne Fotosub et Videosub &#8211; Octobre 2019\"}]},{\"@type\":\"WebSite\",\"@id\":\"https:\/\/sagavinaestartit.com\/fr\/#website\",\"url\":\"https:\/\/sagavinaestartit.com\/fr\/\",\"name\":\"Sa Gavina Apartaments\",\"description\":\"Sa Gavina Apartments\",\"publisher\":{\"@id\":\"https:\/\/sagavinaestartit.com\/fr\/#organization\"},\"potentialAction\":[{\"@type\":\"SearchAction\",\"target\":{\"@type\":\"EntryPoint\",\"urlTemplate\":\"https:\/\/sagavinaestartit.com\/fr\/?s={search_term_string}\"},\"query-input\":{\"@type\":\"PropertyValueSpecification\",\"valueRequired\":true,\"valueName\":\"search_term_string\"}}],\"inLanguage\":\"fr-FR\"},{\"@type\":\"Organization\",\"@id\":\"https:\/\/sagavinaestartit.com\/fr\/#organization\",\"name\":\"Sa Gavina Apartments\",\"url\":\"https:\/\/sagavinaestartit.com\/fr\/\",\"logo\":{\"@type\":\"ImageObject\",\"inLanguage\":\"fr-FR\",\"@id\":\"https:\/\/sagavinaestartit.com\/fr\/#\/schema\/logo\/image\/\",\"url\":\"https:\/\/sagavinaestartit.com\/wp-content\/uploads\/2024\/12\/3-1.png\",\"contentUrl\":\"https:\/\/sagavinaestartit.com\/wp-content\/uploads\/2024\/12\/3-1.png\",\"width\":500,\"height\":200,\"caption\":\"Sa Gavina Apartments\"},\"image\":{\"@id\":\"https:\/\/sagavinaestartit.com\/fr\/#\/schema\/logo\/image\/\"}},{\"@type\":\"Person\",\"@id\":\"https:\/\/sagavinaestartit.com\/fr\/#\/schema\/person\/72b3f9a420869474351007377bde83c0\",\"name\":\"tecnico_alojapro\",\"sameAs\":[\"https:\/\/sagavinaestartit.com\"]}]}<\/script>\n<!-- \/ Yoast SEO plugin. -->","yoast_head_json":{"title":"La municipalit\u00e9 de L'Estartit accueillera le Championnat d'Espagne Fotosub et Videosub - Octobre 2019 | Sa Gavina Apartaments","robots":{"index":"index","follow":"follow","max-snippet":"max-snippet:-1","max-image-preview":"max-image-preview:large","max-video-preview":"max-video-preview:-1"},"canonical":"https:\/\/sagavinaestartit.com\/fr\/la-municipalite-de-lestartit-accueillera-le-championnat-despagne-fotosub-et-videosub-octobre-2019\/","og_locale":"fr_FR","og_type":"article","og_title":"La municipalit\u00e9 de L'Estartit accueillera le Championnat d'Espagne Fotosub et Videosub - Octobre 2019 | Sa Gavina Apartaments","og_description":"Del 9 al 13 de octubre a partir de las 8 de la ma\u00f1ana los fondos marinos de la Reserva Natural de las Islas Medes-Costa del Montgr\u00ed ser\u00e1n escenario de un gran evento deportivo, como es el Campeonato de Espa\u00f1a [...]","og_url":"https:\/\/sagavinaestartit.com\/fr\/la-municipalite-de-lestartit-accueillera-le-championnat-despagne-fotosub-et-videosub-octobre-2019\/","og_site_name":"Sa Gavina Apartaments","article_published_time":"2019-10-01T06:05:55+00:00","og_image":[{"width":335,"height":224,"url":"https:\/\/sagavinaestartit.com\/wp-content\/uploads\/2019\/10\/fotosub-y-videosub-1.jpg","type":"image\/jpeg"}],"author":"tecnico_alojapro","twitter_card":"summary_large_image","twitter_misc":{"\u00c9crit par":"tecnico_alojapro","Dur\u00e9e de lecture estim\u00e9e":"1 minute"},"schema":{"@context":"https:\/\/schema.org","@graph":[{"@type":"Article","@id":"https:\/\/sagavinaestartit.com\/fr\/la-municipalite-de-lestartit-accueillera-le-championnat-despagne-fotosub-et-videosub-octobre-2019\/#article","isPartOf":{"@id":"https:\/\/sagavinaestartit.com\/fr\/la-municipalite-de-lestartit-accueillera-le-championnat-despagne-fotosub-et-videosub-octobre-2019\/"},"author":{"name":"tecnico_alojapro","@id":"https:\/\/sagavinaestartit.com\/fr\/#\/schema\/person\/72b3f9a420869474351007377bde83c0"},"headline":"La municipalit\u00e9 de L&rsquo;Estartit accueillera le Championnat d&rsquo;Espagne Fotosub et Videosub &#8211; Octobre 2019","datePublished":"2019-10-01T06:05:55+00:00","mainEntityOfPage":{"@id":"https:\/\/sagavinaestartit.com\/fr\/la-municipalite-de-lestartit-accueillera-le-championnat-despagne-fotosub-et-videosub-octobre-2019\/"},"wordCount":165,"commentCount":0,"publisher":{"@id":"https:\/\/sagavinaestartit.com\/fr\/#organization"},"image":{"@id":"https:\/\/sagavinaestartit.com\/fr\/la-municipalite-de-lestartit-accueillera-le-championnat-despagne-fotosub-et-videosub-octobre-2019\/#primaryimage"},"thumbnailUrl":"https:\/\/sagavinaestartit.com\/wp-content\/uploads\/2019\/10\/fotosub-y-videosub-1.jpg","articleSection":["Nouvelles"],"inLanguage":"fr-FR","potentialAction":[{"@type":"CommentAction","name":"Comment","target":["https:\/\/sagavinaestartit.com\/fr\/la-municipalite-de-lestartit-accueillera-le-championnat-despagne-fotosub-et-videosub-octobre-2019\/#respond"]}]},{"@type":"WebPage","@id":"https:\/\/sagavinaestartit.com\/fr\/la-municipalite-de-lestartit-accueillera-le-championnat-despagne-fotosub-et-videosub-octobre-2019\/","url":"https:\/\/sagavinaestartit.com\/fr\/la-municipalite-de-lestartit-accueillera-le-championnat-despagne-fotosub-et-videosub-octobre-2019\/","name":"La municipalit\u00e9 de L'Estartit accueillera le Championnat d'Espagne Fotosub et Videosub - Octobre 2019 | Sa Gavina Apartaments","isPartOf":{"@id":"https:\/\/sagavinaestartit.com\/fr\/#website"},"primaryImageOfPage":{"@id":"https:\/\/sagavinaestartit.com\/fr\/la-municipalite-de-lestartit-accueillera-le-championnat-despagne-fotosub-et-videosub-octobre-2019\/#primaryimage"},"image":{"@id":"https:\/\/sagavinaestartit.com\/fr\/la-municipalite-de-lestartit-accueillera-le-championnat-despagne-fotosub-et-videosub-octobre-2019\/#primaryimage"},"thumbnailUrl":"https:\/\/sagavinaestartit.com\/wp-content\/uploads\/2019\/10\/fotosub-y-videosub-1.jpg","datePublished":"2019-10-01T06:05:55+00:00","breadcrumb":{"@id":"https:\/\/sagavinaestartit.com\/fr\/la-municipalite-de-lestartit-accueillera-le-championnat-despagne-fotosub-et-videosub-octobre-2019\/#breadcrumb"},"inLanguage":"fr-FR","potentialAction":[{"@type":"ReadAction","target":["https:\/\/sagavinaestartit.com\/fr\/la-municipalite-de-lestartit-accueillera-le-championnat-despagne-fotosub-et-videosub-octobre-2019\/"]}]},{"@type":"ImageObject","inLanguage":"fr-FR","@id":"https:\/\/sagavinaestartit.com\/fr\/la-municipalite-de-lestartit-accueillera-le-championnat-despagne-fotosub-et-videosub-octobre-2019\/#primaryimage","url":"https:\/\/sagavinaestartit.com\/wp-content\/uploads\/2019\/10\/fotosub-y-videosub-1.jpg","contentUrl":"https:\/\/sagavinaestartit.com\/wp-content\/uploads\/2019\/10\/fotosub-y-videosub-1.jpg","width":335,"height":224,"caption":"CREATOR: gd-jpeg v1.0 (using IJG JPEG v80), quality = 80"},{"@type":"BreadcrumbList","@id":"https:\/\/sagavinaestartit.com\/fr\/la-municipalite-de-lestartit-accueillera-le-championnat-despagne-fotosub-et-videosub-octobre-2019\/#breadcrumb","itemListElement":[{"@type":"ListItem","position":1,"name":"Portada","item":"https:\/\/sagavinaestartit.com\/fr\/home\/"},{"@type":"ListItem","position":2,"name":"La municipalit\u00e9 de L&#8217;Estartit accueillera le Championnat d&#8217;Espagne Fotosub et Videosub &#8211; Octobre 2019"}]},{"@type":"WebSite","@id":"https:\/\/sagavinaestartit.com\/fr\/#website","url":"https:\/\/sagavinaestartit.com\/fr\/","name":"Sa Gavina Apartaments","description":"Sa Gavina Apartments","publisher":{"@id":"https:\/\/sagavinaestartit.com\/fr\/#organization"},"potentialAction":[{"@type":"SearchAction","target":{"@type":"EntryPoint","urlTemplate":"https:\/\/sagavinaestartit.com\/fr\/?s={search_term_string}"},"query-input":{"@type":"PropertyValueSpecification","valueRequired":true,"valueName":"search_term_string"}}],"inLanguage":"fr-FR"},{"@type":"Organization","@id":"https:\/\/sagavinaestartit.com\/fr\/#organization","name":"Sa Gavina Apartments","url":"https:\/\/sagavinaestartit.com\/fr\/","logo":{"@type":"ImageObject","inLanguage":"fr-FR","@id":"https:\/\/sagavinaestartit.com\/fr\/#\/schema\/logo\/image\/","url":"https:\/\/sagavinaestartit.com\/wp-content\/uploads\/2024\/12\/3-1.png","contentUrl":"https:\/\/sagavinaestartit.com\/wp-content\/uploads\/2024\/12\/3-1.png","width":500,"height":200,"caption":"Sa Gavina Apartments"},"image":{"@id":"https:\/\/sagavinaestartit.com\/fr\/#\/schema\/logo\/image\/"}},{"@type":"Person","@id":"https:\/\/sagavinaestartit.com\/fr\/#\/schema\/person\/72b3f9a420869474351007377bde83c0","name":"tecnico_alojapro","sameAs":["https:\/\/sagavinaestartit.com"]}]}},"_links":{"self":[{"href":"https:\/\/sagavinaestartit.com\/fr\/wp-json\/wp\/v2\/posts\/29192","targetHints":{"allow":["GET"]}}],"collection":[{"href":"https:\/\/sagavinaestartit.com\/fr\/wp-json\/wp\/v2\/posts"}],"about":[{"href":"https:\/\/sagavinaestartit.com\/fr\/wp-json\/wp\/v2\/types\/post"}],"author":[{"embeddable":true,"href":"https:\/\/sagavinaestartit.com\/fr\/wp-json\/wp\/v2\/users\/1"}],"replies":[{"embeddable":true,"href":"https:\/\/sagavinaestartit.com\/fr\/wp-json\/wp\/v2\/comments?post=29192"}],"version-history":[{"count":0,"href":"https:\/\/sagavinaestartit.com\/fr\/wp-json\/wp\/v2\/posts\/29192\/revisions"}],"wp:featuredmedia":[{"embeddable":true,"href":"https:\/\/sagavinaestartit.com\/fr\/wp-json\/wp\/v2\/media\/26615"}],"wp:attachment":[{"href":"https:\/\/sagavinaestartit.com\/fr\/wp-json\/wp\/v2\/media?parent=29192"}],"wp:term":[{"taxonomy":"category","embeddable":true,"href":"https:\/\/sagavinaestartit.com\/fr\/wp-json\/wp\/v2\/categories?post=29192"},{"taxonomy":"post_tag","embeddable":true,"href":"https:\/\/sagavinaestartit.com\/fr\/wp-json\/wp\/v2\/tags?post=29192"}],"curies":[{"name":"wp","href":"https:\/\/api.w.org\/{rel}","templated":true}]}}