{"id":29119,"date":"2018-04-27T13:50:32","date_gmt":"2018-04-27T11:50:32","guid":{"rendered":"https:\/\/sagavinaestartit.com\/2018\/04\/27\/officine-de-tourisme-renoue\/"},"modified":"2018-04-27T13:50:32","modified_gmt":"2018-04-27T11:50:32","slug":"officine-de-tourisme-renoue","status":"publish","type":"post","link":"https:\/\/sagavinaestartit.com\/fr\/officine-de-tourisme-renoue\/","title":{"rendered":"Officine de tourisme renou\u00e9"},"content":{"rendered":"<p>Les h\u00f4tes qui sont int\u00e9ress\u00e9s par la location des appartements \u00e0 <em>l\u2019Estartit<\/em>, peuvent visiter l\u2019officine renou\u00e9e de tourisme de la population, qui <a href=\"\/?p=7893\" target=\"_blank\" rel=\"noopener noreferrer\">avait \u00e9t\u00e9 transf\u00e9r\u00e9 le dernier mois de d\u00e9cembre<\/a> pendant la r\u00e9alisation des r\u00e9formes.<\/p>\n<p>Pendant les vacances de P\u00e2ques, cette officine avait d\u00e9j\u00e0 offert service \u00e0 tous les visiteurs qui se n\u2019approxim\u00e8rent de 9h jusqu\u2019\u00e0 13h et de 15h jusqu\u2019\u00e0 18h (pendant le 28 et le 29 mai), de 10h jusqu\u2019\u00e0 14h et de 16h \u00e0 19h (pendant le 30 et le 31 mars), et de 10h jusqu\u2019\u00e0 14h (le 2 avril).<\/p>\n<p>Vous pouvez consulter la nouvelle apparence de celle-l\u00e0 en cliquant au lien suivant\u00a0: <a href=\"https:\/\/www.facebook.com\/Visitestartit\/videos\/1335148899919928\/\" target=\"_blank\" rel=\"noopener noreferrer\">https:\/\/www.facebook.com\/Visitestartit\/videos\/1335148899919928\/<\/a><\/p>\n","protected":false},"excerpt":{"rendered":"<p>Les h\u00f4tes qui sont int\u00e9ress\u00e9s par la location des appartements \u00e0 l\u2019Estartit, peuvent visiter l\u2019officine renou\u00e9e de tourisme de la population, qui avait \u00e9t\u00e9 transf\u00e9r\u00e9 le dernier mois de d\u00e9cembre pendant la r\u00e9alisation des r\u00e9formes. Pendant les vacances de P\u00e2ques,  [&#8230;]<\/p>\n","protected":false},"author":1,"featured_media":26526,"comment_status":"open","ping_status":"open","sticky":false,"template":"","format":"standard","meta":{"footnotes":""},"categories":[131],"tags":[],"class_list":["post-29119","post","type-post","status-publish","format-standard","has-post-thumbnail","hentry","category-essentiels"],"yoast_head":"<!-- This site is optimized with the Yoast SEO plugin v27.1.1 - https:\/\/yoast.com\/product\/yoast-seo-wordpress\/ -->\n<title>Officine de tourisme renou\u00e9 | Sa Gavina Apartaments<\/title>\n<meta name=\"robots\" content=\"index, follow, max-snippet:-1, max-image-preview:large, max-video-preview:-1\" \/>\n<link rel=\"canonical\" href=\"https:\/\/sagavinaestartit.com\/fr\/officine-de-tourisme-renoue\/\" \/>\n<meta property=\"og:locale\" content=\"fr_FR\" \/>\n<meta property=\"og:type\" content=\"article\" \/>\n<meta property=\"og:title\" content=\"Officine de tourisme renou\u00e9 | Sa Gavina Apartaments\" \/>\n<meta property=\"og:description\" content=\"Les h\u00f4tes qui sont int\u00e9ress\u00e9s par la location des appartements \u00e0 l\u2019Estartit, peuvent visiter l\u2019officine renou\u00e9e de tourisme de la population, qui avait \u00e9t\u00e9 transf\u00e9r\u00e9 le dernier mois de d\u00e9cembre pendant la r\u00e9alisation des r\u00e9formes. Pendant les vacances de P\u00e2ques, [...]\" \/>\n<meta property=\"og:url\" content=\"https:\/\/sagavinaestartit.com\/fr\/officine-de-tourisme-renoue\/\" \/>\n<meta property=\"og:site_name\" content=\"Sa Gavina Apartaments\" \/>\n<meta property=\"article:published_time\" content=\"2018-04-27T11:50:32+00:00\" \/>\n<meta property=\"og:image\" content=\"https:\/\/sagavinaestartit.com\/wp-content\/uploads\/2018\/04\/oficina-turismo-estartit-alquiler-apartamentos.jpg\" \/>\n\t<meta property=\"og:image:width\" content=\"608\" \/>\n\t<meta property=\"og:image:height\" content=\"424\" \/>\n\t<meta property=\"og:image:type\" content=\"image\/jpeg\" \/>\n<meta name=\"author\" content=\"tecnico_alojapro\" \/>\n<meta name=\"twitter:card\" content=\"summary_large_image\" \/>\n<meta name=\"twitter:label1\" content=\"\u00c9crit par\" \/>\n\t<meta name=\"twitter:data1\" content=\"tecnico_alojapro\" \/>\n\t<meta name=\"twitter:label2\" content=\"Dur\u00e9e de lecture estim\u00e9e\" \/>\n\t<meta name=\"twitter:data2\" content=\"1 minute\" \/>\n<script type=\"application\/ld+json\" class=\"yoast-schema-graph\">{\"@context\":\"https:\/\/schema.org\",\"@graph\":[{\"@type\":\"Article\",\"@id\":\"https:\/\/sagavinaestartit.com\/fr\/officine-de-tourisme-renoue\/#article\",\"isPartOf\":{\"@id\":\"https:\/\/sagavinaestartit.com\/fr\/officine-de-tourisme-renoue\/\"},\"author\":{\"name\":\"tecnico_alojapro\",\"@id\":\"https:\/\/sagavinaestartit.com\/fr\/#\/schema\/person\/72b3f9a420869474351007377bde83c0\"},\"headline\":\"Officine de tourisme renou\u00e9\",\"datePublished\":\"2018-04-27T11:50:32+00:00\",\"mainEntityOfPage\":{\"@id\":\"https:\/\/sagavinaestartit.com\/fr\/officine-de-tourisme-renoue\/\"},\"wordCount\":122,\"commentCount\":0,\"publisher\":{\"@id\":\"https:\/\/sagavinaestartit.com\/fr\/#organization\"},\"image\":{\"@id\":\"https:\/\/sagavinaestartit.com\/fr\/officine-de-tourisme-renoue\/#primaryimage\"},\"thumbnailUrl\":\"https:\/\/sagavinaestartit.com\/wp-content\/uploads\/2018\/04\/oficina-turismo-estartit-alquiler-apartamentos.jpg\",\"articleSection\":[\"Essentiels\"],\"inLanguage\":\"fr-FR\",\"potentialAction\":[{\"@type\":\"CommentAction\",\"name\":\"Comment\",\"target\":[\"https:\/\/sagavinaestartit.com\/fr\/officine-de-tourisme-renoue\/#respond\"]}]},{\"@type\":\"WebPage\",\"@id\":\"https:\/\/sagavinaestartit.com\/fr\/officine-de-tourisme-renoue\/\",\"url\":\"https:\/\/sagavinaestartit.com\/fr\/officine-de-tourisme-renoue\/\",\"name\":\"Officine de tourisme renou\u00e9 | Sa Gavina Apartaments\",\"isPartOf\":{\"@id\":\"https:\/\/sagavinaestartit.com\/fr\/#website\"},\"primaryImageOfPage\":{\"@id\":\"https:\/\/sagavinaestartit.com\/fr\/officine-de-tourisme-renoue\/#primaryimage\"},\"image\":{\"@id\":\"https:\/\/sagavinaestartit.com\/fr\/officine-de-tourisme-renoue\/#primaryimage\"},\"thumbnailUrl\":\"https:\/\/sagavinaestartit.com\/wp-content\/uploads\/2018\/04\/oficina-turismo-estartit-alquiler-apartamentos.jpg\",\"datePublished\":\"2018-04-27T11:50:32+00:00\",\"breadcrumb\":{\"@id\":\"https:\/\/sagavinaestartit.com\/fr\/officine-de-tourisme-renoue\/#breadcrumb\"},\"inLanguage\":\"fr-FR\",\"potentialAction\":[{\"@type\":\"ReadAction\",\"target\":[\"https:\/\/sagavinaestartit.com\/fr\/officine-de-tourisme-renoue\/\"]}]},{\"@type\":\"ImageObject\",\"inLanguage\":\"fr-FR\",\"@id\":\"https:\/\/sagavinaestartit.com\/fr\/officine-de-tourisme-renoue\/#primaryimage\",\"url\":\"https:\/\/sagavinaestartit.com\/wp-content\/uploads\/2018\/04\/oficina-turismo-estartit-alquiler-apartamentos.jpg\",\"contentUrl\":\"https:\/\/sagavinaestartit.com\/wp-content\/uploads\/2018\/04\/oficina-turismo-estartit-alquiler-apartamentos.jpg\",\"width\":608,\"height\":424},{\"@type\":\"BreadcrumbList\",\"@id\":\"https:\/\/sagavinaestartit.com\/fr\/officine-de-tourisme-renoue\/#breadcrumb\",\"itemListElement\":[{\"@type\":\"ListItem\",\"position\":1,\"name\":\"Portada\",\"item\":\"https:\/\/sagavinaestartit.com\/fr\/home\/\"},{\"@type\":\"ListItem\",\"position\":2,\"name\":\"Officine de tourisme renou\u00e9\"}]},{\"@type\":\"WebSite\",\"@id\":\"https:\/\/sagavinaestartit.com\/fr\/#website\",\"url\":\"https:\/\/sagavinaestartit.com\/fr\/\",\"name\":\"Sa Gavina Apartaments\",\"description\":\"Sa Gavina Apartments\",\"publisher\":{\"@id\":\"https:\/\/sagavinaestartit.com\/fr\/#organization\"},\"potentialAction\":[{\"@type\":\"SearchAction\",\"target\":{\"@type\":\"EntryPoint\",\"urlTemplate\":\"https:\/\/sagavinaestartit.com\/fr\/?s={search_term_string}\"},\"query-input\":{\"@type\":\"PropertyValueSpecification\",\"valueRequired\":true,\"valueName\":\"search_term_string\"}}],\"inLanguage\":\"fr-FR\"},{\"@type\":\"Organization\",\"@id\":\"https:\/\/sagavinaestartit.com\/fr\/#organization\",\"name\":\"Sa Gavina Apartments\",\"url\":\"https:\/\/sagavinaestartit.com\/fr\/\",\"logo\":{\"@type\":\"ImageObject\",\"inLanguage\":\"fr-FR\",\"@id\":\"https:\/\/sagavinaestartit.com\/fr\/#\/schema\/logo\/image\/\",\"url\":\"https:\/\/sagavinaestartit.com\/wp-content\/uploads\/2024\/12\/3-1.png\",\"contentUrl\":\"https:\/\/sagavinaestartit.com\/wp-content\/uploads\/2024\/12\/3-1.png\",\"width\":500,\"height\":200,\"caption\":\"Sa Gavina Apartments\"},\"image\":{\"@id\":\"https:\/\/sagavinaestartit.com\/fr\/#\/schema\/logo\/image\/\"}},{\"@type\":\"Person\",\"@id\":\"https:\/\/sagavinaestartit.com\/fr\/#\/schema\/person\/72b3f9a420869474351007377bde83c0\",\"name\":\"tecnico_alojapro\",\"sameAs\":[\"https:\/\/sagavinaestartit.com\"]}]}<\/script>\n<!-- \/ Yoast SEO plugin. -->","yoast_head_json":{"title":"Officine de tourisme renou\u00e9 | Sa Gavina Apartaments","robots":{"index":"index","follow":"follow","max-snippet":"max-snippet:-1","max-image-preview":"max-image-preview:large","max-video-preview":"max-video-preview:-1"},"canonical":"https:\/\/sagavinaestartit.com\/fr\/officine-de-tourisme-renoue\/","og_locale":"fr_FR","og_type":"article","og_title":"Officine de tourisme renou\u00e9 | Sa Gavina Apartaments","og_description":"Les h\u00f4tes qui sont int\u00e9ress\u00e9s par la location des appartements \u00e0 l\u2019Estartit, peuvent visiter l\u2019officine renou\u00e9e de tourisme de la population, qui avait \u00e9t\u00e9 transf\u00e9r\u00e9 le dernier mois de d\u00e9cembre pendant la r\u00e9alisation des r\u00e9formes. Pendant les vacances de P\u00e2ques, [...]","og_url":"https:\/\/sagavinaestartit.com\/fr\/officine-de-tourisme-renoue\/","og_site_name":"Sa Gavina Apartaments","article_published_time":"2018-04-27T11:50:32+00:00","og_image":[{"width":608,"height":424,"url":"https:\/\/sagavinaestartit.com\/wp-content\/uploads\/2018\/04\/oficina-turismo-estartit-alquiler-apartamentos.jpg","type":"image\/jpeg"}],"author":"tecnico_alojapro","twitter_card":"summary_large_image","twitter_misc":{"\u00c9crit par":"tecnico_alojapro","Dur\u00e9e de lecture estim\u00e9e":"1 minute"},"schema":{"@context":"https:\/\/schema.org","@graph":[{"@type":"Article","@id":"https:\/\/sagavinaestartit.com\/fr\/officine-de-tourisme-renoue\/#article","isPartOf":{"@id":"https:\/\/sagavinaestartit.com\/fr\/officine-de-tourisme-renoue\/"},"author":{"name":"tecnico_alojapro","@id":"https:\/\/sagavinaestartit.com\/fr\/#\/schema\/person\/72b3f9a420869474351007377bde83c0"},"headline":"Officine de tourisme renou\u00e9","datePublished":"2018-04-27T11:50:32+00:00","mainEntityOfPage":{"@id":"https:\/\/sagavinaestartit.com\/fr\/officine-de-tourisme-renoue\/"},"wordCount":122,"commentCount":0,"publisher":{"@id":"https:\/\/sagavinaestartit.com\/fr\/#organization"},"image":{"@id":"https:\/\/sagavinaestartit.com\/fr\/officine-de-tourisme-renoue\/#primaryimage"},"thumbnailUrl":"https:\/\/sagavinaestartit.com\/wp-content\/uploads\/2018\/04\/oficina-turismo-estartit-alquiler-apartamentos.jpg","articleSection":["Essentiels"],"inLanguage":"fr-FR","potentialAction":[{"@type":"CommentAction","name":"Comment","target":["https:\/\/sagavinaestartit.com\/fr\/officine-de-tourisme-renoue\/#respond"]}]},{"@type":"WebPage","@id":"https:\/\/sagavinaestartit.com\/fr\/officine-de-tourisme-renoue\/","url":"https:\/\/sagavinaestartit.com\/fr\/officine-de-tourisme-renoue\/","name":"Officine de tourisme renou\u00e9 | Sa Gavina Apartaments","isPartOf":{"@id":"https:\/\/sagavinaestartit.com\/fr\/#website"},"primaryImageOfPage":{"@id":"https:\/\/sagavinaestartit.com\/fr\/officine-de-tourisme-renoue\/#primaryimage"},"image":{"@id":"https:\/\/sagavinaestartit.com\/fr\/officine-de-tourisme-renoue\/#primaryimage"},"thumbnailUrl":"https:\/\/sagavinaestartit.com\/wp-content\/uploads\/2018\/04\/oficina-turismo-estartit-alquiler-apartamentos.jpg","datePublished":"2018-04-27T11:50:32+00:00","breadcrumb":{"@id":"https:\/\/sagavinaestartit.com\/fr\/officine-de-tourisme-renoue\/#breadcrumb"},"inLanguage":"fr-FR","potentialAction":[{"@type":"ReadAction","target":["https:\/\/sagavinaestartit.com\/fr\/officine-de-tourisme-renoue\/"]}]},{"@type":"ImageObject","inLanguage":"fr-FR","@id":"https:\/\/sagavinaestartit.com\/fr\/officine-de-tourisme-renoue\/#primaryimage","url":"https:\/\/sagavinaestartit.com\/wp-content\/uploads\/2018\/04\/oficina-turismo-estartit-alquiler-apartamentos.jpg","contentUrl":"https:\/\/sagavinaestartit.com\/wp-content\/uploads\/2018\/04\/oficina-turismo-estartit-alquiler-apartamentos.jpg","width":608,"height":424},{"@type":"BreadcrumbList","@id":"https:\/\/sagavinaestartit.com\/fr\/officine-de-tourisme-renoue\/#breadcrumb","itemListElement":[{"@type":"ListItem","position":1,"name":"Portada","item":"https:\/\/sagavinaestartit.com\/fr\/home\/"},{"@type":"ListItem","position":2,"name":"Officine de tourisme renou\u00e9"}]},{"@type":"WebSite","@id":"https:\/\/sagavinaestartit.com\/fr\/#website","url":"https:\/\/sagavinaestartit.com\/fr\/","name":"Sa Gavina Apartaments","description":"Sa Gavina Apartments","publisher":{"@id":"https:\/\/sagavinaestartit.com\/fr\/#organization"},"potentialAction":[{"@type":"SearchAction","target":{"@type":"EntryPoint","urlTemplate":"https:\/\/sagavinaestartit.com\/fr\/?s={search_term_string}"},"query-input":{"@type":"PropertyValueSpecification","valueRequired":true,"valueName":"search_term_string"}}],"inLanguage":"fr-FR"},{"@type":"Organization","@id":"https:\/\/sagavinaestartit.com\/fr\/#organization","name":"Sa Gavina Apartments","url":"https:\/\/sagavinaestartit.com\/fr\/","logo":{"@type":"ImageObject","inLanguage":"fr-FR","@id":"https:\/\/sagavinaestartit.com\/fr\/#\/schema\/logo\/image\/","url":"https:\/\/sagavinaestartit.com\/wp-content\/uploads\/2024\/12\/3-1.png","contentUrl":"https:\/\/sagavinaestartit.com\/wp-content\/uploads\/2024\/12\/3-1.png","width":500,"height":200,"caption":"Sa Gavina Apartments"},"image":{"@id":"https:\/\/sagavinaestartit.com\/fr\/#\/schema\/logo\/image\/"}},{"@type":"Person","@id":"https:\/\/sagavinaestartit.com\/fr\/#\/schema\/person\/72b3f9a420869474351007377bde83c0","name":"tecnico_alojapro","sameAs":["https:\/\/sagavinaestartit.com"]}]}},"_links":{"self":[{"href":"https:\/\/sagavinaestartit.com\/fr\/wp-json\/wp\/v2\/posts\/29119","targetHints":{"allow":["GET"]}}],"collection":[{"href":"https:\/\/sagavinaestartit.com\/fr\/wp-json\/wp\/v2\/posts"}],"about":[{"href":"https:\/\/sagavinaestartit.com\/fr\/wp-json\/wp\/v2\/types\/post"}],"author":[{"embeddable":true,"href":"https:\/\/sagavinaestartit.com\/fr\/wp-json\/wp\/v2\/users\/1"}],"replies":[{"embeddable":true,"href":"https:\/\/sagavinaestartit.com\/fr\/wp-json\/wp\/v2\/comments?post=29119"}],"version-history":[{"count":0,"href":"https:\/\/sagavinaestartit.com\/fr\/wp-json\/wp\/v2\/posts\/29119\/revisions"}],"wp:featuredmedia":[{"embeddable":true,"href":"https:\/\/sagavinaestartit.com\/fr\/wp-json\/wp\/v2\/media\/26526"}],"wp:attachment":[{"href":"https:\/\/sagavinaestartit.com\/fr\/wp-json\/wp\/v2\/media?parent=29119"}],"wp:term":[{"taxonomy":"category","embeddable":true,"href":"https:\/\/sagavinaestartit.com\/fr\/wp-json\/wp\/v2\/categories?post=29119"},{"taxonomy":"post_tag","embeddable":true,"href":"https:\/\/sagavinaestartit.com\/fr\/wp-json\/wp\/v2\/tags?post=29119"}],"curies":[{"name":"wp","href":"https:\/\/api.w.org\/{rel}","templated":true}]}}