{"id":29105,"date":"2018-02-15T13:49:56","date_gmt":"2018-02-15T12:49:56","guid":{"rendered":"https:\/\/sagavinaestartit.com\/2018\/02\/15\/les-avantages-du-tourisme-actif-avec-votre-location-dappartement-a-estartit\/"},"modified":"2018-02-15T13:49:56","modified_gmt":"2018-02-15T12:49:56","slug":"les-avantages-du-tourisme-actif-avec-votre-location-dappartement-a-estartit","status":"publish","type":"post","link":"https:\/\/sagavinaestartit.com\/fr\/les-avantages-du-tourisme-actif-avec-votre-location-dappartement-a-estartit\/","title":{"rendered":"Les avantages du tourisme actif avec votre location d&rsquo;appartement \u00e0 Estartit"},"content":{"rendered":"<p>Lorsque nous parlons de tourisme actif encadr\u00e9 dans la location d&rsquo;appartements dans l&rsquo;Estartit, nous nous r\u00e9f\u00e9rons \u00e0 ce type de tourisme dont\u00a0 objectif principal est de mener ses activit\u00e9s dans des environnements naturels.<\/p>\n<p>L\u2019observation du paysage et de contact avec la nature, la pratique du sport (v\u00e9lo, randonn\u00e9e, plong\u00e9e sous-marine, etc.)\u2026 sont des activit\u00e9s qu\u2019on peut trouver dans le tourisme actif offert \u00e0 l\u2019Estartit et qui ont une richesse naturelle spectaculaire. D\u2019o\u00f9 le lien entre l\u2019espace et l\u2019environnement.<\/p>\n<p>Quels sont les avantages ? Profiter pleinement du paysage et des environs, effectuer les activit\u00e9s que nous aimons pratiquer dans notre temps libre et conna\u00eetre de nouvelles zones au m\u00eame temps.<\/p>\n<p>Vous pouvez trouver toute l&rsquo;offre touristique active de Torroella de Montgr\u00ed et l\u2019Estartit en cliquant au lien suivant : <a href=\"http:\/\/www.visitestartit.com\/es\/organizate\/que-fer\/pels-actius\/\" target=\"_blank\" rel=\"noopener noreferrer\">http:\/\/www.visitestartit.com\/es\/organizate\/que-fer\/pels-actius\/<\/a><\/p>\n<p>On t&rsquo;y attend !<\/p>\n","protected":false},"excerpt":{"rendered":"<p>Lorsque nous parlons de tourisme actif encadr\u00e9 dans la location d&rsquo;appartements dans l&rsquo;Estartit, nous nous r\u00e9f\u00e9rons \u00e0 ce type de tourisme dont\u00a0 objectif principal est de mener ses activit\u00e9s dans des environnements naturels. L\u2019observation du paysage et de contact avec  [&#8230;]<\/p>\n","protected":false},"author":1,"featured_media":0,"comment_status":"open","ping_status":"open","sticky":false,"template":"","format":"standard","meta":{"footnotes":""},"categories":[131],"tags":[],"class_list":["post-29105","post","type-post","status-publish","format-standard","hentry","category-essentiels"],"yoast_head":"<!-- This site is optimized with the Yoast SEO plugin v27.1.1 - https:\/\/yoast.com\/product\/yoast-seo-wordpress\/ -->\n<title>Les avantages du tourisme actif avec votre location d&#039;appartement \u00e0 Estartit | Sa Gavina Apartaments<\/title>\n<meta name=\"robots\" content=\"index, follow, max-snippet:-1, max-image-preview:large, max-video-preview:-1\" \/>\n<link rel=\"canonical\" href=\"https:\/\/sagavinaestartit.com\/fr\/les-avantages-du-tourisme-actif-avec-votre-location-dappartement-a-estartit\/\" \/>\n<meta property=\"og:locale\" content=\"fr_FR\" \/>\n<meta property=\"og:type\" content=\"article\" \/>\n<meta property=\"og:title\" content=\"Les avantages du tourisme actif avec votre location d&#039;appartement \u00e0 Estartit | Sa Gavina Apartaments\" \/>\n<meta property=\"og:description\" content=\"Lorsque nous parlons de tourisme actif encadr\u00e9 dans la location d&rsquo;appartements dans l&rsquo;Estartit, nous nous r\u00e9f\u00e9rons \u00e0 ce type de tourisme dont\u00a0 objectif principal est de mener ses activit\u00e9s dans des environnements naturels. L\u2019observation du paysage et de contact avec [...]\" \/>\n<meta property=\"og:url\" content=\"https:\/\/sagavinaestartit.com\/fr\/les-avantages-du-tourisme-actif-avec-votre-location-dappartement-a-estartit\/\" \/>\n<meta property=\"og:site_name\" content=\"Sa Gavina Apartaments\" \/>\n<meta property=\"article:published_time\" content=\"2018-02-15T12:49:56+00:00\" \/>\n<meta name=\"author\" content=\"tecnico_alojapro\" \/>\n<meta name=\"twitter:card\" content=\"summary_large_image\" \/>\n<meta name=\"twitter:label1\" content=\"\u00c9crit par\" \/>\n\t<meta name=\"twitter:data1\" content=\"tecnico_alojapro\" \/>\n\t<meta name=\"twitter:label2\" content=\"Dur\u00e9e de lecture estim\u00e9e\" \/>\n\t<meta name=\"twitter:data2\" content=\"1 minute\" \/>\n<script type=\"application\/ld+json\" class=\"yoast-schema-graph\">{\"@context\":\"https:\/\/schema.org\",\"@graph\":[{\"@type\":\"Article\",\"@id\":\"https:\/\/sagavinaestartit.com\/fr\/les-avantages-du-tourisme-actif-avec-votre-location-dappartement-a-estartit\/#article\",\"isPartOf\":{\"@id\":\"https:\/\/sagavinaestartit.com\/fr\/les-avantages-du-tourisme-actif-avec-votre-location-dappartement-a-estartit\/\"},\"author\":{\"name\":\"tecnico_alojapro\",\"@id\":\"https:\/\/sagavinaestartit.com\/fr\/#\/schema\/person\/72b3f9a420869474351007377bde83c0\"},\"headline\":\"Les avantages du tourisme actif avec votre location d&rsquo;appartement \u00e0 Estartit\",\"datePublished\":\"2018-02-15T12:49:56+00:00\",\"mainEntityOfPage\":{\"@id\":\"https:\/\/sagavinaestartit.com\/fr\/les-avantages-du-tourisme-actif-avec-votre-location-dappartement-a-estartit\/\"},\"wordCount\":167,\"commentCount\":0,\"publisher\":{\"@id\":\"https:\/\/sagavinaestartit.com\/fr\/#organization\"},\"articleSection\":[\"Essentiels\"],\"inLanguage\":\"fr-FR\",\"potentialAction\":[{\"@type\":\"CommentAction\",\"name\":\"Comment\",\"target\":[\"https:\/\/sagavinaestartit.com\/fr\/les-avantages-du-tourisme-actif-avec-votre-location-dappartement-a-estartit\/#respond\"]}]},{\"@type\":\"WebPage\",\"@id\":\"https:\/\/sagavinaestartit.com\/fr\/les-avantages-du-tourisme-actif-avec-votre-location-dappartement-a-estartit\/\",\"url\":\"https:\/\/sagavinaestartit.com\/fr\/les-avantages-du-tourisme-actif-avec-votre-location-dappartement-a-estartit\/\",\"name\":\"Les avantages du tourisme actif avec votre location d'appartement \u00e0 Estartit | Sa Gavina Apartaments\",\"isPartOf\":{\"@id\":\"https:\/\/sagavinaestartit.com\/fr\/#website\"},\"datePublished\":\"2018-02-15T12:49:56+00:00\",\"breadcrumb\":{\"@id\":\"https:\/\/sagavinaestartit.com\/fr\/les-avantages-du-tourisme-actif-avec-votre-location-dappartement-a-estartit\/#breadcrumb\"},\"inLanguage\":\"fr-FR\",\"potentialAction\":[{\"@type\":\"ReadAction\",\"target\":[\"https:\/\/sagavinaestartit.com\/fr\/les-avantages-du-tourisme-actif-avec-votre-location-dappartement-a-estartit\/\"]}]},{\"@type\":\"BreadcrumbList\",\"@id\":\"https:\/\/sagavinaestartit.com\/fr\/les-avantages-du-tourisme-actif-avec-votre-location-dappartement-a-estartit\/#breadcrumb\",\"itemListElement\":[{\"@type\":\"ListItem\",\"position\":1,\"name\":\"Portada\",\"item\":\"https:\/\/sagavinaestartit.com\/fr\/home\/\"},{\"@type\":\"ListItem\",\"position\":2,\"name\":\"Les avantages du tourisme actif avec votre location d&rsquo;appartement \u00e0 Estartit\"}]},{\"@type\":\"WebSite\",\"@id\":\"https:\/\/sagavinaestartit.com\/fr\/#website\",\"url\":\"https:\/\/sagavinaestartit.com\/fr\/\",\"name\":\"Sa Gavina Apartaments\",\"description\":\"Sa Gavina Apartments\",\"publisher\":{\"@id\":\"https:\/\/sagavinaestartit.com\/fr\/#organization\"},\"potentialAction\":[{\"@type\":\"SearchAction\",\"target\":{\"@type\":\"EntryPoint\",\"urlTemplate\":\"https:\/\/sagavinaestartit.com\/fr\/?s={search_term_string}\"},\"query-input\":{\"@type\":\"PropertyValueSpecification\",\"valueRequired\":true,\"valueName\":\"search_term_string\"}}],\"inLanguage\":\"fr-FR\"},{\"@type\":\"Organization\",\"@id\":\"https:\/\/sagavinaestartit.com\/fr\/#organization\",\"name\":\"Sa Gavina Apartments\",\"url\":\"https:\/\/sagavinaestartit.com\/fr\/\",\"logo\":{\"@type\":\"ImageObject\",\"inLanguage\":\"fr-FR\",\"@id\":\"https:\/\/sagavinaestartit.com\/fr\/#\/schema\/logo\/image\/\",\"url\":\"https:\/\/sagavinaestartit.com\/wp-content\/uploads\/2024\/12\/3-1.png\",\"contentUrl\":\"https:\/\/sagavinaestartit.com\/wp-content\/uploads\/2024\/12\/3-1.png\",\"width\":500,\"height\":200,\"caption\":\"Sa Gavina Apartments\"},\"image\":{\"@id\":\"https:\/\/sagavinaestartit.com\/fr\/#\/schema\/logo\/image\/\"}},{\"@type\":\"Person\",\"@id\":\"https:\/\/sagavinaestartit.com\/fr\/#\/schema\/person\/72b3f9a420869474351007377bde83c0\",\"name\":\"tecnico_alojapro\",\"sameAs\":[\"https:\/\/sagavinaestartit.com\"]}]}<\/script>\n<!-- \/ Yoast SEO plugin. -->","yoast_head_json":{"title":"Les avantages du tourisme actif avec votre location d'appartement \u00e0 Estartit | Sa Gavina Apartaments","robots":{"index":"index","follow":"follow","max-snippet":"max-snippet:-1","max-image-preview":"max-image-preview:large","max-video-preview":"max-video-preview:-1"},"canonical":"https:\/\/sagavinaestartit.com\/fr\/les-avantages-du-tourisme-actif-avec-votre-location-dappartement-a-estartit\/","og_locale":"fr_FR","og_type":"article","og_title":"Les avantages du tourisme actif avec votre location d'appartement \u00e0 Estartit | Sa Gavina Apartaments","og_description":"Lorsque nous parlons de tourisme actif encadr\u00e9 dans la location d&rsquo;appartements dans l&rsquo;Estartit, nous nous r\u00e9f\u00e9rons \u00e0 ce type de tourisme dont\u00a0 objectif principal est de mener ses activit\u00e9s dans des environnements naturels. L\u2019observation du paysage et de contact avec [...]","og_url":"https:\/\/sagavinaestartit.com\/fr\/les-avantages-du-tourisme-actif-avec-votre-location-dappartement-a-estartit\/","og_site_name":"Sa Gavina Apartaments","article_published_time":"2018-02-15T12:49:56+00:00","author":"tecnico_alojapro","twitter_card":"summary_large_image","twitter_misc":{"\u00c9crit par":"tecnico_alojapro","Dur\u00e9e de lecture estim\u00e9e":"1 minute"},"schema":{"@context":"https:\/\/schema.org","@graph":[{"@type":"Article","@id":"https:\/\/sagavinaestartit.com\/fr\/les-avantages-du-tourisme-actif-avec-votre-location-dappartement-a-estartit\/#article","isPartOf":{"@id":"https:\/\/sagavinaestartit.com\/fr\/les-avantages-du-tourisme-actif-avec-votre-location-dappartement-a-estartit\/"},"author":{"name":"tecnico_alojapro","@id":"https:\/\/sagavinaestartit.com\/fr\/#\/schema\/person\/72b3f9a420869474351007377bde83c0"},"headline":"Les avantages du tourisme actif avec votre location d&rsquo;appartement \u00e0 Estartit","datePublished":"2018-02-15T12:49:56+00:00","mainEntityOfPage":{"@id":"https:\/\/sagavinaestartit.com\/fr\/les-avantages-du-tourisme-actif-avec-votre-location-dappartement-a-estartit\/"},"wordCount":167,"commentCount":0,"publisher":{"@id":"https:\/\/sagavinaestartit.com\/fr\/#organization"},"articleSection":["Essentiels"],"inLanguage":"fr-FR","potentialAction":[{"@type":"CommentAction","name":"Comment","target":["https:\/\/sagavinaestartit.com\/fr\/les-avantages-du-tourisme-actif-avec-votre-location-dappartement-a-estartit\/#respond"]}]},{"@type":"WebPage","@id":"https:\/\/sagavinaestartit.com\/fr\/les-avantages-du-tourisme-actif-avec-votre-location-dappartement-a-estartit\/","url":"https:\/\/sagavinaestartit.com\/fr\/les-avantages-du-tourisme-actif-avec-votre-location-dappartement-a-estartit\/","name":"Les avantages du tourisme actif avec votre location d'appartement \u00e0 Estartit | Sa Gavina Apartaments","isPartOf":{"@id":"https:\/\/sagavinaestartit.com\/fr\/#website"},"datePublished":"2018-02-15T12:49:56+00:00","breadcrumb":{"@id":"https:\/\/sagavinaestartit.com\/fr\/les-avantages-du-tourisme-actif-avec-votre-location-dappartement-a-estartit\/#breadcrumb"},"inLanguage":"fr-FR","potentialAction":[{"@type":"ReadAction","target":["https:\/\/sagavinaestartit.com\/fr\/les-avantages-du-tourisme-actif-avec-votre-location-dappartement-a-estartit\/"]}]},{"@type":"BreadcrumbList","@id":"https:\/\/sagavinaestartit.com\/fr\/les-avantages-du-tourisme-actif-avec-votre-location-dappartement-a-estartit\/#breadcrumb","itemListElement":[{"@type":"ListItem","position":1,"name":"Portada","item":"https:\/\/sagavinaestartit.com\/fr\/home\/"},{"@type":"ListItem","position":2,"name":"Les avantages du tourisme actif avec votre location d&rsquo;appartement \u00e0 Estartit"}]},{"@type":"WebSite","@id":"https:\/\/sagavinaestartit.com\/fr\/#website","url":"https:\/\/sagavinaestartit.com\/fr\/","name":"Sa Gavina Apartaments","description":"Sa Gavina Apartments","publisher":{"@id":"https:\/\/sagavinaestartit.com\/fr\/#organization"},"potentialAction":[{"@type":"SearchAction","target":{"@type":"EntryPoint","urlTemplate":"https:\/\/sagavinaestartit.com\/fr\/?s={search_term_string}"},"query-input":{"@type":"PropertyValueSpecification","valueRequired":true,"valueName":"search_term_string"}}],"inLanguage":"fr-FR"},{"@type":"Organization","@id":"https:\/\/sagavinaestartit.com\/fr\/#organization","name":"Sa Gavina Apartments","url":"https:\/\/sagavinaestartit.com\/fr\/","logo":{"@type":"ImageObject","inLanguage":"fr-FR","@id":"https:\/\/sagavinaestartit.com\/fr\/#\/schema\/logo\/image\/","url":"https:\/\/sagavinaestartit.com\/wp-content\/uploads\/2024\/12\/3-1.png","contentUrl":"https:\/\/sagavinaestartit.com\/wp-content\/uploads\/2024\/12\/3-1.png","width":500,"height":200,"caption":"Sa Gavina Apartments"},"image":{"@id":"https:\/\/sagavinaestartit.com\/fr\/#\/schema\/logo\/image\/"}},{"@type":"Person","@id":"https:\/\/sagavinaestartit.com\/fr\/#\/schema\/person\/72b3f9a420869474351007377bde83c0","name":"tecnico_alojapro","sameAs":["https:\/\/sagavinaestartit.com"]}]}},"_links":{"self":[{"href":"https:\/\/sagavinaestartit.com\/fr\/wp-json\/wp\/v2\/posts\/29105","targetHints":{"allow":["GET"]}}],"collection":[{"href":"https:\/\/sagavinaestartit.com\/fr\/wp-json\/wp\/v2\/posts"}],"about":[{"href":"https:\/\/sagavinaestartit.com\/fr\/wp-json\/wp\/v2\/types\/post"}],"author":[{"embeddable":true,"href":"https:\/\/sagavinaestartit.com\/fr\/wp-json\/wp\/v2\/users\/1"}],"replies":[{"embeddable":true,"href":"https:\/\/sagavinaestartit.com\/fr\/wp-json\/wp\/v2\/comments?post=29105"}],"version-history":[{"count":0,"href":"https:\/\/sagavinaestartit.com\/fr\/wp-json\/wp\/v2\/posts\/29105\/revisions"}],"wp:attachment":[{"href":"https:\/\/sagavinaestartit.com\/fr\/wp-json\/wp\/v2\/media?parent=29105"}],"wp:term":[{"taxonomy":"category","embeddable":true,"href":"https:\/\/sagavinaestartit.com\/fr\/wp-json\/wp\/v2\/categories?post=29105"},{"taxonomy":"post_tag","embeddable":true,"href":"https:\/\/sagavinaestartit.com\/fr\/wp-json\/wp\/v2\/tags?post=29105"}],"curies":[{"name":"wp","href":"https:\/\/api.w.org\/{rel}","templated":true}]}}