{"id":29103,"date":"2018-02-08T13:17:38","date_gmt":"2018-02-08T12:17:38","guid":{"rendered":"https:\/\/sagavinaestartit.com\/2018\/02\/08\/le-parc-naturel-du-montgri-approchez-vous-de-santa-caterina-avec-les-visites-guidees-du-programme-apropat-al-parc\/"},"modified":"2018-02-08T13:17:38","modified_gmt":"2018-02-08T12:17:38","slug":"le-parc-naturel-du-montgri-approchez-vous-de-santa-caterina-avec-les-visites-guidees-du-programme-apropat-al-parc","status":"publish","type":"post","link":"https:\/\/sagavinaestartit.com\/fr\/le-parc-naturel-du-montgri-approchez-vous-de-santa-caterina-avec-les-visites-guidees-du-programme-apropat-al-parc\/","title":{"rendered":"Le Parc Naturel du Montgr\u00ed: approchez-vous de Santa Caterina avec les visites guid\u00e9es du programme \u00ab\u00a0Apropa&rsquo;t al Parc\u00a0\u00bb"},"content":{"rendered":"<p>Si vous cherchez profiter de la nature en louant un appartement \u00e0 l&rsquo;Estartit, le programme de visites guid\u00e9es \u00ab\u00a0Apropa&rsquo;t al Parc\u00a0\u00bb est ce qu&rsquo;il vous faut. La nature est l&rsquo;axe qui m\u00e8ne \u00e0 la marque de qualit\u00e9 de cette ville situ\u00e9e au beau milieu de la Costa Brava.<\/p>\n<p>Le Parc Naturel du Montgr\u00ed, les Iles Medes et le Baix Ter ne sont pas seulement le cadre de la d\u00e9couverte d&rsquo;un grand nombre d&rsquo;habitats naturels, mais aussi de paysages culturels qui peuvent \u00eatre d\u00e9couverts gr\u00e2ce \u00e0 18 offres d\u2019itin\u00e9raires guid\u00e9s.<\/p>\n<p>Pendant le parcours de la route vers la vall\u00e9e de Santa Caterina et le Montpl\u00e0, vous pouvez visiter l&rsquo;ermitage de Santa Caterina, son ch\u00e2teau et voir la belle vue de la partie centrale du haut de Montgr\u00ed. C&rsquo;est un itin\u00e9raire de 5km de longueur r\u00e9alisable en deux heures et qui a une difficult\u00e9 moyenne.<\/p>\n<p>Les grands panoramas du Golfe de Roses, du Cap de Creus, des Iles Medes ou des Gavarres que vous ne pouvez pas manquer\u00a0!<\/p>\n<p><a href=\"http:\/\/naturalocal.net\/itinerari\/la-vall-de-santa-caterina-i-el-montpla\/347#parc-natural-del-montgr%C3%AD,-illes-medes-i-baix-ter #route\" target=\"_blank\" rel=\"noopener noreferrer\">http:\/\/naturalocal.net\/itinerari\/la-vall-de-santa-caterina-i-el-montpla\/347#parc-natural-del-montgr%C3%AD,-illes-medes-i-baix-ter #route<\/a><\/p>\n","protected":false},"excerpt":{"rendered":"<p>Si vous cherchez profiter de la nature en louant un appartement \u00e0 l&rsquo;Estartit, le programme de visites guid\u00e9es \u00ab\u00a0Apropa&rsquo;t al Parc\u00a0\u00bb est ce qu&rsquo;il vous faut. La nature est l&rsquo;axe qui m\u00e8ne \u00e0 la marque de qualit\u00e9 de cette ville  [&#8230;]<\/p>\n","protected":false},"author":1,"featured_media":26973,"comment_status":"open","ping_status":"open","sticky":false,"template":"","format":"standard","meta":{"footnotes":""},"categories":[131],"tags":[],"class_list":["post-29103","post","type-post","status-publish","format-standard","has-post-thumbnail","hentry","category-essentiels"],"yoast_head":"<!-- This site is optimized with the Yoast SEO plugin v27.1.1 - https:\/\/yoast.com\/product\/yoast-seo-wordpress\/ -->\n<title>Le Parc Naturel du Montgr\u00ed: approchez-vous de Santa Caterina avec les visites guid\u00e9es du programme &quot;Apropa&#039;t al Parc&quot; | Sa Gavina Apartaments<\/title>\n<meta name=\"robots\" content=\"index, follow, max-snippet:-1, max-image-preview:large, max-video-preview:-1\" \/>\n<link rel=\"canonical\" href=\"https:\/\/sagavinaestartit.com\/fr\/le-parc-naturel-du-montgri-approchez-vous-de-santa-caterina-avec-les-visites-guidees-du-programme-apropat-al-parc\/\" \/>\n<meta property=\"og:locale\" content=\"fr_FR\" \/>\n<meta property=\"og:type\" content=\"article\" \/>\n<meta property=\"og:title\" content=\"Le Parc Naturel du Montgr\u00ed: approchez-vous de Santa Caterina avec les visites guid\u00e9es du programme &quot;Apropa&#039;t al Parc&quot; | Sa Gavina Apartaments\" \/>\n<meta property=\"og:description\" content=\"Si vous cherchez profiter de la nature en louant un appartement \u00e0 l&rsquo;Estartit, le programme de visites guid\u00e9es \u00ab\u00a0Apropa&rsquo;t al Parc\u00a0\u00bb est ce qu&rsquo;il vous faut. La nature est l&rsquo;axe qui m\u00e8ne \u00e0 la marque de qualit\u00e9 de cette ville [...]\" \/>\n<meta property=\"og:url\" content=\"https:\/\/sagavinaestartit.com\/fr\/le-parc-naturel-du-montgri-approchez-vous-de-santa-caterina-avec-les-visites-guidees-du-programme-apropat-al-parc\/\" \/>\n<meta property=\"og:site_name\" content=\"Sa Gavina Apartaments\" \/>\n<meta property=\"article:published_time\" content=\"2018-02-08T12:17:38+00:00\" \/>\n<meta property=\"og:image\" content=\"https:\/\/sagavinaestartit.com\/wp-content\/uploads\/2018\/04\/large_apropat_al_parc_alquiler_apartamentos_estartit.jpeg\" \/>\n\t<meta property=\"og:image:width\" content=\"335\" \/>\n\t<meta property=\"og:image:height\" content=\"365\" \/>\n\t<meta property=\"og:image:type\" content=\"image\/jpeg\" \/>\n<meta name=\"author\" content=\"tecnico_alojapro\" \/>\n<meta name=\"twitter:card\" content=\"summary_large_image\" \/>\n<meta name=\"twitter:label1\" content=\"\u00c9crit par\" \/>\n\t<meta name=\"twitter:data1\" content=\"tecnico_alojapro\" \/>\n\t<meta name=\"twitter:label2\" content=\"Dur\u00e9e de lecture estim\u00e9e\" \/>\n\t<meta name=\"twitter:data2\" content=\"1 minute\" \/>\n<script type=\"application\/ld+json\" class=\"yoast-schema-graph\">{\"@context\":\"https:\/\/schema.org\",\"@graph\":[{\"@type\":\"Article\",\"@id\":\"https:\/\/sagavinaestartit.com\/fr\/le-parc-naturel-du-montgri-approchez-vous-de-santa-caterina-avec-les-visites-guidees-du-programme-apropat-al-parc\/#article\",\"isPartOf\":{\"@id\":\"https:\/\/sagavinaestartit.com\/fr\/le-parc-naturel-du-montgri-approchez-vous-de-santa-caterina-avec-les-visites-guidees-du-programme-apropat-al-parc\/\"},\"author\":{\"name\":\"tecnico_alojapro\",\"@id\":\"https:\/\/sagavinaestartit.com\/fr\/#\/schema\/person\/72b3f9a420869474351007377bde83c0\"},\"headline\":\"Le Parc Naturel du Montgr\u00ed: approchez-vous de Santa Caterina avec les visites guid\u00e9es du programme \u00ab\u00a0Apropa&rsquo;t al Parc\u00a0\u00bb\",\"datePublished\":\"2018-02-08T12:17:38+00:00\",\"mainEntityOfPage\":{\"@id\":\"https:\/\/sagavinaestartit.com\/fr\/le-parc-naturel-du-montgri-approchez-vous-de-santa-caterina-avec-les-visites-guidees-du-programme-apropat-al-parc\/\"},\"wordCount\":213,\"commentCount\":0,\"publisher\":{\"@id\":\"https:\/\/sagavinaestartit.com\/fr\/#organization\"},\"image\":{\"@id\":\"https:\/\/sagavinaestartit.com\/fr\/le-parc-naturel-du-montgri-approchez-vous-de-santa-caterina-avec-les-visites-guidees-du-programme-apropat-al-parc\/#primaryimage\"},\"thumbnailUrl\":\"https:\/\/sagavinaestartit.com\/wp-content\/uploads\/2018\/04\/large_apropat_al_parc_alquiler_apartamentos_estartit.jpeg\",\"articleSection\":[\"Essentiels\"],\"inLanguage\":\"fr-FR\",\"potentialAction\":[{\"@type\":\"CommentAction\",\"name\":\"Comment\",\"target\":[\"https:\/\/sagavinaestartit.com\/fr\/le-parc-naturel-du-montgri-approchez-vous-de-santa-caterina-avec-les-visites-guidees-du-programme-apropat-al-parc\/#respond\"]}]},{\"@type\":\"WebPage\",\"@id\":\"https:\/\/sagavinaestartit.com\/fr\/le-parc-naturel-du-montgri-approchez-vous-de-santa-caterina-avec-les-visites-guidees-du-programme-apropat-al-parc\/\",\"url\":\"https:\/\/sagavinaestartit.com\/fr\/le-parc-naturel-du-montgri-approchez-vous-de-santa-caterina-avec-les-visites-guidees-du-programme-apropat-al-parc\/\",\"name\":\"Le Parc Naturel du Montgr\u00ed: approchez-vous de Santa Caterina avec les visites guid\u00e9es du programme \\\"Apropa't al Parc\\\" | Sa Gavina Apartaments\",\"isPartOf\":{\"@id\":\"https:\/\/sagavinaestartit.com\/fr\/#website\"},\"primaryImageOfPage\":{\"@id\":\"https:\/\/sagavinaestartit.com\/fr\/le-parc-naturel-du-montgri-approchez-vous-de-santa-caterina-avec-les-visites-guidees-du-programme-apropat-al-parc\/#primaryimage\"},\"image\":{\"@id\":\"https:\/\/sagavinaestartit.com\/fr\/le-parc-naturel-du-montgri-approchez-vous-de-santa-caterina-avec-les-visites-guidees-du-programme-apropat-al-parc\/#primaryimage\"},\"thumbnailUrl\":\"https:\/\/sagavinaestartit.com\/wp-content\/uploads\/2018\/04\/large_apropat_al_parc_alquiler_apartamentos_estartit.jpeg\",\"datePublished\":\"2018-02-08T12:17:38+00:00\",\"breadcrumb\":{\"@id\":\"https:\/\/sagavinaestartit.com\/fr\/le-parc-naturel-du-montgri-approchez-vous-de-santa-caterina-avec-les-visites-guidees-du-programme-apropat-al-parc\/#breadcrumb\"},\"inLanguage\":\"fr-FR\",\"potentialAction\":[{\"@type\":\"ReadAction\",\"target\":[\"https:\/\/sagavinaestartit.com\/fr\/le-parc-naturel-du-montgri-approchez-vous-de-santa-caterina-avec-les-visites-guidees-du-programme-apropat-al-parc\/\"]}]},{\"@type\":\"ImageObject\",\"inLanguage\":\"fr-FR\",\"@id\":\"https:\/\/sagavinaestartit.com\/fr\/le-parc-naturel-du-montgri-approchez-vous-de-santa-caterina-avec-les-visites-guidees-du-programme-apropat-al-parc\/#primaryimage\",\"url\":\"https:\/\/sagavinaestartit.com\/wp-content\/uploads\/2018\/04\/large_apropat_al_parc_alquiler_apartamentos_estartit.jpeg\",\"contentUrl\":\"https:\/\/sagavinaestartit.com\/wp-content\/uploads\/2018\/04\/large_apropat_al_parc_alquiler_apartamentos_estartit.jpeg\",\"width\":335,\"height\":365},{\"@type\":\"BreadcrumbList\",\"@id\":\"https:\/\/sagavinaestartit.com\/fr\/le-parc-naturel-du-montgri-approchez-vous-de-santa-caterina-avec-les-visites-guidees-du-programme-apropat-al-parc\/#breadcrumb\",\"itemListElement\":[{\"@type\":\"ListItem\",\"position\":1,\"name\":\"Portada\",\"item\":\"https:\/\/sagavinaestartit.com\/fr\/home\/\"},{\"@type\":\"ListItem\",\"position\":2,\"name\":\"Le Parc Naturel du Montgr\u00ed: approchez-vous de Santa Caterina avec les visites guid\u00e9es du programme \u00abApropa&#8217;t al Parc\u00bb\"}]},{\"@type\":\"WebSite\",\"@id\":\"https:\/\/sagavinaestartit.com\/fr\/#website\",\"url\":\"https:\/\/sagavinaestartit.com\/fr\/\",\"name\":\"Sa Gavina Apartaments\",\"description\":\"Sa Gavina Apartments\",\"publisher\":{\"@id\":\"https:\/\/sagavinaestartit.com\/fr\/#organization\"},\"potentialAction\":[{\"@type\":\"SearchAction\",\"target\":{\"@type\":\"EntryPoint\",\"urlTemplate\":\"https:\/\/sagavinaestartit.com\/fr\/?s={search_term_string}\"},\"query-input\":{\"@type\":\"PropertyValueSpecification\",\"valueRequired\":true,\"valueName\":\"search_term_string\"}}],\"inLanguage\":\"fr-FR\"},{\"@type\":\"Organization\",\"@id\":\"https:\/\/sagavinaestartit.com\/fr\/#organization\",\"name\":\"Sa Gavina Apartments\",\"url\":\"https:\/\/sagavinaestartit.com\/fr\/\",\"logo\":{\"@type\":\"ImageObject\",\"inLanguage\":\"fr-FR\",\"@id\":\"https:\/\/sagavinaestartit.com\/fr\/#\/schema\/logo\/image\/\",\"url\":\"https:\/\/sagavinaestartit.com\/wp-content\/uploads\/2024\/12\/3-1.png\",\"contentUrl\":\"https:\/\/sagavinaestartit.com\/wp-content\/uploads\/2024\/12\/3-1.png\",\"width\":500,\"height\":200,\"caption\":\"Sa Gavina Apartments\"},\"image\":{\"@id\":\"https:\/\/sagavinaestartit.com\/fr\/#\/schema\/logo\/image\/\"}},{\"@type\":\"Person\",\"@id\":\"https:\/\/sagavinaestartit.com\/fr\/#\/schema\/person\/72b3f9a420869474351007377bde83c0\",\"name\":\"tecnico_alojapro\",\"sameAs\":[\"https:\/\/sagavinaestartit.com\"]}]}<\/script>\n<!-- \/ Yoast SEO plugin. -->","yoast_head_json":{"title":"Le Parc Naturel du Montgr\u00ed: approchez-vous de Santa Caterina avec les visites guid\u00e9es du programme \"Apropa't al Parc\" | Sa Gavina Apartaments","robots":{"index":"index","follow":"follow","max-snippet":"max-snippet:-1","max-image-preview":"max-image-preview:large","max-video-preview":"max-video-preview:-1"},"canonical":"https:\/\/sagavinaestartit.com\/fr\/le-parc-naturel-du-montgri-approchez-vous-de-santa-caterina-avec-les-visites-guidees-du-programme-apropat-al-parc\/","og_locale":"fr_FR","og_type":"article","og_title":"Le Parc Naturel du Montgr\u00ed: approchez-vous de Santa Caterina avec les visites guid\u00e9es du programme \"Apropa't al Parc\" | Sa Gavina Apartaments","og_description":"Si vous cherchez profiter de la nature en louant un appartement \u00e0 l&rsquo;Estartit, le programme de visites guid\u00e9es \u00ab\u00a0Apropa&rsquo;t al Parc\u00a0\u00bb est ce qu&rsquo;il vous faut. La nature est l&rsquo;axe qui m\u00e8ne \u00e0 la marque de qualit\u00e9 de cette ville [...]","og_url":"https:\/\/sagavinaestartit.com\/fr\/le-parc-naturel-du-montgri-approchez-vous-de-santa-caterina-avec-les-visites-guidees-du-programme-apropat-al-parc\/","og_site_name":"Sa Gavina Apartaments","article_published_time":"2018-02-08T12:17:38+00:00","og_image":[{"width":335,"height":365,"url":"https:\/\/sagavinaestartit.com\/wp-content\/uploads\/2018\/04\/large_apropat_al_parc_alquiler_apartamentos_estartit.jpeg","type":"image\/jpeg"}],"author":"tecnico_alojapro","twitter_card":"summary_large_image","twitter_misc":{"\u00c9crit par":"tecnico_alojapro","Dur\u00e9e de lecture estim\u00e9e":"1 minute"},"schema":{"@context":"https:\/\/schema.org","@graph":[{"@type":"Article","@id":"https:\/\/sagavinaestartit.com\/fr\/le-parc-naturel-du-montgri-approchez-vous-de-santa-caterina-avec-les-visites-guidees-du-programme-apropat-al-parc\/#article","isPartOf":{"@id":"https:\/\/sagavinaestartit.com\/fr\/le-parc-naturel-du-montgri-approchez-vous-de-santa-caterina-avec-les-visites-guidees-du-programme-apropat-al-parc\/"},"author":{"name":"tecnico_alojapro","@id":"https:\/\/sagavinaestartit.com\/fr\/#\/schema\/person\/72b3f9a420869474351007377bde83c0"},"headline":"Le Parc Naturel du Montgr\u00ed: approchez-vous de Santa Caterina avec les visites guid\u00e9es du programme \u00ab\u00a0Apropa&rsquo;t al Parc\u00a0\u00bb","datePublished":"2018-02-08T12:17:38+00:00","mainEntityOfPage":{"@id":"https:\/\/sagavinaestartit.com\/fr\/le-parc-naturel-du-montgri-approchez-vous-de-santa-caterina-avec-les-visites-guidees-du-programme-apropat-al-parc\/"},"wordCount":213,"commentCount":0,"publisher":{"@id":"https:\/\/sagavinaestartit.com\/fr\/#organization"},"image":{"@id":"https:\/\/sagavinaestartit.com\/fr\/le-parc-naturel-du-montgri-approchez-vous-de-santa-caterina-avec-les-visites-guidees-du-programme-apropat-al-parc\/#primaryimage"},"thumbnailUrl":"https:\/\/sagavinaestartit.com\/wp-content\/uploads\/2018\/04\/large_apropat_al_parc_alquiler_apartamentos_estartit.jpeg","articleSection":["Essentiels"],"inLanguage":"fr-FR","potentialAction":[{"@type":"CommentAction","name":"Comment","target":["https:\/\/sagavinaestartit.com\/fr\/le-parc-naturel-du-montgri-approchez-vous-de-santa-caterina-avec-les-visites-guidees-du-programme-apropat-al-parc\/#respond"]}]},{"@type":"WebPage","@id":"https:\/\/sagavinaestartit.com\/fr\/le-parc-naturel-du-montgri-approchez-vous-de-santa-caterina-avec-les-visites-guidees-du-programme-apropat-al-parc\/","url":"https:\/\/sagavinaestartit.com\/fr\/le-parc-naturel-du-montgri-approchez-vous-de-santa-caterina-avec-les-visites-guidees-du-programme-apropat-al-parc\/","name":"Le Parc Naturel du Montgr\u00ed: approchez-vous de Santa Caterina avec les visites guid\u00e9es du programme \"Apropa't al Parc\" | Sa Gavina Apartaments","isPartOf":{"@id":"https:\/\/sagavinaestartit.com\/fr\/#website"},"primaryImageOfPage":{"@id":"https:\/\/sagavinaestartit.com\/fr\/le-parc-naturel-du-montgri-approchez-vous-de-santa-caterina-avec-les-visites-guidees-du-programme-apropat-al-parc\/#primaryimage"},"image":{"@id":"https:\/\/sagavinaestartit.com\/fr\/le-parc-naturel-du-montgri-approchez-vous-de-santa-caterina-avec-les-visites-guidees-du-programme-apropat-al-parc\/#primaryimage"},"thumbnailUrl":"https:\/\/sagavinaestartit.com\/wp-content\/uploads\/2018\/04\/large_apropat_al_parc_alquiler_apartamentos_estartit.jpeg","datePublished":"2018-02-08T12:17:38+00:00","breadcrumb":{"@id":"https:\/\/sagavinaestartit.com\/fr\/le-parc-naturel-du-montgri-approchez-vous-de-santa-caterina-avec-les-visites-guidees-du-programme-apropat-al-parc\/#breadcrumb"},"inLanguage":"fr-FR","potentialAction":[{"@type":"ReadAction","target":["https:\/\/sagavinaestartit.com\/fr\/le-parc-naturel-du-montgri-approchez-vous-de-santa-caterina-avec-les-visites-guidees-du-programme-apropat-al-parc\/"]}]},{"@type":"ImageObject","inLanguage":"fr-FR","@id":"https:\/\/sagavinaestartit.com\/fr\/le-parc-naturel-du-montgri-approchez-vous-de-santa-caterina-avec-les-visites-guidees-du-programme-apropat-al-parc\/#primaryimage","url":"https:\/\/sagavinaestartit.com\/wp-content\/uploads\/2018\/04\/large_apropat_al_parc_alquiler_apartamentos_estartit.jpeg","contentUrl":"https:\/\/sagavinaestartit.com\/wp-content\/uploads\/2018\/04\/large_apropat_al_parc_alquiler_apartamentos_estartit.jpeg","width":335,"height":365},{"@type":"BreadcrumbList","@id":"https:\/\/sagavinaestartit.com\/fr\/le-parc-naturel-du-montgri-approchez-vous-de-santa-caterina-avec-les-visites-guidees-du-programme-apropat-al-parc\/#breadcrumb","itemListElement":[{"@type":"ListItem","position":1,"name":"Portada","item":"https:\/\/sagavinaestartit.com\/fr\/home\/"},{"@type":"ListItem","position":2,"name":"Le Parc Naturel du Montgr\u00ed: approchez-vous de Santa Caterina avec les visites guid\u00e9es du programme \u00abApropa&#8217;t al Parc\u00bb"}]},{"@type":"WebSite","@id":"https:\/\/sagavinaestartit.com\/fr\/#website","url":"https:\/\/sagavinaestartit.com\/fr\/","name":"Sa Gavina Apartaments","description":"Sa Gavina Apartments","publisher":{"@id":"https:\/\/sagavinaestartit.com\/fr\/#organization"},"potentialAction":[{"@type":"SearchAction","target":{"@type":"EntryPoint","urlTemplate":"https:\/\/sagavinaestartit.com\/fr\/?s={search_term_string}"},"query-input":{"@type":"PropertyValueSpecification","valueRequired":true,"valueName":"search_term_string"}}],"inLanguage":"fr-FR"},{"@type":"Organization","@id":"https:\/\/sagavinaestartit.com\/fr\/#organization","name":"Sa Gavina Apartments","url":"https:\/\/sagavinaestartit.com\/fr\/","logo":{"@type":"ImageObject","inLanguage":"fr-FR","@id":"https:\/\/sagavinaestartit.com\/fr\/#\/schema\/logo\/image\/","url":"https:\/\/sagavinaestartit.com\/wp-content\/uploads\/2024\/12\/3-1.png","contentUrl":"https:\/\/sagavinaestartit.com\/wp-content\/uploads\/2024\/12\/3-1.png","width":500,"height":200,"caption":"Sa Gavina Apartments"},"image":{"@id":"https:\/\/sagavinaestartit.com\/fr\/#\/schema\/logo\/image\/"}},{"@type":"Person","@id":"https:\/\/sagavinaestartit.com\/fr\/#\/schema\/person\/72b3f9a420869474351007377bde83c0","name":"tecnico_alojapro","sameAs":["https:\/\/sagavinaestartit.com"]}]}},"_links":{"self":[{"href":"https:\/\/sagavinaestartit.com\/fr\/wp-json\/wp\/v2\/posts\/29103","targetHints":{"allow":["GET"]}}],"collection":[{"href":"https:\/\/sagavinaestartit.com\/fr\/wp-json\/wp\/v2\/posts"}],"about":[{"href":"https:\/\/sagavinaestartit.com\/fr\/wp-json\/wp\/v2\/types\/post"}],"author":[{"embeddable":true,"href":"https:\/\/sagavinaestartit.com\/fr\/wp-json\/wp\/v2\/users\/1"}],"replies":[{"embeddable":true,"href":"https:\/\/sagavinaestartit.com\/fr\/wp-json\/wp\/v2\/comments?post=29103"}],"version-history":[{"count":0,"href":"https:\/\/sagavinaestartit.com\/fr\/wp-json\/wp\/v2\/posts\/29103\/revisions"}],"wp:featuredmedia":[{"embeddable":true,"href":"https:\/\/sagavinaestartit.com\/fr\/wp-json\/wp\/v2\/media\/26973"}],"wp:attachment":[{"href":"https:\/\/sagavinaestartit.com\/fr\/wp-json\/wp\/v2\/media?parent=29103"}],"wp:term":[{"taxonomy":"category","embeddable":true,"href":"https:\/\/sagavinaestartit.com\/fr\/wp-json\/wp\/v2\/categories?post=29103"},{"taxonomy":"post_tag","embeddable":true,"href":"https:\/\/sagavinaestartit.com\/fr\/wp-json\/wp\/v2\/tags?post=29103"}],"curies":[{"name":"wp","href":"https:\/\/api.w.org\/{rel}","templated":true}]}}