{"id":29090,"date":"2018-04-08T19:30:23","date_gmt":"2018-04-08T17:30:23","guid":{"rendered":"https:\/\/sagavinaestartit.com\/2018\/04\/08\/location-dappartements-a-lestartit-et-un-atellier-de-recyclage-pour-les-enfants\/"},"modified":"2018-04-08T19:30:23","modified_gmt":"2018-04-08T17:30:23","slug":"location-dappartements-a-lestartit-et-un-atellier-de-recyclage-pour-les-enfants","status":"publish","type":"post","link":"https:\/\/sagavinaestartit.com\/fr\/location-dappartements-a-lestartit-et-un-atellier-de-recyclage-pour-les-enfants\/","title":{"rendered":"Location d\u2019appartements \u00e0 l\u2019Estartit et un atellier de recyclage pour les enfants"},"content":{"rendered":"<p style=\"font-weight: 400; text-align: justify;\">Avec la location des appartements \u00e0 l&rsquo;Estartit, l&rsquo;un des principaux objectifs de toutes les familles est de pouvoir profiter d&rsquo;une offre d&rsquo;activit\u00e9s de divertissement pour les plus petits de la maison.<\/p>\n<p style=\"font-weight: 400; text-align: justify;\">Pour ce faire, non seulement pour profiter, mais aussi pour les sensibiliser \u00e0 l&rsquo;importance de l&rsquo;environnement, tous les jeudis de 16 heures \u00e0 18 heures, on organise une s\u00e9rie d&rsquo;ateliers de recyclage sur la plage d&rsquo;Estartit sous le slogan de Mini Beach Club. L&rsquo;un de ses principaux objectifs est de sensibiliser les enfants et les jeunes au respect de l\u2019environnement.<\/p>\n<p style=\"font-weight: 400; text-align: justify;\">Si vous souhaitez plus d&rsquo;information visitez le lien suivant :\u00a0<a href=\"http:\/\/www.visitestartit.com\/ca\/693\/Activitats-destacades\/Club-infantil-a-la-platja-de-l-Estartit-html\">http:\/\/www.visitestartit.com\/ca\/693\/Activitats-destacades\/Club-infantil-a-la-platja-de-l-Estartit-html<\/a><\/p>\n","protected":false},"excerpt":{"rendered":"<p>Avec la location des appartements \u00e0 l&rsquo;Estartit, l&rsquo;un des principaux objectifs de toutes les familles est de pouvoir profiter d&rsquo;une offre d&rsquo;activit\u00e9s de divertissement pour les plus petits de la maison. Pour ce faire, non seulement pour profiter, mais aussi  [&#8230;]<\/p>\n","protected":false},"author":1,"featured_media":14586,"comment_status":"open","ping_status":"open","sticky":false,"template":"","format":"standard","meta":{"footnotes":""},"categories":[131],"tags":[],"class_list":["post-29090","post","type-post","status-publish","format-standard","has-post-thumbnail","hentry","category-essentiels"],"yoast_head":"<!-- This site is optimized with the Yoast SEO plugin v27.1.1 - https:\/\/yoast.com\/product\/yoast-seo-wordpress\/ -->\n<title>Location d\u2019appartements \u00e0 l\u2019Estartit et un atellier de recyclage pour les enfants | Sa Gavina Apartaments<\/title>\n<meta name=\"robots\" content=\"index, follow, max-snippet:-1, max-image-preview:large, max-video-preview:-1\" \/>\n<link rel=\"canonical\" href=\"https:\/\/sagavinaestartit.com\/fr\/location-dappartements-a-lestartit-et-un-atellier-de-recyclage-pour-les-enfants\/\" \/>\n<meta property=\"og:locale\" content=\"fr_FR\" \/>\n<meta property=\"og:type\" content=\"article\" \/>\n<meta property=\"og:title\" content=\"Location d\u2019appartements \u00e0 l\u2019Estartit et un atellier de recyclage pour les enfants | Sa Gavina Apartaments\" \/>\n<meta property=\"og:description\" content=\"Avec la location des appartements \u00e0 l&rsquo;Estartit, l&rsquo;un des principaux objectifs de toutes les familles est de pouvoir profiter d&rsquo;une offre d&rsquo;activit\u00e9s de divertissement pour les plus petits de la maison. Pour ce faire, non seulement pour profiter, mais aussi [...]\" \/>\n<meta property=\"og:url\" content=\"https:\/\/sagavinaestartit.com\/fr\/location-dappartements-a-lestartit-et-un-atellier-de-recyclage-pour-les-enfants\/\" \/>\n<meta property=\"og:site_name\" content=\"Sa Gavina Apartaments\" \/>\n<meta property=\"article:published_time\" content=\"2018-04-08T17:30:23+00:00\" \/>\n<meta property=\"og:image\" content=\"https:\/\/sagavinaestartit.com\/wp-content\/uploads\/2018\/04\/large_taller_reciclaje_alquiler_apartamentos_estartit.jpg\" \/>\n\t<meta property=\"og:image:width\" content=\"335\" \/>\n\t<meta property=\"og:image:height\" content=\"474\" \/>\n\t<meta property=\"og:image:type\" content=\"image\/jpeg\" \/>\n<meta name=\"author\" content=\"tecnico_alojapro\" \/>\n<meta name=\"twitter:card\" content=\"summary_large_image\" \/>\n<meta name=\"twitter:label1\" content=\"\u00c9crit par\" \/>\n\t<meta name=\"twitter:data1\" content=\"tecnico_alojapro\" \/>\n\t<meta name=\"twitter:label2\" content=\"Dur\u00e9e de lecture estim\u00e9e\" \/>\n\t<meta name=\"twitter:data2\" content=\"1 minute\" \/>\n<script type=\"application\/ld+json\" class=\"yoast-schema-graph\">{\"@context\":\"https:\/\/schema.org\",\"@graph\":[{\"@type\":\"Article\",\"@id\":\"https:\/\/sagavinaestartit.com\/fr\/location-dappartements-a-lestartit-et-un-atellier-de-recyclage-pour-les-enfants\/#article\",\"isPartOf\":{\"@id\":\"https:\/\/sagavinaestartit.com\/fr\/location-dappartements-a-lestartit-et-un-atellier-de-recyclage-pour-les-enfants\/\"},\"author\":{\"name\":\"tecnico_alojapro\",\"@id\":\"https:\/\/sagavinaestartit.com\/fr\/#\/schema\/person\/72b3f9a420869474351007377bde83c0\"},\"headline\":\"Location d\u2019appartements \u00e0 l\u2019Estartit et un atellier de recyclage pour les enfants\",\"datePublished\":\"2018-04-08T17:30:23+00:00\",\"mainEntityOfPage\":{\"@id\":\"https:\/\/sagavinaestartit.com\/fr\/location-dappartements-a-lestartit-et-un-atellier-de-recyclage-pour-les-enfants\/\"},\"wordCount\":128,\"commentCount\":0,\"publisher\":{\"@id\":\"https:\/\/sagavinaestartit.com\/fr\/#organization\"},\"image\":{\"@id\":\"https:\/\/sagavinaestartit.com\/fr\/location-dappartements-a-lestartit-et-un-atellier-de-recyclage-pour-les-enfants\/#primaryimage\"},\"thumbnailUrl\":\"https:\/\/sagavinaestartit.com\/wp-content\/uploads\/2018\/04\/large_taller_reciclaje_alquiler_apartamentos_estartit.jpg\",\"articleSection\":[\"Essentiels\"],\"inLanguage\":\"fr-FR\",\"potentialAction\":[{\"@type\":\"CommentAction\",\"name\":\"Comment\",\"target\":[\"https:\/\/sagavinaestartit.com\/fr\/location-dappartements-a-lestartit-et-un-atellier-de-recyclage-pour-les-enfants\/#respond\"]}]},{\"@type\":\"WebPage\",\"@id\":\"https:\/\/sagavinaestartit.com\/fr\/location-dappartements-a-lestartit-et-un-atellier-de-recyclage-pour-les-enfants\/\",\"url\":\"https:\/\/sagavinaestartit.com\/fr\/location-dappartements-a-lestartit-et-un-atellier-de-recyclage-pour-les-enfants\/\",\"name\":\"Location d\u2019appartements \u00e0 l\u2019Estartit et un atellier de recyclage pour les enfants | Sa Gavina Apartaments\",\"isPartOf\":{\"@id\":\"https:\/\/sagavinaestartit.com\/fr\/#website\"},\"primaryImageOfPage\":{\"@id\":\"https:\/\/sagavinaestartit.com\/fr\/location-dappartements-a-lestartit-et-un-atellier-de-recyclage-pour-les-enfants\/#primaryimage\"},\"image\":{\"@id\":\"https:\/\/sagavinaestartit.com\/fr\/location-dappartements-a-lestartit-et-un-atellier-de-recyclage-pour-les-enfants\/#primaryimage\"},\"thumbnailUrl\":\"https:\/\/sagavinaestartit.com\/wp-content\/uploads\/2018\/04\/large_taller_reciclaje_alquiler_apartamentos_estartit.jpg\",\"datePublished\":\"2018-04-08T17:30:23+00:00\",\"breadcrumb\":{\"@id\":\"https:\/\/sagavinaestartit.com\/fr\/location-dappartements-a-lestartit-et-un-atellier-de-recyclage-pour-les-enfants\/#breadcrumb\"},\"inLanguage\":\"fr-FR\",\"potentialAction\":[{\"@type\":\"ReadAction\",\"target\":[\"https:\/\/sagavinaestartit.com\/fr\/location-dappartements-a-lestartit-et-un-atellier-de-recyclage-pour-les-enfants\/\"]}]},{\"@type\":\"ImageObject\",\"inLanguage\":\"fr-FR\",\"@id\":\"https:\/\/sagavinaestartit.com\/fr\/location-dappartements-a-lestartit-et-un-atellier-de-recyclage-pour-les-enfants\/#primaryimage\",\"url\":\"https:\/\/sagavinaestartit.com\/wp-content\/uploads\/2018\/04\/large_taller_reciclaje_alquiler_apartamentos_estartit.jpg\",\"contentUrl\":\"https:\/\/sagavinaestartit.com\/wp-content\/uploads\/2018\/04\/large_taller_reciclaje_alquiler_apartamentos_estartit.jpg\",\"width\":335,\"height\":474},{\"@type\":\"BreadcrumbList\",\"@id\":\"https:\/\/sagavinaestartit.com\/fr\/location-dappartements-a-lestartit-et-un-atellier-de-recyclage-pour-les-enfants\/#breadcrumb\",\"itemListElement\":[{\"@type\":\"ListItem\",\"position\":1,\"name\":\"Portada\",\"item\":\"https:\/\/sagavinaestartit.com\/fr\/home\/\"},{\"@type\":\"ListItem\",\"position\":2,\"name\":\"Location d\u2019appartements \u00e0 l\u2019Estartit et un atellier de recyclage pour les enfants\"}]},{\"@type\":\"WebSite\",\"@id\":\"https:\/\/sagavinaestartit.com\/fr\/#website\",\"url\":\"https:\/\/sagavinaestartit.com\/fr\/\",\"name\":\"Sa Gavina Apartaments\",\"description\":\"Sa Gavina Apartments\",\"publisher\":{\"@id\":\"https:\/\/sagavinaestartit.com\/fr\/#organization\"},\"potentialAction\":[{\"@type\":\"SearchAction\",\"target\":{\"@type\":\"EntryPoint\",\"urlTemplate\":\"https:\/\/sagavinaestartit.com\/fr\/?s={search_term_string}\"},\"query-input\":{\"@type\":\"PropertyValueSpecification\",\"valueRequired\":true,\"valueName\":\"search_term_string\"}}],\"inLanguage\":\"fr-FR\"},{\"@type\":\"Organization\",\"@id\":\"https:\/\/sagavinaestartit.com\/fr\/#organization\",\"name\":\"Sa Gavina Apartments\",\"url\":\"https:\/\/sagavinaestartit.com\/fr\/\",\"logo\":{\"@type\":\"ImageObject\",\"inLanguage\":\"fr-FR\",\"@id\":\"https:\/\/sagavinaestartit.com\/fr\/#\/schema\/logo\/image\/\",\"url\":\"https:\/\/sagavinaestartit.com\/wp-content\/uploads\/2024\/12\/3-1.png\",\"contentUrl\":\"https:\/\/sagavinaestartit.com\/wp-content\/uploads\/2024\/12\/3-1.png\",\"width\":500,\"height\":200,\"caption\":\"Sa Gavina Apartments\"},\"image\":{\"@id\":\"https:\/\/sagavinaestartit.com\/fr\/#\/schema\/logo\/image\/\"}},{\"@type\":\"Person\",\"@id\":\"https:\/\/sagavinaestartit.com\/fr\/#\/schema\/person\/72b3f9a420869474351007377bde83c0\",\"name\":\"tecnico_alojapro\",\"sameAs\":[\"https:\/\/sagavinaestartit.com\"]}]}<\/script>\n<!-- \/ Yoast SEO plugin. -->","yoast_head_json":{"title":"Location d\u2019appartements \u00e0 l\u2019Estartit et un atellier de recyclage pour les enfants | Sa Gavina Apartaments","robots":{"index":"index","follow":"follow","max-snippet":"max-snippet:-1","max-image-preview":"max-image-preview:large","max-video-preview":"max-video-preview:-1"},"canonical":"https:\/\/sagavinaestartit.com\/fr\/location-dappartements-a-lestartit-et-un-atellier-de-recyclage-pour-les-enfants\/","og_locale":"fr_FR","og_type":"article","og_title":"Location d\u2019appartements \u00e0 l\u2019Estartit et un atellier de recyclage pour les enfants | Sa Gavina Apartaments","og_description":"Avec la location des appartements \u00e0 l&rsquo;Estartit, l&rsquo;un des principaux objectifs de toutes les familles est de pouvoir profiter d&rsquo;une offre d&rsquo;activit\u00e9s de divertissement pour les plus petits de la maison. Pour ce faire, non seulement pour profiter, mais aussi [...]","og_url":"https:\/\/sagavinaestartit.com\/fr\/location-dappartements-a-lestartit-et-un-atellier-de-recyclage-pour-les-enfants\/","og_site_name":"Sa Gavina Apartaments","article_published_time":"2018-04-08T17:30:23+00:00","og_image":[{"width":335,"height":474,"url":"https:\/\/sagavinaestartit.com\/wp-content\/uploads\/2018\/04\/large_taller_reciclaje_alquiler_apartamentos_estartit.jpg","type":"image\/jpeg"}],"author":"tecnico_alojapro","twitter_card":"summary_large_image","twitter_misc":{"\u00c9crit par":"tecnico_alojapro","Dur\u00e9e de lecture estim\u00e9e":"1 minute"},"schema":{"@context":"https:\/\/schema.org","@graph":[{"@type":"Article","@id":"https:\/\/sagavinaestartit.com\/fr\/location-dappartements-a-lestartit-et-un-atellier-de-recyclage-pour-les-enfants\/#article","isPartOf":{"@id":"https:\/\/sagavinaestartit.com\/fr\/location-dappartements-a-lestartit-et-un-atellier-de-recyclage-pour-les-enfants\/"},"author":{"name":"tecnico_alojapro","@id":"https:\/\/sagavinaestartit.com\/fr\/#\/schema\/person\/72b3f9a420869474351007377bde83c0"},"headline":"Location d\u2019appartements \u00e0 l\u2019Estartit et un atellier de recyclage pour les enfants","datePublished":"2018-04-08T17:30:23+00:00","mainEntityOfPage":{"@id":"https:\/\/sagavinaestartit.com\/fr\/location-dappartements-a-lestartit-et-un-atellier-de-recyclage-pour-les-enfants\/"},"wordCount":128,"commentCount":0,"publisher":{"@id":"https:\/\/sagavinaestartit.com\/fr\/#organization"},"image":{"@id":"https:\/\/sagavinaestartit.com\/fr\/location-dappartements-a-lestartit-et-un-atellier-de-recyclage-pour-les-enfants\/#primaryimage"},"thumbnailUrl":"https:\/\/sagavinaestartit.com\/wp-content\/uploads\/2018\/04\/large_taller_reciclaje_alquiler_apartamentos_estartit.jpg","articleSection":["Essentiels"],"inLanguage":"fr-FR","potentialAction":[{"@type":"CommentAction","name":"Comment","target":["https:\/\/sagavinaestartit.com\/fr\/location-dappartements-a-lestartit-et-un-atellier-de-recyclage-pour-les-enfants\/#respond"]}]},{"@type":"WebPage","@id":"https:\/\/sagavinaestartit.com\/fr\/location-dappartements-a-lestartit-et-un-atellier-de-recyclage-pour-les-enfants\/","url":"https:\/\/sagavinaestartit.com\/fr\/location-dappartements-a-lestartit-et-un-atellier-de-recyclage-pour-les-enfants\/","name":"Location d\u2019appartements \u00e0 l\u2019Estartit et un atellier de recyclage pour les enfants | Sa Gavina Apartaments","isPartOf":{"@id":"https:\/\/sagavinaestartit.com\/fr\/#website"},"primaryImageOfPage":{"@id":"https:\/\/sagavinaestartit.com\/fr\/location-dappartements-a-lestartit-et-un-atellier-de-recyclage-pour-les-enfants\/#primaryimage"},"image":{"@id":"https:\/\/sagavinaestartit.com\/fr\/location-dappartements-a-lestartit-et-un-atellier-de-recyclage-pour-les-enfants\/#primaryimage"},"thumbnailUrl":"https:\/\/sagavinaestartit.com\/wp-content\/uploads\/2018\/04\/large_taller_reciclaje_alquiler_apartamentos_estartit.jpg","datePublished":"2018-04-08T17:30:23+00:00","breadcrumb":{"@id":"https:\/\/sagavinaestartit.com\/fr\/location-dappartements-a-lestartit-et-un-atellier-de-recyclage-pour-les-enfants\/#breadcrumb"},"inLanguage":"fr-FR","potentialAction":[{"@type":"ReadAction","target":["https:\/\/sagavinaestartit.com\/fr\/location-dappartements-a-lestartit-et-un-atellier-de-recyclage-pour-les-enfants\/"]}]},{"@type":"ImageObject","inLanguage":"fr-FR","@id":"https:\/\/sagavinaestartit.com\/fr\/location-dappartements-a-lestartit-et-un-atellier-de-recyclage-pour-les-enfants\/#primaryimage","url":"https:\/\/sagavinaestartit.com\/wp-content\/uploads\/2018\/04\/large_taller_reciclaje_alquiler_apartamentos_estartit.jpg","contentUrl":"https:\/\/sagavinaestartit.com\/wp-content\/uploads\/2018\/04\/large_taller_reciclaje_alquiler_apartamentos_estartit.jpg","width":335,"height":474},{"@type":"BreadcrumbList","@id":"https:\/\/sagavinaestartit.com\/fr\/location-dappartements-a-lestartit-et-un-atellier-de-recyclage-pour-les-enfants\/#breadcrumb","itemListElement":[{"@type":"ListItem","position":1,"name":"Portada","item":"https:\/\/sagavinaestartit.com\/fr\/home\/"},{"@type":"ListItem","position":2,"name":"Location d\u2019appartements \u00e0 l\u2019Estartit et un atellier de recyclage pour les enfants"}]},{"@type":"WebSite","@id":"https:\/\/sagavinaestartit.com\/fr\/#website","url":"https:\/\/sagavinaestartit.com\/fr\/","name":"Sa Gavina Apartaments","description":"Sa Gavina Apartments","publisher":{"@id":"https:\/\/sagavinaestartit.com\/fr\/#organization"},"potentialAction":[{"@type":"SearchAction","target":{"@type":"EntryPoint","urlTemplate":"https:\/\/sagavinaestartit.com\/fr\/?s={search_term_string}"},"query-input":{"@type":"PropertyValueSpecification","valueRequired":true,"valueName":"search_term_string"}}],"inLanguage":"fr-FR"},{"@type":"Organization","@id":"https:\/\/sagavinaestartit.com\/fr\/#organization","name":"Sa Gavina Apartments","url":"https:\/\/sagavinaestartit.com\/fr\/","logo":{"@type":"ImageObject","inLanguage":"fr-FR","@id":"https:\/\/sagavinaestartit.com\/fr\/#\/schema\/logo\/image\/","url":"https:\/\/sagavinaestartit.com\/wp-content\/uploads\/2024\/12\/3-1.png","contentUrl":"https:\/\/sagavinaestartit.com\/wp-content\/uploads\/2024\/12\/3-1.png","width":500,"height":200,"caption":"Sa Gavina Apartments"},"image":{"@id":"https:\/\/sagavinaestartit.com\/fr\/#\/schema\/logo\/image\/"}},{"@type":"Person","@id":"https:\/\/sagavinaestartit.com\/fr\/#\/schema\/person\/72b3f9a420869474351007377bde83c0","name":"tecnico_alojapro","sameAs":["https:\/\/sagavinaestartit.com"]}]}},"_links":{"self":[{"href":"https:\/\/sagavinaestartit.com\/fr\/wp-json\/wp\/v2\/posts\/29090","targetHints":{"allow":["GET"]}}],"collection":[{"href":"https:\/\/sagavinaestartit.com\/fr\/wp-json\/wp\/v2\/posts"}],"about":[{"href":"https:\/\/sagavinaestartit.com\/fr\/wp-json\/wp\/v2\/types\/post"}],"author":[{"embeddable":true,"href":"https:\/\/sagavinaestartit.com\/fr\/wp-json\/wp\/v2\/users\/1"}],"replies":[{"embeddable":true,"href":"https:\/\/sagavinaestartit.com\/fr\/wp-json\/wp\/v2\/comments?post=29090"}],"version-history":[{"count":0,"href":"https:\/\/sagavinaestartit.com\/fr\/wp-json\/wp\/v2\/posts\/29090\/revisions"}],"wp:featuredmedia":[{"embeddable":true,"href":"https:\/\/sagavinaestartit.com\/fr\/wp-json\/wp\/v2\/media\/14586"}],"wp:attachment":[{"href":"https:\/\/sagavinaestartit.com\/fr\/wp-json\/wp\/v2\/media?parent=29090"}],"wp:term":[{"taxonomy":"category","embeddable":true,"href":"https:\/\/sagavinaestartit.com\/fr\/wp-json\/wp\/v2\/categories?post=29090"},{"taxonomy":"post_tag","embeddable":true,"href":"https:\/\/sagavinaestartit.com\/fr\/wp-json\/wp\/v2\/tags?post=29090"}],"curies":[{"name":"wp","href":"https:\/\/api.w.org\/{rel}","templated":true}]}}