{"id":29085,"date":"2018-04-08T19:15:15","date_gmt":"2018-04-08T17:15:15","guid":{"rendered":"https:\/\/sagavinaestartit.com\/2018\/04\/08\/location-dappartements-a-lestartit-et-le-fringe-festival-de-torroella-de-montgri\/"},"modified":"2018-04-08T19:15:15","modified_gmt":"2018-04-08T17:15:15","slug":"location-dappartements-a-lestartit-et-le-fringe-festival-de-torroella-de-montgri","status":"publish","type":"post","link":"https:\/\/sagavinaestartit.com\/fr\/location-dappartements-a-lestartit-et-le-fringe-festival-de-torroella-de-montgri\/","title":{"rendered":"Location d\u2019appartements \u00e0 l\u2019Estartit et le Fringe Festival de Torroella de Montgr\u00ed"},"content":{"rendered":"<p style=\"font-weight: 400; text-align: justify;\">Pendant les derniers jours de juillet, les touristes int\u00e9ress\u00e9s \u00e0 louer un appartement \u00e0 l\u2019Estartit ont pu assister aux spectacles encadr\u00e9s au Festival Fringe de Torroella de Montgr\u00ed.<\/p>\n<p style=\"font-weight: 400; text-align: justify;\">Une affiche avec 27 concerts et plus de 100 talents \u00e9mergents des centres \u00e9ducatifs, des universit\u00e9s et des institutions culturelles internationales qui ont \u00e9t\u00e9 charg\u00e9s de remplir les populations de Torroella et L\u2019Estartit de tous les genres musicaux possibles et avec lesquels leurs spectateurs ont profit\u00e9s au maximum.<\/p>\n","protected":false},"excerpt":{"rendered":"<p>Pendant les derniers jours de juillet, les touristes int\u00e9ress\u00e9s \u00e0 louer un appartement \u00e0 l\u2019Estartit ont pu assister aux spectacles encadr\u00e9s au Festival Fringe de Torroella de Montgr\u00ed. Une affiche avec 27 concerts et plus de 100 talents \u00e9mergents des  [&#8230;]<\/p>\n","protected":false},"author":1,"featured_media":14571,"comment_status":"open","ping_status":"open","sticky":false,"template":"","format":"standard","meta":{"footnotes":""},"categories":[131],"tags":[],"class_list":["post-29085","post","type-post","status-publish","format-standard","has-post-thumbnail","hentry","category-essentiels"],"yoast_head":"<!-- This site is optimized with the Yoast SEO plugin v27.1.1 - https:\/\/yoast.com\/product\/yoast-seo-wordpress\/ -->\n<title>Location d\u2019appartements \u00e0 l\u2019Estartit et le Fringe Festival de Torroella de Montgr\u00ed | Sa Gavina Apartaments<\/title>\n<meta name=\"robots\" content=\"index, follow, max-snippet:-1, max-image-preview:large, max-video-preview:-1\" \/>\n<link rel=\"canonical\" href=\"https:\/\/sagavinaestartit.com\/fr\/location-dappartements-a-lestartit-et-le-fringe-festival-de-torroella-de-montgri\/\" \/>\n<meta property=\"og:locale\" content=\"fr_FR\" \/>\n<meta property=\"og:type\" content=\"article\" \/>\n<meta property=\"og:title\" content=\"Location d\u2019appartements \u00e0 l\u2019Estartit et le Fringe Festival de Torroella de Montgr\u00ed | Sa Gavina Apartaments\" \/>\n<meta property=\"og:description\" content=\"Pendant les derniers jours de juillet, les touristes int\u00e9ress\u00e9s \u00e0 louer un appartement \u00e0 l\u2019Estartit ont pu assister aux spectacles encadr\u00e9s au Festival Fringe de Torroella de Montgr\u00ed. Une affiche avec 27 concerts et plus de 100 talents \u00e9mergents des [...]\" \/>\n<meta property=\"og:url\" content=\"https:\/\/sagavinaestartit.com\/fr\/location-dappartements-a-lestartit-et-le-fringe-festival-de-torroella-de-montgri\/\" \/>\n<meta property=\"og:site_name\" content=\"Sa Gavina Apartaments\" \/>\n<meta property=\"article:published_time\" content=\"2018-04-08T17:15:15+00:00\" \/>\n<meta property=\"og:image\" content=\"https:\/\/sagavinaestartit.com\/wp-content\/uploads\/2018\/04\/large_fringe-festival_alquiler_apartamentos_estartit.jpg\" \/>\n\t<meta property=\"og:image:width\" content=\"335\" \/>\n\t<meta property=\"og:image:height\" content=\"246\" \/>\n\t<meta property=\"og:image:type\" content=\"image\/jpeg\" \/>\n<meta name=\"author\" content=\"tecnico_alojapro\" \/>\n<meta name=\"twitter:card\" content=\"summary_large_image\" \/>\n<meta name=\"twitter:label1\" content=\"\u00c9crit par\" \/>\n\t<meta name=\"twitter:data1\" content=\"tecnico_alojapro\" \/>\n<script type=\"application\/ld+json\" class=\"yoast-schema-graph\">{\"@context\":\"https:\/\/schema.org\",\"@graph\":[{\"@type\":\"Article\",\"@id\":\"https:\/\/sagavinaestartit.com\/fr\/location-dappartements-a-lestartit-et-le-fringe-festival-de-torroella-de-montgri\/#article\",\"isPartOf\":{\"@id\":\"https:\/\/sagavinaestartit.com\/fr\/location-dappartements-a-lestartit-et-le-fringe-festival-de-torroella-de-montgri\/\"},\"author\":{\"name\":\"tecnico_alojapro\",\"@id\":\"https:\/\/sagavinaestartit.com\/fr\/#\/schema\/person\/72b3f9a420869474351007377bde83c0\"},\"headline\":\"Location d\u2019appartements \u00e0 l\u2019Estartit et le Fringe Festival de Torroella de Montgr\u00ed\",\"datePublished\":\"2018-04-08T17:15:15+00:00\",\"mainEntityOfPage\":{\"@id\":\"https:\/\/sagavinaestartit.com\/fr\/location-dappartements-a-lestartit-et-le-fringe-festival-de-torroella-de-montgri\/\"},\"wordCount\":93,\"commentCount\":0,\"publisher\":{\"@id\":\"https:\/\/sagavinaestartit.com\/fr\/#organization\"},\"image\":{\"@id\":\"https:\/\/sagavinaestartit.com\/fr\/location-dappartements-a-lestartit-et-le-fringe-festival-de-torroella-de-montgri\/#primaryimage\"},\"thumbnailUrl\":\"https:\/\/sagavinaestartit.com\/wp-content\/uploads\/2018\/04\/large_fringe-festival_alquiler_apartamentos_estartit.jpg\",\"articleSection\":[\"Essentiels\"],\"inLanguage\":\"fr-FR\",\"potentialAction\":[{\"@type\":\"CommentAction\",\"name\":\"Comment\",\"target\":[\"https:\/\/sagavinaestartit.com\/fr\/location-dappartements-a-lestartit-et-le-fringe-festival-de-torroella-de-montgri\/#respond\"]}]},{\"@type\":\"WebPage\",\"@id\":\"https:\/\/sagavinaestartit.com\/fr\/location-dappartements-a-lestartit-et-le-fringe-festival-de-torroella-de-montgri\/\",\"url\":\"https:\/\/sagavinaestartit.com\/fr\/location-dappartements-a-lestartit-et-le-fringe-festival-de-torroella-de-montgri\/\",\"name\":\"Location d\u2019appartements \u00e0 l\u2019Estartit et le Fringe Festival de Torroella de Montgr\u00ed | Sa Gavina Apartaments\",\"isPartOf\":{\"@id\":\"https:\/\/sagavinaestartit.com\/fr\/#website\"},\"primaryImageOfPage\":{\"@id\":\"https:\/\/sagavinaestartit.com\/fr\/location-dappartements-a-lestartit-et-le-fringe-festival-de-torroella-de-montgri\/#primaryimage\"},\"image\":{\"@id\":\"https:\/\/sagavinaestartit.com\/fr\/location-dappartements-a-lestartit-et-le-fringe-festival-de-torroella-de-montgri\/#primaryimage\"},\"thumbnailUrl\":\"https:\/\/sagavinaestartit.com\/wp-content\/uploads\/2018\/04\/large_fringe-festival_alquiler_apartamentos_estartit.jpg\",\"datePublished\":\"2018-04-08T17:15:15+00:00\",\"breadcrumb\":{\"@id\":\"https:\/\/sagavinaestartit.com\/fr\/location-dappartements-a-lestartit-et-le-fringe-festival-de-torroella-de-montgri\/#breadcrumb\"},\"inLanguage\":\"fr-FR\",\"potentialAction\":[{\"@type\":\"ReadAction\",\"target\":[\"https:\/\/sagavinaestartit.com\/fr\/location-dappartements-a-lestartit-et-le-fringe-festival-de-torroella-de-montgri\/\"]}]},{\"@type\":\"ImageObject\",\"inLanguage\":\"fr-FR\",\"@id\":\"https:\/\/sagavinaestartit.com\/fr\/location-dappartements-a-lestartit-et-le-fringe-festival-de-torroella-de-montgri\/#primaryimage\",\"url\":\"https:\/\/sagavinaestartit.com\/wp-content\/uploads\/2018\/04\/large_fringe-festival_alquiler_apartamentos_estartit.jpg\",\"contentUrl\":\"https:\/\/sagavinaestartit.com\/wp-content\/uploads\/2018\/04\/large_fringe-festival_alquiler_apartamentos_estartit.jpg\",\"width\":335,\"height\":246},{\"@type\":\"BreadcrumbList\",\"@id\":\"https:\/\/sagavinaestartit.com\/fr\/location-dappartements-a-lestartit-et-le-fringe-festival-de-torroella-de-montgri\/#breadcrumb\",\"itemListElement\":[{\"@type\":\"ListItem\",\"position\":1,\"name\":\"Portada\",\"item\":\"https:\/\/sagavinaestartit.com\/fr\/home\/\"},{\"@type\":\"ListItem\",\"position\":2,\"name\":\"Location d\u2019appartements \u00e0 l\u2019Estartit et le Fringe Festival de Torroella de Montgr\u00ed\"}]},{\"@type\":\"WebSite\",\"@id\":\"https:\/\/sagavinaestartit.com\/fr\/#website\",\"url\":\"https:\/\/sagavinaestartit.com\/fr\/\",\"name\":\"Sa Gavina Apartaments\",\"description\":\"Sa Gavina Apartments\",\"publisher\":{\"@id\":\"https:\/\/sagavinaestartit.com\/fr\/#organization\"},\"potentialAction\":[{\"@type\":\"SearchAction\",\"target\":{\"@type\":\"EntryPoint\",\"urlTemplate\":\"https:\/\/sagavinaestartit.com\/fr\/?s={search_term_string}\"},\"query-input\":{\"@type\":\"PropertyValueSpecification\",\"valueRequired\":true,\"valueName\":\"search_term_string\"}}],\"inLanguage\":\"fr-FR\"},{\"@type\":\"Organization\",\"@id\":\"https:\/\/sagavinaestartit.com\/fr\/#organization\",\"name\":\"Sa Gavina Apartments\",\"url\":\"https:\/\/sagavinaestartit.com\/fr\/\",\"logo\":{\"@type\":\"ImageObject\",\"inLanguage\":\"fr-FR\",\"@id\":\"https:\/\/sagavinaestartit.com\/fr\/#\/schema\/logo\/image\/\",\"url\":\"https:\/\/sagavinaestartit.com\/wp-content\/uploads\/2024\/12\/3-1.png\",\"contentUrl\":\"https:\/\/sagavinaestartit.com\/wp-content\/uploads\/2024\/12\/3-1.png\",\"width\":500,\"height\":200,\"caption\":\"Sa Gavina Apartments\"},\"image\":{\"@id\":\"https:\/\/sagavinaestartit.com\/fr\/#\/schema\/logo\/image\/\"}},{\"@type\":\"Person\",\"@id\":\"https:\/\/sagavinaestartit.com\/fr\/#\/schema\/person\/72b3f9a420869474351007377bde83c0\",\"name\":\"tecnico_alojapro\",\"sameAs\":[\"https:\/\/sagavinaestartit.com\"]}]}<\/script>\n<!-- \/ Yoast SEO plugin. -->","yoast_head_json":{"title":"Location d\u2019appartements \u00e0 l\u2019Estartit et le Fringe Festival de Torroella de Montgr\u00ed | Sa Gavina Apartaments","robots":{"index":"index","follow":"follow","max-snippet":"max-snippet:-1","max-image-preview":"max-image-preview:large","max-video-preview":"max-video-preview:-1"},"canonical":"https:\/\/sagavinaestartit.com\/fr\/location-dappartements-a-lestartit-et-le-fringe-festival-de-torroella-de-montgri\/","og_locale":"fr_FR","og_type":"article","og_title":"Location d\u2019appartements \u00e0 l\u2019Estartit et le Fringe Festival de Torroella de Montgr\u00ed | Sa Gavina Apartaments","og_description":"Pendant les derniers jours de juillet, les touristes int\u00e9ress\u00e9s \u00e0 louer un appartement \u00e0 l\u2019Estartit ont pu assister aux spectacles encadr\u00e9s au Festival Fringe de Torroella de Montgr\u00ed. Une affiche avec 27 concerts et plus de 100 talents \u00e9mergents des [...]","og_url":"https:\/\/sagavinaestartit.com\/fr\/location-dappartements-a-lestartit-et-le-fringe-festival-de-torroella-de-montgri\/","og_site_name":"Sa Gavina Apartaments","article_published_time":"2018-04-08T17:15:15+00:00","og_image":[{"width":335,"height":246,"url":"https:\/\/sagavinaestartit.com\/wp-content\/uploads\/2018\/04\/large_fringe-festival_alquiler_apartamentos_estartit.jpg","type":"image\/jpeg"}],"author":"tecnico_alojapro","twitter_card":"summary_large_image","twitter_misc":{"\u00c9crit par":"tecnico_alojapro"},"schema":{"@context":"https:\/\/schema.org","@graph":[{"@type":"Article","@id":"https:\/\/sagavinaestartit.com\/fr\/location-dappartements-a-lestartit-et-le-fringe-festival-de-torroella-de-montgri\/#article","isPartOf":{"@id":"https:\/\/sagavinaestartit.com\/fr\/location-dappartements-a-lestartit-et-le-fringe-festival-de-torroella-de-montgri\/"},"author":{"name":"tecnico_alojapro","@id":"https:\/\/sagavinaestartit.com\/fr\/#\/schema\/person\/72b3f9a420869474351007377bde83c0"},"headline":"Location d\u2019appartements \u00e0 l\u2019Estartit et le Fringe Festival de Torroella de Montgr\u00ed","datePublished":"2018-04-08T17:15:15+00:00","mainEntityOfPage":{"@id":"https:\/\/sagavinaestartit.com\/fr\/location-dappartements-a-lestartit-et-le-fringe-festival-de-torroella-de-montgri\/"},"wordCount":93,"commentCount":0,"publisher":{"@id":"https:\/\/sagavinaestartit.com\/fr\/#organization"},"image":{"@id":"https:\/\/sagavinaestartit.com\/fr\/location-dappartements-a-lestartit-et-le-fringe-festival-de-torroella-de-montgri\/#primaryimage"},"thumbnailUrl":"https:\/\/sagavinaestartit.com\/wp-content\/uploads\/2018\/04\/large_fringe-festival_alquiler_apartamentos_estartit.jpg","articleSection":["Essentiels"],"inLanguage":"fr-FR","potentialAction":[{"@type":"CommentAction","name":"Comment","target":["https:\/\/sagavinaestartit.com\/fr\/location-dappartements-a-lestartit-et-le-fringe-festival-de-torroella-de-montgri\/#respond"]}]},{"@type":"WebPage","@id":"https:\/\/sagavinaestartit.com\/fr\/location-dappartements-a-lestartit-et-le-fringe-festival-de-torroella-de-montgri\/","url":"https:\/\/sagavinaestartit.com\/fr\/location-dappartements-a-lestartit-et-le-fringe-festival-de-torroella-de-montgri\/","name":"Location d\u2019appartements \u00e0 l\u2019Estartit et le Fringe Festival de Torroella de Montgr\u00ed | Sa Gavina Apartaments","isPartOf":{"@id":"https:\/\/sagavinaestartit.com\/fr\/#website"},"primaryImageOfPage":{"@id":"https:\/\/sagavinaestartit.com\/fr\/location-dappartements-a-lestartit-et-le-fringe-festival-de-torroella-de-montgri\/#primaryimage"},"image":{"@id":"https:\/\/sagavinaestartit.com\/fr\/location-dappartements-a-lestartit-et-le-fringe-festival-de-torroella-de-montgri\/#primaryimage"},"thumbnailUrl":"https:\/\/sagavinaestartit.com\/wp-content\/uploads\/2018\/04\/large_fringe-festival_alquiler_apartamentos_estartit.jpg","datePublished":"2018-04-08T17:15:15+00:00","breadcrumb":{"@id":"https:\/\/sagavinaestartit.com\/fr\/location-dappartements-a-lestartit-et-le-fringe-festival-de-torroella-de-montgri\/#breadcrumb"},"inLanguage":"fr-FR","potentialAction":[{"@type":"ReadAction","target":["https:\/\/sagavinaestartit.com\/fr\/location-dappartements-a-lestartit-et-le-fringe-festival-de-torroella-de-montgri\/"]}]},{"@type":"ImageObject","inLanguage":"fr-FR","@id":"https:\/\/sagavinaestartit.com\/fr\/location-dappartements-a-lestartit-et-le-fringe-festival-de-torroella-de-montgri\/#primaryimage","url":"https:\/\/sagavinaestartit.com\/wp-content\/uploads\/2018\/04\/large_fringe-festival_alquiler_apartamentos_estartit.jpg","contentUrl":"https:\/\/sagavinaestartit.com\/wp-content\/uploads\/2018\/04\/large_fringe-festival_alquiler_apartamentos_estartit.jpg","width":335,"height":246},{"@type":"BreadcrumbList","@id":"https:\/\/sagavinaestartit.com\/fr\/location-dappartements-a-lestartit-et-le-fringe-festival-de-torroella-de-montgri\/#breadcrumb","itemListElement":[{"@type":"ListItem","position":1,"name":"Portada","item":"https:\/\/sagavinaestartit.com\/fr\/home\/"},{"@type":"ListItem","position":2,"name":"Location d\u2019appartements \u00e0 l\u2019Estartit et le Fringe Festival de Torroella de Montgr\u00ed"}]},{"@type":"WebSite","@id":"https:\/\/sagavinaestartit.com\/fr\/#website","url":"https:\/\/sagavinaestartit.com\/fr\/","name":"Sa Gavina Apartaments","description":"Sa Gavina Apartments","publisher":{"@id":"https:\/\/sagavinaestartit.com\/fr\/#organization"},"potentialAction":[{"@type":"SearchAction","target":{"@type":"EntryPoint","urlTemplate":"https:\/\/sagavinaestartit.com\/fr\/?s={search_term_string}"},"query-input":{"@type":"PropertyValueSpecification","valueRequired":true,"valueName":"search_term_string"}}],"inLanguage":"fr-FR"},{"@type":"Organization","@id":"https:\/\/sagavinaestartit.com\/fr\/#organization","name":"Sa Gavina Apartments","url":"https:\/\/sagavinaestartit.com\/fr\/","logo":{"@type":"ImageObject","inLanguage":"fr-FR","@id":"https:\/\/sagavinaestartit.com\/fr\/#\/schema\/logo\/image\/","url":"https:\/\/sagavinaestartit.com\/wp-content\/uploads\/2024\/12\/3-1.png","contentUrl":"https:\/\/sagavinaestartit.com\/wp-content\/uploads\/2024\/12\/3-1.png","width":500,"height":200,"caption":"Sa Gavina Apartments"},"image":{"@id":"https:\/\/sagavinaestartit.com\/fr\/#\/schema\/logo\/image\/"}},{"@type":"Person","@id":"https:\/\/sagavinaestartit.com\/fr\/#\/schema\/person\/72b3f9a420869474351007377bde83c0","name":"tecnico_alojapro","sameAs":["https:\/\/sagavinaestartit.com"]}]}},"_links":{"self":[{"href":"https:\/\/sagavinaestartit.com\/fr\/wp-json\/wp\/v2\/posts\/29085","targetHints":{"allow":["GET"]}}],"collection":[{"href":"https:\/\/sagavinaestartit.com\/fr\/wp-json\/wp\/v2\/posts"}],"about":[{"href":"https:\/\/sagavinaestartit.com\/fr\/wp-json\/wp\/v2\/types\/post"}],"author":[{"embeddable":true,"href":"https:\/\/sagavinaestartit.com\/fr\/wp-json\/wp\/v2\/users\/1"}],"replies":[{"embeddable":true,"href":"https:\/\/sagavinaestartit.com\/fr\/wp-json\/wp\/v2\/comments?post=29085"}],"version-history":[{"count":0,"href":"https:\/\/sagavinaestartit.com\/fr\/wp-json\/wp\/v2\/posts\/29085\/revisions"}],"wp:featuredmedia":[{"embeddable":true,"href":"https:\/\/sagavinaestartit.com\/fr\/wp-json\/wp\/v2\/media\/14571"}],"wp:attachment":[{"href":"https:\/\/sagavinaestartit.com\/fr\/wp-json\/wp\/v2\/media?parent=29085"}],"wp:term":[{"taxonomy":"category","embeddable":true,"href":"https:\/\/sagavinaestartit.com\/fr\/wp-json\/wp\/v2\/categories?post=29085"},{"taxonomy":"post_tag","embeddable":true,"href":"https:\/\/sagavinaestartit.com\/fr\/wp-json\/wp\/v2\/tags?post=29085"}],"curies":[{"name":"wp","href":"https:\/\/api.w.org\/{rel}","templated":true}]}}