{"id":29066,"date":"2018-04-08T16:30:12","date_gmt":"2018-04-08T14:30:12","guid":{"rendered":"https:\/\/sagavinaestartit.com\/2018\/04\/08\/louer-des-appartements-a-lestartit-offrez-de-lart-et-de-la-culture-tout-au-long-de-lannee\/"},"modified":"2018-04-08T16:30:12","modified_gmt":"2018-04-08T14:30:12","slug":"louer-des-appartements-a-lestartit-offrez-de-lart-et-de-la-culture-tout-au-long-de-lannee","status":"publish","type":"post","link":"https:\/\/sagavinaestartit.com\/fr\/louer-des-appartements-a-lestartit-offrez-de-lart-et-de-la-culture-tout-au-long-de-lannee\/","title":{"rendered":"Louer des appartements \u00e0 l&rsquo;Estartit : offrez de l&rsquo;art et de la culture tout au long de l&rsquo;ann\u00e9e"},"content":{"rendered":"<p style=\"font-weight: 400; text-align: justify;\">Les villes de Torroella de Montgr\u00ed et L&rsquo;Estartit sont consid\u00e9r\u00e9es comme les \u00e9picentres de la vie culturelle et artistique, non seulement dans la r\u00e9gion de la Costa Brava, mais aussi dans la province de G\u00e9rone en g\u00e9n\u00e9ral. Le fait d&rsquo;avoir un large \u00e9ventail d&rsquo;art et de culture tout au long de l&rsquo;ann\u00e9e en fait une destination id\u00e9ale pour la location d&rsquo;appartements.<\/p>\n<p style=\"font-weight: 400; text-align: justify;\">Musique, th\u00e9\u00e2tre, danse, magie et de nombreuses autres disciplines remplissent l&rsquo;ordre du jour de Torroella et Estartit tout au long de l&rsquo;ann\u00e9e. Certains des espaces les plus importants o\u00f9 ces \u00e9v\u00e9nements ont lieu, et auxquels nous avons d\u00e9j\u00e0 fait r\u00e9f\u00e9rence dans les messages pr\u00e9c\u00e9dents, sont\u00a0:<\/p>\n<p style=\"font-weight: 400; text-align: justify;\">&#8211; Le\u00a0<strong>Mus\u00e9e de la M\u00e9diterran\u00e9e<\/strong>\u00a0: l&rsquo;une des zones les plus historiques de la ville de Torroella et un centre d&rsquo;activit\u00e9 culturelle, sociale et \u00e9ducative. Il se distingue \u00e9galement par son offre d&rsquo;expositions permanentes et temporaires.<\/p>\n<p style=\"font-weight: 400; text-align: justify;\">&#8211; Le\u00a0<strong>Clo\u00eetre de l&rsquo;h\u00f4pital<\/strong>\u00a0: espace devenu un cercle permanent d&rsquo;auteurs diff\u00e9rents avec des \u0153uvres de professionnels mais aussi d&rsquo;amateurs. Il reste ouvert au public tout au long de la journ\u00e9e.<\/p>\n<p style=\"font-weight: 400; text-align: justify;\">&#8211;\u00a0<strong>Fondation Casa Galibern-Mascort<\/strong>\u00a0: c&rsquo;est un b\u00e2timent de style colonial avec une grande valeur architecturale qui est devenu un espace important pour la diffusion de l&rsquo;art et de l&rsquo;histoire.<\/p>\n<p style=\"font-weight: 400; text-align: justify;\">&#8211;\u00a0<strong>Espacio Ter<\/strong>\u00a0: un espace polyvalent o\u00f9 se d\u00e9roulent des activit\u00e9s li\u00e9es \u00e0 la musique, au th\u00e9\u00e2tre, \u00e0 la magie, au cirque et \u00e0 d&rsquo;autres activit\u00e9s plus famili\u00e8res \u00e0 tous les \u00e2ges et tout au long de l&rsquo;ann\u00e9e.<\/p>\n<p style=\"font-weight: 400; text-align: justify;\">&#8211;\u00a0<strong>Palais Solterra &#8211; Mus\u00e9e de la Photographie Contemporaine<\/strong>\u00a0: avec un fond photographique de quelques 200 photos, cet espace est \u00e9galement le th\u00e9\u00e2tre d&rsquo;autres expositions temporaires et est couvert par la Fondation Vila Casas.<\/p>\n<p style=\"font-weight: 400; text-align: justify;\">&#8211;\u00a0<strong>Stroke of Art<\/strong>\u00a0: c&rsquo;est un espace d\u00e9di\u00e9 \u00e0 la cr\u00e9ation et \u00e0 l&rsquo;exposition d&rsquo;\u0153uvres d&rsquo;art pour les amateurs d&rsquo;art figuratif contemporain avec des artistes \u00e9tablis et nouveaux. Bien qu&rsquo;il soit ouvert en permanence pendant l&rsquo;\u00e9t\u00e9, il est possible de faire des visites concert\u00e9es pendant le reste de l&rsquo;ann\u00e9e.<\/p>\n<p style=\"font-weight: 400; text-align: justify;\">&#8211;\u00a0<strong>Atrium<\/strong>\u00a0: situ\u00e9 dans l&rsquo;ancienne maison Quintana Badia, cet espace organise \u00e9galement des expositions temporaires pendant l&rsquo;\u00e9t\u00e9 des auteurs d&rsquo;origine Empord\u00e0.<\/p>\n","protected":false},"excerpt":{"rendered":"<p>Les villes de Torroella de Montgr\u00ed et L&rsquo;Estartit sont consid\u00e9r\u00e9es comme les \u00e9picentres de la vie culturelle et artistique, non seulement dans la r\u00e9gion de la Costa Brava, mais aussi dans la province de G\u00e9rone en g\u00e9n\u00e9ral. Le fait d&rsquo;avoir  [&#8230;]<\/p>\n","protected":false},"author":1,"featured_media":26412,"comment_status":"open","ping_status":"open","sticky":false,"template":"","format":"standard","meta":{"footnotes":""},"categories":[131],"tags":[],"class_list":["post-29066","post","type-post","status-publish","format-standard","has-post-thumbnail","hentry","category-essentiels"],"yoast_head":"<!-- This site is optimized with the Yoast SEO plugin v27.1.1 - https:\/\/yoast.com\/product\/yoast-seo-wordpress\/ -->\n<title>Louer des appartements \u00e0 l&#039;Estartit : offrez de l&#039;art et de la culture tout au long de l&#039;ann\u00e9e | Sa Gavina Apartaments<\/title>\n<meta name=\"robots\" content=\"index, follow, max-snippet:-1, max-image-preview:large, max-video-preview:-1\" \/>\n<link rel=\"canonical\" href=\"https:\/\/sagavinaestartit.com\/fr\/louer-des-appartements-a-lestartit-offrez-de-lart-et-de-la-culture-tout-au-long-de-lannee\/\" \/>\n<meta property=\"og:locale\" content=\"fr_FR\" \/>\n<meta property=\"og:type\" content=\"article\" \/>\n<meta property=\"og:title\" content=\"Louer des appartements \u00e0 l&#039;Estartit : offrez de l&#039;art et de la culture tout au long de l&#039;ann\u00e9e | Sa Gavina Apartaments\" \/>\n<meta property=\"og:description\" content=\"Les villes de Torroella de Montgr\u00ed et L&rsquo;Estartit sont consid\u00e9r\u00e9es comme les \u00e9picentres de la vie culturelle et artistique, non seulement dans la r\u00e9gion de la Costa Brava, mais aussi dans la province de G\u00e9rone en g\u00e9n\u00e9ral. Le fait d&rsquo;avoir [...]\" \/>\n<meta property=\"og:url\" content=\"https:\/\/sagavinaestartit.com\/fr\/louer-des-appartements-a-lestartit-offrez-de-lart-et-de-la-culture-tout-au-long-de-lannee\/\" \/>\n<meta property=\"og:site_name\" content=\"Sa Gavina Apartaments\" \/>\n<meta property=\"article:published_time\" content=\"2018-04-08T14:30:12+00:00\" \/>\n<meta property=\"og:image\" content=\"https:\/\/sagavinaestartit.com\/wp-content\/uploads\/2018\/04\/large_arte_y_cultura_estartit_alquiler_apartamentos.jpg\" \/>\n\t<meta property=\"og:image:width\" content=\"335\" \/>\n\t<meta property=\"og:image:height\" content=\"163\" \/>\n\t<meta property=\"og:image:type\" content=\"image\/jpeg\" \/>\n<meta name=\"author\" content=\"tecnico_alojapro\" \/>\n<meta name=\"twitter:card\" content=\"summary_large_image\" \/>\n<meta name=\"twitter:label1\" content=\"\u00c9crit par\" \/>\n\t<meta name=\"twitter:data1\" content=\"tecnico_alojapro\" \/>\n\t<meta name=\"twitter:label2\" content=\"Dur\u00e9e de lecture estim\u00e9e\" \/>\n\t<meta name=\"twitter:data2\" content=\"2 minutes\" \/>\n<script type=\"application\/ld+json\" class=\"yoast-schema-graph\">{\"@context\":\"https:\/\/schema.org\",\"@graph\":[{\"@type\":\"Article\",\"@id\":\"https:\/\/sagavinaestartit.com\/fr\/louer-des-appartements-a-lestartit-offrez-de-lart-et-de-la-culture-tout-au-long-de-lannee\/#article\",\"isPartOf\":{\"@id\":\"https:\/\/sagavinaestartit.com\/fr\/louer-des-appartements-a-lestartit-offrez-de-lart-et-de-la-culture-tout-au-long-de-lannee\/\"},\"author\":{\"name\":\"tecnico_alojapro\",\"@id\":\"https:\/\/sagavinaestartit.com\/fr\/#\/schema\/person\/72b3f9a420869474351007377bde83c0\"},\"headline\":\"Louer des appartements \u00e0 l&rsquo;Estartit : offrez de l&rsquo;art et de la culture tout au long de l&rsquo;ann\u00e9e\",\"datePublished\":\"2018-04-08T14:30:12+00:00\",\"mainEntityOfPage\":{\"@id\":\"https:\/\/sagavinaestartit.com\/fr\/louer-des-appartements-a-lestartit-offrez-de-lart-et-de-la-culture-tout-au-long-de-lannee\/\"},\"wordCount\":424,\"commentCount\":0,\"publisher\":{\"@id\":\"https:\/\/sagavinaestartit.com\/fr\/#organization\"},\"image\":{\"@id\":\"https:\/\/sagavinaestartit.com\/fr\/louer-des-appartements-a-lestartit-offrez-de-lart-et-de-la-culture-tout-au-long-de-lannee\/#primaryimage\"},\"thumbnailUrl\":\"https:\/\/sagavinaestartit.com\/wp-content\/uploads\/2018\/04\/large_arte_y_cultura_estartit_alquiler_apartamentos.jpg\",\"articleSection\":[\"Essentiels\"],\"inLanguage\":\"fr-FR\",\"potentialAction\":[{\"@type\":\"CommentAction\",\"name\":\"Comment\",\"target\":[\"https:\/\/sagavinaestartit.com\/fr\/louer-des-appartements-a-lestartit-offrez-de-lart-et-de-la-culture-tout-au-long-de-lannee\/#respond\"]}]},{\"@type\":\"WebPage\",\"@id\":\"https:\/\/sagavinaestartit.com\/fr\/louer-des-appartements-a-lestartit-offrez-de-lart-et-de-la-culture-tout-au-long-de-lannee\/\",\"url\":\"https:\/\/sagavinaestartit.com\/fr\/louer-des-appartements-a-lestartit-offrez-de-lart-et-de-la-culture-tout-au-long-de-lannee\/\",\"name\":\"Louer des appartements \u00e0 l'Estartit : offrez de l'art et de la culture tout au long de l'ann\u00e9e | Sa Gavina Apartaments\",\"isPartOf\":{\"@id\":\"https:\/\/sagavinaestartit.com\/fr\/#website\"},\"primaryImageOfPage\":{\"@id\":\"https:\/\/sagavinaestartit.com\/fr\/louer-des-appartements-a-lestartit-offrez-de-lart-et-de-la-culture-tout-au-long-de-lannee\/#primaryimage\"},\"image\":{\"@id\":\"https:\/\/sagavinaestartit.com\/fr\/louer-des-appartements-a-lestartit-offrez-de-lart-et-de-la-culture-tout-au-long-de-lannee\/#primaryimage\"},\"thumbnailUrl\":\"https:\/\/sagavinaestartit.com\/wp-content\/uploads\/2018\/04\/large_arte_y_cultura_estartit_alquiler_apartamentos.jpg\",\"datePublished\":\"2018-04-08T14:30:12+00:00\",\"breadcrumb\":{\"@id\":\"https:\/\/sagavinaestartit.com\/fr\/louer-des-appartements-a-lestartit-offrez-de-lart-et-de-la-culture-tout-au-long-de-lannee\/#breadcrumb\"},\"inLanguage\":\"fr-FR\",\"potentialAction\":[{\"@type\":\"ReadAction\",\"target\":[\"https:\/\/sagavinaestartit.com\/fr\/louer-des-appartements-a-lestartit-offrez-de-lart-et-de-la-culture-tout-au-long-de-lannee\/\"]}]},{\"@type\":\"ImageObject\",\"inLanguage\":\"fr-FR\",\"@id\":\"https:\/\/sagavinaestartit.com\/fr\/louer-des-appartements-a-lestartit-offrez-de-lart-et-de-la-culture-tout-au-long-de-lannee\/#primaryimage\",\"url\":\"https:\/\/sagavinaestartit.com\/wp-content\/uploads\/2018\/04\/large_arte_y_cultura_estartit_alquiler_apartamentos.jpg\",\"contentUrl\":\"https:\/\/sagavinaestartit.com\/wp-content\/uploads\/2018\/04\/large_arte_y_cultura_estartit_alquiler_apartamentos.jpg\",\"width\":335,\"height\":163},{\"@type\":\"BreadcrumbList\",\"@id\":\"https:\/\/sagavinaestartit.com\/fr\/louer-des-appartements-a-lestartit-offrez-de-lart-et-de-la-culture-tout-au-long-de-lannee\/#breadcrumb\",\"itemListElement\":[{\"@type\":\"ListItem\",\"position\":1,\"name\":\"Portada\",\"item\":\"https:\/\/sagavinaestartit.com\/fr\/home\/\"},{\"@type\":\"ListItem\",\"position\":2,\"name\":\"Louer des appartements \u00e0 l&#8217;Estartit : offrez de l&#8217;art et de la culture tout au long de l&#8217;ann\u00e9e\"}]},{\"@type\":\"WebSite\",\"@id\":\"https:\/\/sagavinaestartit.com\/fr\/#website\",\"url\":\"https:\/\/sagavinaestartit.com\/fr\/\",\"name\":\"Sa Gavina Apartaments\",\"description\":\"Sa Gavina Apartments\",\"publisher\":{\"@id\":\"https:\/\/sagavinaestartit.com\/fr\/#organization\"},\"potentialAction\":[{\"@type\":\"SearchAction\",\"target\":{\"@type\":\"EntryPoint\",\"urlTemplate\":\"https:\/\/sagavinaestartit.com\/fr\/?s={search_term_string}\"},\"query-input\":{\"@type\":\"PropertyValueSpecification\",\"valueRequired\":true,\"valueName\":\"search_term_string\"}}],\"inLanguage\":\"fr-FR\"},{\"@type\":\"Organization\",\"@id\":\"https:\/\/sagavinaestartit.com\/fr\/#organization\",\"name\":\"Sa Gavina Apartments\",\"url\":\"https:\/\/sagavinaestartit.com\/fr\/\",\"logo\":{\"@type\":\"ImageObject\",\"inLanguage\":\"fr-FR\",\"@id\":\"https:\/\/sagavinaestartit.com\/fr\/#\/schema\/logo\/image\/\",\"url\":\"https:\/\/sagavinaestartit.com\/wp-content\/uploads\/2024\/12\/3-1.png\",\"contentUrl\":\"https:\/\/sagavinaestartit.com\/wp-content\/uploads\/2024\/12\/3-1.png\",\"width\":500,\"height\":200,\"caption\":\"Sa Gavina Apartments\"},\"image\":{\"@id\":\"https:\/\/sagavinaestartit.com\/fr\/#\/schema\/logo\/image\/\"}},{\"@type\":\"Person\",\"@id\":\"https:\/\/sagavinaestartit.com\/fr\/#\/schema\/person\/72b3f9a420869474351007377bde83c0\",\"name\":\"tecnico_alojapro\",\"sameAs\":[\"https:\/\/sagavinaestartit.com\"]}]}<\/script>\n<!-- \/ Yoast SEO plugin. -->","yoast_head_json":{"title":"Louer des appartements \u00e0 l'Estartit : offrez de l'art et de la culture tout au long de l'ann\u00e9e | Sa Gavina Apartaments","robots":{"index":"index","follow":"follow","max-snippet":"max-snippet:-1","max-image-preview":"max-image-preview:large","max-video-preview":"max-video-preview:-1"},"canonical":"https:\/\/sagavinaestartit.com\/fr\/louer-des-appartements-a-lestartit-offrez-de-lart-et-de-la-culture-tout-au-long-de-lannee\/","og_locale":"fr_FR","og_type":"article","og_title":"Louer des appartements \u00e0 l'Estartit : offrez de l'art et de la culture tout au long de l'ann\u00e9e | Sa Gavina Apartaments","og_description":"Les villes de Torroella de Montgr\u00ed et L&rsquo;Estartit sont consid\u00e9r\u00e9es comme les \u00e9picentres de la vie culturelle et artistique, non seulement dans la r\u00e9gion de la Costa Brava, mais aussi dans la province de G\u00e9rone en g\u00e9n\u00e9ral. Le fait d&rsquo;avoir [...]","og_url":"https:\/\/sagavinaestartit.com\/fr\/louer-des-appartements-a-lestartit-offrez-de-lart-et-de-la-culture-tout-au-long-de-lannee\/","og_site_name":"Sa Gavina Apartaments","article_published_time":"2018-04-08T14:30:12+00:00","og_image":[{"width":335,"height":163,"url":"https:\/\/sagavinaestartit.com\/wp-content\/uploads\/2018\/04\/large_arte_y_cultura_estartit_alquiler_apartamentos.jpg","type":"image\/jpeg"}],"author":"tecnico_alojapro","twitter_card":"summary_large_image","twitter_misc":{"\u00c9crit par":"tecnico_alojapro","Dur\u00e9e de lecture estim\u00e9e":"2 minutes"},"schema":{"@context":"https:\/\/schema.org","@graph":[{"@type":"Article","@id":"https:\/\/sagavinaestartit.com\/fr\/louer-des-appartements-a-lestartit-offrez-de-lart-et-de-la-culture-tout-au-long-de-lannee\/#article","isPartOf":{"@id":"https:\/\/sagavinaestartit.com\/fr\/louer-des-appartements-a-lestartit-offrez-de-lart-et-de-la-culture-tout-au-long-de-lannee\/"},"author":{"name":"tecnico_alojapro","@id":"https:\/\/sagavinaestartit.com\/fr\/#\/schema\/person\/72b3f9a420869474351007377bde83c0"},"headline":"Louer des appartements \u00e0 l&rsquo;Estartit : offrez de l&rsquo;art et de la culture tout au long de l&rsquo;ann\u00e9e","datePublished":"2018-04-08T14:30:12+00:00","mainEntityOfPage":{"@id":"https:\/\/sagavinaestartit.com\/fr\/louer-des-appartements-a-lestartit-offrez-de-lart-et-de-la-culture-tout-au-long-de-lannee\/"},"wordCount":424,"commentCount":0,"publisher":{"@id":"https:\/\/sagavinaestartit.com\/fr\/#organization"},"image":{"@id":"https:\/\/sagavinaestartit.com\/fr\/louer-des-appartements-a-lestartit-offrez-de-lart-et-de-la-culture-tout-au-long-de-lannee\/#primaryimage"},"thumbnailUrl":"https:\/\/sagavinaestartit.com\/wp-content\/uploads\/2018\/04\/large_arte_y_cultura_estartit_alquiler_apartamentos.jpg","articleSection":["Essentiels"],"inLanguage":"fr-FR","potentialAction":[{"@type":"CommentAction","name":"Comment","target":["https:\/\/sagavinaestartit.com\/fr\/louer-des-appartements-a-lestartit-offrez-de-lart-et-de-la-culture-tout-au-long-de-lannee\/#respond"]}]},{"@type":"WebPage","@id":"https:\/\/sagavinaestartit.com\/fr\/louer-des-appartements-a-lestartit-offrez-de-lart-et-de-la-culture-tout-au-long-de-lannee\/","url":"https:\/\/sagavinaestartit.com\/fr\/louer-des-appartements-a-lestartit-offrez-de-lart-et-de-la-culture-tout-au-long-de-lannee\/","name":"Louer des appartements \u00e0 l'Estartit : offrez de l'art et de la culture tout au long de l'ann\u00e9e | Sa Gavina Apartaments","isPartOf":{"@id":"https:\/\/sagavinaestartit.com\/fr\/#website"},"primaryImageOfPage":{"@id":"https:\/\/sagavinaestartit.com\/fr\/louer-des-appartements-a-lestartit-offrez-de-lart-et-de-la-culture-tout-au-long-de-lannee\/#primaryimage"},"image":{"@id":"https:\/\/sagavinaestartit.com\/fr\/louer-des-appartements-a-lestartit-offrez-de-lart-et-de-la-culture-tout-au-long-de-lannee\/#primaryimage"},"thumbnailUrl":"https:\/\/sagavinaestartit.com\/wp-content\/uploads\/2018\/04\/large_arte_y_cultura_estartit_alquiler_apartamentos.jpg","datePublished":"2018-04-08T14:30:12+00:00","breadcrumb":{"@id":"https:\/\/sagavinaestartit.com\/fr\/louer-des-appartements-a-lestartit-offrez-de-lart-et-de-la-culture-tout-au-long-de-lannee\/#breadcrumb"},"inLanguage":"fr-FR","potentialAction":[{"@type":"ReadAction","target":["https:\/\/sagavinaestartit.com\/fr\/louer-des-appartements-a-lestartit-offrez-de-lart-et-de-la-culture-tout-au-long-de-lannee\/"]}]},{"@type":"ImageObject","inLanguage":"fr-FR","@id":"https:\/\/sagavinaestartit.com\/fr\/louer-des-appartements-a-lestartit-offrez-de-lart-et-de-la-culture-tout-au-long-de-lannee\/#primaryimage","url":"https:\/\/sagavinaestartit.com\/wp-content\/uploads\/2018\/04\/large_arte_y_cultura_estartit_alquiler_apartamentos.jpg","contentUrl":"https:\/\/sagavinaestartit.com\/wp-content\/uploads\/2018\/04\/large_arte_y_cultura_estartit_alquiler_apartamentos.jpg","width":335,"height":163},{"@type":"BreadcrumbList","@id":"https:\/\/sagavinaestartit.com\/fr\/louer-des-appartements-a-lestartit-offrez-de-lart-et-de-la-culture-tout-au-long-de-lannee\/#breadcrumb","itemListElement":[{"@type":"ListItem","position":1,"name":"Portada","item":"https:\/\/sagavinaestartit.com\/fr\/home\/"},{"@type":"ListItem","position":2,"name":"Louer des appartements \u00e0 l&#8217;Estartit : offrez de l&#8217;art et de la culture tout au long de l&#8217;ann\u00e9e"}]},{"@type":"WebSite","@id":"https:\/\/sagavinaestartit.com\/fr\/#website","url":"https:\/\/sagavinaestartit.com\/fr\/","name":"Sa Gavina Apartaments","description":"Sa Gavina Apartments","publisher":{"@id":"https:\/\/sagavinaestartit.com\/fr\/#organization"},"potentialAction":[{"@type":"SearchAction","target":{"@type":"EntryPoint","urlTemplate":"https:\/\/sagavinaestartit.com\/fr\/?s={search_term_string}"},"query-input":{"@type":"PropertyValueSpecification","valueRequired":true,"valueName":"search_term_string"}}],"inLanguage":"fr-FR"},{"@type":"Organization","@id":"https:\/\/sagavinaestartit.com\/fr\/#organization","name":"Sa Gavina Apartments","url":"https:\/\/sagavinaestartit.com\/fr\/","logo":{"@type":"ImageObject","inLanguage":"fr-FR","@id":"https:\/\/sagavinaestartit.com\/fr\/#\/schema\/logo\/image\/","url":"https:\/\/sagavinaestartit.com\/wp-content\/uploads\/2024\/12\/3-1.png","contentUrl":"https:\/\/sagavinaestartit.com\/wp-content\/uploads\/2024\/12\/3-1.png","width":500,"height":200,"caption":"Sa Gavina Apartments"},"image":{"@id":"https:\/\/sagavinaestartit.com\/fr\/#\/schema\/logo\/image\/"}},{"@type":"Person","@id":"https:\/\/sagavinaestartit.com\/fr\/#\/schema\/person\/72b3f9a420869474351007377bde83c0","name":"tecnico_alojapro","sameAs":["https:\/\/sagavinaestartit.com"]}]}},"_links":{"self":[{"href":"https:\/\/sagavinaestartit.com\/fr\/wp-json\/wp\/v2\/posts\/29066","targetHints":{"allow":["GET"]}}],"collection":[{"href":"https:\/\/sagavinaestartit.com\/fr\/wp-json\/wp\/v2\/posts"}],"about":[{"href":"https:\/\/sagavinaestartit.com\/fr\/wp-json\/wp\/v2\/types\/post"}],"author":[{"embeddable":true,"href":"https:\/\/sagavinaestartit.com\/fr\/wp-json\/wp\/v2\/users\/1"}],"replies":[{"embeddable":true,"href":"https:\/\/sagavinaestartit.com\/fr\/wp-json\/wp\/v2\/comments?post=29066"}],"version-history":[{"count":0,"href":"https:\/\/sagavinaestartit.com\/fr\/wp-json\/wp\/v2\/posts\/29066\/revisions"}],"wp:featuredmedia":[{"embeddable":true,"href":"https:\/\/sagavinaestartit.com\/fr\/wp-json\/wp\/v2\/media\/26412"}],"wp:attachment":[{"href":"https:\/\/sagavinaestartit.com\/fr\/wp-json\/wp\/v2\/media?parent=29066"}],"wp:term":[{"taxonomy":"category","embeddable":true,"href":"https:\/\/sagavinaestartit.com\/fr\/wp-json\/wp\/v2\/categories?post=29066"},{"taxonomy":"post_tag","embeddable":true,"href":"https:\/\/sagavinaestartit.com\/fr\/wp-json\/wp\/v2\/tags?post=29066"}],"curies":[{"name":"wp","href":"https:\/\/api.w.org\/{rel}","templated":true}]}}