{"id":29063,"date":"2018-04-08T15:45:27","date_gmt":"2018-04-08T13:45:27","guid":{"rendered":"https:\/\/sagavinaestartit.com\/2018\/04\/08\/la-creche-de-noel-au-musee-de-la-mediterranee\/"},"modified":"2018-04-08T15:45:27","modified_gmt":"2018-04-08T13:45:27","slug":"la-creche-de-noel-au-musee-de-la-mediterranee","status":"publish","type":"post","link":"https:\/\/sagavinaestartit.com\/fr\/la-creche-de-noel-au-musee-de-la-mediterranee\/","title":{"rendered":"La Cr\u00e8che de No\u00ebl au Mus\u00e9e de la M\u00e9diterran\u00e9e"},"content":{"rendered":"<p style=\"font-weight: 400; text-align: justify;\">Est-ce que vous nous visitez en \u00e9t\u00e9 avec la location d&rsquo;un appartement dans l&rsquo;Estartit? Pourquoi pas aussi \u00e0 No\u00ebl\u00a0? Si vous aimez No\u00ebl et tout ce qui s&rsquo;y rapporte, jusqu&rsquo;au 8 janvier n\u2019h\u00e9sitez pas \u00e0 visiter le Mus\u00e9e de la M\u00e9diterran\u00e9e la cr\u00e8che de No\u00ebl con\u00e7ue et dessin\u00e9e par Josep Mir.<\/p>\n<p style=\"font-weight: 400; text-align: justify;\">On vous attend\u00a0!<\/p>\n<p style=\"font-weight: 400; text-align: justify;\">Les horaires d\u2019ouverture\u00a0: du lundi au vendredi de 10h \u00e0 14h et de 17h \u00e0 20h et les week-ends et jours f\u00e9ri\u00e9s de 10h \u00e0 14h.<\/p>\n","protected":false},"excerpt":{"rendered":"<p>Est-ce que vous nous visitez en \u00e9t\u00e9 avec la location d&rsquo;un appartement dans l&rsquo;Estartit? Pourquoi pas aussi \u00e0 No\u00ebl\u00a0? Si vous aimez No\u00ebl et tout ce qui s&rsquo;y rapporte, jusqu&rsquo;au 8 janvier n\u2019h\u00e9sitez pas \u00e0 visiter le Mus\u00e9e de la  [&#8230;]<\/p>\n","protected":false},"author":1,"featured_media":26397,"comment_status":"open","ping_status":"open","sticky":false,"template":"","format":"standard","meta":{"footnotes":""},"categories":[131],"tags":[],"class_list":["post-29063","post","type-post","status-publish","format-standard","has-post-thumbnail","hentry","category-essentiels"],"yoast_head":"<!-- This site is optimized with the Yoast SEO plugin v27.1.1 - https:\/\/yoast.com\/product\/yoast-seo-wordpress\/ -->\n<title>La Cr\u00e8che de No\u00ebl au Mus\u00e9e de la M\u00e9diterran\u00e9e | Sa Gavina Apartaments<\/title>\n<meta name=\"robots\" content=\"index, follow, max-snippet:-1, max-image-preview:large, max-video-preview:-1\" \/>\n<link rel=\"canonical\" href=\"https:\/\/sagavinaestartit.com\/fr\/la-creche-de-noel-au-musee-de-la-mediterranee\/\" \/>\n<meta property=\"og:locale\" content=\"fr_FR\" \/>\n<meta property=\"og:type\" content=\"article\" \/>\n<meta property=\"og:title\" content=\"La Cr\u00e8che de No\u00ebl au Mus\u00e9e de la M\u00e9diterran\u00e9e | Sa Gavina Apartaments\" \/>\n<meta property=\"og:description\" content=\"Est-ce que vous nous visitez en \u00e9t\u00e9 avec la location d&rsquo;un appartement dans l&rsquo;Estartit? Pourquoi pas aussi \u00e0 No\u00ebl\u00a0? Si vous aimez No\u00ebl et tout ce qui s&rsquo;y rapporte, jusqu&rsquo;au 8 janvier n\u2019h\u00e9sitez pas \u00e0 visiter le Mus\u00e9e de la [...]\" \/>\n<meta property=\"og:url\" content=\"https:\/\/sagavinaestartit.com\/fr\/la-creche-de-noel-au-musee-de-la-mediterranee\/\" \/>\n<meta property=\"og:site_name\" content=\"Sa Gavina Apartaments\" \/>\n<meta property=\"article:published_time\" content=\"2018-04-08T13:45:27+00:00\" \/>\n<meta property=\"og:image\" content=\"https:\/\/sagavinaestartit.com\/wp-content\/uploads\/2018\/04\/large_belen_museo_mediterranea_alquiler_apartamentos_estartit.jpeg\" \/>\n\t<meta property=\"og:image:width\" content=\"335\" \/>\n\t<meta property=\"og:image:height\" content=\"223\" \/>\n\t<meta property=\"og:image:type\" content=\"image\/jpeg\" \/>\n<meta name=\"author\" content=\"tecnico_alojapro\" \/>\n<meta name=\"twitter:card\" content=\"summary_large_image\" \/>\n<meta name=\"twitter:label1\" content=\"\u00c9crit par\" \/>\n\t<meta name=\"twitter:data1\" content=\"tecnico_alojapro\" \/>\n<script type=\"application\/ld+json\" class=\"yoast-schema-graph\">{\"@context\":\"https:\/\/schema.org\",\"@graph\":[{\"@type\":\"Article\",\"@id\":\"https:\/\/sagavinaestartit.com\/fr\/la-creche-de-noel-au-musee-de-la-mediterranee\/#article\",\"isPartOf\":{\"@id\":\"https:\/\/sagavinaestartit.com\/fr\/la-creche-de-noel-au-musee-de-la-mediterranee\/\"},\"author\":{\"name\":\"tecnico_alojapro\",\"@id\":\"https:\/\/sagavinaestartit.com\/fr\/#\/schema\/person\/72b3f9a420869474351007377bde83c0\"},\"headline\":\"La Cr\u00e8che de No\u00ebl au Mus\u00e9e de la M\u00e9diterran\u00e9e\",\"datePublished\":\"2018-04-08T13:45:27+00:00\",\"mainEntityOfPage\":{\"@id\":\"https:\/\/sagavinaestartit.com\/fr\/la-creche-de-noel-au-musee-de-la-mediterranee\/\"},\"wordCount\":106,\"commentCount\":0,\"publisher\":{\"@id\":\"https:\/\/sagavinaestartit.com\/fr\/#organization\"},\"image\":{\"@id\":\"https:\/\/sagavinaestartit.com\/fr\/la-creche-de-noel-au-musee-de-la-mediterranee\/#primaryimage\"},\"thumbnailUrl\":\"https:\/\/sagavinaestartit.com\/wp-content\/uploads\/2018\/04\/large_belen_museo_mediterranea_alquiler_apartamentos_estartit.jpeg\",\"articleSection\":[\"Essentiels\"],\"inLanguage\":\"fr-FR\",\"potentialAction\":[{\"@type\":\"CommentAction\",\"name\":\"Comment\",\"target\":[\"https:\/\/sagavinaestartit.com\/fr\/la-creche-de-noel-au-musee-de-la-mediterranee\/#respond\"]}]},{\"@type\":\"WebPage\",\"@id\":\"https:\/\/sagavinaestartit.com\/fr\/la-creche-de-noel-au-musee-de-la-mediterranee\/\",\"url\":\"https:\/\/sagavinaestartit.com\/fr\/la-creche-de-noel-au-musee-de-la-mediterranee\/\",\"name\":\"La Cr\u00e8che de No\u00ebl au Mus\u00e9e de la M\u00e9diterran\u00e9e | Sa Gavina Apartaments\",\"isPartOf\":{\"@id\":\"https:\/\/sagavinaestartit.com\/fr\/#website\"},\"primaryImageOfPage\":{\"@id\":\"https:\/\/sagavinaestartit.com\/fr\/la-creche-de-noel-au-musee-de-la-mediterranee\/#primaryimage\"},\"image\":{\"@id\":\"https:\/\/sagavinaestartit.com\/fr\/la-creche-de-noel-au-musee-de-la-mediterranee\/#primaryimage\"},\"thumbnailUrl\":\"https:\/\/sagavinaestartit.com\/wp-content\/uploads\/2018\/04\/large_belen_museo_mediterranea_alquiler_apartamentos_estartit.jpeg\",\"datePublished\":\"2018-04-08T13:45:27+00:00\",\"breadcrumb\":{\"@id\":\"https:\/\/sagavinaestartit.com\/fr\/la-creche-de-noel-au-musee-de-la-mediterranee\/#breadcrumb\"},\"inLanguage\":\"fr-FR\",\"potentialAction\":[{\"@type\":\"ReadAction\",\"target\":[\"https:\/\/sagavinaestartit.com\/fr\/la-creche-de-noel-au-musee-de-la-mediterranee\/\"]}]},{\"@type\":\"ImageObject\",\"inLanguage\":\"fr-FR\",\"@id\":\"https:\/\/sagavinaestartit.com\/fr\/la-creche-de-noel-au-musee-de-la-mediterranee\/#primaryimage\",\"url\":\"https:\/\/sagavinaestartit.com\/wp-content\/uploads\/2018\/04\/large_belen_museo_mediterranea_alquiler_apartamentos_estartit.jpeg\",\"contentUrl\":\"https:\/\/sagavinaestartit.com\/wp-content\/uploads\/2018\/04\/large_belen_museo_mediterranea_alquiler_apartamentos_estartit.jpeg\",\"width\":335,\"height\":223},{\"@type\":\"BreadcrumbList\",\"@id\":\"https:\/\/sagavinaestartit.com\/fr\/la-creche-de-noel-au-musee-de-la-mediterranee\/#breadcrumb\",\"itemListElement\":[{\"@type\":\"ListItem\",\"position\":1,\"name\":\"Portada\",\"item\":\"https:\/\/sagavinaestartit.com\/fr\/home\/\"},{\"@type\":\"ListItem\",\"position\":2,\"name\":\"La Cr\u00e8che de No\u00ebl au Mus\u00e9e de la M\u00e9diterran\u00e9e\"}]},{\"@type\":\"WebSite\",\"@id\":\"https:\/\/sagavinaestartit.com\/fr\/#website\",\"url\":\"https:\/\/sagavinaestartit.com\/fr\/\",\"name\":\"Sa Gavina Apartaments\",\"description\":\"Sa Gavina Apartments\",\"publisher\":{\"@id\":\"https:\/\/sagavinaestartit.com\/fr\/#organization\"},\"potentialAction\":[{\"@type\":\"SearchAction\",\"target\":{\"@type\":\"EntryPoint\",\"urlTemplate\":\"https:\/\/sagavinaestartit.com\/fr\/?s={search_term_string}\"},\"query-input\":{\"@type\":\"PropertyValueSpecification\",\"valueRequired\":true,\"valueName\":\"search_term_string\"}}],\"inLanguage\":\"fr-FR\"},{\"@type\":\"Organization\",\"@id\":\"https:\/\/sagavinaestartit.com\/fr\/#organization\",\"name\":\"Sa Gavina Apartments\",\"url\":\"https:\/\/sagavinaestartit.com\/fr\/\",\"logo\":{\"@type\":\"ImageObject\",\"inLanguage\":\"fr-FR\",\"@id\":\"https:\/\/sagavinaestartit.com\/fr\/#\/schema\/logo\/image\/\",\"url\":\"https:\/\/sagavinaestartit.com\/wp-content\/uploads\/2024\/12\/3-1.png\",\"contentUrl\":\"https:\/\/sagavinaestartit.com\/wp-content\/uploads\/2024\/12\/3-1.png\",\"width\":500,\"height\":200,\"caption\":\"Sa Gavina Apartments\"},\"image\":{\"@id\":\"https:\/\/sagavinaestartit.com\/fr\/#\/schema\/logo\/image\/\"}},{\"@type\":\"Person\",\"@id\":\"https:\/\/sagavinaestartit.com\/fr\/#\/schema\/person\/72b3f9a420869474351007377bde83c0\",\"name\":\"tecnico_alojapro\",\"sameAs\":[\"https:\/\/sagavinaestartit.com\"]}]}<\/script>\n<!-- \/ Yoast SEO plugin. -->","yoast_head_json":{"title":"La Cr\u00e8che de No\u00ebl au Mus\u00e9e de la M\u00e9diterran\u00e9e | Sa Gavina Apartaments","robots":{"index":"index","follow":"follow","max-snippet":"max-snippet:-1","max-image-preview":"max-image-preview:large","max-video-preview":"max-video-preview:-1"},"canonical":"https:\/\/sagavinaestartit.com\/fr\/la-creche-de-noel-au-musee-de-la-mediterranee\/","og_locale":"fr_FR","og_type":"article","og_title":"La Cr\u00e8che de No\u00ebl au Mus\u00e9e de la M\u00e9diterran\u00e9e | Sa Gavina Apartaments","og_description":"Est-ce que vous nous visitez en \u00e9t\u00e9 avec la location d&rsquo;un appartement dans l&rsquo;Estartit? Pourquoi pas aussi \u00e0 No\u00ebl\u00a0? Si vous aimez No\u00ebl et tout ce qui s&rsquo;y rapporte, jusqu&rsquo;au 8 janvier n\u2019h\u00e9sitez pas \u00e0 visiter le Mus\u00e9e de la [...]","og_url":"https:\/\/sagavinaestartit.com\/fr\/la-creche-de-noel-au-musee-de-la-mediterranee\/","og_site_name":"Sa Gavina Apartaments","article_published_time":"2018-04-08T13:45:27+00:00","og_image":[{"width":335,"height":223,"url":"https:\/\/sagavinaestartit.com\/wp-content\/uploads\/2018\/04\/large_belen_museo_mediterranea_alquiler_apartamentos_estartit.jpeg","type":"image\/jpeg"}],"author":"tecnico_alojapro","twitter_card":"summary_large_image","twitter_misc":{"\u00c9crit par":"tecnico_alojapro"},"schema":{"@context":"https:\/\/schema.org","@graph":[{"@type":"Article","@id":"https:\/\/sagavinaestartit.com\/fr\/la-creche-de-noel-au-musee-de-la-mediterranee\/#article","isPartOf":{"@id":"https:\/\/sagavinaestartit.com\/fr\/la-creche-de-noel-au-musee-de-la-mediterranee\/"},"author":{"name":"tecnico_alojapro","@id":"https:\/\/sagavinaestartit.com\/fr\/#\/schema\/person\/72b3f9a420869474351007377bde83c0"},"headline":"La Cr\u00e8che de No\u00ebl au Mus\u00e9e de la M\u00e9diterran\u00e9e","datePublished":"2018-04-08T13:45:27+00:00","mainEntityOfPage":{"@id":"https:\/\/sagavinaestartit.com\/fr\/la-creche-de-noel-au-musee-de-la-mediterranee\/"},"wordCount":106,"commentCount":0,"publisher":{"@id":"https:\/\/sagavinaestartit.com\/fr\/#organization"},"image":{"@id":"https:\/\/sagavinaestartit.com\/fr\/la-creche-de-noel-au-musee-de-la-mediterranee\/#primaryimage"},"thumbnailUrl":"https:\/\/sagavinaestartit.com\/wp-content\/uploads\/2018\/04\/large_belen_museo_mediterranea_alquiler_apartamentos_estartit.jpeg","articleSection":["Essentiels"],"inLanguage":"fr-FR","potentialAction":[{"@type":"CommentAction","name":"Comment","target":["https:\/\/sagavinaestartit.com\/fr\/la-creche-de-noel-au-musee-de-la-mediterranee\/#respond"]}]},{"@type":"WebPage","@id":"https:\/\/sagavinaestartit.com\/fr\/la-creche-de-noel-au-musee-de-la-mediterranee\/","url":"https:\/\/sagavinaestartit.com\/fr\/la-creche-de-noel-au-musee-de-la-mediterranee\/","name":"La Cr\u00e8che de No\u00ebl au Mus\u00e9e de la M\u00e9diterran\u00e9e | Sa Gavina Apartaments","isPartOf":{"@id":"https:\/\/sagavinaestartit.com\/fr\/#website"},"primaryImageOfPage":{"@id":"https:\/\/sagavinaestartit.com\/fr\/la-creche-de-noel-au-musee-de-la-mediterranee\/#primaryimage"},"image":{"@id":"https:\/\/sagavinaestartit.com\/fr\/la-creche-de-noel-au-musee-de-la-mediterranee\/#primaryimage"},"thumbnailUrl":"https:\/\/sagavinaestartit.com\/wp-content\/uploads\/2018\/04\/large_belen_museo_mediterranea_alquiler_apartamentos_estartit.jpeg","datePublished":"2018-04-08T13:45:27+00:00","breadcrumb":{"@id":"https:\/\/sagavinaestartit.com\/fr\/la-creche-de-noel-au-musee-de-la-mediterranee\/#breadcrumb"},"inLanguage":"fr-FR","potentialAction":[{"@type":"ReadAction","target":["https:\/\/sagavinaestartit.com\/fr\/la-creche-de-noel-au-musee-de-la-mediterranee\/"]}]},{"@type":"ImageObject","inLanguage":"fr-FR","@id":"https:\/\/sagavinaestartit.com\/fr\/la-creche-de-noel-au-musee-de-la-mediterranee\/#primaryimage","url":"https:\/\/sagavinaestartit.com\/wp-content\/uploads\/2018\/04\/large_belen_museo_mediterranea_alquiler_apartamentos_estartit.jpeg","contentUrl":"https:\/\/sagavinaestartit.com\/wp-content\/uploads\/2018\/04\/large_belen_museo_mediterranea_alquiler_apartamentos_estartit.jpeg","width":335,"height":223},{"@type":"BreadcrumbList","@id":"https:\/\/sagavinaestartit.com\/fr\/la-creche-de-noel-au-musee-de-la-mediterranee\/#breadcrumb","itemListElement":[{"@type":"ListItem","position":1,"name":"Portada","item":"https:\/\/sagavinaestartit.com\/fr\/home\/"},{"@type":"ListItem","position":2,"name":"La Cr\u00e8che de No\u00ebl au Mus\u00e9e de la M\u00e9diterran\u00e9e"}]},{"@type":"WebSite","@id":"https:\/\/sagavinaestartit.com\/fr\/#website","url":"https:\/\/sagavinaestartit.com\/fr\/","name":"Sa Gavina Apartaments","description":"Sa Gavina Apartments","publisher":{"@id":"https:\/\/sagavinaestartit.com\/fr\/#organization"},"potentialAction":[{"@type":"SearchAction","target":{"@type":"EntryPoint","urlTemplate":"https:\/\/sagavinaestartit.com\/fr\/?s={search_term_string}"},"query-input":{"@type":"PropertyValueSpecification","valueRequired":true,"valueName":"search_term_string"}}],"inLanguage":"fr-FR"},{"@type":"Organization","@id":"https:\/\/sagavinaestartit.com\/fr\/#organization","name":"Sa Gavina Apartments","url":"https:\/\/sagavinaestartit.com\/fr\/","logo":{"@type":"ImageObject","inLanguage":"fr-FR","@id":"https:\/\/sagavinaestartit.com\/fr\/#\/schema\/logo\/image\/","url":"https:\/\/sagavinaestartit.com\/wp-content\/uploads\/2024\/12\/3-1.png","contentUrl":"https:\/\/sagavinaestartit.com\/wp-content\/uploads\/2024\/12\/3-1.png","width":500,"height":200,"caption":"Sa Gavina Apartments"},"image":{"@id":"https:\/\/sagavinaestartit.com\/fr\/#\/schema\/logo\/image\/"}},{"@type":"Person","@id":"https:\/\/sagavinaestartit.com\/fr\/#\/schema\/person\/72b3f9a420869474351007377bde83c0","name":"tecnico_alojapro","sameAs":["https:\/\/sagavinaestartit.com"]}]}},"_links":{"self":[{"href":"https:\/\/sagavinaestartit.com\/fr\/wp-json\/wp\/v2\/posts\/29063","targetHints":{"allow":["GET"]}}],"collection":[{"href":"https:\/\/sagavinaestartit.com\/fr\/wp-json\/wp\/v2\/posts"}],"about":[{"href":"https:\/\/sagavinaestartit.com\/fr\/wp-json\/wp\/v2\/types\/post"}],"author":[{"embeddable":true,"href":"https:\/\/sagavinaestartit.com\/fr\/wp-json\/wp\/v2\/users\/1"}],"replies":[{"embeddable":true,"href":"https:\/\/sagavinaestartit.com\/fr\/wp-json\/wp\/v2\/comments?post=29063"}],"version-history":[{"count":0,"href":"https:\/\/sagavinaestartit.com\/fr\/wp-json\/wp\/v2\/posts\/29063\/revisions"}],"wp:featuredmedia":[{"embeddable":true,"href":"https:\/\/sagavinaestartit.com\/fr\/wp-json\/wp\/v2\/media\/26397"}],"wp:attachment":[{"href":"https:\/\/sagavinaestartit.com\/fr\/wp-json\/wp\/v2\/media?parent=29063"}],"wp:term":[{"taxonomy":"category","embeddable":true,"href":"https:\/\/sagavinaestartit.com\/fr\/wp-json\/wp\/v2\/categories?post=29063"},{"taxonomy":"post_tag","embeddable":true,"href":"https:\/\/sagavinaestartit.com\/fr\/wp-json\/wp\/v2\/tags?post=29063"}],"curies":[{"name":"wp","href":"https:\/\/api.w.org\/{rel}","templated":true}]}}