{"id":29051,"date":"2018-04-08T21:45:45","date_gmt":"2018-04-08T19:45:45","guid":{"rendered":"https:\/\/sagavinaestartit.com\/2018\/04\/08\/vacances-en-famille-location-dappartements-costa-brava\/"},"modified":"2018-04-08T21:45:45","modified_gmt":"2018-04-08T19:45:45","slug":"vacances-en-famille-location-dappartements-costa-brava","status":"publish","type":"post","link":"https:\/\/sagavinaestartit.com\/fr\/vacances-en-famille-location-dappartements-costa-brava\/","title":{"rendered":"Vacances en famille : Location d\u2019appartements Costa Brava"},"content":{"rendered":"<p style=\"font-weight: 400; text-align: justify;\">Il n&rsquo;y a rien de plus familier que l&rsquo;organisation de nos vacances en optant pour la location d&rsquo;un appartement \u00e0 la Costa Brava; en particulier dans l&rsquo;un des meilleurs endroits \u00e0 choisir: l&rsquo;Estartit.<\/p>\n<p style=\"font-weight: 400; text-align: justify;\">L&rsquo;Estartit, gr\u00e2ce \u00e0 sa situation g\u00e9ographique et le climat, puis le fait d&rsquo;\u00eatre dans le parc naturel de Montgr\u00ed, les Illes Medes et le Baix Ter, il a devenu l&rsquo;endroit id\u00e9al pour passer des vacances reposantes en famille. Il a \u00e9galement obtenu la marque de destination touristique familiale qui a \u00e9t\u00e9 d\u00e9cern\u00e9 par la Generalitat de Catalogne (lien).<\/p>\n<p style=\"font-weight: 400; text-align: justify;\">Estartit a des aires de jeux pour les enfants adapt\u00e9s \u00e0 diff\u00e9rents \u00e2ges, qu\u2019on peut trouver au cours du chemin ou bord de la mer et dans l\u2019int\u00e9rieur de la ville de Torroella.<\/p>\n<p style=\"font-weight: 400; text-align: justify;\">Ainsi, les f\u00eates et les foires qui sont pr\u00e9vues au cours de l&rsquo;\u00e9t\u00e9, sont sp\u00e9cialement con\u00e7ues pour les enfants et les jeunes avec toutes sortes d&rsquo;ateliers, des spectacles et des activit\u00e9s pour les enfants.<\/p>\n","protected":false},"excerpt":{"rendered":"<p>Il n&rsquo;y a rien de plus familier que l&rsquo;organisation de nos vacances en optant pour la location d&rsquo;un appartement \u00e0 la Costa Brava; en particulier dans l&rsquo;un des meilleurs endroits \u00e0 choisir: l&rsquo;Estartit. L&rsquo;Estartit, gr\u00e2ce \u00e0 sa situation g\u00e9ographique et  [&#8230;]<\/p>\n","protected":false},"author":1,"featured_media":26661,"comment_status":"open","ping_status":"open","sticky":false,"template":"","format":"standard","meta":{"footnotes":""},"categories":[131],"tags":[],"class_list":["post-29051","post","type-post","status-publish","format-standard","has-post-thumbnail","hentry","category-essentiels"],"yoast_head":"<!-- This site is optimized with the Yoast SEO plugin v27.1.1 - https:\/\/yoast.com\/product\/yoast-seo-wordpress\/ -->\n<title>Vacances en famille : Location d\u2019appartements Costa Brava | Sa Gavina Apartaments<\/title>\n<meta name=\"robots\" content=\"index, follow, max-snippet:-1, max-image-preview:large, max-video-preview:-1\" \/>\n<link rel=\"canonical\" href=\"https:\/\/sagavinaestartit.com\/fr\/vacances-en-famille-location-dappartements-costa-brava\/\" \/>\n<meta property=\"og:locale\" content=\"fr_FR\" \/>\n<meta property=\"og:type\" content=\"article\" \/>\n<meta property=\"og:title\" content=\"Vacances en famille : Location d\u2019appartements Costa Brava | Sa Gavina Apartaments\" \/>\n<meta property=\"og:description\" content=\"Il n&rsquo;y a rien de plus familier que l&rsquo;organisation de nos vacances en optant pour la location d&rsquo;un appartement \u00e0 la Costa Brava; en particulier dans l&rsquo;un des meilleurs endroits \u00e0 choisir: l&rsquo;Estartit. L&rsquo;Estartit, gr\u00e2ce \u00e0 sa situation g\u00e9ographique et [...]\" \/>\n<meta property=\"og:url\" content=\"https:\/\/sagavinaestartit.com\/fr\/vacances-en-famille-location-dappartements-costa-brava\/\" \/>\n<meta property=\"og:site_name\" content=\"Sa Gavina Apartaments\" \/>\n<meta property=\"article:published_time\" content=\"2018-04-08T19:45:45+00:00\" \/>\n<meta property=\"og:image\" content=\"https:\/\/sagavinaestartit.com\/wp-content\/uploads\/2018\/04\/alaplaya-1.jpg\" \/>\n\t<meta property=\"og:image:width\" content=\"600\" \/>\n\t<meta property=\"og:image:height\" content=\"400\" \/>\n\t<meta property=\"og:image:type\" content=\"image\/jpeg\" \/>\n<meta name=\"author\" content=\"tecnico_alojapro\" \/>\n<meta name=\"twitter:card\" content=\"summary_large_image\" \/>\n<meta name=\"twitter:label1\" content=\"\u00c9crit par\" \/>\n\t<meta name=\"twitter:data1\" content=\"tecnico_alojapro\" \/>\n\t<meta name=\"twitter:label2\" content=\"Dur\u00e9e de lecture estim\u00e9e\" \/>\n\t<meta name=\"twitter:data2\" content=\"1 minute\" \/>\n<script type=\"application\/ld+json\" class=\"yoast-schema-graph\">{\"@context\":\"https:\/\/schema.org\",\"@graph\":[{\"@type\":\"Article\",\"@id\":\"https:\/\/sagavinaestartit.com\/fr\/vacances-en-famille-location-dappartements-costa-brava\/#article\",\"isPartOf\":{\"@id\":\"https:\/\/sagavinaestartit.com\/fr\/vacances-en-famille-location-dappartements-costa-brava\/\"},\"author\":{\"name\":\"tecnico_alojapro\",\"@id\":\"https:\/\/sagavinaestartit.com\/fr\/#\/schema\/person\/72b3f9a420869474351007377bde83c0\"},\"headline\":\"Vacances en famille : Location d\u2019appartements Costa Brava\",\"datePublished\":\"2018-04-08T19:45:45+00:00\",\"mainEntityOfPage\":{\"@id\":\"https:\/\/sagavinaestartit.com\/fr\/vacances-en-famille-location-dappartements-costa-brava\/\"},\"wordCount\":186,\"commentCount\":0,\"publisher\":{\"@id\":\"https:\/\/sagavinaestartit.com\/fr\/#organization\"},\"image\":{\"@id\":\"https:\/\/sagavinaestartit.com\/fr\/vacances-en-famille-location-dappartements-costa-brava\/#primaryimage\"},\"thumbnailUrl\":\"https:\/\/sagavinaestartit.com\/wp-content\/uploads\/2018\/04\/alaplaya-1.jpg\",\"articleSection\":[\"Essentiels\"],\"inLanguage\":\"fr-FR\",\"potentialAction\":[{\"@type\":\"CommentAction\",\"name\":\"Comment\",\"target\":[\"https:\/\/sagavinaestartit.com\/fr\/vacances-en-famille-location-dappartements-costa-brava\/#respond\"]}]},{\"@type\":\"WebPage\",\"@id\":\"https:\/\/sagavinaestartit.com\/fr\/vacances-en-famille-location-dappartements-costa-brava\/\",\"url\":\"https:\/\/sagavinaestartit.com\/fr\/vacances-en-famille-location-dappartements-costa-brava\/\",\"name\":\"Vacances en famille : Location d\u2019appartements Costa Brava | Sa Gavina Apartaments\",\"isPartOf\":{\"@id\":\"https:\/\/sagavinaestartit.com\/fr\/#website\"},\"primaryImageOfPage\":{\"@id\":\"https:\/\/sagavinaestartit.com\/fr\/vacances-en-famille-location-dappartements-costa-brava\/#primaryimage\"},\"image\":{\"@id\":\"https:\/\/sagavinaestartit.com\/fr\/vacances-en-famille-location-dappartements-costa-brava\/#primaryimage\"},\"thumbnailUrl\":\"https:\/\/sagavinaestartit.com\/wp-content\/uploads\/2018\/04\/alaplaya-1.jpg\",\"datePublished\":\"2018-04-08T19:45:45+00:00\",\"breadcrumb\":{\"@id\":\"https:\/\/sagavinaestartit.com\/fr\/vacances-en-famille-location-dappartements-costa-brava\/#breadcrumb\"},\"inLanguage\":\"fr-FR\",\"potentialAction\":[{\"@type\":\"ReadAction\",\"target\":[\"https:\/\/sagavinaestartit.com\/fr\/vacances-en-famille-location-dappartements-costa-brava\/\"]}]},{\"@type\":\"ImageObject\",\"inLanguage\":\"fr-FR\",\"@id\":\"https:\/\/sagavinaestartit.com\/fr\/vacances-en-famille-location-dappartements-costa-brava\/#primaryimage\",\"url\":\"https:\/\/sagavinaestartit.com\/wp-content\/uploads\/2018\/04\/alaplaya-1.jpg\",\"contentUrl\":\"https:\/\/sagavinaestartit.com\/wp-content\/uploads\/2018\/04\/alaplaya-1.jpg\",\"width\":600,\"height\":400},{\"@type\":\"BreadcrumbList\",\"@id\":\"https:\/\/sagavinaestartit.com\/fr\/vacances-en-famille-location-dappartements-costa-brava\/#breadcrumb\",\"itemListElement\":[{\"@type\":\"ListItem\",\"position\":1,\"name\":\"Portada\",\"item\":\"https:\/\/sagavinaestartit.com\/fr\/home\/\"},{\"@type\":\"ListItem\",\"position\":2,\"name\":\"Vacances en famille : Location d\u2019appartements Costa Brava\"}]},{\"@type\":\"WebSite\",\"@id\":\"https:\/\/sagavinaestartit.com\/fr\/#website\",\"url\":\"https:\/\/sagavinaestartit.com\/fr\/\",\"name\":\"Sa Gavina Apartaments\",\"description\":\"Sa Gavina Apartments\",\"publisher\":{\"@id\":\"https:\/\/sagavinaestartit.com\/fr\/#organization\"},\"potentialAction\":[{\"@type\":\"SearchAction\",\"target\":{\"@type\":\"EntryPoint\",\"urlTemplate\":\"https:\/\/sagavinaestartit.com\/fr\/?s={search_term_string}\"},\"query-input\":{\"@type\":\"PropertyValueSpecification\",\"valueRequired\":true,\"valueName\":\"search_term_string\"}}],\"inLanguage\":\"fr-FR\"},{\"@type\":\"Organization\",\"@id\":\"https:\/\/sagavinaestartit.com\/fr\/#organization\",\"name\":\"Sa Gavina Apartments\",\"url\":\"https:\/\/sagavinaestartit.com\/fr\/\",\"logo\":{\"@type\":\"ImageObject\",\"inLanguage\":\"fr-FR\",\"@id\":\"https:\/\/sagavinaestartit.com\/fr\/#\/schema\/logo\/image\/\",\"url\":\"https:\/\/sagavinaestartit.com\/wp-content\/uploads\/2024\/12\/3-1.png\",\"contentUrl\":\"https:\/\/sagavinaestartit.com\/wp-content\/uploads\/2024\/12\/3-1.png\",\"width\":500,\"height\":200,\"caption\":\"Sa Gavina Apartments\"},\"image\":{\"@id\":\"https:\/\/sagavinaestartit.com\/fr\/#\/schema\/logo\/image\/\"}},{\"@type\":\"Person\",\"@id\":\"https:\/\/sagavinaestartit.com\/fr\/#\/schema\/person\/72b3f9a420869474351007377bde83c0\",\"name\":\"tecnico_alojapro\",\"sameAs\":[\"https:\/\/sagavinaestartit.com\"]}]}<\/script>\n<!-- \/ Yoast SEO plugin. -->","yoast_head_json":{"title":"Vacances en famille : Location d\u2019appartements Costa Brava | Sa Gavina Apartaments","robots":{"index":"index","follow":"follow","max-snippet":"max-snippet:-1","max-image-preview":"max-image-preview:large","max-video-preview":"max-video-preview:-1"},"canonical":"https:\/\/sagavinaestartit.com\/fr\/vacances-en-famille-location-dappartements-costa-brava\/","og_locale":"fr_FR","og_type":"article","og_title":"Vacances en famille : Location d\u2019appartements Costa Brava | Sa Gavina Apartaments","og_description":"Il n&rsquo;y a rien de plus familier que l&rsquo;organisation de nos vacances en optant pour la location d&rsquo;un appartement \u00e0 la Costa Brava; en particulier dans l&rsquo;un des meilleurs endroits \u00e0 choisir: l&rsquo;Estartit. L&rsquo;Estartit, gr\u00e2ce \u00e0 sa situation g\u00e9ographique et [...]","og_url":"https:\/\/sagavinaestartit.com\/fr\/vacances-en-famille-location-dappartements-costa-brava\/","og_site_name":"Sa Gavina Apartaments","article_published_time":"2018-04-08T19:45:45+00:00","og_image":[{"width":600,"height":400,"url":"https:\/\/sagavinaestartit.com\/wp-content\/uploads\/2018\/04\/alaplaya-1.jpg","type":"image\/jpeg"}],"author":"tecnico_alojapro","twitter_card":"summary_large_image","twitter_misc":{"\u00c9crit par":"tecnico_alojapro","Dur\u00e9e de lecture estim\u00e9e":"1 minute"},"schema":{"@context":"https:\/\/schema.org","@graph":[{"@type":"Article","@id":"https:\/\/sagavinaestartit.com\/fr\/vacances-en-famille-location-dappartements-costa-brava\/#article","isPartOf":{"@id":"https:\/\/sagavinaestartit.com\/fr\/vacances-en-famille-location-dappartements-costa-brava\/"},"author":{"name":"tecnico_alojapro","@id":"https:\/\/sagavinaestartit.com\/fr\/#\/schema\/person\/72b3f9a420869474351007377bde83c0"},"headline":"Vacances en famille : Location d\u2019appartements Costa Brava","datePublished":"2018-04-08T19:45:45+00:00","mainEntityOfPage":{"@id":"https:\/\/sagavinaestartit.com\/fr\/vacances-en-famille-location-dappartements-costa-brava\/"},"wordCount":186,"commentCount":0,"publisher":{"@id":"https:\/\/sagavinaestartit.com\/fr\/#organization"},"image":{"@id":"https:\/\/sagavinaestartit.com\/fr\/vacances-en-famille-location-dappartements-costa-brava\/#primaryimage"},"thumbnailUrl":"https:\/\/sagavinaestartit.com\/wp-content\/uploads\/2018\/04\/alaplaya-1.jpg","articleSection":["Essentiels"],"inLanguage":"fr-FR","potentialAction":[{"@type":"CommentAction","name":"Comment","target":["https:\/\/sagavinaestartit.com\/fr\/vacances-en-famille-location-dappartements-costa-brava\/#respond"]}]},{"@type":"WebPage","@id":"https:\/\/sagavinaestartit.com\/fr\/vacances-en-famille-location-dappartements-costa-brava\/","url":"https:\/\/sagavinaestartit.com\/fr\/vacances-en-famille-location-dappartements-costa-brava\/","name":"Vacances en famille : Location d\u2019appartements Costa Brava | Sa Gavina Apartaments","isPartOf":{"@id":"https:\/\/sagavinaestartit.com\/fr\/#website"},"primaryImageOfPage":{"@id":"https:\/\/sagavinaestartit.com\/fr\/vacances-en-famille-location-dappartements-costa-brava\/#primaryimage"},"image":{"@id":"https:\/\/sagavinaestartit.com\/fr\/vacances-en-famille-location-dappartements-costa-brava\/#primaryimage"},"thumbnailUrl":"https:\/\/sagavinaestartit.com\/wp-content\/uploads\/2018\/04\/alaplaya-1.jpg","datePublished":"2018-04-08T19:45:45+00:00","breadcrumb":{"@id":"https:\/\/sagavinaestartit.com\/fr\/vacances-en-famille-location-dappartements-costa-brava\/#breadcrumb"},"inLanguage":"fr-FR","potentialAction":[{"@type":"ReadAction","target":["https:\/\/sagavinaestartit.com\/fr\/vacances-en-famille-location-dappartements-costa-brava\/"]}]},{"@type":"ImageObject","inLanguage":"fr-FR","@id":"https:\/\/sagavinaestartit.com\/fr\/vacances-en-famille-location-dappartements-costa-brava\/#primaryimage","url":"https:\/\/sagavinaestartit.com\/wp-content\/uploads\/2018\/04\/alaplaya-1.jpg","contentUrl":"https:\/\/sagavinaestartit.com\/wp-content\/uploads\/2018\/04\/alaplaya-1.jpg","width":600,"height":400},{"@type":"BreadcrumbList","@id":"https:\/\/sagavinaestartit.com\/fr\/vacances-en-famille-location-dappartements-costa-brava\/#breadcrumb","itemListElement":[{"@type":"ListItem","position":1,"name":"Portada","item":"https:\/\/sagavinaestartit.com\/fr\/home\/"},{"@type":"ListItem","position":2,"name":"Vacances en famille : Location d\u2019appartements Costa Brava"}]},{"@type":"WebSite","@id":"https:\/\/sagavinaestartit.com\/fr\/#website","url":"https:\/\/sagavinaestartit.com\/fr\/","name":"Sa Gavina Apartaments","description":"Sa Gavina Apartments","publisher":{"@id":"https:\/\/sagavinaestartit.com\/fr\/#organization"},"potentialAction":[{"@type":"SearchAction","target":{"@type":"EntryPoint","urlTemplate":"https:\/\/sagavinaestartit.com\/fr\/?s={search_term_string}"},"query-input":{"@type":"PropertyValueSpecification","valueRequired":true,"valueName":"search_term_string"}}],"inLanguage":"fr-FR"},{"@type":"Organization","@id":"https:\/\/sagavinaestartit.com\/fr\/#organization","name":"Sa Gavina Apartments","url":"https:\/\/sagavinaestartit.com\/fr\/","logo":{"@type":"ImageObject","inLanguage":"fr-FR","@id":"https:\/\/sagavinaestartit.com\/fr\/#\/schema\/logo\/image\/","url":"https:\/\/sagavinaestartit.com\/wp-content\/uploads\/2024\/12\/3-1.png","contentUrl":"https:\/\/sagavinaestartit.com\/wp-content\/uploads\/2024\/12\/3-1.png","width":500,"height":200,"caption":"Sa Gavina Apartments"},"image":{"@id":"https:\/\/sagavinaestartit.com\/fr\/#\/schema\/logo\/image\/"}},{"@type":"Person","@id":"https:\/\/sagavinaestartit.com\/fr\/#\/schema\/person\/72b3f9a420869474351007377bde83c0","name":"tecnico_alojapro","sameAs":["https:\/\/sagavinaestartit.com"]}]}},"_links":{"self":[{"href":"https:\/\/sagavinaestartit.com\/fr\/wp-json\/wp\/v2\/posts\/29051","targetHints":{"allow":["GET"]}}],"collection":[{"href":"https:\/\/sagavinaestartit.com\/fr\/wp-json\/wp\/v2\/posts"}],"about":[{"href":"https:\/\/sagavinaestartit.com\/fr\/wp-json\/wp\/v2\/types\/post"}],"author":[{"embeddable":true,"href":"https:\/\/sagavinaestartit.com\/fr\/wp-json\/wp\/v2\/users\/1"}],"replies":[{"embeddable":true,"href":"https:\/\/sagavinaestartit.com\/fr\/wp-json\/wp\/v2\/comments?post=29051"}],"version-history":[{"count":0,"href":"https:\/\/sagavinaestartit.com\/fr\/wp-json\/wp\/v2\/posts\/29051\/revisions"}],"wp:featuredmedia":[{"embeddable":true,"href":"https:\/\/sagavinaestartit.com\/fr\/wp-json\/wp\/v2\/media\/26661"}],"wp:attachment":[{"href":"https:\/\/sagavinaestartit.com\/fr\/wp-json\/wp\/v2\/media?parent=29051"}],"wp:term":[{"taxonomy":"category","embeddable":true,"href":"https:\/\/sagavinaestartit.com\/fr\/wp-json\/wp\/v2\/categories?post=29051"},{"taxonomy":"post_tag","embeddable":true,"href":"https:\/\/sagavinaestartit.com\/fr\/wp-json\/wp\/v2\/tags?post=29051"}],"curies":[{"name":"wp","href":"https:\/\/api.w.org\/{rel}","templated":true}]}}