{"id":33971,"date":"2025-07-29T12:53:05","date_gmt":"2025-07-29T10:53:05","guid":{"rendered":"https:\/\/sagavinaestartit.com\/?p=33971"},"modified":"2025-07-29T12:53:06","modified_gmt":"2025-07-29T10:53:06","slug":"beach-days-and-sightseeing-on-the-costa-brava","status":"publish","type":"post","link":"https:\/\/sagavinaestartit.com\/en\/beach-days-and-sightseeing-on-the-costa-brava\/","title":{"rendered":"Beach days and sightseeing on the Costa Brava"},"content":{"rendered":"<p><div class=\"fusion-fullwidth fullwidth-box fusion-builder-row-1 fusion-flex-container has-pattern-background has-mask-background nonhundred-percent-fullwidth non-hundred-percent-height-scrolling\" style=\"--awb-border-radius-top-left:0px;--awb-border-radius-top-right:0px;--awb-border-radius-bottom-right:0px;--awb-border-radius-bottom-left:0px;--awb-flex-wrap:wrap;\" ><div class=\"fusion-builder-row fusion-row fusion-flex-align-items-flex-start fusion-flex-content-wrap\" style=\"max-width:1216.8px;margin-left: calc(-4% \/ 2 );margin-right: calc(-4% \/ 2 );\"><div class=\"fusion-layout-column fusion_builder_column fusion-builder-column-0 fusion_builder_column_1_1 1_1 fusion-flex-column\" style=\"--awb-bg-size:cover;--awb-width-large:100%;--awb-margin-top-large:0px;--awb-spacing-right-large:1.92%;--awb-margin-bottom-large:20px;--awb-spacing-left-large:1.92%;--awb-width-medium:100%;--awb-order-medium:0;--awb-spacing-right-medium:1.92%;--awb-spacing-left-medium:1.92%;--awb-width-small:100%;--awb-order-small:0;--awb-spacing-right-small:1.92%;--awb-spacing-left-small:1.92%;\"><div class=\"fusion-column-wrapper fusion-column-has-shadow fusion-flex-justify-content-flex-start fusion-content-layout-column\"><div class=\"fusion-text fusion-text-1\"><p>From l\u2019Estartit, you\u2019ll find a wide range of charming destinations to visit on the Costa Brava, just over an hour\u2019s drive away.<\/p>\n<p>Here\u2019s our selection of villages and spots where you can enjoy the beach in the morning and go for a stroll or a visit in the afternoon:<\/p>\n<\/div><\/div><\/div><\/div><\/div><div class=\"fusion-fullwidth fullwidth-box fusion-builder-row-2 fusion-flex-container has-pattern-background has-mask-background nonhundred-percent-fullwidth non-hundred-percent-height-scrolling\" style=\"--awb-border-radius-top-left:0px;--awb-border-radius-top-right:0px;--awb-border-radius-bottom-right:0px;--awb-border-radius-bottom-left:0px;--awb-flex-wrap:wrap;\" ><div class=\"fusion-builder-row fusion-row fusion-flex-align-items-flex-start fusion-flex-content-wrap\" style=\"max-width:1216.8px;margin-left: calc(-4% \/ 2 );margin-right: calc(-4% \/ 2 );\"><div class=\"fusion-layout-column fusion_builder_column fusion-builder-column-1 fusion_builder_column_1_1 1_1 fusion-flex-column\" style=\"--awb-bg-size:cover;--awb-width-large:100%;--awb-margin-top-large:0px;--awb-spacing-right-large:1.92%;--awb-margin-bottom-large:20px;--awb-spacing-left-large:1.92%;--awb-width-medium:100%;--awb-order-medium:0;--awb-spacing-right-medium:1.92%;--awb-spacing-left-medium:1.92%;--awb-width-small:100%;--awb-order-small:0;--awb-spacing-right-small:1.92%;--awb-spacing-left-small:1.92%;\"><div class=\"fusion-column-wrapper fusion-column-has-shadow fusion-flex-justify-content-flex-start fusion-content-layout-column\"><div class=\"fusion-title title fusion-title-1 fusion-title-text fusion-title-size-two\"><div class=\"title-sep-container title-sep-container-left fusion-no-large-visibility fusion-no-medium-visibility fusion-no-small-visibility\"><div class=\"title-sep sep- sep-solid\" style=\"border-color:var(--awb-color3);\"><\/div><\/div><span class=\"awb-title-spacer fusion-no-large-visibility fusion-no-medium-visibility fusion-no-small-visibility\"><\/span><h2 class=\"fusion-title-heading title-heading-left fusion-responsive-typography-calculated\" style=\"margin:0;--fontSize:26;line-height:var(--awb-typography1-line-height);\">Cadaqu\u00e9s \u2013 Salvador Dal\u00ed\u2019s House<\/h2><span class=\"awb-title-spacer\"><\/span><div class=\"title-sep-container title-sep-container-right\"><div class=\"title-sep sep- sep-solid\" style=\"border-color:var(--awb-color3);\"><\/div><\/div><\/div><div class=\"fusion-text fusion-text-2\"><p>In the heart of Cap de Creus lies Cadaqu\u00e9s, a unique village with a charming old town made up of narrow cobbled streets. Its beaches and coves inspired Salvador Dal\u00ed, who lived in a house in Portlligat \u2014 now a remarkable house-museum. Visitors can explore the painter\u2019s studio (where he lived from 1930 to 1982), along with his library, living areas, and a surrealist sculpture-filled garden.<\/p>\n<\/div><div class=\"fusion-image-element \" style=\"text-align:center;--awb-aspect-ratio:3 \/ 1;--awb-caption-title-font-family:var(--h2_typography-font-family);--awb-caption-title-font-weight:var(--h2_typography-font-weight);--awb-caption-title-font-style:var(--h2_typography-font-style);--awb-caption-title-size:var(--h2_typography-font-size);--awb-caption-title-transform:var(--h2_typography-text-transform);--awb-caption-title-line-height:var(--h2_typography-line-height);--awb-caption-title-letter-spacing:var(--h2_typography-letter-spacing);\"><span class=\" fusion-imageframe imageframe-none imageframe-1 hover-type-none has-aspect-ratio\"><a class=\"fusion-no-lightbox\" href=\"https:\/\/www.turismocadaques.com\/\" target=\"_blank\" aria-label=\"Cadaqu\u00e9s\" rel=\"noopener noreferrer\"><img decoding=\"async\" width=\"1000\" height=\"1000\" alt=\"Cadaqu\u00e9s\" src=\"https:\/\/sagavinaestartit.com\/wp-content\/uploads\/2025\/07\/Cadaques.webp\" data-orig-src=\"https:\/\/sagavinaestartit.com\/wp-content\/uploads\/2025\/07\/Cadaques.webp\" class=\"lazyload img-responsive wp-image-33897 img-with-aspect-ratio\" data-parent-fit=\"cover\" data-parent-container=\".fusion-image-element\" srcset=\"data:image\/svg+xml,%3Csvg%20xmlns%3D%27http%3A%2F%2Fwww.w3.org%2F2000%2Fsvg%27%20width%3D%271000%27%20height%3D%271000%27%20viewBox%3D%270%200%201000%201000%27%3E%3Crect%20width%3D%271000%27%20height%3D%271000%27%20fill-opacity%3D%220%22%2F%3E%3C%2Fsvg%3E\" data-srcset=\"https:\/\/sagavinaestartit.com\/wp-content\/uploads\/2025\/07\/Cadaques-200x200.webp 200w, https:\/\/sagavinaestartit.com\/wp-content\/uploads\/2025\/07\/Cadaques-400x400.webp 400w, https:\/\/sagavinaestartit.com\/wp-content\/uploads\/2025\/07\/Cadaques-600x600.webp 600w, https:\/\/sagavinaestartit.com\/wp-content\/uploads\/2025\/07\/Cadaques-800x800.webp 800w, https:\/\/sagavinaestartit.com\/wp-content\/uploads\/2025\/07\/Cadaques.webp 1000w\" data-sizes=\"auto\" data-orig-sizes=\"(max-width: 1024px) 100vw, (max-width: 640px) 100vw, 1000px\" \/><\/a><\/span><\/div><\/div><\/div><\/div><\/div><div class=\"fusion-fullwidth fullwidth-box fusion-builder-row-3 fusion-flex-container has-pattern-background has-mask-background nonhundred-percent-fullwidth non-hundred-percent-height-scrolling\" style=\"--awb-border-radius-top-left:0px;--awb-border-radius-top-right:0px;--awb-border-radius-bottom-right:0px;--awb-border-radius-bottom-left:0px;--awb-flex-wrap:wrap;\" ><div class=\"fusion-builder-row fusion-row fusion-flex-align-items-flex-start fusion-flex-content-wrap\" style=\"max-width:1216.8px;margin-left: calc(-4% \/ 2 );margin-right: calc(-4% \/ 2 );\"><div class=\"fusion-layout-column fusion_builder_column fusion-builder-column-2 fusion_builder_column_1_1 1_1 fusion-flex-column\" style=\"--awb-bg-size:cover;--awb-width-large:100%;--awb-margin-top-large:0px;--awb-spacing-right-large:1.92%;--awb-margin-bottom-large:20px;--awb-spacing-left-large:1.92%;--awb-width-medium:100%;--awb-order-medium:0;--awb-spacing-right-medium:1.92%;--awb-spacing-left-medium:1.92%;--awb-width-small:100%;--awb-order-small:0;--awb-spacing-right-small:1.92%;--awb-spacing-left-small:1.92%;\"><div class=\"fusion-column-wrapper fusion-column-has-shadow fusion-flex-justify-content-flex-start fusion-content-layout-column\"><div class=\"fusion-title title fusion-title-2 fusion-title-text fusion-title-size-two\"><div class=\"title-sep-container title-sep-container-left fusion-no-large-visibility fusion-no-medium-visibility fusion-no-small-visibility\"><div class=\"title-sep sep- sep-solid\" style=\"border-color:var(--awb-color3);\"><\/div><\/div><span class=\"awb-title-spacer fusion-no-large-visibility fusion-no-medium-visibility fusion-no-small-visibility\"><\/span><h2 class=\"fusion-title-heading title-heading-left fusion-responsive-typography-calculated\" style=\"margin:0;--fontSize:26;line-height:var(--awb-typography1-line-height);\">L\u2019Escala and Sant Mart\u00ed d\u2019Emp\u00faries<\/h2><span class=\"awb-title-spacer\"><\/span><div class=\"title-sep-container title-sep-container-right\"><div class=\"title-sep sep- sep-solid\" style=\"border-color:var(--awb-color3);\"><\/div><\/div><\/div><div class=\"fusion-text fusion-text-3\"><p>L\u2019Escala is famous for its anchovies and beaches, while Sant Mart\u00ed d\u2019Emp\u00faries stands out for its Greco-Roman ruins and charming medieval old town. Until 1064, Sant Mart\u00ed was the seat of the County of Emp\u00faries. In June 1992, the Olympic Flame arrived at Emp\u00faries beach on its way to the Barcelona Games. You can walk or cycle from L\u2019Escala to Sant Mart\u00ed along the coastal path, or take the tourist train during the summer.<\/p>\n<\/div><div class=\"fusion-image-element \" style=\"text-align:center;--awb-aspect-ratio:3 \/ 1;--awb-caption-title-font-family:var(--h2_typography-font-family);--awb-caption-title-font-weight:var(--h2_typography-font-weight);--awb-caption-title-font-style:var(--h2_typography-font-style);--awb-caption-title-size:var(--h2_typography-font-size);--awb-caption-title-transform:var(--h2_typography-text-transform);--awb-caption-title-line-height:var(--h2_typography-line-height);--awb-caption-title-letter-spacing:var(--h2_typography-letter-spacing);\"><span class=\" fusion-imageframe imageframe-none imageframe-2 hover-type-none has-aspect-ratio\"><a class=\"fusion-no-lightbox\" href=\"https:\/\/sagavinaestartit.com\/en\/ruins-of-empuries-complete-guide-to-visit-them\/\" target=\"_blank\" aria-label=\"L&#8217;escala\" rel=\"noopener noreferrer\"><img decoding=\"async\" width=\"1000\" height=\"1000\" alt=\"L&#039;escala\" src=\"https:\/\/sagavinaestartit.com\/wp-content\/uploads\/2025\/07\/Lescala.webp\" data-orig-src=\"https:\/\/sagavinaestartit.com\/wp-content\/uploads\/2025\/07\/Lescala.webp\" class=\"lazyload img-responsive wp-image-33933 img-with-aspect-ratio\" data-parent-fit=\"cover\" data-parent-container=\".fusion-image-element\" srcset=\"data:image\/svg+xml,%3Csvg%20xmlns%3D%27http%3A%2F%2Fwww.w3.org%2F2000%2Fsvg%27%20width%3D%271000%27%20height%3D%271000%27%20viewBox%3D%270%200%201000%201000%27%3E%3Crect%20width%3D%271000%27%20height%3D%271000%27%20fill-opacity%3D%220%22%2F%3E%3C%2Fsvg%3E\" data-srcset=\"https:\/\/sagavinaestartit.com\/wp-content\/uploads\/2025\/07\/Lescala-200x200.webp 200w, https:\/\/sagavinaestartit.com\/wp-content\/uploads\/2025\/07\/Lescala-400x400.webp 400w, https:\/\/sagavinaestartit.com\/wp-content\/uploads\/2025\/07\/Lescala-600x600.webp 600w, https:\/\/sagavinaestartit.com\/wp-content\/uploads\/2025\/07\/Lescala-800x800.webp 800w, https:\/\/sagavinaestartit.com\/wp-content\/uploads\/2025\/07\/Lescala.webp 1000w\" data-sizes=\"auto\" data-orig-sizes=\"(max-width: 1024px) 100vw, (max-width: 640px) 100vw, 1000px\" \/><\/a><\/span><\/div><\/div><\/div><\/div><\/div><div class=\"fusion-fullwidth fullwidth-box fusion-builder-row-4 fusion-flex-container has-pattern-background has-mask-background nonhundred-percent-fullwidth non-hundred-percent-height-scrolling\" style=\"--awb-border-radius-top-left:0px;--awb-border-radius-top-right:0px;--awb-border-radius-bottom-right:0px;--awb-border-radius-bottom-left:0px;--awb-flex-wrap:wrap;\" ><div class=\"fusion-builder-row fusion-row fusion-flex-align-items-flex-start fusion-flex-content-wrap\" style=\"max-width:1216.8px;margin-left: calc(-4% \/ 2 );margin-right: calc(-4% \/ 2 );\"><div class=\"fusion-layout-column fusion_builder_column fusion-builder-column-3 fusion_builder_column_1_1 1_1 fusion-flex-column\" style=\"--awb-bg-size:cover;--awb-width-large:100%;--awb-margin-top-large:0px;--awb-spacing-right-large:1.92%;--awb-margin-bottom-large:20px;--awb-spacing-left-large:1.92%;--awb-width-medium:100%;--awb-order-medium:0;--awb-spacing-right-medium:1.92%;--awb-spacing-left-medium:1.92%;--awb-width-small:100%;--awb-order-small:0;--awb-spacing-right-small:1.92%;--awb-spacing-left-small:1.92%;\"><div class=\"fusion-column-wrapper fusion-column-has-shadow fusion-flex-justify-content-flex-start fusion-content-layout-column\"><div class=\"fusion-title title fusion-title-3 fusion-title-text fusion-title-size-two\"><div class=\"title-sep-container title-sep-container-left fusion-no-large-visibility fusion-no-medium-visibility fusion-no-small-visibility\"><div class=\"title-sep sep- sep-solid\" style=\"border-color:var(--awb-color3);\"><\/div><\/div><span class=\"awb-title-spacer fusion-no-large-visibility fusion-no-medium-visibility fusion-no-small-visibility\"><\/span><h2 class=\"fusion-title-heading title-heading-left fusion-responsive-typography-calculated\" style=\"margin:0;--fontSize:26;line-height:var(--awb-typography1-line-height);\">Sant Pere Pescador and the Aiguamolls de l\u2019Empord\u00e0<\/h2><span class=\"awb-title-spacer\"><\/span><div class=\"title-sep-container title-sep-container-right\"><div class=\"title-sep sep- sep-solid\" style=\"border-color:var(--awb-color3);\"><\/div><\/div><\/div><div class=\"fusion-text fusion-text-4\"><p>Sant Pere Pescador is a gateway to one of the most iconic landscapes of the Costa Brava: the Aiguamolls de l\u2019Empord\u00e0 Natural Park. The variety of ecosystems is this Empord\u00e0 town\u2019s main attraction\u2014fruit orchards, the Fluvi\u00e0 River, a long sandy beach, and a protected natural park. Enjoy birdwatching, cycling, or practicing kitesurfing, sailing, or windsurfing.<\/p>\n<\/div><div class=\"fusion-image-element \" style=\"text-align:center;--awb-aspect-ratio:3 \/ 1;--awb-caption-title-font-family:var(--h2_typography-font-family);--awb-caption-title-font-weight:var(--h2_typography-font-weight);--awb-caption-title-font-style:var(--h2_typography-font-style);--awb-caption-title-size:var(--h2_typography-font-size);--awb-caption-title-transform:var(--h2_typography-text-transform);--awb-caption-title-line-height:var(--h2_typography-line-height);--awb-caption-title-letter-spacing:var(--h2_typography-letter-spacing);\"><span class=\" fusion-imageframe imageframe-none imageframe-3 hover-type-none has-aspect-ratio\"><a class=\"fusion-no-lightbox\" href=\"https:\/\/aiguamollsdelemporda.cat\/\" target=\"_blank\" aria-label=\"aiguamolls empord\u00e0\" rel=\"noopener noreferrer\"><img decoding=\"async\" width=\"1024\" height=\"679\" alt=\"aiguamolls empord\u00e0\" src=\"https:\/\/sagavinaestartit.com\/wp-content\/uploads\/2025\/07\/aiguamolls-emporda.webp\" data-orig-src=\"https:\/\/sagavinaestartit.com\/wp-content\/uploads\/2025\/07\/aiguamolls-emporda.webp\" class=\"lazyload img-responsive wp-image-33892 img-with-aspect-ratio\" data-parent-fit=\"cover\" data-parent-container=\".fusion-image-element\" srcset=\"data:image\/svg+xml,%3Csvg%20xmlns%3D%27http%3A%2F%2Fwww.w3.org%2F2000%2Fsvg%27%20width%3D%271024%27%20height%3D%27679%27%20viewBox%3D%270%200%201024%20679%27%3E%3Crect%20width%3D%271024%27%20height%3D%27679%27%20fill-opacity%3D%220%22%2F%3E%3C%2Fsvg%3E\" data-srcset=\"https:\/\/sagavinaestartit.com\/wp-content\/uploads\/2025\/07\/aiguamolls-emporda-200x133.webp 200w, https:\/\/sagavinaestartit.com\/wp-content\/uploads\/2025\/07\/aiguamolls-emporda-400x265.webp 400w, https:\/\/sagavinaestartit.com\/wp-content\/uploads\/2025\/07\/aiguamolls-emporda-600x398.webp 600w, https:\/\/sagavinaestartit.com\/wp-content\/uploads\/2025\/07\/aiguamolls-emporda-800x530.webp 800w, https:\/\/sagavinaestartit.com\/wp-content\/uploads\/2025\/07\/aiguamolls-emporda.webp 1024w\" data-sizes=\"auto\" data-orig-sizes=\"(max-width: 1024px) 100vw, (max-width: 640px) 100vw, 1024px\" \/><\/a><\/span><\/div><\/div><\/div><\/div><\/div><div class=\"fusion-fullwidth fullwidth-box fusion-builder-row-5 fusion-flex-container has-pattern-background has-mask-background nonhundred-percent-fullwidth non-hundred-percent-height-scrolling\" style=\"--awb-border-radius-top-left:0px;--awb-border-radius-top-right:0px;--awb-border-radius-bottom-right:0px;--awb-border-radius-bottom-left:0px;--awb-flex-wrap:wrap;\" ><div class=\"fusion-builder-row fusion-row fusion-flex-align-items-flex-start fusion-flex-content-wrap\" style=\"max-width:1216.8px;margin-left: calc(-4% \/ 2 );margin-right: calc(-4% \/ 2 );\"><div class=\"fusion-layout-column fusion_builder_column fusion-builder-column-4 fusion_builder_column_1_1 1_1 fusion-flex-column\" style=\"--awb-bg-size:cover;--awb-width-large:100%;--awb-margin-top-large:0px;--awb-spacing-right-large:1.92%;--awb-margin-bottom-large:20px;--awb-spacing-left-large:1.92%;--awb-width-medium:100%;--awb-order-medium:0;--awb-spacing-right-medium:1.92%;--awb-spacing-left-medium:1.92%;--awb-width-small:100%;--awb-order-small:0;--awb-spacing-right-small:1.92%;--awb-spacing-left-small:1.92%;\"><div class=\"fusion-column-wrapper fusion-column-has-shadow fusion-flex-justify-content-flex-start fusion-content-layout-column\"><div class=\"fusion-title title fusion-title-4 fusion-title-text fusion-title-size-two\"><div class=\"title-sep-container title-sep-container-left fusion-no-large-visibility fusion-no-medium-visibility fusion-no-small-visibility\"><div class=\"title-sep sep- sep-solid\" style=\"border-color:var(--awb-color3);\"><\/div><\/div><span class=\"awb-title-spacer fusion-no-large-visibility fusion-no-medium-visibility fusion-no-small-visibility\"><\/span><h2 class=\"fusion-title-heading title-heading-left fusion-responsive-typography-calculated\" style=\"margin:0;--fontSize:26;line-height:var(--awb-typography1-line-height);\">Calella de Palafrugell and La Bisbal d\u2019Empord\u00e0<\/h2><span class=\"awb-title-spacer\"><\/span><div class=\"title-sep-container title-sep-container-right\"><div class=\"title-sep sep- sep-solid\" style=\"border-color:var(--awb-color3);\"><\/div><\/div><\/div><div class=\"fusion-text fusion-text-5\"><p>This former fishing village has retained its charm, with whitewashed houses and crystal-clear coves. It\u2019s well known for the Cap Roig Festival and its traditional seafood cuisine.<\/p>\n<p>La Bisbal d\u2019Empord\u00e0 is famous for its handcrafted ceramics and artisan shops, but also has a rich medieval past, featuring a castle-palace and a well-preserved old town.<\/p>\n<\/div><div class=\"fusion-image-element \" style=\"text-align:center;--awb-aspect-ratio:3 \/ 1;--awb-caption-title-font-family:var(--h2_typography-font-family);--awb-caption-title-font-weight:var(--h2_typography-font-weight);--awb-caption-title-font-style:var(--h2_typography-font-style);--awb-caption-title-size:var(--h2_typography-font-size);--awb-caption-title-transform:var(--h2_typography-text-transform);--awb-caption-title-line-height:var(--h2_typography-line-height);--awb-caption-title-letter-spacing:var(--h2_typography-letter-spacing);\"><span class=\" fusion-imageframe imageframe-none imageframe-4 hover-type-none has-aspect-ratio\"><a class=\"fusion-no-lightbox\" href=\"https:\/\/catalunyaturisme.cat\/es\/calella-de-palafrugell\/%20%20\" target=\"_blank\" aria-label=\"Palafrugell\" rel=\"noopener noreferrer\"><img decoding=\"async\" width=\"1000\" height=\"1000\" alt=\"Calella de Palafrugell\" src=\"https:\/\/sagavinaestartit.com\/wp-content\/uploads\/2025\/07\/Palafrugell.webp\" data-orig-src=\"https:\/\/sagavinaestartit.com\/wp-content\/uploads\/2025\/07\/Palafrugell.webp\" class=\"lazyload img-responsive wp-image-33907 img-with-aspect-ratio\" data-parent-fit=\"cover\" data-parent-container=\".fusion-image-element\" srcset=\"data:image\/svg+xml,%3Csvg%20xmlns%3D%27http%3A%2F%2Fwww.w3.org%2F2000%2Fsvg%27%20width%3D%271000%27%20height%3D%271000%27%20viewBox%3D%270%200%201000%201000%27%3E%3Crect%20width%3D%271000%27%20height%3D%271000%27%20fill-opacity%3D%220%22%2F%3E%3C%2Fsvg%3E\" data-srcset=\"https:\/\/sagavinaestartit.com\/wp-content\/uploads\/2025\/07\/Palafrugell-200x200.webp 200w, https:\/\/sagavinaestartit.com\/wp-content\/uploads\/2025\/07\/Palafrugell-400x400.webp 400w, https:\/\/sagavinaestartit.com\/wp-content\/uploads\/2025\/07\/Palafrugell-600x600.webp 600w, https:\/\/sagavinaestartit.com\/wp-content\/uploads\/2025\/07\/Palafrugell-800x800.webp 800w, https:\/\/sagavinaestartit.com\/wp-content\/uploads\/2025\/07\/Palafrugell.webp 1000w\" data-sizes=\"auto\" data-orig-sizes=\"(max-width: 1024px) 100vw, (max-width: 640px) 100vw, 1000px\" \/><\/a><\/span><\/div><\/div><\/div><\/div><\/div><div class=\"fusion-fullwidth fullwidth-box fusion-builder-row-6 fusion-flex-container has-pattern-background has-mask-background nonhundred-percent-fullwidth non-hundred-percent-height-scrolling\" style=\"--awb-border-radius-top-left:0px;--awb-border-radius-top-right:0px;--awb-border-radius-bottom-right:0px;--awb-border-radius-bottom-left:0px;--awb-flex-wrap:wrap;\" ><div class=\"fusion-builder-row fusion-row fusion-flex-align-items-flex-start fusion-flex-content-wrap\" style=\"max-width:1216.8px;margin-left: calc(-4% \/ 2 );margin-right: calc(-4% \/ 2 );\"><div class=\"fusion-layout-column fusion_builder_column fusion-builder-column-5 fusion_builder_column_1_1 1_1 fusion-flex-column\" style=\"--awb-bg-size:cover;--awb-width-large:100%;--awb-margin-top-large:0px;--awb-spacing-right-large:1.92%;--awb-margin-bottom-large:20px;--awb-spacing-left-large:1.92%;--awb-width-medium:100%;--awb-order-medium:0;--awb-spacing-right-medium:1.92%;--awb-spacing-left-medium:1.92%;--awb-width-small:100%;--awb-order-small:0;--awb-spacing-right-small:1.92%;--awb-spacing-left-small:1.92%;\"><div class=\"fusion-column-wrapper fusion-column-has-shadow fusion-flex-justify-content-flex-start fusion-content-layout-column\"><div class=\"fusion-title title fusion-title-5 fusion-title-text fusion-title-size-two\"><div class=\"title-sep-container title-sep-container-left fusion-no-large-visibility fusion-no-medium-visibility fusion-no-small-visibility\"><div class=\"title-sep sep- sep-solid\" style=\"border-color:var(--awb-color3);\"><\/div><\/div><span class=\"awb-title-spacer fusion-no-large-visibility fusion-no-medium-visibility fusion-no-small-visibility\"><\/span><h2 class=\"fusion-title-heading title-heading-left fusion-responsive-typography-calculated\" style=\"margin:0;--fontSize:26;line-height:var(--awb-typography1-line-height);\">Begur and Peratallada \u2013 Secret coves and postcard views<\/h2><span class=\"awb-title-spacer\"><\/span><div class=\"title-sep-container title-sep-container-right\"><div class=\"title-sep sep- sep-solid\" style=\"border-color:var(--awb-color3);\"><\/div><\/div><\/div><div class=\"fusion-text fusion-text-6\"><p>Begur\u2019s old town exudes colonial charm, but its best-kept treasures are hidden in coves like Sa Tuna, Aiguablava, or Fornells. Small beaches nestled between cliffs, with crystal-clear waters, ideal for those seeking natural beauty without the crowds.<\/p>\n<p>Peratallada is one of the best-preserved medieval villages in the region: narrow alleyways, hidden squares, and stone everywhere. A place where time stands still \u2014 perfect for a relaxed afternoon filled with history and fine local cuisine.<\/p>\n<\/div><div class=\"fusion-image-element \" style=\"text-align:center;--awb-aspect-ratio:3 \/ 1;--awb-caption-title-font-family:var(--h2_typography-font-family);--awb-caption-title-font-weight:var(--h2_typography-font-weight);--awb-caption-title-font-style:var(--h2_typography-font-style);--awb-caption-title-size:var(--h2_typography-font-size);--awb-caption-title-transform:var(--h2_typography-text-transform);--awb-caption-title-line-height:var(--h2_typography-line-height);--awb-caption-title-letter-spacing:var(--h2_typography-letter-spacing);\"><span class=\" fusion-imageframe imageframe-none imageframe-5 hover-type-none has-aspect-ratio\"><a class=\"fusion-no-lightbox\" href=\"https:\/\/sagavinaestartit.com\/en\/medieval-villages-near-lestartit\/\" target=\"_blank\" aria-label=\"Peratallada\" rel=\"noopener noreferrer\"><img decoding=\"async\" width=\"1000\" height=\"1000\" alt=\"Peratallada\" src=\"https:\/\/sagavinaestartit.com\/wp-content\/uploads\/2025\/06\/Peratallada.webp\" data-orig-src=\"https:\/\/sagavinaestartit.com\/wp-content\/uploads\/2025\/06\/Peratallada.webp\" class=\"lazyload img-responsive wp-image-32410 img-with-aspect-ratio\" data-parent-fit=\"cover\" data-parent-container=\".fusion-image-element\" srcset=\"data:image\/svg+xml,%3Csvg%20xmlns%3D%27http%3A%2F%2Fwww.w3.org%2F2000%2Fsvg%27%20width%3D%271000%27%20height%3D%271000%27%20viewBox%3D%270%200%201000%201000%27%3E%3Crect%20width%3D%271000%27%20height%3D%271000%27%20fill-opacity%3D%220%22%2F%3E%3C%2Fsvg%3E\" data-srcset=\"https:\/\/sagavinaestartit.com\/wp-content\/uploads\/2025\/06\/Peratallada-200x200.webp 200w, https:\/\/sagavinaestartit.com\/wp-content\/uploads\/2025\/06\/Peratallada-400x400.webp 400w, https:\/\/sagavinaestartit.com\/wp-content\/uploads\/2025\/06\/Peratallada-600x600.webp 600w, https:\/\/sagavinaestartit.com\/wp-content\/uploads\/2025\/06\/Peratallada-800x800.webp 800w, https:\/\/sagavinaestartit.com\/wp-content\/uploads\/2025\/06\/Peratallada.webp 1000w\" data-sizes=\"auto\" data-orig-sizes=\"(max-width: 1024px) 100vw, (max-width: 640px) 100vw, 1000px\" \/><\/a><\/span><\/div><\/div><\/div><\/div><\/div><div class=\"fusion-fullwidth fullwidth-box fusion-builder-row-7 fusion-flex-container has-pattern-background has-mask-background nonhundred-percent-fullwidth non-hundred-percent-height-scrolling\" style=\"--awb-border-radius-top-left:0px;--awb-border-radius-top-right:0px;--awb-border-radius-bottom-right:0px;--awb-border-radius-bottom-left:0px;--awb-flex-wrap:wrap;\" ><div class=\"fusion-builder-row fusion-row fusion-flex-align-items-flex-start fusion-flex-content-wrap\" style=\"max-width:1216.8px;margin-left: calc(-4% \/ 2 );margin-right: calc(-4% \/ 2 );\"><div class=\"fusion-layout-column fusion_builder_column fusion-builder-column-6 fusion_builder_column_1_1 1_1 fusion-flex-column\" style=\"--awb-bg-size:cover;--awb-width-large:100%;--awb-margin-top-large:0px;--awb-spacing-right-large:1.92%;--awb-margin-bottom-large:20px;--awb-spacing-left-large:1.92%;--awb-width-medium:100%;--awb-order-medium:0;--awb-spacing-right-medium:1.92%;--awb-spacing-left-medium:1.92%;--awb-width-small:100%;--awb-order-small:0;--awb-spacing-right-small:1.92%;--awb-spacing-left-small:1.92%;\"><div class=\"fusion-column-wrapper fusion-column-has-shadow fusion-flex-justify-content-flex-start fusion-content-layout-column\"><div class=\"fusion-title title fusion-title-6 fusion-title-text fusion-title-size-two\"><div class=\"title-sep-container title-sep-container-left fusion-no-large-visibility fusion-no-medium-visibility fusion-no-small-visibility\"><div class=\"title-sep sep- sep-solid\" style=\"border-color:var(--awb-color3);\"><\/div><\/div><span class=\"awb-title-spacer fusion-no-large-visibility fusion-no-medium-visibility fusion-no-small-visibility\"><\/span><h2 class=\"fusion-title-heading title-heading-left fusion-responsive-typography-calculated\" style=\"margin:0;--fontSize:26;line-height:var(--awb-typography1-line-height);\">Platja d\u2019Aro \u2013 Sant Feliu de Gu\u00edxols \u2013 Palam\u00f3s<\/h2><span class=\"awb-title-spacer\"><\/span><div class=\"title-sep-container title-sep-container-right\"><div class=\"title-sep sep- sep-solid\" style=\"border-color:var(--awb-color3);\"><\/div><\/div><\/div><div class=\"fusion-text fusion-text-7\"><p>These three towns on the Costa Brava are full of hidden gems: coves, cliffs, stunning beaches, and rich cultural heritage.<\/p>\n<p>In Sant Feliu de Gu\u00edxols, the Benedictine monastery and its Porta Ferrada archway are iconic landmarks. Palam\u00f3s originated around its port, which is still active with commercial and fishing operations. Platja d\u2019Aro is the most touristic: stroll and shop in the cooler afternoons, then enjoy the lively terraces, bars, and restaurants once the sun goes down.<\/p>\n<\/div><div class=\"fusion-image-element \" style=\"text-align:center;--awb-aspect-ratio:3 \/ 1;--awb-caption-title-font-family:var(--h2_typography-font-family);--awb-caption-title-font-weight:var(--h2_typography-font-weight);--awb-caption-title-font-style:var(--h2_typography-font-style);--awb-caption-title-size:var(--h2_typography-font-size);--awb-caption-title-transform:var(--h2_typography-text-transform);--awb-caption-title-line-height:var(--h2_typography-line-height);--awb-caption-title-letter-spacing:var(--h2_typography-letter-spacing);\"><span class=\" fusion-imageframe imageframe-none imageframe-6 hover-type-none has-aspect-ratio\"><a class=\"fusion-no-lightbox\" href=\"https:\/\/costabrava.org\/es\/blog\/planes-perfectos-para-toda-la-familia-en-platja-daro\/\" target=\"_blank\" aria-label=\"Sa Conca\" rel=\"noopener noreferrer\"><img decoding=\"async\" width=\"1000\" height=\"1000\" alt=\"Sa Conca\" src=\"https:\/\/sagavinaestartit.com\/wp-content\/uploads\/2025\/07\/Sa-Conca.webp\" data-orig-src=\"https:\/\/sagavinaestartit.com\/wp-content\/uploads\/2025\/07\/Sa-Conca.webp\" class=\"lazyload img-responsive wp-image-33912 img-with-aspect-ratio\" data-parent-fit=\"cover\" data-parent-container=\".fusion-image-element\" srcset=\"data:image\/svg+xml,%3Csvg%20xmlns%3D%27http%3A%2F%2Fwww.w3.org%2F2000%2Fsvg%27%20width%3D%271000%27%20height%3D%271000%27%20viewBox%3D%270%200%201000%201000%27%3E%3Crect%20width%3D%271000%27%20height%3D%271000%27%20fill-opacity%3D%220%22%2F%3E%3C%2Fsvg%3E\" data-srcset=\"https:\/\/sagavinaestartit.com\/wp-content\/uploads\/2025\/07\/Sa-Conca-200x200.webp 200w, https:\/\/sagavinaestartit.com\/wp-content\/uploads\/2025\/07\/Sa-Conca-400x400.webp 400w, https:\/\/sagavinaestartit.com\/wp-content\/uploads\/2025\/07\/Sa-Conca-600x600.webp 600w, https:\/\/sagavinaestartit.com\/wp-content\/uploads\/2025\/07\/Sa-Conca-800x800.webp 800w, https:\/\/sagavinaestartit.com\/wp-content\/uploads\/2025\/07\/Sa-Conca.webp 1000w\" data-sizes=\"auto\" data-orig-sizes=\"(max-width: 1024px) 100vw, (max-width: 640px) 100vw, 1000px\" \/><\/a><\/span><\/div><\/div><\/div><\/div><\/div><div class=\"fusion-fullwidth fullwidth-box fusion-builder-row-8 fusion-flex-container has-pattern-background has-mask-background nonhundred-percent-fullwidth non-hundred-percent-height-scrolling\" style=\"--awb-border-radius-top-left:0px;--awb-border-radius-top-right:0px;--awb-border-radius-bottom-right:0px;--awb-border-radius-bottom-left:0px;--awb-flex-wrap:wrap;\" ><div class=\"fusion-builder-row fusion-row fusion-flex-align-items-flex-start fusion-flex-content-wrap\" style=\"max-width:1216.8px;margin-left: calc(-4% \/ 2 );margin-right: calc(-4% \/ 2 );\"><div class=\"fusion-layout-column fusion_builder_column fusion-builder-column-7 fusion_builder_column_1_1 1_1 fusion-flex-column\" style=\"--awb-bg-size:cover;--awb-width-large:100%;--awb-margin-top-large:0px;--awb-spacing-right-large:1.92%;--awb-margin-bottom-large:20px;--awb-spacing-left-large:1.92%;--awb-width-medium:100%;--awb-order-medium:0;--awb-spacing-right-medium:1.92%;--awb-spacing-left-medium:1.92%;--awb-width-small:100%;--awb-order-small:0;--awb-spacing-right-small:1.92%;--awb-spacing-left-small:1.92%;\"><div class=\"fusion-column-wrapper fusion-column-has-shadow fusion-flex-justify-content-flex-start fusion-content-layout-column\"><div class=\"fusion-title title fusion-title-7 fusion-title-text fusion-title-size-two\"><div class=\"title-sep-container title-sep-container-left fusion-no-large-visibility fusion-no-medium-visibility fusion-no-small-visibility\"><div class=\"title-sep sep- sep-solid\" style=\"border-color:var(--awb-color3);\"><\/div><\/div><span class=\"awb-title-spacer fusion-no-large-visibility fusion-no-medium-visibility fusion-no-small-visibility\"><\/span><h2 class=\"fusion-title-heading title-heading-left fusion-responsive-typography-calculated\" style=\"margin:0;--fontSize:26;line-height:var(--awb-typography1-line-height);\">Tossa de Mar<\/h2><span class=\"awb-title-spacer\"><\/span><div class=\"title-sep-container title-sep-container-right\"><div class=\"title-sep sep- sep-solid\" style=\"border-color:var(--awb-color3);\"><\/div><\/div><\/div><div class=\"fusion-text fusion-text-8\"><p>Tossa de Mar is known for its beaches and coves set in a virtually untouched natural landscape. The town features a walled enclosure of Roman origin, alongside remarkable medieval and modernist heritage. It also offers great local cuisine, making it the perfect destination for those seeking nature, history, and gastronomy by the sea.<\/p>\n<\/div><div class=\"fusion-image-element \" style=\"text-align:center;--awb-aspect-ratio:3 \/ 1;--awb-caption-title-font-family:var(--h2_typography-font-family);--awb-caption-title-font-weight:var(--h2_typography-font-weight);--awb-caption-title-font-style:var(--h2_typography-font-style);--awb-caption-title-size:var(--h2_typography-font-size);--awb-caption-title-transform:var(--h2_typography-text-transform);--awb-caption-title-line-height:var(--h2_typography-line-height);--awb-caption-title-letter-spacing:var(--h2_typography-letter-spacing);\"><span class=\" fusion-imageframe imageframe-none imageframe-7 hover-type-none has-aspect-ratio\"><a class=\"fusion-no-lightbox\" href=\"https:\/\/visittossa.com\/es\/\" target=\"_blank\" aria-label=\"Tossa de Mar\" rel=\"noopener noreferrer\"><img decoding=\"async\" width=\"1000\" height=\"1000\" alt=\"Tossa de Mar\" src=\"https:\/\/sagavinaestartit.com\/wp-content\/uploads\/2025\/07\/Tossa-de-Mar.webp\" data-orig-src=\"https:\/\/sagavinaestartit.com\/wp-content\/uploads\/2025\/07\/Tossa-de-Mar.webp\" class=\"lazyload img-responsive wp-image-33917 img-with-aspect-ratio\" data-parent-fit=\"cover\" data-parent-container=\".fusion-image-element\" srcset=\"data:image\/svg+xml,%3Csvg%20xmlns%3D%27http%3A%2F%2Fwww.w3.org%2F2000%2Fsvg%27%20width%3D%271000%27%20height%3D%271000%27%20viewBox%3D%270%200%201000%201000%27%3E%3Crect%20width%3D%271000%27%20height%3D%271000%27%20fill-opacity%3D%220%22%2F%3E%3C%2Fsvg%3E\" data-srcset=\"https:\/\/sagavinaestartit.com\/wp-content\/uploads\/2025\/07\/Tossa-de-Mar-200x200.webp 200w, https:\/\/sagavinaestartit.com\/wp-content\/uploads\/2025\/07\/Tossa-de-Mar-400x400.webp 400w, https:\/\/sagavinaestartit.com\/wp-content\/uploads\/2025\/07\/Tossa-de-Mar-600x600.webp 600w, https:\/\/sagavinaestartit.com\/wp-content\/uploads\/2025\/07\/Tossa-de-Mar-800x800.webp 800w, https:\/\/sagavinaestartit.com\/wp-content\/uploads\/2025\/07\/Tossa-de-Mar.webp 1000w\" data-sizes=\"auto\" data-orig-sizes=\"(max-width: 1024px) 100vw, (max-width: 640px) 100vw, 1000px\" \/><\/a><\/span><\/div><\/div><\/div><\/div><\/div><div class=\"fusion-fullwidth fullwidth-box fusion-builder-row-9 fusion-flex-container has-pattern-background has-mask-background nonhundred-percent-fullwidth non-hundred-percent-height-scrolling\" style=\"--awb-border-radius-top-left:0px;--awb-border-radius-top-right:0px;--awb-border-radius-bottom-right:0px;--awb-border-radius-bottom-left:0px;--awb-flex-wrap:wrap;\" ><div class=\"fusion-builder-row fusion-row fusion-flex-align-items-flex-start fusion-flex-content-wrap\" style=\"max-width:1216.8px;margin-left: calc(-4% \/ 2 );margin-right: calc(-4% \/ 2 );\"><div class=\"fusion-layout-column fusion_builder_column fusion-builder-column-8 fusion_builder_column_1_1 1_1 fusion-flex-column\" style=\"--awb-bg-size:cover;--awb-width-large:100%;--awb-margin-top-large:0px;--awb-spacing-right-large:1.92%;--awb-margin-bottom-large:20px;--awb-spacing-left-large:1.92%;--awb-width-medium:100%;--awb-order-medium:0;--awb-spacing-right-medium:1.92%;--awb-spacing-left-medium:1.92%;--awb-width-small:100%;--awb-order-small:0;--awb-spacing-right-small:1.92%;--awb-spacing-left-small:1.92%;\"><div class=\"fusion-column-wrapper fusion-column-has-shadow fusion-flex-justify-content-flex-start fusion-content-layout-column\"><div class=\"fusion-title title fusion-title-8 fusion-title-text fusion-title-size-two\"><div class=\"title-sep-container title-sep-container-left fusion-no-large-visibility fusion-no-medium-visibility fusion-no-small-visibility\"><div class=\"title-sep sep- sep-solid\" style=\"border-color:var(--awb-color3);\"><\/div><\/div><span class=\"awb-title-spacer fusion-no-large-visibility fusion-no-medium-visibility fusion-no-small-visibility\"><\/span><h2 class=\"fusion-title-heading title-heading-left fusion-responsive-typography-calculated\" style=\"margin:0;--fontSize:26;line-height:var(--awb-typography1-line-height);\">Blanes<\/h2><span class=\"awb-title-spacer\"><\/span><div class=\"title-sep-container title-sep-container-right\"><div class=\"title-sep sep- sep-solid\" style=\"border-color:var(--awb-color3);\"><\/div><\/div><\/div><div class=\"fusion-text fusion-text-9\"><p>Blanes is known as the gateway to the Costa Brava, offering beautiful beaches, streets lined with Gothic and 19th-century houses, and a long history of inspiring artists and writers. Visitors can enjoy the Film Festival, the spectacular International Fireworks Competition, and water activities like kayaking and snorkeling.<\/p>\n<\/div><div class=\"fusion-image-element \" style=\"text-align:center;--awb-aspect-ratio:3 \/ 1;--awb-caption-title-font-family:var(--h2_typography-font-family);--awb-caption-title-font-weight:var(--h2_typography-font-weight);--awb-caption-title-font-style:var(--h2_typography-font-style);--awb-caption-title-size:var(--h2_typography-font-size);--awb-caption-title-transform:var(--h2_typography-text-transform);--awb-caption-title-line-height:var(--h2_typography-line-height);--awb-caption-title-letter-spacing:var(--h2_typography-letter-spacing);\"><span class=\" fusion-imageframe imageframe-none imageframe-8 hover-type-none has-aspect-ratio\"><a class=\"fusion-no-lightbox\" href=\"https:\/\/www.blanescostabrava.cat\/es\/\" target=\"_blank\" aria-label=\"Jard\u00edn Bot\u00e1nico Marimurtra\" rel=\"noopener noreferrer\"><img decoding=\"async\" width=\"1000\" height=\"1000\" alt=\"Jard\u00edn Bot\u00e1nico Marimurtra\" src=\"https:\/\/sagavinaestartit.com\/wp-content\/uploads\/2025\/07\/Jardin-Botanico-Marimurtra.webp\" data-orig-src=\"https:\/\/sagavinaestartit.com\/wp-content\/uploads\/2025\/07\/Jardin-Botanico-Marimurtra.webp\" class=\"lazyload img-responsive wp-image-33902 img-with-aspect-ratio\" data-parent-fit=\"cover\" data-parent-container=\".fusion-image-element\" srcset=\"data:image\/svg+xml,%3Csvg%20xmlns%3D%27http%3A%2F%2Fwww.w3.org%2F2000%2Fsvg%27%20width%3D%271000%27%20height%3D%271000%27%20viewBox%3D%270%200%201000%201000%27%3E%3Crect%20width%3D%271000%27%20height%3D%271000%27%20fill-opacity%3D%220%22%2F%3E%3C%2Fsvg%3E\" data-srcset=\"https:\/\/sagavinaestartit.com\/wp-content\/uploads\/2025\/07\/Jardin-Botanico-Marimurtra-200x200.webp 200w, https:\/\/sagavinaestartit.com\/wp-content\/uploads\/2025\/07\/Jardin-Botanico-Marimurtra-400x400.webp 400w, https:\/\/sagavinaestartit.com\/wp-content\/uploads\/2025\/07\/Jardin-Botanico-Marimurtra-600x600.webp 600w, https:\/\/sagavinaestartit.com\/wp-content\/uploads\/2025\/07\/Jardin-Botanico-Marimurtra-800x800.webp 800w, https:\/\/sagavinaestartit.com\/wp-content\/uploads\/2025\/07\/Jardin-Botanico-Marimurtra.webp 1000w\" data-sizes=\"auto\" data-orig-sizes=\"(max-width: 1024px) 100vw, (max-width: 640px) 100vw, 1000px\" \/><\/a><\/span><\/div><\/div><\/div><\/div><\/div><div class=\"fusion-fullwidth fullwidth-box fusion-builder-row-10 fusion-flex-container has-pattern-background has-mask-background nonhundred-percent-fullwidth non-hundred-percent-height-scrolling\" style=\"--awb-border-radius-top-left:0px;--awb-border-radius-top-right:0px;--awb-border-radius-bottom-right:0px;--awb-border-radius-bottom-left:0px;--awb-flex-wrap:wrap;\" ><div class=\"fusion-builder-row fusion-row fusion-flex-align-items-flex-start fusion-flex-content-wrap\" style=\"max-width:1216.8px;margin-left: calc(-4% \/ 2 );margin-right: calc(-4% \/ 2 );\"><div class=\"fusion-layout-column fusion_builder_column fusion-builder-column-9 fusion_builder_column_1_1 1_1 fusion-flex-column\" style=\"--awb-bg-size:cover;--awb-width-large:100%;--awb-margin-top-large:0px;--awb-spacing-right-large:1.92%;--awb-margin-bottom-large:20px;--awb-spacing-left-large:1.92%;--awb-width-medium:100%;--awb-order-medium:0;--awb-spacing-right-medium:1.92%;--awb-spacing-left-medium:1.92%;--awb-width-small:100%;--awb-order-small:0;--awb-spacing-right-small:1.92%;--awb-spacing-left-small:1.92%;\"><div class=\"fusion-column-wrapper fusion-column-has-shadow fusion-flex-justify-content-flex-start fusion-content-layout-column\"><div class=\"fusion-text fusion-text-10\"><p>Discover the best of Empord\u00e0 from l\u2019Estartit: charming villages, wild coves, archaeological sites, culture, and fun.<br \/>Our apartments in l\u2019Estartit are the perfect starting point to explore the most authentic spots of the Costa Brava.<\/p>\n<p>So pack the car, grab your camera, and get ready for adventure!<\/p>\n<h3>Will you come to visit us?<\/h3>\n<\/div><\/div><\/div><\/div><\/div><\/p>\n","protected":false},"excerpt":{"rendered":"","protected":false},"author":1,"featured_media":33922,"comment_status":"closed","ping_status":"closed","sticky":false,"template":"","format":"standard","meta":{"footnotes":""},"categories":[706,704,705,619,672,610],"tags":[579,493,538,638,554,496,580,581,613],"class_list":["post-33971","post","type-post","status-publish","format-standard","has-post-thumbnail","hentry","category-1-day-getaway","category-costa-brava-en","category-emporda-en","category-gastronomy","category-medieval-villages-route","category-what-to-do-with-children","tag-beach-estartit","tag-beautiful-villages-estartit","tag-costa-brava-en","tag-pet-friendly-apartment-in-estartit","tag-places-of-interest-en","tag-proximity-tourism","tag-route-estartit-en","tag-trekking","tag-what-to-do-with-children"],"yoast_head":"<!-- This site is optimized with the Yoast SEO plugin v27.1.1 - https:\/\/yoast.com\/product\/yoast-seo-wordpress\/ -->\n<title>Beach days and sightseeing on the Costa Brava | Apartamentos en l&#039;Estartit<\/title>\n<meta name=\"description\" content=\"Our selection of towns and places to enjoy the beach in the morning and take a stroll or visit in the afternoon.\" \/>\n<meta name=\"robots\" content=\"index, follow, max-snippet:-1, max-image-preview:large, max-video-preview:-1\" \/>\n<link rel=\"canonical\" href=\"https:\/\/sagavinaestartit.com\/en\/beach-days-and-sightseeing-on-the-costa-brava\/\" \/>\n<meta property=\"og:locale\" content=\"en_US\" \/>\n<meta property=\"og:type\" content=\"article\" \/>\n<meta property=\"og:title\" content=\"Beach days and sightseeing on the Costa Brava | Apartamentos en l&#039;Estartit\" \/>\n<meta property=\"og:description\" content=\"Our selection of towns and places to enjoy the beach in the morning and take a stroll or visit in the afternoon.\" \/>\n<meta property=\"og:url\" content=\"https:\/\/sagavinaestartit.com\/en\/beach-days-and-sightseeing-on-the-costa-brava\/\" \/>\n<meta property=\"og:site_name\" content=\"Apartamentos en l&#039;Estartit\" \/>\n<meta property=\"article:published_time\" content=\"2025-07-29T10:53:05+00:00\" \/>\n<meta property=\"article:modified_time\" content=\"2025-07-29T10:53:06+00:00\" \/>\n<meta property=\"og:image\" content=\"https:\/\/sagavinaestartit.com\/wp-content\/uploads\/2025\/07\/Visit-Costa-Brava-_-Estartit-scaled.webp\" \/>\n\t<meta property=\"og:image:width\" content=\"2560\" \/>\n\t<meta property=\"og:image:height\" content=\"1280\" \/>\n\t<meta property=\"og:image:type\" content=\"image\/webp\" \/>\n<meta name=\"author\" content=\"tecnico_alojapro\" \/>\n<meta name=\"twitter:card\" content=\"summary_large_image\" \/>\n<meta name=\"twitter:label1\" content=\"Written by\" \/>\n\t<meta name=\"twitter:data1\" content=\"tecnico_alojapro\" \/>\n\t<meta name=\"twitter:label2\" content=\"Est. reading time\" \/>\n\t<meta name=\"twitter:data2\" content=\"76 minutes\" \/>\n<script type=\"application\/ld+json\" class=\"yoast-schema-graph\">{\"@context\":\"https:\/\/schema.org\",\"@graph\":[{\"@type\":\"Article\",\"@id\":\"https:\/\/sagavinaestartit.com\/en\/beach-days-and-sightseeing-on-the-costa-brava\/#article\",\"isPartOf\":{\"@id\":\"https:\/\/sagavinaestartit.com\/en\/beach-days-and-sightseeing-on-the-costa-brava\/\"},\"author\":{\"name\":\"tecnico_alojapro\",\"@id\":\"https:\/\/sagavinaestartit.com\/en\/#\/schema\/person\/72b3f9a420869474351007377bde83c0\"},\"headline\":\"Beach days and sightseeing on the Costa Brava\",\"datePublished\":\"2025-07-29T10:53:05+00:00\",\"dateModified\":\"2025-07-29T10:53:06+00:00\",\"mainEntityOfPage\":{\"@id\":\"https:\/\/sagavinaestartit.com\/en\/beach-days-and-sightseeing-on-the-costa-brava\/\"},\"wordCount\":15164,\"publisher\":{\"@id\":\"https:\/\/sagavinaestartit.com\/en\/#organization\"},\"image\":{\"@id\":\"https:\/\/sagavinaestartit.com\/en\/beach-days-and-sightseeing-on-the-costa-brava\/#primaryimage\"},\"thumbnailUrl\":\"https:\/\/sagavinaestartit.com\/wp-content\/uploads\/2025\/07\/Visit-Costa-Brava-_-Estartit-scaled.webp\",\"keywords\":[\"Beach estartit\",\"beautiful villages estartit\",\"Costa Brava\",\"Pet-friendly apartment in Estartit\",\"places of interest\",\"proximity tourism\",\"route estartit\",\"Trekking\",\"What to do with children\"],\"articleSection\":[\"1 day getaway\",\"Costa Brava\",\"Empord\u00e0\",\"Gastronomy\",\"Medieval villages Route\",\"What to do with children\"],\"inLanguage\":\"en-US\"},{\"@type\":\"WebPage\",\"@id\":\"https:\/\/sagavinaestartit.com\/en\/beach-days-and-sightseeing-on-the-costa-brava\/\",\"url\":\"https:\/\/sagavinaestartit.com\/en\/beach-days-and-sightseeing-on-the-costa-brava\/\",\"name\":\"Beach days and sightseeing on the Costa Brava | Apartamentos en l&#039;Estartit\",\"isPartOf\":{\"@id\":\"https:\/\/sagavinaestartit.com\/en\/#website\"},\"primaryImageOfPage\":{\"@id\":\"https:\/\/sagavinaestartit.com\/en\/beach-days-and-sightseeing-on-the-costa-brava\/#primaryimage\"},\"image\":{\"@id\":\"https:\/\/sagavinaestartit.com\/en\/beach-days-and-sightseeing-on-the-costa-brava\/#primaryimage\"},\"thumbnailUrl\":\"https:\/\/sagavinaestartit.com\/wp-content\/uploads\/2025\/07\/Visit-Costa-Brava-_-Estartit-scaled.webp\",\"datePublished\":\"2025-07-29T10:53:05+00:00\",\"dateModified\":\"2025-07-29T10:53:06+00:00\",\"description\":\"Our selection of towns and places to enjoy the beach in the morning and take a stroll or visit in the afternoon.\",\"breadcrumb\":{\"@id\":\"https:\/\/sagavinaestartit.com\/en\/beach-days-and-sightseeing-on-the-costa-brava\/#breadcrumb\"},\"inLanguage\":\"en-US\",\"potentialAction\":[{\"@type\":\"ReadAction\",\"target\":[\"https:\/\/sagavinaestartit.com\/en\/beach-days-and-sightseeing-on-the-costa-brava\/\"]}]},{\"@type\":\"ImageObject\",\"inLanguage\":\"en-US\",\"@id\":\"https:\/\/sagavinaestartit.com\/en\/beach-days-and-sightseeing-on-the-costa-brava\/#primaryimage\",\"url\":\"https:\/\/sagavinaestartit.com\/wp-content\/uploads\/2025\/07\/Visit-Costa-Brava-_-Estartit-scaled.webp\",\"contentUrl\":\"https:\/\/sagavinaestartit.com\/wp-content\/uploads\/2025\/07\/Visit-Costa-Brava-_-Estartit-scaled.webp\",\"width\":2560,\"height\":1280},{\"@type\":\"BreadcrumbList\",\"@id\":\"https:\/\/sagavinaestartit.com\/en\/beach-days-and-sightseeing-on-the-costa-brava\/#breadcrumb\",\"itemListElement\":[{\"@type\":\"ListItem\",\"position\":1,\"name\":\"Portada\",\"item\":\"https:\/\/sagavinaestartit.com\/en\/home\/\"},{\"@type\":\"ListItem\",\"position\":2,\"name\":\"Beach days and sightseeing on the Costa Brava\"}]},{\"@type\":\"WebSite\",\"@id\":\"https:\/\/sagavinaestartit.com\/en\/#website\",\"url\":\"https:\/\/sagavinaestartit.com\/en\/\",\"name\":\"Sa Gavina Apartaments\",\"description\":\"Sa Gavina Apartments\",\"publisher\":{\"@id\":\"https:\/\/sagavinaestartit.com\/en\/#organization\"},\"potentialAction\":[{\"@type\":\"SearchAction\",\"target\":{\"@type\":\"EntryPoint\",\"urlTemplate\":\"https:\/\/sagavinaestartit.com\/en\/?s={search_term_string}\"},\"query-input\":{\"@type\":\"PropertyValueSpecification\",\"valueRequired\":true,\"valueName\":\"search_term_string\"}}],\"inLanguage\":\"en-US\"},{\"@type\":\"Organization\",\"@id\":\"https:\/\/sagavinaestartit.com\/en\/#organization\",\"name\":\"Sa Gavina Apartments\",\"url\":\"https:\/\/sagavinaestartit.com\/en\/\",\"logo\":{\"@type\":\"ImageObject\",\"inLanguage\":\"en-US\",\"@id\":\"https:\/\/sagavinaestartit.com\/en\/#\/schema\/logo\/image\/\",\"url\":\"https:\/\/sagavinaestartit.com\/wp-content\/uploads\/2024\/12\/3-1.png\",\"contentUrl\":\"https:\/\/sagavinaestartit.com\/wp-content\/uploads\/2024\/12\/3-1.png\",\"width\":500,\"height\":200,\"caption\":\"Sa Gavina Apartments\"},\"image\":{\"@id\":\"https:\/\/sagavinaestartit.com\/en\/#\/schema\/logo\/image\/\"}},{\"@type\":\"Person\",\"@id\":\"https:\/\/sagavinaestartit.com\/en\/#\/schema\/person\/72b3f9a420869474351007377bde83c0\",\"name\":\"tecnico_alojapro\",\"sameAs\":[\"https:\/\/sagavinaestartit.com\"]}]}<\/script>\n<!-- \/ Yoast SEO plugin. -->","yoast_head_json":{"title":"Beach days and sightseeing on the Costa Brava | Apartamentos en l&#039;Estartit","description":"Our selection of towns and places to enjoy the beach in the morning and take a stroll or visit in the afternoon.","robots":{"index":"index","follow":"follow","max-snippet":"max-snippet:-1","max-image-preview":"max-image-preview:large","max-video-preview":"max-video-preview:-1"},"canonical":"https:\/\/sagavinaestartit.com\/en\/beach-days-and-sightseeing-on-the-costa-brava\/","og_locale":"en_US","og_type":"article","og_title":"Beach days and sightseeing on the Costa Brava | Apartamentos en l&#039;Estartit","og_description":"Our selection of towns and places to enjoy the beach in the morning and take a stroll or visit in the afternoon.","og_url":"https:\/\/sagavinaestartit.com\/en\/beach-days-and-sightseeing-on-the-costa-brava\/","og_site_name":"Apartamentos en l&#039;Estartit","article_published_time":"2025-07-29T10:53:05+00:00","article_modified_time":"2025-07-29T10:53:06+00:00","og_image":[{"width":2560,"height":1280,"url":"https:\/\/sagavinaestartit.com\/wp-content\/uploads\/2025\/07\/Visit-Costa-Brava-_-Estartit-scaled.webp","type":"image\/webp"}],"author":"tecnico_alojapro","twitter_card":"summary_large_image","twitter_misc":{"Written by":"tecnico_alojapro","Est. reading time":"76 minutes"},"schema":{"@context":"https:\/\/schema.org","@graph":[{"@type":"Article","@id":"https:\/\/sagavinaestartit.com\/en\/beach-days-and-sightseeing-on-the-costa-brava\/#article","isPartOf":{"@id":"https:\/\/sagavinaestartit.com\/en\/beach-days-and-sightseeing-on-the-costa-brava\/"},"author":{"name":"tecnico_alojapro","@id":"https:\/\/sagavinaestartit.com\/en\/#\/schema\/person\/72b3f9a420869474351007377bde83c0"},"headline":"Beach days and sightseeing on the Costa Brava","datePublished":"2025-07-29T10:53:05+00:00","dateModified":"2025-07-29T10:53:06+00:00","mainEntityOfPage":{"@id":"https:\/\/sagavinaestartit.com\/en\/beach-days-and-sightseeing-on-the-costa-brava\/"},"wordCount":15164,"publisher":{"@id":"https:\/\/sagavinaestartit.com\/en\/#organization"},"image":{"@id":"https:\/\/sagavinaestartit.com\/en\/beach-days-and-sightseeing-on-the-costa-brava\/#primaryimage"},"thumbnailUrl":"https:\/\/sagavinaestartit.com\/wp-content\/uploads\/2025\/07\/Visit-Costa-Brava-_-Estartit-scaled.webp","keywords":["Beach estartit","beautiful villages estartit","Costa Brava","Pet-friendly apartment in Estartit","places of interest","proximity tourism","route estartit","Trekking","What to do with children"],"articleSection":["1 day getaway","Costa Brava","Empord\u00e0","Gastronomy","Medieval villages Route","What to do with children"],"inLanguage":"en-US"},{"@type":"WebPage","@id":"https:\/\/sagavinaestartit.com\/en\/beach-days-and-sightseeing-on-the-costa-brava\/","url":"https:\/\/sagavinaestartit.com\/en\/beach-days-and-sightseeing-on-the-costa-brava\/","name":"Beach days and sightseeing on the Costa Brava | Apartamentos en l&#039;Estartit","isPartOf":{"@id":"https:\/\/sagavinaestartit.com\/en\/#website"},"primaryImageOfPage":{"@id":"https:\/\/sagavinaestartit.com\/en\/beach-days-and-sightseeing-on-the-costa-brava\/#primaryimage"},"image":{"@id":"https:\/\/sagavinaestartit.com\/en\/beach-days-and-sightseeing-on-the-costa-brava\/#primaryimage"},"thumbnailUrl":"https:\/\/sagavinaestartit.com\/wp-content\/uploads\/2025\/07\/Visit-Costa-Brava-_-Estartit-scaled.webp","datePublished":"2025-07-29T10:53:05+00:00","dateModified":"2025-07-29T10:53:06+00:00","description":"Our selection of towns and places to enjoy the beach in the morning and take a stroll or visit in the afternoon.","breadcrumb":{"@id":"https:\/\/sagavinaestartit.com\/en\/beach-days-and-sightseeing-on-the-costa-brava\/#breadcrumb"},"inLanguage":"en-US","potentialAction":[{"@type":"ReadAction","target":["https:\/\/sagavinaestartit.com\/en\/beach-days-and-sightseeing-on-the-costa-brava\/"]}]},{"@type":"ImageObject","inLanguage":"en-US","@id":"https:\/\/sagavinaestartit.com\/en\/beach-days-and-sightseeing-on-the-costa-brava\/#primaryimage","url":"https:\/\/sagavinaestartit.com\/wp-content\/uploads\/2025\/07\/Visit-Costa-Brava-_-Estartit-scaled.webp","contentUrl":"https:\/\/sagavinaestartit.com\/wp-content\/uploads\/2025\/07\/Visit-Costa-Brava-_-Estartit-scaled.webp","width":2560,"height":1280},{"@type":"BreadcrumbList","@id":"https:\/\/sagavinaestartit.com\/en\/beach-days-and-sightseeing-on-the-costa-brava\/#breadcrumb","itemListElement":[{"@type":"ListItem","position":1,"name":"Portada","item":"https:\/\/sagavinaestartit.com\/en\/home\/"},{"@type":"ListItem","position":2,"name":"Beach days and sightseeing on the Costa Brava"}]},{"@type":"WebSite","@id":"https:\/\/sagavinaestartit.com\/en\/#website","url":"https:\/\/sagavinaestartit.com\/en\/","name":"Sa Gavina Apartaments","description":"Sa Gavina Apartments","publisher":{"@id":"https:\/\/sagavinaestartit.com\/en\/#organization"},"potentialAction":[{"@type":"SearchAction","target":{"@type":"EntryPoint","urlTemplate":"https:\/\/sagavinaestartit.com\/en\/?s={search_term_string}"},"query-input":{"@type":"PropertyValueSpecification","valueRequired":true,"valueName":"search_term_string"}}],"inLanguage":"en-US"},{"@type":"Organization","@id":"https:\/\/sagavinaestartit.com\/en\/#organization","name":"Sa Gavina Apartments","url":"https:\/\/sagavinaestartit.com\/en\/","logo":{"@type":"ImageObject","inLanguage":"en-US","@id":"https:\/\/sagavinaestartit.com\/en\/#\/schema\/logo\/image\/","url":"https:\/\/sagavinaestartit.com\/wp-content\/uploads\/2024\/12\/3-1.png","contentUrl":"https:\/\/sagavinaestartit.com\/wp-content\/uploads\/2024\/12\/3-1.png","width":500,"height":200,"caption":"Sa Gavina Apartments"},"image":{"@id":"https:\/\/sagavinaestartit.com\/en\/#\/schema\/logo\/image\/"}},{"@type":"Person","@id":"https:\/\/sagavinaestartit.com\/en\/#\/schema\/person\/72b3f9a420869474351007377bde83c0","name":"tecnico_alojapro","sameAs":["https:\/\/sagavinaestartit.com"]}]}},"_links":{"self":[{"href":"https:\/\/sagavinaestartit.com\/en\/wp-json\/wp\/v2\/posts\/33971","targetHints":{"allow":["GET"]}}],"collection":[{"href":"https:\/\/sagavinaestartit.com\/en\/wp-json\/wp\/v2\/posts"}],"about":[{"href":"https:\/\/sagavinaestartit.com\/en\/wp-json\/wp\/v2\/types\/post"}],"author":[{"embeddable":true,"href":"https:\/\/sagavinaestartit.com\/en\/wp-json\/wp\/v2\/users\/1"}],"replies":[{"embeddable":true,"href":"https:\/\/sagavinaestartit.com\/en\/wp-json\/wp\/v2\/comments?post=33971"}],"version-history":[{"count":0,"href":"https:\/\/sagavinaestartit.com\/en\/wp-json\/wp\/v2\/posts\/33971\/revisions"}],"wp:featuredmedia":[{"embeddable":true,"href":"https:\/\/sagavinaestartit.com\/en\/wp-json\/wp\/v2\/media\/33922"}],"wp:attachment":[{"href":"https:\/\/sagavinaestartit.com\/en\/wp-json\/wp\/v2\/media?parent=33971"}],"wp:term":[{"taxonomy":"category","embeddable":true,"href":"https:\/\/sagavinaestartit.com\/en\/wp-json\/wp\/v2\/categories?post=33971"},{"taxonomy":"post_tag","embeddable":true,"href":"https:\/\/sagavinaestartit.com\/en\/wp-json\/wp\/v2\/tags?post=33971"}],"curies":[{"name":"wp","href":"https:\/\/api.w.org\/{rel}","templated":true}]}}