{"id":35981,"date":"2019-09-02T13:35:43","date_gmt":"2019-09-02T11:35:43","guid":{"rendered":"https:\/\/sagavinaestartit.com\/els-gegants-i-figures-festives-de-torroella-de-montgri\/"},"modified":"2025-11-12T17:34:04","modified_gmt":"2025-11-12T16:34:04","slug":"gegants-i-figures-torroella-montgri","status":"publish","type":"post","link":"https:\/\/sagavinaestartit.com\/ca\/gegants-i-figures-torroella-montgri\/","title":{"rendered":"Els gegants i figures festives de Torroella de Montgr\u00ed"},"content":{"rendered":"<p>Torroella de Montgr\u00ed, t\u00e9 una tradici\u00f3 rica en cultura popular, sent una d&#8217;elles els gegants, els capgrossos i altres figures festives.<\/p>\n<p>Les primeres refer\u00e8ncies dels gegants i un drac s\u00f3n de 1608 i la primera parella de gegants (un home i una dona s\u00f3n de 1758)<\/p>\n<p>Aquestes figures han acompanyat generacions de torroellencs en celebracions, cercaviles i festes majors, convertint-se en un s\u00edmbol d&#8217;identitat local.<\/p>\n<h2><strong>\u201cMontgr\u00ed. Una hist\u00f2ria de gegants\u201d<\/strong><\/h2>\n<p>El 2019, el Museu de la Mediterr\u00e0nia i l&#8217;Associaci\u00f3 d&#8217;Amics dels gegants i capgrossos, de Torrroella de Montgr\u00ed van crear l&#8217;exposici\u00f3 &#8220;Montgr\u00ed. Una hist\u00f2ria de gegants&#8221; un projecte que va donar lloc a una sala permanent <strong><a href=\"https:\/\/www.museudelamediterrania.cat\/ca\/programacio\/c\/5232-la-sala-de-les-besties-i-dels-gegants.html\">&#8220;la Sala de les B\u00e8sties i Gegants&#8221;<\/a><\/strong><\/p>\n<p>La mostra, fruit d&#8217;un intens i exhaustiu treball de recerca en diferents arxius del pa\u00eds, \u00e9s comissariada per Xavier Cordom\u00ed, expert en el m\u00f3n de la imatgeria festiva de Catalunya que hi va escriure <a href=\"https:\/\/www.museudelamediterrania.cat\/pujades\/files\/Cat%C3%A0leg%20complet%20llibre%20dels%20gegants.pdf\">un llibre dedicat.<\/a><\/p>\n<p>L&#8217;exposici\u00f3 neix per la necessitat de fer un rep\u00e0s exhaustiu de la hist\u00f2ria dels gegants de <strong>Torroella de Montgr\u00ed<\/strong> des de la primera data documentada fins avui. La mostra \u00e9s una mirada als fets i esdeveniments m\u00e9s importants en qu\u00e8 els gegants han estat protagonistes, alhora, es vol recon\u00e8ixer el valu\u00f3s treball de les persones que els elaboren.<\/p>\n<p>Els nens que visitin la mostra podran posar-se un capgrossos<\/p>\n<p>Els visitants poden descobrir de prop les figures m\u00e9s emblem\u00e0tiques de la tradici\u00f3 local:<\/p>\n<ul>\n<li><strong>Gegants de Torroella de Montgr\u00ed<\/strong>: el<em> Gegant<\/em> i la <em>Geganta<\/em>, coneguts popularment com <em>El Porrer <\/em>(per la porra que sost\u00e9). Representen uns terratinents del municipi.<\/li>\n<li><strong>Drac de Torroella<\/strong>: amb refer\u00e8ncies hist\u00f2riques des del 1666, \u00e9s una de les peces m\u00e9s antigues i simb\u00f2liques de la imatgeria local.<\/li>\n<li><strong>Altres figures festives:<\/strong> els capgrossos i l&#8217;\u00c0liga, que participen activament a les festes i desfilades populars.<\/li>\n<\/ul>\n<p>Tamb\u00e9 hi ha els <strong>Gegants de l&#8217;Estartit<\/strong>: en Xiscu i na Remei, representen un pescador i una apeda\u00e7adora.<\/p>\n<p>Si veniu a passar uns dies en algun dels nostres apartaments a l&#8217;Estartit, Sa Gavina i us apassiona el m\u00f3n dels gegants, no us podeu perdre aquesta fant\u00e0stica exposici\u00f3. Una oportunitat \u00fanica per descobrir la <strong>hist\u00f2ria viva i festiva de Torroella de Montg<\/strong>r\u00ed on l&#8217;art popular i la identitat local es donen la m\u00e0.<\/p>\n<p>&nbsp;<\/p>\n","protected":false},"excerpt":{"rendered":"<p>Torroella de Montgr\u00ed, t\u00e9 una tradici\u00f3 rica en cultura popular, sent una d&#8217;elles els gegants, els capgrossos i altres figures festives. Les primeres refer\u00e8ncies dels gegants i un drac s\u00f3n de 1608 i la primera parella de gegants (un home  [&#8230;]<\/p>\n","protected":false},"author":1,"featured_media":35969,"comment_status":"closed","ping_status":"closed","sticky":false,"template":"","format":"standard","meta":{"footnotes":""},"categories":[116,675,676,677,119,600],"tags":[212,601,629,532,202,603,679,810],"class_list":["post-35981","post","type-post","status-publish","format-standard","has-post-thumbnail","hentry","category-activitats-a-lestartit","category-costa-brava","category-emporda","category-excursion-1-dia","category-novetats","category-que-fer-amb-nens-ca","tag-activitats-a-lestartit","tag-activitats-familiars-ca","tag-apartament-mascotes-estartit","tag-costa-brava-ca","tag-llocs-dinteres","tag-que-fer-amb-nens-ca","tag-que-hacer-en-lestartit","tag-tradicions-catalunya"],"yoast_head":"<!-- This site is optimized with the Yoast SEO plugin v27.1.1 - https:\/\/yoast.com\/product\/yoast-seo-wordpress\/ -->\n<title>Els gegants i figures festives de Torroella de Montgr\u00ed | Apartaments a l&#039;Estartit<\/title>\n<meta name=\"description\" content=\"Viu la m\u00e0gia dels gegants de Torroella de Montgr\u00ed: tradici\u00f3, art i cultura popular al Museu de la Mediterr\u00e0nia.\" \/>\n<meta name=\"robots\" content=\"index, follow, max-snippet:-1, max-image-preview:large, max-video-preview:-1\" \/>\n<link rel=\"canonical\" href=\"https:\/\/sagavinaestartit.com\/ca\/gegants-i-figures-torroella-montgri\/\" \/>\n<meta property=\"og:locale\" content=\"ca_ES\" \/>\n<meta property=\"og:type\" content=\"article\" \/>\n<meta property=\"og:title\" content=\"Els gegants i figures festives de Torroella de Montgr\u00ed | Apartaments a l&#039;Estartit\" \/>\n<meta property=\"og:description\" content=\"Viu la m\u00e0gia dels gegants de Torroella de Montgr\u00ed: tradici\u00f3, art i cultura popular al Museu de la Mediterr\u00e0nia.\" \/>\n<meta property=\"og:url\" content=\"https:\/\/sagavinaestartit.com\/ca\/gegants-i-figures-torroella-montgri\/\" \/>\n<meta property=\"og:site_name\" content=\"Apartaments a l&#039;Estartit\" \/>\n<meta property=\"article:published_time\" content=\"2019-09-02T11:35:43+00:00\" \/>\n<meta property=\"article:modified_time\" content=\"2025-11-12T16:34:04+00:00\" \/>\n<meta property=\"og:image\" content=\"https:\/\/sagavinaestartit.com\/wp-content\/uploads\/2019\/09\/Montgri-terra-de-gegants-scaled.webp\" \/>\n\t<meta property=\"og:image:width\" content=\"2560\" \/>\n\t<meta property=\"og:image:height\" content=\"1280\" \/>\n\t<meta property=\"og:image:type\" content=\"image\/webp\" \/>\n<meta name=\"author\" content=\"tecnico_alojapro\" \/>\n<meta name=\"twitter:card\" content=\"summary_large_image\" \/>\n<meta name=\"twitter:label1\" content=\"Escrit per\" \/>\n\t<meta name=\"twitter:data1\" content=\"tecnico_alojapro\" \/>\n\t<meta name=\"twitter:label2\" content=\"Temps estimat de lectura\" \/>\n\t<meta name=\"twitter:data2\" content=\"2 minuts\" \/>\n<script type=\"application\/ld+json\" class=\"yoast-schema-graph\">{\"@context\":\"https:\/\/schema.org\",\"@graph\":[{\"@type\":\"Article\",\"@id\":\"https:\/\/sagavinaestartit.com\/ca\/gegants-i-figures-torroella-montgri\/#article\",\"isPartOf\":{\"@id\":\"https:\/\/sagavinaestartit.com\/ca\/gegants-i-figures-torroella-montgri\/\"},\"author\":{\"name\":\"tecnico_alojapro\",\"@id\":\"https:\/\/sagavinaestartit.com\/ca\/#\/schema\/person\/72b3f9a420869474351007377bde83c0\"},\"headline\":\"Els gegants i figures festives de Torroella de Montgr\u00ed\",\"datePublished\":\"2019-09-02T11:35:43+00:00\",\"dateModified\":\"2025-11-12T16:34:04+00:00\",\"mainEntityOfPage\":{\"@id\":\"https:\/\/sagavinaestartit.com\/ca\/gegants-i-figures-torroella-montgri\/\"},\"wordCount\":409,\"publisher\":{\"@id\":\"https:\/\/sagavinaestartit.com\/ca\/#organization\"},\"image\":{\"@id\":\"https:\/\/sagavinaestartit.com\/ca\/gegants-i-figures-torroella-montgri\/#primaryimage\"},\"thumbnailUrl\":\"https:\/\/sagavinaestartit.com\/wp-content\/uploads\/2019\/09\/Montgri-terra-de-gegants-scaled.webp\",\"keywords\":[\"activitats a l'Estartit\",\"Activitats familiars\",\"apartament mascotes estartit\",\"Costa Brava\",\"llocs d'inter\u00e8s\",\"Que fer amb nens\",\"qu\u00e9 hacer en l'Estartit\",\"Tradicions Catalunya\"],\"articleSection\":[\"Activitats a l'Estartit\",\"Costa Brava\",\"Empord\u00e0\",\"Excursi\u00f3n 1 d\u00eda\",\"Novetats\",\"Que fer amb nens\"],\"inLanguage\":\"ca\"},{\"@type\":\"WebPage\",\"@id\":\"https:\/\/sagavinaestartit.com\/ca\/gegants-i-figures-torroella-montgri\/\",\"url\":\"https:\/\/sagavinaestartit.com\/ca\/gegants-i-figures-torroella-montgri\/\",\"name\":\"Els gegants i figures festives de Torroella de Montgr\u00ed | Apartaments a l'Estartit\",\"isPartOf\":{\"@id\":\"https:\/\/sagavinaestartit.com\/ca\/#website\"},\"primaryImageOfPage\":{\"@id\":\"https:\/\/sagavinaestartit.com\/ca\/gegants-i-figures-torroella-montgri\/#primaryimage\"},\"image\":{\"@id\":\"https:\/\/sagavinaestartit.com\/ca\/gegants-i-figures-torroella-montgri\/#primaryimage\"},\"thumbnailUrl\":\"https:\/\/sagavinaestartit.com\/wp-content\/uploads\/2019\/09\/Montgri-terra-de-gegants-scaled.webp\",\"datePublished\":\"2019-09-02T11:35:43+00:00\",\"dateModified\":\"2025-11-12T16:34:04+00:00\",\"description\":\"Viu la m\u00e0gia dels gegants de Torroella de Montgr\u00ed: tradici\u00f3, art i cultura popular al Museu de la Mediterr\u00e0nia.\",\"breadcrumb\":{\"@id\":\"https:\/\/sagavinaestartit.com\/ca\/gegants-i-figures-torroella-montgri\/#breadcrumb\"},\"inLanguage\":\"ca\",\"potentialAction\":[{\"@type\":\"ReadAction\",\"target\":[\"https:\/\/sagavinaestartit.com\/ca\/gegants-i-figures-torroella-montgri\/\"]}]},{\"@type\":\"ImageObject\",\"inLanguage\":\"ca\",\"@id\":\"https:\/\/sagavinaestartit.com\/ca\/gegants-i-figures-torroella-montgri\/#primaryimage\",\"url\":\"https:\/\/sagavinaestartit.com\/wp-content\/uploads\/2019\/09\/Montgri-terra-de-gegants-scaled.webp\",\"contentUrl\":\"https:\/\/sagavinaestartit.com\/wp-content\/uploads\/2019\/09\/Montgri-terra-de-gegants-scaled.webp\",\"width\":2560,\"height\":1280,\"caption\":\"Montgr\u00ed terra de gegants\"},{\"@type\":\"BreadcrumbList\",\"@id\":\"https:\/\/sagavinaestartit.com\/ca\/gegants-i-figures-torroella-montgri\/#breadcrumb\",\"itemListElement\":[{\"@type\":\"ListItem\",\"position\":1,\"name\":\"Portada\",\"item\":\"https:\/\/sagavinaestartit.com\/ca\/home\/\"},{\"@type\":\"ListItem\",\"position\":2,\"name\":\"Els gegants i figures festives de Torroella de Montgr\u00ed\"}]},{\"@type\":\"WebSite\",\"@id\":\"https:\/\/sagavinaestartit.com\/ca\/#website\",\"url\":\"https:\/\/sagavinaestartit.com\/ca\/\",\"name\":\"Sa Gavina Apartaments\",\"description\":\"Sa Gavina Apartaments\",\"publisher\":{\"@id\":\"https:\/\/sagavinaestartit.com\/ca\/#organization\"},\"potentialAction\":[{\"@type\":\"SearchAction\",\"target\":{\"@type\":\"EntryPoint\",\"urlTemplate\":\"https:\/\/sagavinaestartit.com\/ca\/?s={search_term_string}\"},\"query-input\":{\"@type\":\"PropertyValueSpecification\",\"valueRequired\":true,\"valueName\":\"search_term_string\"}}],\"inLanguage\":\"ca\"},{\"@type\":\"Organization\",\"@id\":\"https:\/\/sagavinaestartit.com\/ca\/#organization\",\"name\":\"Sa Gavina Apartaments\",\"url\":\"https:\/\/sagavinaestartit.com\/ca\/\",\"logo\":{\"@type\":\"ImageObject\",\"inLanguage\":\"ca\",\"@id\":\"https:\/\/sagavinaestartit.com\/ca\/#\/schema\/logo\/image\/\",\"url\":\"https:\/\/sagavinaestartit.com\/wp-content\/uploads\/2024\/12\/3-1.png\",\"contentUrl\":\"https:\/\/sagavinaestartit.com\/wp-content\/uploads\/2024\/12\/3-1.png\",\"width\":500,\"height\":200,\"caption\":\"Sa Gavina Apartaments\"},\"image\":{\"@id\":\"https:\/\/sagavinaestartit.com\/ca\/#\/schema\/logo\/image\/\"}},{\"@type\":\"Person\",\"@id\":\"https:\/\/sagavinaestartit.com\/ca\/#\/schema\/person\/72b3f9a420869474351007377bde83c0\",\"name\":\"tecnico_alojapro\",\"sameAs\":[\"https:\/\/sagavinaestartit.com\"]}]}<\/script>\n<!-- \/ Yoast SEO plugin. -->","yoast_head_json":{"title":"Els gegants i figures festives de Torroella de Montgr\u00ed | Apartaments a l'Estartit","description":"Viu la m\u00e0gia dels gegants de Torroella de Montgr\u00ed: tradici\u00f3, art i cultura popular al Museu de la Mediterr\u00e0nia.","robots":{"index":"index","follow":"follow","max-snippet":"max-snippet:-1","max-image-preview":"max-image-preview:large","max-video-preview":"max-video-preview:-1"},"canonical":"https:\/\/sagavinaestartit.com\/ca\/gegants-i-figures-torroella-montgri\/","og_locale":"ca_ES","og_type":"article","og_title":"Els gegants i figures festives de Torroella de Montgr\u00ed | Apartaments a l'Estartit","og_description":"Viu la m\u00e0gia dels gegants de Torroella de Montgr\u00ed: tradici\u00f3, art i cultura popular al Museu de la Mediterr\u00e0nia.","og_url":"https:\/\/sagavinaestartit.com\/ca\/gegants-i-figures-torroella-montgri\/","og_site_name":"Apartaments a l'Estartit","article_published_time":"2019-09-02T11:35:43+00:00","article_modified_time":"2025-11-12T16:34:04+00:00","og_image":[{"width":2560,"height":1280,"url":"https:\/\/sagavinaestartit.com\/wp-content\/uploads\/2019\/09\/Montgri-terra-de-gegants-scaled.webp","type":"image\/webp"}],"author":"tecnico_alojapro","twitter_card":"summary_large_image","twitter_misc":{"Escrit per":"tecnico_alojapro","Temps estimat de lectura":"2 minuts"},"schema":{"@context":"https:\/\/schema.org","@graph":[{"@type":"Article","@id":"https:\/\/sagavinaestartit.com\/ca\/gegants-i-figures-torroella-montgri\/#article","isPartOf":{"@id":"https:\/\/sagavinaestartit.com\/ca\/gegants-i-figures-torroella-montgri\/"},"author":{"name":"tecnico_alojapro","@id":"https:\/\/sagavinaestartit.com\/ca\/#\/schema\/person\/72b3f9a420869474351007377bde83c0"},"headline":"Els gegants i figures festives de Torroella de Montgr\u00ed","datePublished":"2019-09-02T11:35:43+00:00","dateModified":"2025-11-12T16:34:04+00:00","mainEntityOfPage":{"@id":"https:\/\/sagavinaestartit.com\/ca\/gegants-i-figures-torroella-montgri\/"},"wordCount":409,"publisher":{"@id":"https:\/\/sagavinaestartit.com\/ca\/#organization"},"image":{"@id":"https:\/\/sagavinaestartit.com\/ca\/gegants-i-figures-torroella-montgri\/#primaryimage"},"thumbnailUrl":"https:\/\/sagavinaestartit.com\/wp-content\/uploads\/2019\/09\/Montgri-terra-de-gegants-scaled.webp","keywords":["activitats a l'Estartit","Activitats familiars","apartament mascotes estartit","Costa Brava","llocs d'inter\u00e8s","Que fer amb nens","qu\u00e9 hacer en l'Estartit","Tradicions Catalunya"],"articleSection":["Activitats a l'Estartit","Costa Brava","Empord\u00e0","Excursi\u00f3n 1 d\u00eda","Novetats","Que fer amb nens"],"inLanguage":"ca"},{"@type":"WebPage","@id":"https:\/\/sagavinaestartit.com\/ca\/gegants-i-figures-torroella-montgri\/","url":"https:\/\/sagavinaestartit.com\/ca\/gegants-i-figures-torroella-montgri\/","name":"Els gegants i figures festives de Torroella de Montgr\u00ed | Apartaments a l'Estartit","isPartOf":{"@id":"https:\/\/sagavinaestartit.com\/ca\/#website"},"primaryImageOfPage":{"@id":"https:\/\/sagavinaestartit.com\/ca\/gegants-i-figures-torroella-montgri\/#primaryimage"},"image":{"@id":"https:\/\/sagavinaestartit.com\/ca\/gegants-i-figures-torroella-montgri\/#primaryimage"},"thumbnailUrl":"https:\/\/sagavinaestartit.com\/wp-content\/uploads\/2019\/09\/Montgri-terra-de-gegants-scaled.webp","datePublished":"2019-09-02T11:35:43+00:00","dateModified":"2025-11-12T16:34:04+00:00","description":"Viu la m\u00e0gia dels gegants de Torroella de Montgr\u00ed: tradici\u00f3, art i cultura popular al Museu de la Mediterr\u00e0nia.","breadcrumb":{"@id":"https:\/\/sagavinaestartit.com\/ca\/gegants-i-figures-torroella-montgri\/#breadcrumb"},"inLanguage":"ca","potentialAction":[{"@type":"ReadAction","target":["https:\/\/sagavinaestartit.com\/ca\/gegants-i-figures-torroella-montgri\/"]}]},{"@type":"ImageObject","inLanguage":"ca","@id":"https:\/\/sagavinaestartit.com\/ca\/gegants-i-figures-torroella-montgri\/#primaryimage","url":"https:\/\/sagavinaestartit.com\/wp-content\/uploads\/2019\/09\/Montgri-terra-de-gegants-scaled.webp","contentUrl":"https:\/\/sagavinaestartit.com\/wp-content\/uploads\/2019\/09\/Montgri-terra-de-gegants-scaled.webp","width":2560,"height":1280,"caption":"Montgr\u00ed terra de gegants"},{"@type":"BreadcrumbList","@id":"https:\/\/sagavinaestartit.com\/ca\/gegants-i-figures-torroella-montgri\/#breadcrumb","itemListElement":[{"@type":"ListItem","position":1,"name":"Portada","item":"https:\/\/sagavinaestartit.com\/ca\/home\/"},{"@type":"ListItem","position":2,"name":"Els gegants i figures festives de Torroella de Montgr\u00ed"}]},{"@type":"WebSite","@id":"https:\/\/sagavinaestartit.com\/ca\/#website","url":"https:\/\/sagavinaestartit.com\/ca\/","name":"Sa Gavina Apartaments","description":"Sa Gavina Apartaments","publisher":{"@id":"https:\/\/sagavinaestartit.com\/ca\/#organization"},"potentialAction":[{"@type":"SearchAction","target":{"@type":"EntryPoint","urlTemplate":"https:\/\/sagavinaestartit.com\/ca\/?s={search_term_string}"},"query-input":{"@type":"PropertyValueSpecification","valueRequired":true,"valueName":"search_term_string"}}],"inLanguage":"ca"},{"@type":"Organization","@id":"https:\/\/sagavinaestartit.com\/ca\/#organization","name":"Sa Gavina Apartaments","url":"https:\/\/sagavinaestartit.com\/ca\/","logo":{"@type":"ImageObject","inLanguage":"ca","@id":"https:\/\/sagavinaestartit.com\/ca\/#\/schema\/logo\/image\/","url":"https:\/\/sagavinaestartit.com\/wp-content\/uploads\/2024\/12\/3-1.png","contentUrl":"https:\/\/sagavinaestartit.com\/wp-content\/uploads\/2024\/12\/3-1.png","width":500,"height":200,"caption":"Sa Gavina Apartaments"},"image":{"@id":"https:\/\/sagavinaestartit.com\/ca\/#\/schema\/logo\/image\/"}},{"@type":"Person","@id":"https:\/\/sagavinaestartit.com\/ca\/#\/schema\/person\/72b3f9a420869474351007377bde83c0","name":"tecnico_alojapro","sameAs":["https:\/\/sagavinaestartit.com"]}]}},"_links":{"self":[{"href":"https:\/\/sagavinaestartit.com\/ca\/wp-json\/wp\/v2\/posts\/35981","targetHints":{"allow":["GET"]}}],"collection":[{"href":"https:\/\/sagavinaestartit.com\/ca\/wp-json\/wp\/v2\/posts"}],"about":[{"href":"https:\/\/sagavinaestartit.com\/ca\/wp-json\/wp\/v2\/types\/post"}],"author":[{"embeddable":true,"href":"https:\/\/sagavinaestartit.com\/ca\/wp-json\/wp\/v2\/users\/1"}],"replies":[{"embeddable":true,"href":"https:\/\/sagavinaestartit.com\/ca\/wp-json\/wp\/v2\/comments?post=35981"}],"version-history":[{"count":2,"href":"https:\/\/sagavinaestartit.com\/ca\/wp-json\/wp\/v2\/posts\/35981\/revisions"}],"predecessor-version":[{"id":35997,"href":"https:\/\/sagavinaestartit.com\/ca\/wp-json\/wp\/v2\/posts\/35981\/revisions\/35997"}],"wp:featuredmedia":[{"embeddable":true,"href":"https:\/\/sagavinaestartit.com\/ca\/wp-json\/wp\/v2\/media\/35969"}],"wp:attachment":[{"href":"https:\/\/sagavinaestartit.com\/ca\/wp-json\/wp\/v2\/media?parent=35981"}],"wp:term":[{"taxonomy":"category","embeddable":true,"href":"https:\/\/sagavinaestartit.com\/ca\/wp-json\/wp\/v2\/categories?post=35981"},{"taxonomy":"post_tag","embeddable":true,"href":"https:\/\/sagavinaestartit.com\/ca\/wp-json\/wp\/v2\/tags?post=35981"}],"curies":[{"name":"wp","href":"https:\/\/api.w.org\/{rel}","templated":true}]}}