{"id":35937,"date":"2019-12-02T11:47:58","date_gmt":"2019-12-02T10:47:58","guid":{"rendered":"https:\/\/sagavinaestartit.com\/l-home-dels-nassos\/"},"modified":"2025-11-11T17:40:24","modified_gmt":"2025-11-11T16:40:24","slug":"home-dels-nassos","status":"publish","type":"post","link":"https:\/\/sagavinaestartit.com\/ca\/home-dels-nassos\/","title":{"rendered":"L&#8217; Home dels Nassos"},"content":{"rendered":"<h2>Coneixes l&#8217; <em>Home dels Nassos?<\/em><\/h2>\n<p>Cada 31 de desembre, a Catalunya, apareix un personatge molt especial: <strong>&#8220;l&#8217;Home dels Nassos&#8221;<\/strong>, l&#8217;home que t\u00e9 tants nasos com dies queden a l&#8217;any.<br \/>\nAquell dia, els grans diuen als nens que surtin a buscar-lo pels carrers&#8230; per\u00f2 ning\u00fa no el pot trobar. Saps per qu\u00e8?<\/p>\n<p>El seu prop\u00f2sit \u00e9s simbolitzar l&#8217;any que s&#8217;acaba i que deixem enrere per donar la benvinguda al nou. Ho fa amb el seu gran nas, recorrent els carrers i les places de la ciutat, per recordar l&#8217;any que s&#8217;acaba (moments bonics, avorrits, fant\u00e0stics, m\u00e0gics, dif\u00edcils&#8230;) i per repassar les esperances posades en l&#8217;any que ve.<\/p>\n<p>A Torroella de Montgr\u00ed, la figura de <em><a href=\"https:\/\/www.agendatorroella.com\/ca\/inici.html\">l&#8217;Home dels Nassos <\/a><\/em>t\u00e9 la seva pr\u00f2pia hist\u00f2ria entranyable.<\/p>\n<p>El capgr\u00f2s es va fer el 1975, quan es va transformar un capgr\u00f2s en des\u00fas. Aquell mateix any, el personatge de l&#8217;Home dels Nassos va fer el seu primer recorregut tradicional pels carrers de la poblaci\u00f3, vestit de pastor i acompanyat de grallers, repartint caramels als nens.<\/p>\n<p>Podeu consultar el programa complet de la Festa de l&#8217;Home dels Nassos a l\u2019<a href=\"https:\/\/www.agendatorroella.com\/ca\/inici.html\">agenda de Torroella de Montgr\u00ed.<\/a><\/p>\n<p><strong>I vosaltres&#8230; heu vist l&#8217;home dels nassos?<\/strong><\/p>\n<p>Potser s\u00ed&#8230; o potser no.<br \/>\nPer\u00f2 recordeu: <strong>nom\u00e9s apareix l&#8217;\u00faltim dia de l&#8217;any<\/strong>, i si el veus, para atenci\u00f3! Perqu\u00e8 amb el seu gran nas, acomiada l&#8217;any vell i dona la benvinguda al nou amb un somriure.<\/p>\n<p>Foto: <a href=\"https:\/\/www.museudelamediterrania.cat\/ca\/artistes\/l\/1210-lhome-dels-nassos.html\">Museu de la Mediterr\u00e0nia<\/a><\/p>\n","protected":false},"excerpt":{"rendered":"<p>Coneixes l&#8217; Home dels Nassos? Cada 31 de desembre, a Catalunya, apareix un personatge molt especial: &#8220;l&#8217;Home dels Nassos&#8221;, l&#8217;home que t\u00e9 tants nasos com dies queden a l&#8217;any. Aquell dia, els grans diuen als nens que surtin a buscar-lo  [&#8230;]<\/p>\n","protected":false},"author":1,"featured_media":35931,"comment_status":"closed","ping_status":"closed","sticky":false,"template":"","format":"standard","meta":{"footnotes":""},"categories":[116,675,676,600],"tags":[212,601,532,529,603,679,810],"class_list":["post-35937","post","type-post","status-publish","format-standard","has-post-thumbnail","hentry","category-activitats-a-lestartit","category-costa-brava","category-emporda","category-que-fer-amb-nens-ca","tag-activitats-a-lestartit","tag-activitats-familiars-ca","tag-costa-brava-ca","tag-fires-i-festes","tag-que-fer-amb-nens-ca","tag-que-hacer-en-lestartit","tag-tradicions-catalunya"],"yoast_head":"<!-- This site is optimized with the Yoast SEO plugin v27.1.1 - https:\/\/yoast.com\/product\/yoast-seo-wordpress\/ -->\n<title>L&#039; Home dels Nassos | Apartaments a l&#039;Estartit<\/title>\n<meta name=\"description\" content=\"Descobrir la tradici\u00f3 catalana de l&#039;Home dels Nassos a Torroella de Montgr\u00ed, el personatge que acomiada l&#039;any amb humor i alegria.\" \/>\n<meta name=\"robots\" content=\"index, follow, max-snippet:-1, max-image-preview:large, max-video-preview:-1\" \/>\n<link rel=\"canonical\" href=\"https:\/\/sagavinaestartit.com\/ca\/home-dels-nassos\/\" \/>\n<meta property=\"og:locale\" content=\"ca_ES\" \/>\n<meta property=\"og:type\" content=\"article\" \/>\n<meta property=\"og:title\" content=\"L&#039; Home dels Nassos | Apartaments a l&#039;Estartit\" \/>\n<meta property=\"og:description\" content=\"Descobrir la tradici\u00f3 catalana de l&#039;Home dels Nassos a Torroella de Montgr\u00ed, el personatge que acomiada l&#039;any amb humor i alegria.\" \/>\n<meta property=\"og:url\" content=\"https:\/\/sagavinaestartit.com\/ca\/home-dels-nassos\/\" \/>\n<meta property=\"og:site_name\" content=\"Apartaments a l&#039;Estartit\" \/>\n<meta property=\"article:published_time\" content=\"2019-12-02T10:47:58+00:00\" \/>\n<meta property=\"article:modified_time\" content=\"2025-11-11T16:40:24+00:00\" \/>\n<meta property=\"og:image\" content=\"https:\/\/sagavinaestartit.com\/wp-content\/uploads\/2019\/12\/Lhome-dels-nassos-scaled.webp\" \/>\n\t<meta property=\"og:image:width\" content=\"2560\" \/>\n\t<meta property=\"og:image:height\" content=\"1280\" \/>\n\t<meta property=\"og:image:type\" content=\"image\/webp\" \/>\n<meta name=\"author\" content=\"tecnico_alojapro\" \/>\n<meta name=\"twitter:card\" content=\"summary_large_image\" \/>\n<meta name=\"twitter:label1\" content=\"Escrit per\" \/>\n\t<meta name=\"twitter:data1\" content=\"tecnico_alojapro\" \/>\n\t<meta name=\"twitter:label2\" content=\"Temps estimat de lectura\" \/>\n\t<meta name=\"twitter:data2\" content=\"2 minuts\" \/>\n<script type=\"application\/ld+json\" class=\"yoast-schema-graph\">{\"@context\":\"https:\/\/schema.org\",\"@graph\":[{\"@type\":\"Article\",\"@id\":\"https:\/\/sagavinaestartit.com\/ca\/home-dels-nassos\/#article\",\"isPartOf\":{\"@id\":\"https:\/\/sagavinaestartit.com\/ca\/home-dels-nassos\/\"},\"author\":{\"name\":\"tecnico_alojapro\",\"@id\":\"https:\/\/sagavinaestartit.com\/ca\/#\/schema\/person\/72b3f9a420869474351007377bde83c0\"},\"headline\":\"L&#8217; Home dels Nassos\",\"datePublished\":\"2019-12-02T10:47:58+00:00\",\"dateModified\":\"2025-11-11T16:40:24+00:00\",\"mainEntityOfPage\":{\"@id\":\"https:\/\/sagavinaestartit.com\/ca\/home-dels-nassos\/\"},\"wordCount\":265,\"publisher\":{\"@id\":\"https:\/\/sagavinaestartit.com\/ca\/#organization\"},\"image\":{\"@id\":\"https:\/\/sagavinaestartit.com\/ca\/home-dels-nassos\/#primaryimage\"},\"thumbnailUrl\":\"https:\/\/sagavinaestartit.com\/wp-content\/uploads\/2019\/12\/Lhome-dels-nassos-scaled.webp\",\"keywords\":[\"activitats a l'Estartit\",\"Activitats familiars\",\"Costa Brava\",\"fires i festes\",\"Que fer amb nens\",\"qu\u00e9 hacer en l'Estartit\",\"Tradicions Catalunya\"],\"articleSection\":[\"Activitats a l'Estartit\",\"Costa Brava\",\"Empord\u00e0\",\"Que fer amb nens\"],\"inLanguage\":\"ca\"},{\"@type\":\"WebPage\",\"@id\":\"https:\/\/sagavinaestartit.com\/ca\/home-dels-nassos\/\",\"url\":\"https:\/\/sagavinaestartit.com\/ca\/home-dels-nassos\/\",\"name\":\"L' Home dels Nassos | Apartaments a l'Estartit\",\"isPartOf\":{\"@id\":\"https:\/\/sagavinaestartit.com\/ca\/#website\"},\"primaryImageOfPage\":{\"@id\":\"https:\/\/sagavinaestartit.com\/ca\/home-dels-nassos\/#primaryimage\"},\"image\":{\"@id\":\"https:\/\/sagavinaestartit.com\/ca\/home-dels-nassos\/#primaryimage\"},\"thumbnailUrl\":\"https:\/\/sagavinaestartit.com\/wp-content\/uploads\/2019\/12\/Lhome-dels-nassos-scaled.webp\",\"datePublished\":\"2019-12-02T10:47:58+00:00\",\"dateModified\":\"2025-11-11T16:40:24+00:00\",\"description\":\"Descobrir la tradici\u00f3 catalana de l'Home dels Nassos a Torroella de Montgr\u00ed, el personatge que acomiada l'any amb humor i alegria.\",\"breadcrumb\":{\"@id\":\"https:\/\/sagavinaestartit.com\/ca\/home-dels-nassos\/#breadcrumb\"},\"inLanguage\":\"ca\",\"potentialAction\":[{\"@type\":\"ReadAction\",\"target\":[\"https:\/\/sagavinaestartit.com\/ca\/home-dels-nassos\/\"]}]},{\"@type\":\"ImageObject\",\"inLanguage\":\"ca\",\"@id\":\"https:\/\/sagavinaestartit.com\/ca\/home-dels-nassos\/#primaryimage\",\"url\":\"https:\/\/sagavinaestartit.com\/wp-content\/uploads\/2019\/12\/Lhome-dels-nassos-scaled.webp\",\"contentUrl\":\"https:\/\/sagavinaestartit.com\/wp-content\/uploads\/2019\/12\/Lhome-dels-nassos-scaled.webp\",\"width\":2560,\"height\":1280,\"caption\":\"L'home dels nassos\"},{\"@type\":\"BreadcrumbList\",\"@id\":\"https:\/\/sagavinaestartit.com\/ca\/home-dels-nassos\/#breadcrumb\",\"itemListElement\":[{\"@type\":\"ListItem\",\"position\":1,\"name\":\"Portada\",\"item\":\"https:\/\/sagavinaestartit.com\/ca\/home\/\"},{\"@type\":\"ListItem\",\"position\":2,\"name\":\"L&#8217; Home dels Nassos\"}]},{\"@type\":\"WebSite\",\"@id\":\"https:\/\/sagavinaestartit.com\/ca\/#website\",\"url\":\"https:\/\/sagavinaestartit.com\/ca\/\",\"name\":\"Sa Gavina Apartaments\",\"description\":\"Sa Gavina Apartaments\",\"publisher\":{\"@id\":\"https:\/\/sagavinaestartit.com\/ca\/#organization\"},\"potentialAction\":[{\"@type\":\"SearchAction\",\"target\":{\"@type\":\"EntryPoint\",\"urlTemplate\":\"https:\/\/sagavinaestartit.com\/ca\/?s={search_term_string}\"},\"query-input\":{\"@type\":\"PropertyValueSpecification\",\"valueRequired\":true,\"valueName\":\"search_term_string\"}}],\"inLanguage\":\"ca\"},{\"@type\":\"Organization\",\"@id\":\"https:\/\/sagavinaestartit.com\/ca\/#organization\",\"name\":\"Sa Gavina Apartaments\",\"url\":\"https:\/\/sagavinaestartit.com\/ca\/\",\"logo\":{\"@type\":\"ImageObject\",\"inLanguage\":\"ca\",\"@id\":\"https:\/\/sagavinaestartit.com\/ca\/#\/schema\/logo\/image\/\",\"url\":\"https:\/\/sagavinaestartit.com\/wp-content\/uploads\/2024\/12\/3-1.png\",\"contentUrl\":\"https:\/\/sagavinaestartit.com\/wp-content\/uploads\/2024\/12\/3-1.png\",\"width\":500,\"height\":200,\"caption\":\"Sa Gavina Apartaments\"},\"image\":{\"@id\":\"https:\/\/sagavinaestartit.com\/ca\/#\/schema\/logo\/image\/\"}},{\"@type\":\"Person\",\"@id\":\"https:\/\/sagavinaestartit.com\/ca\/#\/schema\/person\/72b3f9a420869474351007377bde83c0\",\"name\":\"tecnico_alojapro\",\"sameAs\":[\"https:\/\/sagavinaestartit.com\"]}]}<\/script>\n<!-- \/ Yoast SEO plugin. -->","yoast_head_json":{"title":"L' Home dels Nassos | Apartaments a l'Estartit","description":"Descobrir la tradici\u00f3 catalana de l'Home dels Nassos a Torroella de Montgr\u00ed, el personatge que acomiada l'any amb humor i alegria.","robots":{"index":"index","follow":"follow","max-snippet":"max-snippet:-1","max-image-preview":"max-image-preview:large","max-video-preview":"max-video-preview:-1"},"canonical":"https:\/\/sagavinaestartit.com\/ca\/home-dels-nassos\/","og_locale":"ca_ES","og_type":"article","og_title":"L' Home dels Nassos | Apartaments a l'Estartit","og_description":"Descobrir la tradici\u00f3 catalana de l'Home dels Nassos a Torroella de Montgr\u00ed, el personatge que acomiada l'any amb humor i alegria.","og_url":"https:\/\/sagavinaestartit.com\/ca\/home-dels-nassos\/","og_site_name":"Apartaments a l'Estartit","article_published_time":"2019-12-02T10:47:58+00:00","article_modified_time":"2025-11-11T16:40:24+00:00","og_image":[{"width":2560,"height":1280,"url":"https:\/\/sagavinaestartit.com\/wp-content\/uploads\/2019\/12\/Lhome-dels-nassos-scaled.webp","type":"image\/webp"}],"author":"tecnico_alojapro","twitter_card":"summary_large_image","twitter_misc":{"Escrit per":"tecnico_alojapro","Temps estimat de lectura":"2 minuts"},"schema":{"@context":"https:\/\/schema.org","@graph":[{"@type":"Article","@id":"https:\/\/sagavinaestartit.com\/ca\/home-dels-nassos\/#article","isPartOf":{"@id":"https:\/\/sagavinaestartit.com\/ca\/home-dels-nassos\/"},"author":{"name":"tecnico_alojapro","@id":"https:\/\/sagavinaestartit.com\/ca\/#\/schema\/person\/72b3f9a420869474351007377bde83c0"},"headline":"L&#8217; Home dels Nassos","datePublished":"2019-12-02T10:47:58+00:00","dateModified":"2025-11-11T16:40:24+00:00","mainEntityOfPage":{"@id":"https:\/\/sagavinaestartit.com\/ca\/home-dels-nassos\/"},"wordCount":265,"publisher":{"@id":"https:\/\/sagavinaestartit.com\/ca\/#organization"},"image":{"@id":"https:\/\/sagavinaestartit.com\/ca\/home-dels-nassos\/#primaryimage"},"thumbnailUrl":"https:\/\/sagavinaestartit.com\/wp-content\/uploads\/2019\/12\/Lhome-dels-nassos-scaled.webp","keywords":["activitats a l'Estartit","Activitats familiars","Costa Brava","fires i festes","Que fer amb nens","qu\u00e9 hacer en l'Estartit","Tradicions Catalunya"],"articleSection":["Activitats a l'Estartit","Costa Brava","Empord\u00e0","Que fer amb nens"],"inLanguage":"ca"},{"@type":"WebPage","@id":"https:\/\/sagavinaestartit.com\/ca\/home-dels-nassos\/","url":"https:\/\/sagavinaestartit.com\/ca\/home-dels-nassos\/","name":"L' Home dels Nassos | Apartaments a l'Estartit","isPartOf":{"@id":"https:\/\/sagavinaestartit.com\/ca\/#website"},"primaryImageOfPage":{"@id":"https:\/\/sagavinaestartit.com\/ca\/home-dels-nassos\/#primaryimage"},"image":{"@id":"https:\/\/sagavinaestartit.com\/ca\/home-dels-nassos\/#primaryimage"},"thumbnailUrl":"https:\/\/sagavinaestartit.com\/wp-content\/uploads\/2019\/12\/Lhome-dels-nassos-scaled.webp","datePublished":"2019-12-02T10:47:58+00:00","dateModified":"2025-11-11T16:40:24+00:00","description":"Descobrir la tradici\u00f3 catalana de l'Home dels Nassos a Torroella de Montgr\u00ed, el personatge que acomiada l'any amb humor i alegria.","breadcrumb":{"@id":"https:\/\/sagavinaestartit.com\/ca\/home-dels-nassos\/#breadcrumb"},"inLanguage":"ca","potentialAction":[{"@type":"ReadAction","target":["https:\/\/sagavinaestartit.com\/ca\/home-dels-nassos\/"]}]},{"@type":"ImageObject","inLanguage":"ca","@id":"https:\/\/sagavinaestartit.com\/ca\/home-dels-nassos\/#primaryimage","url":"https:\/\/sagavinaestartit.com\/wp-content\/uploads\/2019\/12\/Lhome-dels-nassos-scaled.webp","contentUrl":"https:\/\/sagavinaestartit.com\/wp-content\/uploads\/2019\/12\/Lhome-dels-nassos-scaled.webp","width":2560,"height":1280,"caption":"L'home dels nassos"},{"@type":"BreadcrumbList","@id":"https:\/\/sagavinaestartit.com\/ca\/home-dels-nassos\/#breadcrumb","itemListElement":[{"@type":"ListItem","position":1,"name":"Portada","item":"https:\/\/sagavinaestartit.com\/ca\/home\/"},{"@type":"ListItem","position":2,"name":"L&#8217; Home dels Nassos"}]},{"@type":"WebSite","@id":"https:\/\/sagavinaestartit.com\/ca\/#website","url":"https:\/\/sagavinaestartit.com\/ca\/","name":"Sa Gavina Apartaments","description":"Sa Gavina Apartaments","publisher":{"@id":"https:\/\/sagavinaestartit.com\/ca\/#organization"},"potentialAction":[{"@type":"SearchAction","target":{"@type":"EntryPoint","urlTemplate":"https:\/\/sagavinaestartit.com\/ca\/?s={search_term_string}"},"query-input":{"@type":"PropertyValueSpecification","valueRequired":true,"valueName":"search_term_string"}}],"inLanguage":"ca"},{"@type":"Organization","@id":"https:\/\/sagavinaestartit.com\/ca\/#organization","name":"Sa Gavina Apartaments","url":"https:\/\/sagavinaestartit.com\/ca\/","logo":{"@type":"ImageObject","inLanguage":"ca","@id":"https:\/\/sagavinaestartit.com\/ca\/#\/schema\/logo\/image\/","url":"https:\/\/sagavinaestartit.com\/wp-content\/uploads\/2024\/12\/3-1.png","contentUrl":"https:\/\/sagavinaestartit.com\/wp-content\/uploads\/2024\/12\/3-1.png","width":500,"height":200,"caption":"Sa Gavina Apartaments"},"image":{"@id":"https:\/\/sagavinaestartit.com\/ca\/#\/schema\/logo\/image\/"}},{"@type":"Person","@id":"https:\/\/sagavinaestartit.com\/ca\/#\/schema\/person\/72b3f9a420869474351007377bde83c0","name":"tecnico_alojapro","sameAs":["https:\/\/sagavinaestartit.com"]}]}},"_links":{"self":[{"href":"https:\/\/sagavinaestartit.com\/ca\/wp-json\/wp\/v2\/posts\/35937","targetHints":{"allow":["GET"]}}],"collection":[{"href":"https:\/\/sagavinaestartit.com\/ca\/wp-json\/wp\/v2\/posts"}],"about":[{"href":"https:\/\/sagavinaestartit.com\/ca\/wp-json\/wp\/v2\/types\/post"}],"author":[{"embeddable":true,"href":"https:\/\/sagavinaestartit.com\/ca\/wp-json\/wp\/v2\/users\/1"}],"replies":[{"embeddable":true,"href":"https:\/\/sagavinaestartit.com\/ca\/wp-json\/wp\/v2\/comments?post=35937"}],"version-history":[{"count":1,"href":"https:\/\/sagavinaestartit.com\/ca\/wp-json\/wp\/v2\/posts\/35937\/revisions"}],"predecessor-version":[{"id":35940,"href":"https:\/\/sagavinaestartit.com\/ca\/wp-json\/wp\/v2\/posts\/35937\/revisions\/35940"}],"wp:featuredmedia":[{"embeddable":true,"href":"https:\/\/sagavinaestartit.com\/ca\/wp-json\/wp\/v2\/media\/35931"}],"wp:attachment":[{"href":"https:\/\/sagavinaestartit.com\/ca\/wp-json\/wp\/v2\/media?parent=35937"}],"wp:term":[{"taxonomy":"category","embeddable":true,"href":"https:\/\/sagavinaestartit.com\/ca\/wp-json\/wp\/v2\/categories?post=35937"},{"taxonomy":"post_tag","embeddable":true,"href":"https:\/\/sagavinaestartit.com\/ca\/wp-json\/wp\/v2\/tags?post=35937"}],"curies":[{"name":"wp","href":"https:\/\/api.w.org\/{rel}","templated":true}]}}