{"id":35516,"date":"2021-10-04T12:13:23","date_gmt":"2021-10-04T10:13:23","guid":{"rendered":"https:\/\/sagavinaestartit.com\/descobreix-la-historia-de-la-torre-del-rellotge-a-lestartit\/"},"modified":"2025-10-30T15:13:10","modified_gmt":"2025-10-30T14:13:10","slug":"descobreix-torre-del-rellotge-estartit","status":"publish","type":"post","link":"https:\/\/sagavinaestartit.com\/ca\/descobreix-torre-del-rellotge-estartit\/","title":{"rendered":"Descobreix la hist\u00f2ria de la Torre del Rellotge a l\u2019Estartit"},"content":{"rendered":"<h2>Coneixeu la hist\u00f2ria de la Torre del Rellotge?<\/h2>\n<p>L&#8217;Estartit destaca sobretot per la bellesa paisatg\u00edstica, per\u00f2 tamb\u00e9 pels edificis hist\u00f2rics. Avui ens centrarem a parlar de la famosa <strong><a href=\"https:\/\/www.visitacostabrava.com\/es\/lestartit\/que-visitar\/rincones\/torre-del-rellotge\" target=\"_blank\" rel=\"noopener\">Torre del Rellotge<\/a><\/strong>, un edifici ple de curiositats que forma part del patrimoni cultural del poble.<\/p>\n<h2>Un s\u00edmbol hist\u00f2ric al cor de l\u2019Estartit<\/h2>\n<p>La Torre del Rellotge (coneguda com a \u00abperola\u00bb) \u00e9s un dels edificis m\u00e9s coneguts i interessants de l&#8217;Estartit.<\/p>\n<p>Aquest element singular es troba ubicat al centre del nucli de l\u2019Estartit: el carrer Santa Anna. Aquest carrer \u00e9s una de les zones m\u00e9s concorregudes del poble, ja que es troben diversos comer\u00e7os i botigues que atrauen els visitants a fer agradables passejades per all\u00e0.<\/p>\n<h2>De torre funcional a emblema local<\/h2>\n<p>Durant el segle XIX, la Torre del Rellotge va ser un lloc clau per a aquesta poblaci\u00f3 pel fet que era el lloc on es duia a terme el tintat de les xarxes de cot\u00f3 que feien servir els pescadors. Aquest proc\u00e9s de tenyir les teles \u2013espec\u00edficament d&#8217;un color m\u00e9s fosc que l&#8217;original\u2013 era primordial perqu\u00e8 les teles fossin m\u00e9s adequades per a la pesca.<br \/>\nLa torre es va mantenir en funcionament fins aproximadament el 1890, quan aquesta pr\u00e0ctica va deixar de realitzar-se de forma tradicional.<\/p>\n<h2>Detalls arquitect\u00f2nics i curiositats<\/h2>\n<p>Si et fixes en la seva estructura, veur\u00e0s que la torre conserva elements \u00fanics:<\/p>\n<ul>\n<li>A la part superior s&#8217;al\u00e7a un <strong>campanar petit.<\/strong><\/li>\n<li>Just a sota, un r<strong>ellotge de sol<\/strong> que d\u00f3na nom a l&#8217;edifici.<\/li>\n<li>A m\u00e9s, la fa\u00e7ana est\u00e0 decorada amb un <strong>quadre surrealista del pintor local Joan Fuster<\/strong>, cosa que afegeix un toc art\u00edstic modern a aquest s\u00edmbol hist\u00f2ric.<\/li>\n<\/ul>\n<h3>Una visita imprescindible durant la teva estada a l&#8217;Estartit<\/h3>\n<p>Els nostres <a href=\"https:\/\/sagavinaestartit.com\/ca\/\">apartaments a l&#8217;Estarti<\/a>t, Sa Gavina, es troben situats a 15 minuts a peu de la Torre del Rellotge ia 5 minuts amb cotxe.<\/p>\n<p>Escapi&#8217;s a fer una passejada pel centre i visiteu aquest edifici per con\u00e8ixer una mica m\u00e9s de la hist\u00f2ria d&#8217;aquest poble.<\/p>\n<p>Aprofiteu els \u00faltims dies que estem oberts i veniu a allotjar-vos a les nostres instal\u00b7lacions!<\/p>\n<p>Als <strong>Apartaments Sa Gavina<\/strong>, oferim allotjament c\u00f2mode, ben ubicat i amb tot el que necessites per a una estada perfecta.<br \/>\n<strong><a href=\"https:\/\/sagavinaestartit.com\/ca\/\">Reservi ara<\/a><\/strong> i aprofita els darrers dies d&#8217;obertura de la temporada. Si teniu qualsevol dubte, <strong><a href=\"https:\/\/sagavinaestartit.com\/ca\/contactar\/\">contacteu amb nosaltre<\/a><\/strong>s i estarem encantats d&#8217;ajudar-vos a planificar la vostra escapada.<\/p>\n<hr \/>\n<p>Fotograf\u00eda: https:\/\/www.poblesdecatalunya.cat\/element.php?e=9679<\/p>\n","protected":false},"excerpt":{"rendered":"<p>Coneixeu la hist\u00f2ria de la Torre del Rellotge? L&#8217;Estartit destaca sobretot per la bellesa paisatg\u00edstica, per\u00f2 tamb\u00e9 pels edificis hist\u00f2rics. Avui ens centrarem a parlar de la famosa Torre del Rellotge, un edifici ple de curiositats que forma part del  [&#8230;]<\/p>\n","protected":false},"author":1,"featured_media":34215,"comment_status":"closed","ping_status":"closed","sticky":false,"template":"","format":"standard","meta":{"footnotes":""},"categories":[116,675,676,677,439,600,628],"tags":[212,601,629,532,202,679,508,604,505],"class_list":["post-35516","post","type-post","status-publish","format-standard","has-post-thumbnail","hentry","category-activitats-a-lestartit","category-costa-brava","category-emporda","category-excursion-1-dia","category-imprescindibles","category-que-fer-amb-nens-ca","category-turisme-responsable","tag-activitats-a-lestartit","tag-activitats-familiars-ca","tag-apartament-mascotes-estartit","tag-costa-brava-ca","tag-llocs-dinteres","tag-que-hacer-en-lestartit","tag-sa-gavina-ca","tag-sortir-en-familia-ca","tag-turisme-de-proximitat"],"yoast_head":"<!-- This site is optimized with the Yoast SEO plugin v27.1.1 - https:\/\/yoast.com\/product\/yoast-seo-wordpress\/ -->\n<title>Descobreix la hist\u00f2ria de la Torre del Rellotge a l\u2019Estartit | Apartaments a l&#039;Estartit<\/title>\n<meta name=\"description\" content=\"Descobriu la hist\u00f2ria de la Torre del Rellotge, un s\u00edmbol del passat pesquer i parada imprescindible durant la vostra visita a la Costa Brava.\" \/>\n<meta name=\"robots\" content=\"index, follow, max-snippet:-1, max-image-preview:large, max-video-preview:-1\" \/>\n<link rel=\"canonical\" href=\"https:\/\/sagavinaestartit.com\/ca\/descobreix-torre-del-rellotge-estartit\/\" \/>\n<meta property=\"og:locale\" content=\"ca_ES\" \/>\n<meta property=\"og:type\" content=\"article\" \/>\n<meta property=\"og:title\" content=\"Descobreix la hist\u00f2ria de la Torre del Rellotge a l\u2019Estartit | Apartaments a l&#039;Estartit\" \/>\n<meta property=\"og:description\" content=\"Descobriu la hist\u00f2ria de la Torre del Rellotge, un s\u00edmbol del passat pesquer i parada imprescindible durant la vostra visita a la Costa Brava.\" \/>\n<meta property=\"og:url\" content=\"https:\/\/sagavinaestartit.com\/ca\/descobreix-torre-del-rellotge-estartit\/\" \/>\n<meta property=\"og:site_name\" content=\"Apartaments a l&#039;Estartit\" \/>\n<meta property=\"article:published_time\" content=\"2021-10-04T10:13:23+00:00\" \/>\n<meta property=\"article:modified_time\" content=\"2025-10-30T14:13:10+00:00\" \/>\n<meta property=\"og:image\" content=\"https:\/\/sagavinaestartit.com\/wp-content\/uploads\/2021\/10\/Torre-del-rellotge-scaled.webp\" \/>\n\t<meta property=\"og:image:width\" content=\"2560\" \/>\n\t<meta property=\"og:image:height\" content=\"1280\" \/>\n\t<meta property=\"og:image:type\" content=\"image\/webp\" \/>\n<meta name=\"author\" content=\"tecnico_alojapro\" \/>\n<meta name=\"twitter:card\" content=\"summary_large_image\" \/>\n<meta name=\"twitter:label1\" content=\"Escrit per\" \/>\n\t<meta name=\"twitter:data1\" content=\"tecnico_alojapro\" \/>\n\t<meta name=\"twitter:label2\" content=\"Temps estimat de lectura\" \/>\n\t<meta name=\"twitter:data2\" content=\"2 minuts\" \/>\n<script type=\"application\/ld+json\" class=\"yoast-schema-graph\">{\"@context\":\"https:\/\/schema.org\",\"@graph\":[{\"@type\":\"Article\",\"@id\":\"https:\/\/sagavinaestartit.com\/ca\/descobreix-torre-del-rellotge-estartit\/#article\",\"isPartOf\":{\"@id\":\"https:\/\/sagavinaestartit.com\/ca\/descobreix-torre-del-rellotge-estartit\/\"},\"author\":{\"name\":\"tecnico_alojapro\",\"@id\":\"https:\/\/sagavinaestartit.com\/ca\/#\/schema\/person\/72b3f9a420869474351007377bde83c0\"},\"headline\":\"Descobreix la hist\u00f2ria de la Torre del Rellotge a l\u2019Estartit\",\"datePublished\":\"2021-10-04T10:13:23+00:00\",\"dateModified\":\"2025-10-30T14:13:10+00:00\",\"mainEntityOfPage\":{\"@id\":\"https:\/\/sagavinaestartit.com\/ca\/descobreix-torre-del-rellotge-estartit\/\"},\"wordCount\":447,\"publisher\":{\"@id\":\"https:\/\/sagavinaestartit.com\/ca\/#organization\"},\"image\":{\"@id\":\"https:\/\/sagavinaestartit.com\/ca\/descobreix-torre-del-rellotge-estartit\/#primaryimage\"},\"thumbnailUrl\":\"https:\/\/sagavinaestartit.com\/wp-content\/uploads\/2021\/10\/Torre-del-rellotge-scaled.webp\",\"keywords\":[\"activitats a l'Estartit\",\"Activitats familiars\",\"apartament mascotes estartit\",\"Costa Brava\",\"llocs d'inter\u00e8s\",\"qu\u00e9 hacer en l'Estartit\",\"Sa gavina\",\"sortir en familia\",\"turisme de proximitat\"],\"articleSection\":[\"Activitats a l'Estartit\",\"Costa Brava\",\"Empord\u00e0\",\"Excursi\u00f3n 1 d\u00eda\",\"Imprescindibles\",\"Que fer amb nens\",\"Turisme responsable\"],\"inLanguage\":\"ca\"},{\"@type\":\"WebPage\",\"@id\":\"https:\/\/sagavinaestartit.com\/ca\/descobreix-torre-del-rellotge-estartit\/\",\"url\":\"https:\/\/sagavinaestartit.com\/ca\/descobreix-torre-del-rellotge-estartit\/\",\"name\":\"Descobreix la hist\u00f2ria de la Torre del Rellotge a l\u2019Estartit | Apartaments a l'Estartit\",\"isPartOf\":{\"@id\":\"https:\/\/sagavinaestartit.com\/ca\/#website\"},\"primaryImageOfPage\":{\"@id\":\"https:\/\/sagavinaestartit.com\/ca\/descobreix-torre-del-rellotge-estartit\/#primaryimage\"},\"image\":{\"@id\":\"https:\/\/sagavinaestartit.com\/ca\/descobreix-torre-del-rellotge-estartit\/#primaryimage\"},\"thumbnailUrl\":\"https:\/\/sagavinaestartit.com\/wp-content\/uploads\/2021\/10\/Torre-del-rellotge-scaled.webp\",\"datePublished\":\"2021-10-04T10:13:23+00:00\",\"dateModified\":\"2025-10-30T14:13:10+00:00\",\"description\":\"Descobriu la hist\u00f2ria de la Torre del Rellotge, un s\u00edmbol del passat pesquer i parada imprescindible durant la vostra visita a la Costa Brava.\",\"breadcrumb\":{\"@id\":\"https:\/\/sagavinaestartit.com\/ca\/descobreix-torre-del-rellotge-estartit\/#breadcrumb\"},\"inLanguage\":\"ca\",\"potentialAction\":[{\"@type\":\"ReadAction\",\"target\":[\"https:\/\/sagavinaestartit.com\/ca\/descobreix-torre-del-rellotge-estartit\/\"]}]},{\"@type\":\"ImageObject\",\"inLanguage\":\"ca\",\"@id\":\"https:\/\/sagavinaestartit.com\/ca\/descobreix-torre-del-rellotge-estartit\/#primaryimage\",\"url\":\"https:\/\/sagavinaestartit.com\/wp-content\/uploads\/2021\/10\/Torre-del-rellotge-scaled.webp\",\"contentUrl\":\"https:\/\/sagavinaestartit.com\/wp-content\/uploads\/2021\/10\/Torre-del-rellotge-scaled.webp\",\"width\":2560,\"height\":1280,\"caption\":\"Torre del rellotge\"},{\"@type\":\"BreadcrumbList\",\"@id\":\"https:\/\/sagavinaestartit.com\/ca\/descobreix-torre-del-rellotge-estartit\/#breadcrumb\",\"itemListElement\":[{\"@type\":\"ListItem\",\"position\":1,\"name\":\"Portada\",\"item\":\"https:\/\/sagavinaestartit.com\/ca\/home\/\"},{\"@type\":\"ListItem\",\"position\":2,\"name\":\"Descobreix la hist\u00f2ria de la Torre del Rellotge a l\u2019Estartit\"}]},{\"@type\":\"WebSite\",\"@id\":\"https:\/\/sagavinaestartit.com\/ca\/#website\",\"url\":\"https:\/\/sagavinaestartit.com\/ca\/\",\"name\":\"Sa Gavina Apartaments\",\"description\":\"Sa Gavina Apartaments\",\"publisher\":{\"@id\":\"https:\/\/sagavinaestartit.com\/ca\/#organization\"},\"potentialAction\":[{\"@type\":\"SearchAction\",\"target\":{\"@type\":\"EntryPoint\",\"urlTemplate\":\"https:\/\/sagavinaestartit.com\/ca\/?s={search_term_string}\"},\"query-input\":{\"@type\":\"PropertyValueSpecification\",\"valueRequired\":true,\"valueName\":\"search_term_string\"}}],\"inLanguage\":\"ca\"},{\"@type\":\"Organization\",\"@id\":\"https:\/\/sagavinaestartit.com\/ca\/#organization\",\"name\":\"Sa Gavina Apartaments\",\"url\":\"https:\/\/sagavinaestartit.com\/ca\/\",\"logo\":{\"@type\":\"ImageObject\",\"inLanguage\":\"ca\",\"@id\":\"https:\/\/sagavinaestartit.com\/ca\/#\/schema\/logo\/image\/\",\"url\":\"https:\/\/sagavinaestartit.com\/wp-content\/uploads\/2024\/12\/3-1.png\",\"contentUrl\":\"https:\/\/sagavinaestartit.com\/wp-content\/uploads\/2024\/12\/3-1.png\",\"width\":500,\"height\":200,\"caption\":\"Sa Gavina Apartaments\"},\"image\":{\"@id\":\"https:\/\/sagavinaestartit.com\/ca\/#\/schema\/logo\/image\/\"}},{\"@type\":\"Person\",\"@id\":\"https:\/\/sagavinaestartit.com\/ca\/#\/schema\/person\/72b3f9a420869474351007377bde83c0\",\"name\":\"tecnico_alojapro\",\"sameAs\":[\"https:\/\/sagavinaestartit.com\"]}]}<\/script>\n<!-- \/ Yoast SEO plugin. -->","yoast_head_json":{"title":"Descobreix la hist\u00f2ria de la Torre del Rellotge a l\u2019Estartit | Apartaments a l'Estartit","description":"Descobriu la hist\u00f2ria de la Torre del Rellotge, un s\u00edmbol del passat pesquer i parada imprescindible durant la vostra visita a la Costa Brava.","robots":{"index":"index","follow":"follow","max-snippet":"max-snippet:-1","max-image-preview":"max-image-preview:large","max-video-preview":"max-video-preview:-1"},"canonical":"https:\/\/sagavinaestartit.com\/ca\/descobreix-torre-del-rellotge-estartit\/","og_locale":"ca_ES","og_type":"article","og_title":"Descobreix la hist\u00f2ria de la Torre del Rellotge a l\u2019Estartit | Apartaments a l'Estartit","og_description":"Descobriu la hist\u00f2ria de la Torre del Rellotge, un s\u00edmbol del passat pesquer i parada imprescindible durant la vostra visita a la Costa Brava.","og_url":"https:\/\/sagavinaestartit.com\/ca\/descobreix-torre-del-rellotge-estartit\/","og_site_name":"Apartaments a l'Estartit","article_published_time":"2021-10-04T10:13:23+00:00","article_modified_time":"2025-10-30T14:13:10+00:00","og_image":[{"width":2560,"height":1280,"url":"https:\/\/sagavinaestartit.com\/wp-content\/uploads\/2021\/10\/Torre-del-rellotge-scaled.webp","type":"image\/webp"}],"author":"tecnico_alojapro","twitter_card":"summary_large_image","twitter_misc":{"Escrit per":"tecnico_alojapro","Temps estimat de lectura":"2 minuts"},"schema":{"@context":"https:\/\/schema.org","@graph":[{"@type":"Article","@id":"https:\/\/sagavinaestartit.com\/ca\/descobreix-torre-del-rellotge-estartit\/#article","isPartOf":{"@id":"https:\/\/sagavinaestartit.com\/ca\/descobreix-torre-del-rellotge-estartit\/"},"author":{"name":"tecnico_alojapro","@id":"https:\/\/sagavinaestartit.com\/ca\/#\/schema\/person\/72b3f9a420869474351007377bde83c0"},"headline":"Descobreix la hist\u00f2ria de la Torre del Rellotge a l\u2019Estartit","datePublished":"2021-10-04T10:13:23+00:00","dateModified":"2025-10-30T14:13:10+00:00","mainEntityOfPage":{"@id":"https:\/\/sagavinaestartit.com\/ca\/descobreix-torre-del-rellotge-estartit\/"},"wordCount":447,"publisher":{"@id":"https:\/\/sagavinaestartit.com\/ca\/#organization"},"image":{"@id":"https:\/\/sagavinaestartit.com\/ca\/descobreix-torre-del-rellotge-estartit\/#primaryimage"},"thumbnailUrl":"https:\/\/sagavinaestartit.com\/wp-content\/uploads\/2021\/10\/Torre-del-rellotge-scaled.webp","keywords":["activitats a l'Estartit","Activitats familiars","apartament mascotes estartit","Costa Brava","llocs d'inter\u00e8s","qu\u00e9 hacer en l'Estartit","Sa gavina","sortir en familia","turisme de proximitat"],"articleSection":["Activitats a l'Estartit","Costa Brava","Empord\u00e0","Excursi\u00f3n 1 d\u00eda","Imprescindibles","Que fer amb nens","Turisme responsable"],"inLanguage":"ca"},{"@type":"WebPage","@id":"https:\/\/sagavinaestartit.com\/ca\/descobreix-torre-del-rellotge-estartit\/","url":"https:\/\/sagavinaestartit.com\/ca\/descobreix-torre-del-rellotge-estartit\/","name":"Descobreix la hist\u00f2ria de la Torre del Rellotge a l\u2019Estartit | Apartaments a l'Estartit","isPartOf":{"@id":"https:\/\/sagavinaestartit.com\/ca\/#website"},"primaryImageOfPage":{"@id":"https:\/\/sagavinaestartit.com\/ca\/descobreix-torre-del-rellotge-estartit\/#primaryimage"},"image":{"@id":"https:\/\/sagavinaestartit.com\/ca\/descobreix-torre-del-rellotge-estartit\/#primaryimage"},"thumbnailUrl":"https:\/\/sagavinaestartit.com\/wp-content\/uploads\/2021\/10\/Torre-del-rellotge-scaled.webp","datePublished":"2021-10-04T10:13:23+00:00","dateModified":"2025-10-30T14:13:10+00:00","description":"Descobriu la hist\u00f2ria de la Torre del Rellotge, un s\u00edmbol del passat pesquer i parada imprescindible durant la vostra visita a la Costa Brava.","breadcrumb":{"@id":"https:\/\/sagavinaestartit.com\/ca\/descobreix-torre-del-rellotge-estartit\/#breadcrumb"},"inLanguage":"ca","potentialAction":[{"@type":"ReadAction","target":["https:\/\/sagavinaestartit.com\/ca\/descobreix-torre-del-rellotge-estartit\/"]}]},{"@type":"ImageObject","inLanguage":"ca","@id":"https:\/\/sagavinaestartit.com\/ca\/descobreix-torre-del-rellotge-estartit\/#primaryimage","url":"https:\/\/sagavinaestartit.com\/wp-content\/uploads\/2021\/10\/Torre-del-rellotge-scaled.webp","contentUrl":"https:\/\/sagavinaestartit.com\/wp-content\/uploads\/2021\/10\/Torre-del-rellotge-scaled.webp","width":2560,"height":1280,"caption":"Torre del rellotge"},{"@type":"BreadcrumbList","@id":"https:\/\/sagavinaestartit.com\/ca\/descobreix-torre-del-rellotge-estartit\/#breadcrumb","itemListElement":[{"@type":"ListItem","position":1,"name":"Portada","item":"https:\/\/sagavinaestartit.com\/ca\/home\/"},{"@type":"ListItem","position":2,"name":"Descobreix la hist\u00f2ria de la Torre del Rellotge a l\u2019Estartit"}]},{"@type":"WebSite","@id":"https:\/\/sagavinaestartit.com\/ca\/#website","url":"https:\/\/sagavinaestartit.com\/ca\/","name":"Sa Gavina Apartaments","description":"Sa Gavina Apartaments","publisher":{"@id":"https:\/\/sagavinaestartit.com\/ca\/#organization"},"potentialAction":[{"@type":"SearchAction","target":{"@type":"EntryPoint","urlTemplate":"https:\/\/sagavinaestartit.com\/ca\/?s={search_term_string}"},"query-input":{"@type":"PropertyValueSpecification","valueRequired":true,"valueName":"search_term_string"}}],"inLanguage":"ca"},{"@type":"Organization","@id":"https:\/\/sagavinaestartit.com\/ca\/#organization","name":"Sa Gavina Apartaments","url":"https:\/\/sagavinaestartit.com\/ca\/","logo":{"@type":"ImageObject","inLanguage":"ca","@id":"https:\/\/sagavinaestartit.com\/ca\/#\/schema\/logo\/image\/","url":"https:\/\/sagavinaestartit.com\/wp-content\/uploads\/2024\/12\/3-1.png","contentUrl":"https:\/\/sagavinaestartit.com\/wp-content\/uploads\/2024\/12\/3-1.png","width":500,"height":200,"caption":"Sa Gavina Apartaments"},"image":{"@id":"https:\/\/sagavinaestartit.com\/ca\/#\/schema\/logo\/image\/"}},{"@type":"Person","@id":"https:\/\/sagavinaestartit.com\/ca\/#\/schema\/person\/72b3f9a420869474351007377bde83c0","name":"tecnico_alojapro","sameAs":["https:\/\/sagavinaestartit.com"]}]}},"_links":{"self":[{"href":"https:\/\/sagavinaestartit.com\/ca\/wp-json\/wp\/v2\/posts\/35516","targetHints":{"allow":["GET"]}}],"collection":[{"href":"https:\/\/sagavinaestartit.com\/ca\/wp-json\/wp\/v2\/posts"}],"about":[{"href":"https:\/\/sagavinaestartit.com\/ca\/wp-json\/wp\/v2\/types\/post"}],"author":[{"embeddable":true,"href":"https:\/\/sagavinaestartit.com\/ca\/wp-json\/wp\/v2\/users\/1"}],"replies":[{"embeddable":true,"href":"https:\/\/sagavinaestartit.com\/ca\/wp-json\/wp\/v2\/comments?post=35516"}],"version-history":[{"count":1,"href":"https:\/\/sagavinaestartit.com\/ca\/wp-json\/wp\/v2\/posts\/35516\/revisions"}],"predecessor-version":[{"id":35519,"href":"https:\/\/sagavinaestartit.com\/ca\/wp-json\/wp\/v2\/posts\/35516\/revisions\/35519"}],"wp:featuredmedia":[{"embeddable":true,"href":"https:\/\/sagavinaestartit.com\/ca\/wp-json\/wp\/v2\/media\/34215"}],"wp:attachment":[{"href":"https:\/\/sagavinaestartit.com\/ca\/wp-json\/wp\/v2\/media?parent=35516"}],"wp:term":[{"taxonomy":"category","embeddable":true,"href":"https:\/\/sagavinaestartit.com\/ca\/wp-json\/wp\/v2\/categories?post=35516"},{"taxonomy":"post_tag","embeddable":true,"href":"https:\/\/sagavinaestartit.com\/ca\/wp-json\/wp\/v2\/tags?post=35516"}],"curies":[{"name":"wp","href":"https:\/\/api.w.org\/{rel}","templated":true}]}}