{"id":35456,"date":"2022-02-10T17:11:30","date_gmt":"2022-02-10T16:11:30","guid":{"rendered":"https:\/\/sagavinaestartit.com\/rutes-de-senderisme-a-lestartit\/"},"modified":"2025-10-28T15:40:54","modified_gmt":"2025-10-28T14:40:54","slug":"rutes-senderisme-estartit","status":"publish","type":"post","link":"https:\/\/sagavinaestartit.com\/ca\/rutes-senderisme-estartit\/","title":{"rendered":"Rutes de senderisme a l\u2019Estartit"},"content":{"rendered":"<h2><strong>Les millors rutes de senderisme a l&#8217;Estartit<\/strong> <strong>per gaudir de la Costa Brava a peu<\/strong><\/h2>\n<p>L\u00b4entorn natural de l\u00b4Estartit i Torroella de Montgr\u00ed ofereix infinites possibilitats per practicar senderisme i gaudir de l\u00b4aire lliure.<br \/>\nJa sigui en parella, amb amics, en fam\u00edlia o en solitari, trobareu rutes per a tots els nivells i edats, amb paisatges espectaculars del Parc Natural del Montgr\u00ed, les Illes Medes i el Baix Ter.<\/p>\n<p>A continuaci\u00f3, us presentem una selecci\u00f3 de rutes recomanades classificades segons la seva dificultat.<\/p>\n<h2><b>Dificultat baixa: <a href=\"https:\/\/naturalocal.net\/ca\/rutes-senderisme-catalunya\/rutes-senderisme-girona\/rutes-senderisme-parc-natural-del-montgri-illes-medes-i-baix-ter\/la-ruta-del-vent\">Ruta del Vent<\/a><\/b><\/h2>\n<p>La<b> Ruta del Vent,<\/b><span style=\"font-weight: 400;\"> rep el nom per l&#8217;exposici\u00f3 al vent de tramuntana. \u00c9s recomanable evitar-la si es preveu fort vent fred.<\/span><\/p>\n<p><span style=\"font-weight: 400;\">Es una ruta circular, en forma de ocho, con 6,50 km de distancia y una pendiente de 50 metros. <\/span><\/p>\n<p>Es tracta d&#8217;una ruta senzilla, ideal per fer amb nens o en fam\u00edlia. No cuenta con fuentes de agua en el recorrido, por lo que se recomienda llevar suficiente hidrataci\u00f3n y evitar las horas centrales del d\u00eda durante el verano.<\/p>\n<p>\ud83d\udccd <strong>Punto destacado:<\/strong> <em>Barraca dels Hereus<\/em>, una construcci\u00f3 tradicional que forma part del patrimoni rural de la zona.<\/p>\n<h2><img decoding=\"async\" class=\"lazyload alignnone size-full wp-image-34027\" src=\"https:\/\/sagavinaestartit.com\/wp-content\/uploads\/2022\/02\/Ruta-del-vent.webp\" data-orig-src=\"https:\/\/sagavinaestartit.com\/wp-content\/uploads\/2022\/02\/Ruta-del-vent.webp\" alt=\"Ruta del vent\" width=\"320\" height=\"150\" srcset=\"data:image\/svg+xml,%3Csvg%20xmlns%3D%27http%3A%2F%2Fwww.w3.org%2F2000%2Fsvg%27%20width%3D%27320%27%20height%3D%27150%27%20viewBox%3D%270%200%20320%20150%27%3E%3Crect%20width%3D%27320%27%20height%3D%27150%27%20fill-opacity%3D%220%22%2F%3E%3C%2Fsvg%3E\" data-srcset=\"https:\/\/sagavinaestartit.com\/wp-content\/uploads\/2022\/02\/Ruta-del-vent-200x94.webp 200w, https:\/\/sagavinaestartit.com\/wp-content\/uploads\/2022\/02\/Ruta-del-vent-300x141.webp 300w, https:\/\/sagavinaestartit.com\/wp-content\/uploads\/2022\/02\/Ruta-del-vent.webp 320w\" data-sizes=\"auto\" data-orig-sizes=\"(max-width: 320px) 100vw, 320px\" \/><\/h2>\n<h2><b>Dificultat Mitjana: <a href=\"https:\/\/naturalocal.net\/ca\/rutes-senderisme-catalunya\/rutes-senderisme-girona\/rutes-senderisme-parc-natural-del-montgri-illes-medes-i-baix-ter\/ruta-cala-montgo\">Ruta a Cala Montg\u00f3<\/a><\/b><\/h2>\n<p>La<b> Ruta a Cala Montg\u00f3 <\/b> uneix el passeig mar\u00edtim de l\u2019Estartit amb la impressionant Cala Montg\u00f3, passant per alguns dels paisatges m\u00e9s bonics del litoral.<\/p>\n<p><span style=\"font-weight: 400;\">Com que es tracta d&#8217;una ruta lineal, la tornada es tra\u00e7a al mateix cam\u00ed d&#8217;anada, o b\u00e9 amb transport. El recorregut t\u00e9 un pendent de 179 metres i una dist\u00e0ncia de gaireb\u00e9 9 quil\u00f2metres.<\/span><\/p>\n<p>Els senders poden ser inclinats i pedregosos. A m\u00e9s, hi ha zones sense cobertura m\u00f2bil, per aix\u00f2 s&#8217;aconsella <strong>descarregar el mapa amb antelaci\u00f3 <\/strong>o portar una c\u00f2pia impresa.<\/p>\n<p>\ud83d\udccd <strong>Punt destacat:<\/strong> <em>Vistes a la Punta del Mil\u00e0 des dels Crestats, un mirador natural de gran bellesa.<\/em><\/p>\n<h2><img decoding=\"async\" class=\"lazyload alignnone size-full wp-image-34017\" src=\"https:\/\/sagavinaestartit.com\/wp-content\/uploads\/2022\/02\/cami-a-Cala-Montgo.webp\" data-orig-src=\"https:\/\/sagavinaestartit.com\/wp-content\/uploads\/2022\/02\/cami-a-Cala-Montgo.webp\" alt=\"cam\u00ed a Cala Montg\u00f3\" width=\"320\" height=\"150\" srcset=\"data:image\/svg+xml,%3Csvg%20xmlns%3D%27http%3A%2F%2Fwww.w3.org%2F2000%2Fsvg%27%20width%3D%27320%27%20height%3D%27150%27%20viewBox%3D%270%200%20320%20150%27%3E%3Crect%20width%3D%27320%27%20height%3D%27150%27%20fill-opacity%3D%220%22%2F%3E%3C%2Fsvg%3E\" data-srcset=\"https:\/\/sagavinaestartit.com\/wp-content\/uploads\/2022\/02\/cami-a-Cala-Montgo-200x94.webp 200w, https:\/\/sagavinaestartit.com\/wp-content\/uploads\/2022\/02\/cami-a-Cala-Montgo-300x141.webp 300w, https:\/\/sagavinaestartit.com\/wp-content\/uploads\/2022\/02\/cami-a-Cala-Montgo.webp 320w\" data-sizes=\"auto\" data-orig-sizes=\"(max-width: 320px) 100vw, 320px\" \/><\/h2>\n<h2><b>Dificultat Alta: <a href=\"https:\/\/naturalocal.net\/ca\/rutes-senderisme-catalunya\/rutes-senderisme-girona\/rutes-senderisme-parc-natural-del-montgri-illes-medes-i-baix-ter\/volta-al-terme-de-lescala\">Volta al terme municipal de l\u2019Escala<\/a><\/b><\/h2>\n<p class=\"ficha-title\">La <b>Volta al terme municipal de l\u2019Escal<\/b>a, \u00e9s la m\u00e9s exigent de les rutes proposades. Permet descobrir els tresors naturals i culturals tant de l\u00b4interior com de la costa del municipi<\/p>\n<p><span style=\"font-weight: 400;\">\u00c9s una ruta circular, amb un desnivell de 133 metres i una dist\u00e0ncia de 18,20 quil\u00f2metres en total.<\/span><\/p>\n<p>Al llarg del recorregut gaudir\u00e0s de camins rurals, penya-segats i trams del passeig mar\u00edtim. A m\u00e9s, podr\u00e0s fer una pausa per dinar a la zona de p\u00edcnic d&#8217;Horts d&#8217;en Roure.<\/p>\n<p>\ud83d\udccd <strong>Punt destacat:<\/strong> <em>Dunes litorals del Moll Grec, un entorn natural protegit amb un gran valor ecol\u00f2gic.<\/em><\/p>\n<p><img decoding=\"async\" class=\"lazyload alignnone size-full wp-image-34022\" src=\"https:\/\/sagavinaestartit.com\/wp-content\/uploads\/2022\/02\/Dunes-litorals-a-les-platges-del-Moll-Grec.webp\" data-orig-src=\"https:\/\/sagavinaestartit.com\/wp-content\/uploads\/2022\/02\/Dunes-litorals-a-les-platges-del-Moll-Grec.webp\" alt=\"Dunes litorals a les platges del Moll Grec\" width=\"320\" height=\"150\" srcset=\"data:image\/svg+xml,%3Csvg%20xmlns%3D%27http%3A%2F%2Fwww.w3.org%2F2000%2Fsvg%27%20width%3D%27320%27%20height%3D%27150%27%20viewBox%3D%270%200%20320%20150%27%3E%3Crect%20width%3D%27320%27%20height%3D%27150%27%20fill-opacity%3D%220%22%2F%3E%3C%2Fsvg%3E\" data-srcset=\"https:\/\/sagavinaestartit.com\/wp-content\/uploads\/2022\/02\/Dunes-litorals-a-les-platges-del-Moll-Grec-200x94.webp 200w, https:\/\/sagavinaestartit.com\/wp-content\/uploads\/2022\/02\/Dunes-litorals-a-les-platges-del-Moll-Grec-300x141.webp 300w, https:\/\/sagavinaestartit.com\/wp-content\/uploads\/2022\/02\/Dunes-litorals-a-les-platges-del-Moll-Grec.webp 320w\" data-sizes=\"auto\" data-orig-sizes=\"(max-width: 320px) 100vw, 320px\" \/><\/p>\n<p>Per aprofitar al m\u00e0xim la vostra experi\u00e8ncia, us recomanem l&#8217;aplicaci\u00f3 gratu\u00efta <a href=\"https:\/\/naturalocal.net\"><strong>NaturaLocal,<\/strong><\/a> disponible per a <strong>iOS i Android.<\/strong><\/p>\n<p>Per a la desc\u00e0rrega des d&#8217;App Store feu <a href=\"https:\/\/apps.apple.com\/es\/app\/naturalocal\/id664903131\">clic aqu\u00ed.<\/a><\/p>\n<p>Per a la desc\u00e0rrega des d&#8217;App Store feu <a href=\"https:\/\/play.google.com\/store\/apps\/details?id=rceinnovation.android.naturalocal&amp;hl=es\">clic aqu\u00ed.<\/a><\/p>\n<p>Hi trobar\u00e0s rutes guiades e interpretades, amb mapes detallats i tota la informaci\u00f3 necess\u00e0ria per gaudir del senderisme amb seguretat.<\/p>\n<p>Des dels nostres <strong>apartaments Sa Gavina<\/strong> podr\u00e0s accedir f\u00e0cilment a totes aquestes rutes i gaudir de dies de natura, mar i desconnexi\u00f3.<\/p>\n<p><strong>Reserva el teu <a href=\"https:\/\/sagavinaestartit.com\/ca\/\">apartament a l\u2019Estartit<\/a><\/strong> i descobreix els senders m\u00e9s bonics de la Costa Brava.<\/p>\n","protected":false},"excerpt":{"rendered":"<p>Les millors rutes de senderisme a l&#8217;Estartit per gaudir de la Costa Brava a peu L\u00b4entorn natural de l\u00b4Estartit i Torroella de Montgr\u00ed ofereix infinites possibilitats per practicar senderisme i gaudir de l\u00b4aire lliure. Ja sigui en parella, amb amics,  [&#8230;]<\/p>\n","protected":false},"author":1,"featured_media":34033,"comment_status":"closed","ping_status":"closed","sticky":false,"template":"","format":"standard","meta":{"footnotes":""},"categories":[116,675,676,677,600,628],"tags":[212,601,629,532,202,679,563,508,680,604,505,635],"class_list":["post-35456","post","type-post","status-publish","format-standard","has-post-thumbnail","hentry","category-activitats-a-lestartit","category-costa-brava","category-emporda","category-excursion-1-dia","category-que-fer-amb-nens-ca","category-turisme-responsable","tag-activitats-a-lestartit","tag-activitats-familiars-ca","tag-apartament-mascotes-estartit","tag-costa-brava-ca","tag-llocs-dinteres","tag-que-hacer-en-lestartit","tag-ruta-estartit-ca","tag-sa-gavina-ca","tag-senderismo-ca","tag-sortir-en-familia-ca","tag-turisme-de-proximitat","tag-turisme-responsable"],"yoast_head":"<!-- This site is optimized with the Yoast SEO plugin v27.1.1 - https:\/\/yoast.com\/product\/yoast-seo-wordpress\/ -->\n<title>Rutes de senderisme a l\u2019Estartit | Apartaments a l&#039;Estartit<\/title>\n<meta name=\"description\" content=\"Descobreix les millors rutes de senderisme a l&#039;Estartit. Camins, vistes \u00faniques i natura al costat dels Apartaments Sa Gavina.\" \/>\n<meta name=\"robots\" content=\"index, follow, max-snippet:-1, max-image-preview:large, max-video-preview:-1\" \/>\n<link rel=\"canonical\" href=\"https:\/\/sagavinaestartit.com\/ca\/rutes-senderisme-estartit\/\" \/>\n<meta property=\"og:locale\" content=\"ca_ES\" \/>\n<meta property=\"og:type\" content=\"article\" \/>\n<meta property=\"og:title\" content=\"Rutes de senderisme a l\u2019Estartit | Apartaments a l&#039;Estartit\" \/>\n<meta property=\"og:description\" content=\"Descobreix les millors rutes de senderisme a l&#039;Estartit. Camins, vistes \u00faniques i natura al costat dels Apartaments Sa Gavina.\" \/>\n<meta property=\"og:url\" content=\"https:\/\/sagavinaestartit.com\/ca\/rutes-senderisme-estartit\/\" \/>\n<meta property=\"og:site_name\" content=\"Apartaments a l&#039;Estartit\" \/>\n<meta property=\"article:published_time\" content=\"2022-02-10T16:11:30+00:00\" \/>\n<meta property=\"article:modified_time\" content=\"2025-10-28T14:40:54+00:00\" \/>\n<meta property=\"og:image\" content=\"https:\/\/sagavinaestartit.com\/wp-content\/uploads\/2022\/02\/Rutes-senderisme-scaled.webp\" \/>\n\t<meta property=\"og:image:width\" content=\"2560\" \/>\n\t<meta property=\"og:image:height\" content=\"1280\" \/>\n\t<meta property=\"og:image:type\" content=\"image\/webp\" \/>\n<meta name=\"author\" content=\"tecnico_alojapro\" \/>\n<meta name=\"twitter:card\" content=\"summary_large_image\" \/>\n<meta name=\"twitter:label1\" content=\"Escrit per\" \/>\n\t<meta name=\"twitter:data1\" content=\"tecnico_alojapro\" \/>\n\t<meta name=\"twitter:label2\" content=\"Temps estimat de lectura\" \/>\n\t<meta name=\"twitter:data2\" content=\"4 minuts\" \/>\n<script type=\"application\/ld+json\" class=\"yoast-schema-graph\">{\"@context\":\"https:\/\/schema.org\",\"@graph\":[{\"@type\":\"Article\",\"@id\":\"https:\/\/sagavinaestartit.com\/ca\/rutes-senderisme-estartit\/#article\",\"isPartOf\":{\"@id\":\"https:\/\/sagavinaestartit.com\/ca\/rutes-senderisme-estartit\/\"},\"author\":{\"name\":\"tecnico_alojapro\",\"@id\":\"https:\/\/sagavinaestartit.com\/ca\/#\/schema\/person\/72b3f9a420869474351007377bde83c0\"},\"headline\":\"Rutes de senderisme a l\u2019Estartit\",\"datePublished\":\"2022-02-10T16:11:30+00:00\",\"dateModified\":\"2025-10-28T14:40:54+00:00\",\"mainEntityOfPage\":{\"@id\":\"https:\/\/sagavinaestartit.com\/ca\/rutes-senderisme-estartit\/\"},\"wordCount\":545,\"publisher\":{\"@id\":\"https:\/\/sagavinaestartit.com\/ca\/#organization\"},\"image\":{\"@id\":\"https:\/\/sagavinaestartit.com\/ca\/rutes-senderisme-estartit\/#primaryimage\"},\"thumbnailUrl\":\"https:\/\/sagavinaestartit.com\/wp-content\/uploads\/2022\/02\/Rutes-senderisme-scaled.webp\",\"keywords\":[\"activitats a l'Estartit\",\"Activitats familiars\",\"apartament mascotes estartit\",\"Costa Brava\",\"llocs d'inter\u00e8s\",\"qu\u00e9 hacer en l'Estartit\",\"ruta estartit\",\"Sa gavina\",\"Senderismo\",\"sortir en familia\",\"turisme de proximitat\",\"turisme responsable\"],\"articleSection\":[\"Activitats a l'Estartit\",\"Costa Brava\",\"Empord\u00e0\",\"Excursi\u00f3n 1 d\u00eda\",\"Que fer amb nens\",\"Turisme responsable\"],\"inLanguage\":\"ca\"},{\"@type\":\"WebPage\",\"@id\":\"https:\/\/sagavinaestartit.com\/ca\/rutes-senderisme-estartit\/\",\"url\":\"https:\/\/sagavinaestartit.com\/ca\/rutes-senderisme-estartit\/\",\"name\":\"Rutes de senderisme a l\u2019Estartit | Apartaments a l'Estartit\",\"isPartOf\":{\"@id\":\"https:\/\/sagavinaestartit.com\/ca\/#website\"},\"primaryImageOfPage\":{\"@id\":\"https:\/\/sagavinaestartit.com\/ca\/rutes-senderisme-estartit\/#primaryimage\"},\"image\":{\"@id\":\"https:\/\/sagavinaestartit.com\/ca\/rutes-senderisme-estartit\/#primaryimage\"},\"thumbnailUrl\":\"https:\/\/sagavinaestartit.com\/wp-content\/uploads\/2022\/02\/Rutes-senderisme-scaled.webp\",\"datePublished\":\"2022-02-10T16:11:30+00:00\",\"dateModified\":\"2025-10-28T14:40:54+00:00\",\"description\":\"Descobreix les millors rutes de senderisme a l'Estartit. Camins, vistes \u00faniques i natura al costat dels Apartaments Sa Gavina.\",\"breadcrumb\":{\"@id\":\"https:\/\/sagavinaestartit.com\/ca\/rutes-senderisme-estartit\/#breadcrumb\"},\"inLanguage\":\"ca\",\"potentialAction\":[{\"@type\":\"ReadAction\",\"target\":[\"https:\/\/sagavinaestartit.com\/ca\/rutes-senderisme-estartit\/\"]}]},{\"@type\":\"ImageObject\",\"inLanguage\":\"ca\",\"@id\":\"https:\/\/sagavinaestartit.com\/ca\/rutes-senderisme-estartit\/#primaryimage\",\"url\":\"https:\/\/sagavinaestartit.com\/wp-content\/uploads\/2022\/02\/Rutes-senderisme-scaled.webp\",\"contentUrl\":\"https:\/\/sagavinaestartit.com\/wp-content\/uploads\/2022\/02\/Rutes-senderisme-scaled.webp\",\"width\":2560,\"height\":1280,\"caption\":\"Rutes senderisme\"},{\"@type\":\"BreadcrumbList\",\"@id\":\"https:\/\/sagavinaestartit.com\/ca\/rutes-senderisme-estartit\/#breadcrumb\",\"itemListElement\":[{\"@type\":\"ListItem\",\"position\":1,\"name\":\"Portada\",\"item\":\"https:\/\/sagavinaestartit.com\/ca\/home\/\"},{\"@type\":\"ListItem\",\"position\":2,\"name\":\"Rutes de senderisme a l\u2019Estartit\"}]},{\"@type\":\"WebSite\",\"@id\":\"https:\/\/sagavinaestartit.com\/ca\/#website\",\"url\":\"https:\/\/sagavinaestartit.com\/ca\/\",\"name\":\"Sa Gavina Apartaments\",\"description\":\"Sa Gavina Apartaments\",\"publisher\":{\"@id\":\"https:\/\/sagavinaestartit.com\/ca\/#organization\"},\"potentialAction\":[{\"@type\":\"SearchAction\",\"target\":{\"@type\":\"EntryPoint\",\"urlTemplate\":\"https:\/\/sagavinaestartit.com\/ca\/?s={search_term_string}\"},\"query-input\":{\"@type\":\"PropertyValueSpecification\",\"valueRequired\":true,\"valueName\":\"search_term_string\"}}],\"inLanguage\":\"ca\"},{\"@type\":\"Organization\",\"@id\":\"https:\/\/sagavinaestartit.com\/ca\/#organization\",\"name\":\"Sa Gavina Apartaments\",\"url\":\"https:\/\/sagavinaestartit.com\/ca\/\",\"logo\":{\"@type\":\"ImageObject\",\"inLanguage\":\"ca\",\"@id\":\"https:\/\/sagavinaestartit.com\/ca\/#\/schema\/logo\/image\/\",\"url\":\"https:\/\/sagavinaestartit.com\/wp-content\/uploads\/2024\/12\/3-1.png\",\"contentUrl\":\"https:\/\/sagavinaestartit.com\/wp-content\/uploads\/2024\/12\/3-1.png\",\"width\":500,\"height\":200,\"caption\":\"Sa Gavina Apartaments\"},\"image\":{\"@id\":\"https:\/\/sagavinaestartit.com\/ca\/#\/schema\/logo\/image\/\"}},{\"@type\":\"Person\",\"@id\":\"https:\/\/sagavinaestartit.com\/ca\/#\/schema\/person\/72b3f9a420869474351007377bde83c0\",\"name\":\"tecnico_alojapro\",\"sameAs\":[\"https:\/\/sagavinaestartit.com\"]}]}<\/script>\n<!-- \/ Yoast SEO plugin. -->","yoast_head_json":{"title":"Rutes de senderisme a l\u2019Estartit | Apartaments a l'Estartit","description":"Descobreix les millors rutes de senderisme a l'Estartit. Camins, vistes \u00faniques i natura al costat dels Apartaments Sa Gavina.","robots":{"index":"index","follow":"follow","max-snippet":"max-snippet:-1","max-image-preview":"max-image-preview:large","max-video-preview":"max-video-preview:-1"},"canonical":"https:\/\/sagavinaestartit.com\/ca\/rutes-senderisme-estartit\/","og_locale":"ca_ES","og_type":"article","og_title":"Rutes de senderisme a l\u2019Estartit | Apartaments a l'Estartit","og_description":"Descobreix les millors rutes de senderisme a l'Estartit. Camins, vistes \u00faniques i natura al costat dels Apartaments Sa Gavina.","og_url":"https:\/\/sagavinaestartit.com\/ca\/rutes-senderisme-estartit\/","og_site_name":"Apartaments a l'Estartit","article_published_time":"2022-02-10T16:11:30+00:00","article_modified_time":"2025-10-28T14:40:54+00:00","og_image":[{"width":2560,"height":1280,"url":"https:\/\/sagavinaestartit.com\/wp-content\/uploads\/2022\/02\/Rutes-senderisme-scaled.webp","type":"image\/webp"}],"author":"tecnico_alojapro","twitter_card":"summary_large_image","twitter_misc":{"Escrit per":"tecnico_alojapro","Temps estimat de lectura":"4 minuts"},"schema":{"@context":"https:\/\/schema.org","@graph":[{"@type":"Article","@id":"https:\/\/sagavinaestartit.com\/ca\/rutes-senderisme-estartit\/#article","isPartOf":{"@id":"https:\/\/sagavinaestartit.com\/ca\/rutes-senderisme-estartit\/"},"author":{"name":"tecnico_alojapro","@id":"https:\/\/sagavinaestartit.com\/ca\/#\/schema\/person\/72b3f9a420869474351007377bde83c0"},"headline":"Rutes de senderisme a l\u2019Estartit","datePublished":"2022-02-10T16:11:30+00:00","dateModified":"2025-10-28T14:40:54+00:00","mainEntityOfPage":{"@id":"https:\/\/sagavinaestartit.com\/ca\/rutes-senderisme-estartit\/"},"wordCount":545,"publisher":{"@id":"https:\/\/sagavinaestartit.com\/ca\/#organization"},"image":{"@id":"https:\/\/sagavinaestartit.com\/ca\/rutes-senderisme-estartit\/#primaryimage"},"thumbnailUrl":"https:\/\/sagavinaestartit.com\/wp-content\/uploads\/2022\/02\/Rutes-senderisme-scaled.webp","keywords":["activitats a l'Estartit","Activitats familiars","apartament mascotes estartit","Costa Brava","llocs d'inter\u00e8s","qu\u00e9 hacer en l'Estartit","ruta estartit","Sa gavina","Senderismo","sortir en familia","turisme de proximitat","turisme responsable"],"articleSection":["Activitats a l'Estartit","Costa Brava","Empord\u00e0","Excursi\u00f3n 1 d\u00eda","Que fer amb nens","Turisme responsable"],"inLanguage":"ca"},{"@type":"WebPage","@id":"https:\/\/sagavinaestartit.com\/ca\/rutes-senderisme-estartit\/","url":"https:\/\/sagavinaestartit.com\/ca\/rutes-senderisme-estartit\/","name":"Rutes de senderisme a l\u2019Estartit | Apartaments a l'Estartit","isPartOf":{"@id":"https:\/\/sagavinaestartit.com\/ca\/#website"},"primaryImageOfPage":{"@id":"https:\/\/sagavinaestartit.com\/ca\/rutes-senderisme-estartit\/#primaryimage"},"image":{"@id":"https:\/\/sagavinaestartit.com\/ca\/rutes-senderisme-estartit\/#primaryimage"},"thumbnailUrl":"https:\/\/sagavinaestartit.com\/wp-content\/uploads\/2022\/02\/Rutes-senderisme-scaled.webp","datePublished":"2022-02-10T16:11:30+00:00","dateModified":"2025-10-28T14:40:54+00:00","description":"Descobreix les millors rutes de senderisme a l'Estartit. Camins, vistes \u00faniques i natura al costat dels Apartaments Sa Gavina.","breadcrumb":{"@id":"https:\/\/sagavinaestartit.com\/ca\/rutes-senderisme-estartit\/#breadcrumb"},"inLanguage":"ca","potentialAction":[{"@type":"ReadAction","target":["https:\/\/sagavinaestartit.com\/ca\/rutes-senderisme-estartit\/"]}]},{"@type":"ImageObject","inLanguage":"ca","@id":"https:\/\/sagavinaestartit.com\/ca\/rutes-senderisme-estartit\/#primaryimage","url":"https:\/\/sagavinaestartit.com\/wp-content\/uploads\/2022\/02\/Rutes-senderisme-scaled.webp","contentUrl":"https:\/\/sagavinaestartit.com\/wp-content\/uploads\/2022\/02\/Rutes-senderisme-scaled.webp","width":2560,"height":1280,"caption":"Rutes senderisme"},{"@type":"BreadcrumbList","@id":"https:\/\/sagavinaestartit.com\/ca\/rutes-senderisme-estartit\/#breadcrumb","itemListElement":[{"@type":"ListItem","position":1,"name":"Portada","item":"https:\/\/sagavinaestartit.com\/ca\/home\/"},{"@type":"ListItem","position":2,"name":"Rutes de senderisme a l\u2019Estartit"}]},{"@type":"WebSite","@id":"https:\/\/sagavinaestartit.com\/ca\/#website","url":"https:\/\/sagavinaestartit.com\/ca\/","name":"Sa Gavina Apartaments","description":"Sa Gavina Apartaments","publisher":{"@id":"https:\/\/sagavinaestartit.com\/ca\/#organization"},"potentialAction":[{"@type":"SearchAction","target":{"@type":"EntryPoint","urlTemplate":"https:\/\/sagavinaestartit.com\/ca\/?s={search_term_string}"},"query-input":{"@type":"PropertyValueSpecification","valueRequired":true,"valueName":"search_term_string"}}],"inLanguage":"ca"},{"@type":"Organization","@id":"https:\/\/sagavinaestartit.com\/ca\/#organization","name":"Sa Gavina Apartaments","url":"https:\/\/sagavinaestartit.com\/ca\/","logo":{"@type":"ImageObject","inLanguage":"ca","@id":"https:\/\/sagavinaestartit.com\/ca\/#\/schema\/logo\/image\/","url":"https:\/\/sagavinaestartit.com\/wp-content\/uploads\/2024\/12\/3-1.png","contentUrl":"https:\/\/sagavinaestartit.com\/wp-content\/uploads\/2024\/12\/3-1.png","width":500,"height":200,"caption":"Sa Gavina Apartaments"},"image":{"@id":"https:\/\/sagavinaestartit.com\/ca\/#\/schema\/logo\/image\/"}},{"@type":"Person","@id":"https:\/\/sagavinaestartit.com\/ca\/#\/schema\/person\/72b3f9a420869474351007377bde83c0","name":"tecnico_alojapro","sameAs":["https:\/\/sagavinaestartit.com"]}]}},"_links":{"self":[{"href":"https:\/\/sagavinaestartit.com\/ca\/wp-json\/wp\/v2\/posts\/35456","targetHints":{"allow":["GET"]}}],"collection":[{"href":"https:\/\/sagavinaestartit.com\/ca\/wp-json\/wp\/v2\/posts"}],"about":[{"href":"https:\/\/sagavinaestartit.com\/ca\/wp-json\/wp\/v2\/types\/post"}],"author":[{"embeddable":true,"href":"https:\/\/sagavinaestartit.com\/ca\/wp-json\/wp\/v2\/users\/1"}],"replies":[{"embeddable":true,"href":"https:\/\/sagavinaestartit.com\/ca\/wp-json\/wp\/v2\/comments?post=35456"}],"version-history":[{"count":1,"href":"https:\/\/sagavinaestartit.com\/ca\/wp-json\/wp\/v2\/posts\/35456\/revisions"}],"predecessor-version":[{"id":35457,"href":"https:\/\/sagavinaestartit.com\/ca\/wp-json\/wp\/v2\/posts\/35456\/revisions\/35457"}],"wp:featuredmedia":[{"embeddable":true,"href":"https:\/\/sagavinaestartit.com\/ca\/wp-json\/wp\/v2\/media\/34033"}],"wp:attachment":[{"href":"https:\/\/sagavinaestartit.com\/ca\/wp-json\/wp\/v2\/media?parent=35456"}],"wp:term":[{"taxonomy":"category","embeddable":true,"href":"https:\/\/sagavinaestartit.com\/ca\/wp-json\/wp\/v2\/categories?post=35456"},{"taxonomy":"post_tag","embeddable":true,"href":"https:\/\/sagavinaestartit.com\/ca\/wp-json\/wp\/v2\/tags?post=35456"}],"curies":[{"name":"wp","href":"https:\/\/api.w.org\/{rel}","templated":true}]}}