{"id":35427,"date":"2022-04-20T15:57:23","date_gmt":"2022-04-20T13:57:23","guid":{"rendered":"https:\/\/sagavinaestartit.com\/tenim-una-nova-area-dactivitats-municipals-2\/"},"modified":"2025-10-28T10:27:45","modified_gmt":"2025-10-28T09:27:45","slug":"nova-area-dactivitats-municipals","status":"publish","type":"post","link":"https:\/\/sagavinaestartit.com\/ca\/nova-area-dactivitats-municipals\/","title":{"rendered":"Tenim una nova \u00e0rea d\u00b4activitats municipals!"},"content":{"rendered":"<h2><strong>Nova \u00e0rea d&#8217;activitats municipals a L&#8217;Estartit: diversi\u00f3 per a tota la fam\u00edlia<\/strong><\/h2>\n<p>Aquest estiu, L\u2019Estartit estrena un nou espai pensat per a l\u2019oci, \u200b\u200bl\u2019esport i la diversi\u00f3 familiar<\/p>\n<p>Parc infantil, pista de b\u00e0squet, camp Agility de gossos, i molt m\u00e9s!<\/p>\n<p>Gr\u00e0cies al <a href=\"https:\/\/montgrimedes2030.com\/es\/inicio\/\" target=\"_blank\" rel=\"noopener\">Pla d&#8217; Inversi\u00f3 en sostenibilitat tur\u00edstica de Torroella de Montgr\u00ed-L\u2019Estartit,<\/a> aquest estiu podreu gaudir d&#8217;una \u00e0rea d&#8217;activitats municipals davant dels nostres Apartaments.<\/p>\n<h2>Un espai familiar en plena natura<\/h2>\n<p>Aquestes noves instal\u00b7lacions permetran sobretot a les fam\u00edlies que s&#8217;allotgin a <a href=\"https:\/\/sagavinaestartit.com\/ca\/\">Sa Gavina Gaud\u00ed<\/a> comptar amb un espai d&#8217;oci i entreteniment per passar temps amb els seus fills i\/o filles.<\/p>\n<p>L&#8217;\u00e0rea d&#8217;activitats municipals est\u00e0 situada en una zona oberta i verda, per la qual cosa podreu desconnectar en un rac\u00f3 de natura al centre de l&#8217;Estartit. Perfecte per als que viatgen en fam\u00edlia o amb mascotes, ofereix activitats per a tots els gustos<\/p>\n<h2>Parc infantil<\/h2>\n<p>Vens a gaudir d\u00b4unes vacances familiars a L\u00b4Estartit?<br \/>\nEl parc infantil \u00e9s el lloc perfecte perqu\u00e8 els m\u00e9s petits es diverteixin a l&#8217;aire lliure amb gronxadors, tobogans i zones de joc pensades per estimular la creativitat i el moviment.<\/p>\n<p>Els jocs exteriors s\u00f3n una forma ideal que els nens s&#8217;allunyin de les pantalles, aprenguin a compartir i visquin moments inoblidables amb nous amics.<\/p>\n<h2>Pista de b\u00e0squet<\/h2>\n<p>Si us apassiona el b\u00e0squet, aqu\u00ed trobareu una pista a l&#8217;aire lliure on practicar els vostres llan\u00e7aments o gaudir d&#8217;un partit improvisat amb familiars i amics.<br \/>\nUna activitat perfecta per mantenir-se actiu mentre gaudiu del sol mediterrani.<\/p>\n<h2>Camp d\u2019 Agility per gossos<\/h2>\n<p>Voleu millorar el vincle afectiu que teniu amb el vostre gos?<\/p>\n<p>Viatges amb la teva mascota?<br \/>\nEl nou camp Agility \u00e9s una oportunitat fant\u00e0stica per refor\u00e7ar l&#8217;enlla\u00e7 amb el teu gos mentre tots dos feu exercici.<br \/>\nEl recorregut compta amb obstacles senzills i segurs dissenyats perqu\u00e8 el gos els superi jugant. Diversi\u00f3 garantida per a tothom!<\/p>\n<h2>Gaudeix de L\u2019Estartit en fam\u00edlia<\/h2>\n<p>Amb aquest nou espai, L\u2019Estartit refor\u00e7a la seva aposta pel turisme sostenible i familiar, oferint m\u00e9s opcions de lleure exterior a pocs metres del mar.<\/p>\n<p>Des dels <a href=\"https:\/\/sagavinaestartit.com\/ca\/\">Apartaments Sa Gavina Gaud\u00ed<\/a>, podreu accedir caminant a aquesta zona i gaudir d&#8217;unes vacances completes: descans, esport i natura en un sol lloc.<\/p>\n<p>Reserva el<strong><a href=\"https:\/\/sagavinaestartit.com\/ca\/\"> teu apartament a L\u2019Estart<\/a><\/strong>it i vine a descobrir totes les novetats d\u2019aquest estiu. T&#8217;esperem per gaudir junts del sol i la Mediterr\u00e0nia<\/p>\n<p>&nbsp;<\/p>\n","protected":false},"excerpt":{"rendered":"<p>Nova \u00e0rea d&#8217;activitats municipals a L&#8217;Estartit: diversi\u00f3 per a tota la fam\u00edlia Aquest estiu, L\u2019Estartit estrena un nou espai pensat per a l\u2019oci, \u200b\u200bl\u2019esport i la diversi\u00f3 familiar Parc infantil, pista de b\u00e0squet, camp Agility de gossos, i molt m\u00e9s!  [&#8230;]<\/p>\n","protected":false},"author":1,"featured_media":33979,"comment_status":"closed","ping_status":"closed","sticky":false,"template":"","format":"standard","meta":{"footnotes":""},"categories":[116,675,676,600,628],"tags":[212,601,629,532,798,679,508,505],"class_list":["post-35427","post","type-post","status-publish","format-standard","has-post-thumbnail","hentry","category-activitats-a-lestartit","category-costa-brava","category-emporda","category-que-fer-amb-nens-ca","category-turisme-responsable","tag-activitats-a-lestartit","tag-activitats-familiars-ca","tag-apartament-mascotes-estartit","tag-costa-brava-ca","tag-pet-friendly-apartment-ca","tag-que-hacer-en-lestartit","tag-sa-gavina-ca","tag-turisme-de-proximitat"],"yoast_head":"<!-- This site is optimized with the Yoast SEO plugin v27.1.1 - https:\/\/yoast.com\/product\/yoast-seo-wordpress\/ -->\n<title>Tenim una nova \u00e0rea d\u00b4activitats municipals! | Apartaments a l&#039;Estartit<\/title>\n<meta name=\"description\" content=\"Descobreix la nova \u00e0rea d&#039;activitats municipals de L&#039;Estartit: parc infantil, pista de b\u00e0squet i camp Agility, davant dels apartaments Sa Gavina Gaud\u00ed.\" \/>\n<meta name=\"robots\" content=\"index, follow, max-snippet:-1, max-image-preview:large, max-video-preview:-1\" \/>\n<link rel=\"canonical\" href=\"https:\/\/sagavinaestartit.com\/ca\/nova-area-dactivitats-municipals\/\" \/>\n<meta property=\"og:locale\" content=\"ca_ES\" \/>\n<meta property=\"og:type\" content=\"article\" \/>\n<meta property=\"og:title\" content=\"Tenim una nova \u00e0rea d\u00b4activitats municipals! | Apartaments a l&#039;Estartit\" \/>\n<meta property=\"og:description\" content=\"Descobreix la nova \u00e0rea d&#039;activitats municipals de L&#039;Estartit: parc infantil, pista de b\u00e0squet i camp Agility, davant dels apartaments Sa Gavina Gaud\u00ed.\" \/>\n<meta property=\"og:url\" content=\"https:\/\/sagavinaestartit.com\/ca\/nova-area-dactivitats-municipals\/\" \/>\n<meta property=\"og:site_name\" content=\"Apartaments a l&#039;Estartit\" \/>\n<meta property=\"article:published_time\" content=\"2022-04-20T13:57:23+00:00\" \/>\n<meta property=\"article:modified_time\" content=\"2025-10-28T09:27:45+00:00\" \/>\n<meta property=\"og:image\" content=\"https:\/\/sagavinaestartit.com\/wp-content\/uploads\/2022\/04\/parc-infantil-i-Agility-scaled.webp\" \/>\n\t<meta property=\"og:image:width\" content=\"2560\" \/>\n\t<meta property=\"og:image:height\" content=\"1280\" \/>\n\t<meta property=\"og:image:type\" content=\"image\/webp\" \/>\n<meta name=\"author\" content=\"tecnico_alojapro\" \/>\n<meta name=\"twitter:card\" content=\"summary_large_image\" \/>\n<meta name=\"twitter:label1\" content=\"Escrit per\" \/>\n\t<meta name=\"twitter:data1\" content=\"tecnico_alojapro\" \/>\n\t<meta name=\"twitter:label2\" content=\"Temps estimat de lectura\" \/>\n\t<meta name=\"twitter:data2\" content=\"2 minuts\" \/>\n<script type=\"application\/ld+json\" class=\"yoast-schema-graph\">{\"@context\":\"https:\/\/schema.org\",\"@graph\":[{\"@type\":\"Article\",\"@id\":\"https:\/\/sagavinaestartit.com\/ca\/nova-area-dactivitats-municipals\/#article\",\"isPartOf\":{\"@id\":\"https:\/\/sagavinaestartit.com\/ca\/nova-area-dactivitats-municipals\/\"},\"author\":{\"name\":\"tecnico_alojapro\",\"@id\":\"https:\/\/sagavinaestartit.com\/ca\/#\/schema\/person\/72b3f9a420869474351007377bde83c0\"},\"headline\":\"Tenim una nova \u00e0rea d\u00b4activitats municipals!\",\"datePublished\":\"2022-04-20T13:57:23+00:00\",\"dateModified\":\"2025-10-28T09:27:45+00:00\",\"mainEntityOfPage\":{\"@id\":\"https:\/\/sagavinaestartit.com\/ca\/nova-area-dactivitats-municipals\/\"},\"wordCount\":444,\"publisher\":{\"@id\":\"https:\/\/sagavinaestartit.com\/ca\/#organization\"},\"image\":{\"@id\":\"https:\/\/sagavinaestartit.com\/ca\/nova-area-dactivitats-municipals\/#primaryimage\"},\"thumbnailUrl\":\"https:\/\/sagavinaestartit.com\/wp-content\/uploads\/2022\/04\/parc-infantil-i-Agility-scaled.webp\",\"keywords\":[\"activitats a l'Estartit\",\"Activitats familiars\",\"apartament mascotes estartit\",\"Costa Brava\",\"pet friendly apartment\",\"qu\u00e9 hacer en l'Estartit\",\"Sa gavina\",\"turisme de proximitat\"],\"articleSection\":[\"Activitats a l'Estartit\",\"Costa Brava\",\"Empord\u00e0\",\"Que fer amb nens\",\"Turisme responsable\"],\"inLanguage\":\"ca\"},{\"@type\":\"WebPage\",\"@id\":\"https:\/\/sagavinaestartit.com\/ca\/nova-area-dactivitats-municipals\/\",\"url\":\"https:\/\/sagavinaestartit.com\/ca\/nova-area-dactivitats-municipals\/\",\"name\":\"Tenim una nova \u00e0rea d\u00b4activitats municipals! | Apartaments a l'Estartit\",\"isPartOf\":{\"@id\":\"https:\/\/sagavinaestartit.com\/ca\/#website\"},\"primaryImageOfPage\":{\"@id\":\"https:\/\/sagavinaestartit.com\/ca\/nova-area-dactivitats-municipals\/#primaryimage\"},\"image\":{\"@id\":\"https:\/\/sagavinaestartit.com\/ca\/nova-area-dactivitats-municipals\/#primaryimage\"},\"thumbnailUrl\":\"https:\/\/sagavinaestartit.com\/wp-content\/uploads\/2022\/04\/parc-infantil-i-Agility-scaled.webp\",\"datePublished\":\"2022-04-20T13:57:23+00:00\",\"dateModified\":\"2025-10-28T09:27:45+00:00\",\"description\":\"Descobreix la nova \u00e0rea d'activitats municipals de L'Estartit: parc infantil, pista de b\u00e0squet i camp Agility, davant dels apartaments Sa Gavina Gaud\u00ed.\",\"breadcrumb\":{\"@id\":\"https:\/\/sagavinaestartit.com\/ca\/nova-area-dactivitats-municipals\/#breadcrumb\"},\"inLanguage\":\"ca\",\"potentialAction\":[{\"@type\":\"ReadAction\",\"target\":[\"https:\/\/sagavinaestartit.com\/ca\/nova-area-dactivitats-municipals\/\"]}]},{\"@type\":\"ImageObject\",\"inLanguage\":\"ca\",\"@id\":\"https:\/\/sagavinaestartit.com\/ca\/nova-area-dactivitats-municipals\/#primaryimage\",\"url\":\"https:\/\/sagavinaestartit.com\/wp-content\/uploads\/2022\/04\/parc-infantil-i-Agility-scaled.webp\",\"contentUrl\":\"https:\/\/sagavinaestartit.com\/wp-content\/uploads\/2022\/04\/parc-infantil-i-Agility-scaled.webp\",\"width\":2560,\"height\":1280,\"caption\":\"parc infantil i Agility\"},{\"@type\":\"BreadcrumbList\",\"@id\":\"https:\/\/sagavinaestartit.com\/ca\/nova-area-dactivitats-municipals\/#breadcrumb\",\"itemListElement\":[{\"@type\":\"ListItem\",\"position\":1,\"name\":\"Portada\",\"item\":\"https:\/\/sagavinaestartit.com\/ca\/home\/\"},{\"@type\":\"ListItem\",\"position\":2,\"name\":\"Tenim una nova \u00e0rea d\u00b4activitats municipals!\"}]},{\"@type\":\"WebSite\",\"@id\":\"https:\/\/sagavinaestartit.com\/ca\/#website\",\"url\":\"https:\/\/sagavinaestartit.com\/ca\/\",\"name\":\"Sa Gavina Apartaments\",\"description\":\"Sa Gavina Apartaments\",\"publisher\":{\"@id\":\"https:\/\/sagavinaestartit.com\/ca\/#organization\"},\"potentialAction\":[{\"@type\":\"SearchAction\",\"target\":{\"@type\":\"EntryPoint\",\"urlTemplate\":\"https:\/\/sagavinaestartit.com\/ca\/?s={search_term_string}\"},\"query-input\":{\"@type\":\"PropertyValueSpecification\",\"valueRequired\":true,\"valueName\":\"search_term_string\"}}],\"inLanguage\":\"ca\"},{\"@type\":\"Organization\",\"@id\":\"https:\/\/sagavinaestartit.com\/ca\/#organization\",\"name\":\"Sa Gavina Apartaments\",\"url\":\"https:\/\/sagavinaestartit.com\/ca\/\",\"logo\":{\"@type\":\"ImageObject\",\"inLanguage\":\"ca\",\"@id\":\"https:\/\/sagavinaestartit.com\/ca\/#\/schema\/logo\/image\/\",\"url\":\"https:\/\/sagavinaestartit.com\/wp-content\/uploads\/2024\/12\/3-1.png\",\"contentUrl\":\"https:\/\/sagavinaestartit.com\/wp-content\/uploads\/2024\/12\/3-1.png\",\"width\":500,\"height\":200,\"caption\":\"Sa Gavina Apartaments\"},\"image\":{\"@id\":\"https:\/\/sagavinaestartit.com\/ca\/#\/schema\/logo\/image\/\"}},{\"@type\":\"Person\",\"@id\":\"https:\/\/sagavinaestartit.com\/ca\/#\/schema\/person\/72b3f9a420869474351007377bde83c0\",\"name\":\"tecnico_alojapro\",\"sameAs\":[\"https:\/\/sagavinaestartit.com\"]}]}<\/script>\n<!-- \/ Yoast SEO plugin. -->","yoast_head_json":{"title":"Tenim una nova \u00e0rea d\u00b4activitats municipals! | Apartaments a l'Estartit","description":"Descobreix la nova \u00e0rea d'activitats municipals de L'Estartit: parc infantil, pista de b\u00e0squet i camp Agility, davant dels apartaments Sa Gavina Gaud\u00ed.","robots":{"index":"index","follow":"follow","max-snippet":"max-snippet:-1","max-image-preview":"max-image-preview:large","max-video-preview":"max-video-preview:-1"},"canonical":"https:\/\/sagavinaestartit.com\/ca\/nova-area-dactivitats-municipals\/","og_locale":"ca_ES","og_type":"article","og_title":"Tenim una nova \u00e0rea d\u00b4activitats municipals! | Apartaments a l'Estartit","og_description":"Descobreix la nova \u00e0rea d'activitats municipals de L'Estartit: parc infantil, pista de b\u00e0squet i camp Agility, davant dels apartaments Sa Gavina Gaud\u00ed.","og_url":"https:\/\/sagavinaestartit.com\/ca\/nova-area-dactivitats-municipals\/","og_site_name":"Apartaments a l'Estartit","article_published_time":"2022-04-20T13:57:23+00:00","article_modified_time":"2025-10-28T09:27:45+00:00","og_image":[{"width":2560,"height":1280,"url":"https:\/\/sagavinaestartit.com\/wp-content\/uploads\/2022\/04\/parc-infantil-i-Agility-scaled.webp","type":"image\/webp"}],"author":"tecnico_alojapro","twitter_card":"summary_large_image","twitter_misc":{"Escrit per":"tecnico_alojapro","Temps estimat de lectura":"2 minuts"},"schema":{"@context":"https:\/\/schema.org","@graph":[{"@type":"Article","@id":"https:\/\/sagavinaestartit.com\/ca\/nova-area-dactivitats-municipals\/#article","isPartOf":{"@id":"https:\/\/sagavinaestartit.com\/ca\/nova-area-dactivitats-municipals\/"},"author":{"name":"tecnico_alojapro","@id":"https:\/\/sagavinaestartit.com\/ca\/#\/schema\/person\/72b3f9a420869474351007377bde83c0"},"headline":"Tenim una nova \u00e0rea d\u00b4activitats municipals!","datePublished":"2022-04-20T13:57:23+00:00","dateModified":"2025-10-28T09:27:45+00:00","mainEntityOfPage":{"@id":"https:\/\/sagavinaestartit.com\/ca\/nova-area-dactivitats-municipals\/"},"wordCount":444,"publisher":{"@id":"https:\/\/sagavinaestartit.com\/ca\/#organization"},"image":{"@id":"https:\/\/sagavinaestartit.com\/ca\/nova-area-dactivitats-municipals\/#primaryimage"},"thumbnailUrl":"https:\/\/sagavinaestartit.com\/wp-content\/uploads\/2022\/04\/parc-infantil-i-Agility-scaled.webp","keywords":["activitats a l'Estartit","Activitats familiars","apartament mascotes estartit","Costa Brava","pet friendly apartment","qu\u00e9 hacer en l'Estartit","Sa gavina","turisme de proximitat"],"articleSection":["Activitats a l'Estartit","Costa Brava","Empord\u00e0","Que fer amb nens","Turisme responsable"],"inLanguage":"ca"},{"@type":"WebPage","@id":"https:\/\/sagavinaestartit.com\/ca\/nova-area-dactivitats-municipals\/","url":"https:\/\/sagavinaestartit.com\/ca\/nova-area-dactivitats-municipals\/","name":"Tenim una nova \u00e0rea d\u00b4activitats municipals! | Apartaments a l'Estartit","isPartOf":{"@id":"https:\/\/sagavinaestartit.com\/ca\/#website"},"primaryImageOfPage":{"@id":"https:\/\/sagavinaestartit.com\/ca\/nova-area-dactivitats-municipals\/#primaryimage"},"image":{"@id":"https:\/\/sagavinaestartit.com\/ca\/nova-area-dactivitats-municipals\/#primaryimage"},"thumbnailUrl":"https:\/\/sagavinaestartit.com\/wp-content\/uploads\/2022\/04\/parc-infantil-i-Agility-scaled.webp","datePublished":"2022-04-20T13:57:23+00:00","dateModified":"2025-10-28T09:27:45+00:00","description":"Descobreix la nova \u00e0rea d'activitats municipals de L'Estartit: parc infantil, pista de b\u00e0squet i camp Agility, davant dels apartaments Sa Gavina Gaud\u00ed.","breadcrumb":{"@id":"https:\/\/sagavinaestartit.com\/ca\/nova-area-dactivitats-municipals\/#breadcrumb"},"inLanguage":"ca","potentialAction":[{"@type":"ReadAction","target":["https:\/\/sagavinaestartit.com\/ca\/nova-area-dactivitats-municipals\/"]}]},{"@type":"ImageObject","inLanguage":"ca","@id":"https:\/\/sagavinaestartit.com\/ca\/nova-area-dactivitats-municipals\/#primaryimage","url":"https:\/\/sagavinaestartit.com\/wp-content\/uploads\/2022\/04\/parc-infantil-i-Agility-scaled.webp","contentUrl":"https:\/\/sagavinaestartit.com\/wp-content\/uploads\/2022\/04\/parc-infantil-i-Agility-scaled.webp","width":2560,"height":1280,"caption":"parc infantil i Agility"},{"@type":"BreadcrumbList","@id":"https:\/\/sagavinaestartit.com\/ca\/nova-area-dactivitats-municipals\/#breadcrumb","itemListElement":[{"@type":"ListItem","position":1,"name":"Portada","item":"https:\/\/sagavinaestartit.com\/ca\/home\/"},{"@type":"ListItem","position":2,"name":"Tenim una nova \u00e0rea d\u00b4activitats municipals!"}]},{"@type":"WebSite","@id":"https:\/\/sagavinaestartit.com\/ca\/#website","url":"https:\/\/sagavinaestartit.com\/ca\/","name":"Sa Gavina Apartaments","description":"Sa Gavina Apartaments","publisher":{"@id":"https:\/\/sagavinaestartit.com\/ca\/#organization"},"potentialAction":[{"@type":"SearchAction","target":{"@type":"EntryPoint","urlTemplate":"https:\/\/sagavinaestartit.com\/ca\/?s={search_term_string}"},"query-input":{"@type":"PropertyValueSpecification","valueRequired":true,"valueName":"search_term_string"}}],"inLanguage":"ca"},{"@type":"Organization","@id":"https:\/\/sagavinaestartit.com\/ca\/#organization","name":"Sa Gavina Apartaments","url":"https:\/\/sagavinaestartit.com\/ca\/","logo":{"@type":"ImageObject","inLanguage":"ca","@id":"https:\/\/sagavinaestartit.com\/ca\/#\/schema\/logo\/image\/","url":"https:\/\/sagavinaestartit.com\/wp-content\/uploads\/2024\/12\/3-1.png","contentUrl":"https:\/\/sagavinaestartit.com\/wp-content\/uploads\/2024\/12\/3-1.png","width":500,"height":200,"caption":"Sa Gavina Apartaments"},"image":{"@id":"https:\/\/sagavinaestartit.com\/ca\/#\/schema\/logo\/image\/"}},{"@type":"Person","@id":"https:\/\/sagavinaestartit.com\/ca\/#\/schema\/person\/72b3f9a420869474351007377bde83c0","name":"tecnico_alojapro","sameAs":["https:\/\/sagavinaestartit.com"]}]}},"_links":{"self":[{"href":"https:\/\/sagavinaestartit.com\/ca\/wp-json\/wp\/v2\/posts\/35427","targetHints":{"allow":["GET"]}}],"collection":[{"href":"https:\/\/sagavinaestartit.com\/ca\/wp-json\/wp\/v2\/posts"}],"about":[{"href":"https:\/\/sagavinaestartit.com\/ca\/wp-json\/wp\/v2\/types\/post"}],"author":[{"embeddable":true,"href":"https:\/\/sagavinaestartit.com\/ca\/wp-json\/wp\/v2\/users\/1"}],"replies":[{"embeddable":true,"href":"https:\/\/sagavinaestartit.com\/ca\/wp-json\/wp\/v2\/comments?post=35427"}],"version-history":[{"count":1,"href":"https:\/\/sagavinaestartit.com\/ca\/wp-json\/wp\/v2\/posts\/35427\/revisions"}],"predecessor-version":[{"id":35428,"href":"https:\/\/sagavinaestartit.com\/ca\/wp-json\/wp\/v2\/posts\/35427\/revisions\/35428"}],"wp:featuredmedia":[{"embeddable":true,"href":"https:\/\/sagavinaestartit.com\/ca\/wp-json\/wp\/v2\/media\/33979"}],"wp:attachment":[{"href":"https:\/\/sagavinaestartit.com\/ca\/wp-json\/wp\/v2\/media?parent=35427"}],"wp:term":[{"taxonomy":"category","embeddable":true,"href":"https:\/\/sagavinaestartit.com\/ca\/wp-json\/wp\/v2\/categories?post=35427"},{"taxonomy":"post_tag","embeddable":true,"href":"https:\/\/sagavinaestartit.com\/ca\/wp-json\/wp\/v2\/tags?post=35427"}],"curies":[{"name":"wp","href":"https:\/\/api.w.org\/{rel}","templated":true}]}}