{"id":35136,"date":"2022-07-20T10:39:55","date_gmt":"2022-07-20T08:39:55","guid":{"rendered":"https:\/\/sagavinaestartit.com\/un-dia-de-snorkel-a-lestartit\/"},"modified":"2025-10-20T13:49:36","modified_gmt":"2025-10-20T11:49:36","slug":"un-dia-snorkel-estartit","status":"publish","type":"post","link":"https:\/\/sagavinaestartit.com\/ca\/un-dia-snorkel-estartit\/","title":{"rendered":"Un dia de Snorkel a l&#8217;Estartit"},"content":{"rendered":"<h2><strong>Snorkel a les Illes Medes: natura, mar i descans a L\u2019Estartit<\/strong><\/h2>\n<p>Si busques combinar tranquil\u00b7litat i aventura, el snorkel a les Illes Medes \u00e9s una experi\u00e8ncia que no oblidar\u00e0s. Gaudeix del mar Mediterrani, de paisatges \u00fanics i de la m\u00e0gia de l\u2019Estartit, un rac\u00f3 privilegiat de la Costa Brava.<\/p>\n<h2><strong>Per qu\u00e8 fer Snorkell a les illes Medes? <\/strong><\/h2>\n<p>L&#8217;arxip\u00e8lag de les Illes Medes, situat a un quil\u00f2metre de la costa de l&#8217;Estartit, \u00e9s l&#8217;\u00fanica reserva marina del pa\u00eds i s&#8217;est\u00e9n al llarg de 21,5 hect\u00e0rees terrestres i 511 hect\u00e0rees marines, fet que la converteix en una zona de valor excepcional i \u00fanica a la Mediterr\u00e0nia.<\/p>\n<p>Entre aquestes illes hi ha Meda Gran, Meda Xica, Carall Bernat, Tascons Grossos, Tascons Petits, Medellot i Ferrenelles. Tots ells s\u00f3n els darrers contraforts del mass\u00eds del Montgr\u00ed quan se submergeix al fons del mar, creant un entorn espectacular tant a la superf\u00edcie com sota l&#8217;aigua.<\/p>\n<p>El fons mar\u00ed d\u00f3na el seu extraordinari valor i les converteix en un lloc \u00fanic a la Mediterr\u00e0nia, molt apreciat per bussejadors de tot el m\u00f3n. Es poden observar poblacions d&#8217;algues, les praderies de posid\u00f2nia, els esculls de corall, esp\u00e8cies de peixos, crancs, estrelles de mar\u2026 que converteixen el snorkel aqu\u00ed en una experi\u00e8ncia fascinant.<\/p>\n<h2><strong>Una experi\u00e8ncia perfecta per a parelles i fam\u00edlies<\/strong><\/h2>\n<p>Les Illes Medes s\u00f3n el lloc ideal per a una escapada rom\u00e0ntica o familiar. A L\u2019Estartit trobar\u00e0s apartaments tranquils i acollidors, perfectes per desconnectar i gaudir de la intimitat que els grans hotels sovint no ofereixen.<\/p>\n<p>Durant el dia, pots apuntar-te a una excursi\u00f3 guiada de snorkel amb alguna de les empreses locals, que ofereixen tot el material necessari i les mesures de seguretat perqu\u00e8 nom\u00e9s t&#8217;hagis de preocupar de gaudir.<\/p>\n<h2><strong>Com gaudir del capvespre a L\u2019Estartit<\/strong><\/h2>\n<p>Despr\u00e9s d&#8217;un dia de mar i natura, res millor que tornar al teu apartament amb aire condicionat, relaxar-te i sortir a passejar cap al tard pel passeig mar\u00edtim.<br \/>\nEt recomanem sopar davant del mar a algun dels restaurants de la zona, on podr\u00e0s degustar peix fresc de proximitat i la millor <a href=\"https:\/\/sagavinaestartit.com\/ca\/la-gastronomia-de-lestartit\/\">gastronomia mediterr\u00e0nia.<\/a><\/p>\n<p>La teva escapada perfecta t&#8217;espera, gaudeix de la tranquil\u00b7litat que d\u00f3na estar a prop del mar i allunyat del tr\u00e0fec del dia a dia a la ciutat.<\/p>\n<p>Relaxa&#8217;t als nostres acollidors <a href=\"https:\/\/sagavinaestartit.com\/ca\/\">apartaments a l\u2019Estarti<\/a>t, Sa Gavina. Si reserveu amb antelaci\u00f3 gaudireu dels millors preus de la temporada.<\/p>\n<h3>Vens a viure una experi\u00e8ncia \u00fanica als Apartaments Sa Gavina?<\/h3>\n","protected":false},"excerpt":{"rendered":"<p>Snorkel a les Illes Medes: natura, mar i descans a L\u2019Estartit Si busques combinar tranquil\u00b7litat i aventura, el snorkel a les Illes Medes \u00e9s una experi\u00e8ncia que no oblidar\u00e0s. Gaudeix del mar Mediterrani, de paisatges \u00fanics i de la m\u00e0gia  [&#8230;]<\/p>\n","protected":false},"author":1,"featured_media":33578,"comment_status":"closed","ping_status":"closed","sticky":false,"template":"","format":"standard","meta":{"footnotes":""},"categories":[116,675,676,677,628],"tags":[212,601,629,632,532,679,630,773,505,635],"class_list":["post-35136","post","type-post","status-publish","format-standard","has-post-thumbnail","hentry","category-activitats-a-lestartit","category-costa-brava","category-emporda","category-excursion-1-dia","category-turisme-responsable","tag-activitats-a-lestartit","tag-activitats-familiars-ca","tag-apartament-mascotes-estartit","tag-busseig-illes-medes","tag-costa-brava-ca","tag-que-hacer-en-lestartit","tag-snorkel-costa-brava-ca","tag-snorkel-estartit-ca","tag-turisme-de-proximitat","tag-turisme-responsable"],"yoast_head":"<!-- This site is optimized with the Yoast SEO plugin v27.1.1 - https:\/\/yoast.com\/product\/yoast-seo-wordpress\/ -->\n<title>Un dia de Snorkel a l&#039;Estartit | Apartaments a l&#039;Estartit<\/title>\n<meta name=\"description\" content=\"Descobreix l&#039;snorkel a les Illes Medes, un parad\u00eds mar\u00ed davant de l&#039;Estartit. Natura, tranquil\u00b7litat i allotjament a la Costa Brava.\" \/>\n<meta name=\"robots\" content=\"index, follow, max-snippet:-1, max-image-preview:large, max-video-preview:-1\" \/>\n<link rel=\"canonical\" href=\"https:\/\/sagavinaestartit.com\/ca\/un-dia-snorkel-estartit\/\" \/>\n<meta property=\"og:locale\" content=\"ca_ES\" \/>\n<meta property=\"og:type\" content=\"article\" \/>\n<meta property=\"og:title\" content=\"Un dia de Snorkel a l&#039;Estartit | Apartaments a l&#039;Estartit\" \/>\n<meta property=\"og:description\" content=\"Descobreix l&#039;snorkel a les Illes Medes, un parad\u00eds mar\u00ed davant de l&#039;Estartit. Natura, tranquil\u00b7litat i allotjament a la Costa Brava.\" \/>\n<meta property=\"og:url\" content=\"https:\/\/sagavinaestartit.com\/ca\/un-dia-snorkel-estartit\/\" \/>\n<meta property=\"og:site_name\" content=\"Apartaments a l&#039;Estartit\" \/>\n<meta property=\"article:published_time\" content=\"2022-07-20T08:39:55+00:00\" \/>\n<meta property=\"article:modified_time\" content=\"2025-10-20T11:49:36+00:00\" \/>\n<meta property=\"og:image\" content=\"https:\/\/sagavinaestartit.com\/wp-content\/uploads\/2022\/07\/Un-dia-de-Snorkel-en-el-Estartit-scaled.webp\" \/>\n\t<meta property=\"og:image:width\" content=\"2560\" \/>\n\t<meta property=\"og:image:height\" content=\"1280\" \/>\n\t<meta property=\"og:image:type\" content=\"image\/webp\" \/>\n<meta name=\"author\" content=\"tecnico_alojapro\" \/>\n<meta name=\"twitter:card\" content=\"summary_large_image\" \/>\n<meta name=\"twitter:label1\" content=\"Escrit per\" \/>\n\t<meta name=\"twitter:data1\" content=\"tecnico_alojapro\" \/>\n\t<meta name=\"twitter:label2\" content=\"Temps estimat de lectura\" \/>\n\t<meta name=\"twitter:data2\" content=\"3 minuts\" \/>\n<script type=\"application\/ld+json\" class=\"yoast-schema-graph\">{\"@context\":\"https:\/\/schema.org\",\"@graph\":[{\"@type\":\"Article\",\"@id\":\"https:\/\/sagavinaestartit.com\/ca\/un-dia-snorkel-estartit\/#article\",\"isPartOf\":{\"@id\":\"https:\/\/sagavinaestartit.com\/ca\/un-dia-snorkel-estartit\/\"},\"author\":{\"name\":\"tecnico_alojapro\",\"@id\":\"https:\/\/sagavinaestartit.com\/ca\/#\/schema\/person\/72b3f9a420869474351007377bde83c0\"},\"headline\":\"Un dia de Snorkel a l&#8217;Estartit\",\"datePublished\":\"2022-07-20T08:39:55+00:00\",\"dateModified\":\"2025-10-20T11:49:36+00:00\",\"mainEntityOfPage\":{\"@id\":\"https:\/\/sagavinaestartit.com\/ca\/un-dia-snorkel-estartit\/\"},\"wordCount\":454,\"publisher\":{\"@id\":\"https:\/\/sagavinaestartit.com\/ca\/#organization\"},\"image\":{\"@id\":\"https:\/\/sagavinaestartit.com\/ca\/un-dia-snorkel-estartit\/#primaryimage\"},\"thumbnailUrl\":\"https:\/\/sagavinaestartit.com\/wp-content\/uploads\/2022\/07\/Un-dia-de-Snorkel-en-el-Estartit-scaled.webp\",\"keywords\":[\"activitats a l'Estartit\",\"Activitats familiars\",\"apartament mascotes estartit\",\"Busseig illes medes\",\"Costa Brava\",\"qu\u00e9 hacer en l'Estartit\",\"snorkel costa brava\",\"snorkel estartit\",\"turisme de proximitat\",\"turisme responsable\"],\"articleSection\":[\"Activitats a l'Estartit\",\"Costa Brava\",\"Empord\u00e0\",\"Excursi\u00f3n 1 d\u00eda\",\"Turisme responsable\"],\"inLanguage\":\"ca\"},{\"@type\":\"WebPage\",\"@id\":\"https:\/\/sagavinaestartit.com\/ca\/un-dia-snorkel-estartit\/\",\"url\":\"https:\/\/sagavinaestartit.com\/ca\/un-dia-snorkel-estartit\/\",\"name\":\"Un dia de Snorkel a l'Estartit | Apartaments a l'Estartit\",\"isPartOf\":{\"@id\":\"https:\/\/sagavinaestartit.com\/ca\/#website\"},\"primaryImageOfPage\":{\"@id\":\"https:\/\/sagavinaestartit.com\/ca\/un-dia-snorkel-estartit\/#primaryimage\"},\"image\":{\"@id\":\"https:\/\/sagavinaestartit.com\/ca\/un-dia-snorkel-estartit\/#primaryimage\"},\"thumbnailUrl\":\"https:\/\/sagavinaestartit.com\/wp-content\/uploads\/2022\/07\/Un-dia-de-Snorkel-en-el-Estartit-scaled.webp\",\"datePublished\":\"2022-07-20T08:39:55+00:00\",\"dateModified\":\"2025-10-20T11:49:36+00:00\",\"description\":\"Descobreix l'snorkel a les Illes Medes, un parad\u00eds mar\u00ed davant de l'Estartit. Natura, tranquil\u00b7litat i allotjament a la Costa Brava.\",\"breadcrumb\":{\"@id\":\"https:\/\/sagavinaestartit.com\/ca\/un-dia-snorkel-estartit\/#breadcrumb\"},\"inLanguage\":\"ca\",\"potentialAction\":[{\"@type\":\"ReadAction\",\"target\":[\"https:\/\/sagavinaestartit.com\/ca\/un-dia-snorkel-estartit\/\"]}]},{\"@type\":\"ImageObject\",\"inLanguage\":\"ca\",\"@id\":\"https:\/\/sagavinaestartit.com\/ca\/un-dia-snorkel-estartit\/#primaryimage\",\"url\":\"https:\/\/sagavinaestartit.com\/wp-content\/uploads\/2022\/07\/Un-dia-de-Snorkel-en-el-Estartit-scaled.webp\",\"contentUrl\":\"https:\/\/sagavinaestartit.com\/wp-content\/uploads\/2022\/07\/Un-dia-de-Snorkel-en-el-Estartit-scaled.webp\",\"width\":2560,\"height\":1280,\"caption\":\"Un d\u00eda de Snorkel en el Estartit\"},{\"@type\":\"BreadcrumbList\",\"@id\":\"https:\/\/sagavinaestartit.com\/ca\/un-dia-snorkel-estartit\/#breadcrumb\",\"itemListElement\":[{\"@type\":\"ListItem\",\"position\":1,\"name\":\"Portada\",\"item\":\"https:\/\/sagavinaestartit.com\/ca\/home\/\"},{\"@type\":\"ListItem\",\"position\":2,\"name\":\"Un dia de Snorkel a l&#8217;Estartit\"}]},{\"@type\":\"WebSite\",\"@id\":\"https:\/\/sagavinaestartit.com\/ca\/#website\",\"url\":\"https:\/\/sagavinaestartit.com\/ca\/\",\"name\":\"Sa Gavina Apartaments\",\"description\":\"Sa Gavina Apartaments\",\"publisher\":{\"@id\":\"https:\/\/sagavinaestartit.com\/ca\/#organization\"},\"potentialAction\":[{\"@type\":\"SearchAction\",\"target\":{\"@type\":\"EntryPoint\",\"urlTemplate\":\"https:\/\/sagavinaestartit.com\/ca\/?s={search_term_string}\"},\"query-input\":{\"@type\":\"PropertyValueSpecification\",\"valueRequired\":true,\"valueName\":\"search_term_string\"}}],\"inLanguage\":\"ca\"},{\"@type\":\"Organization\",\"@id\":\"https:\/\/sagavinaestartit.com\/ca\/#organization\",\"name\":\"Sa Gavina Apartaments\",\"url\":\"https:\/\/sagavinaestartit.com\/ca\/\",\"logo\":{\"@type\":\"ImageObject\",\"inLanguage\":\"ca\",\"@id\":\"https:\/\/sagavinaestartit.com\/ca\/#\/schema\/logo\/image\/\",\"url\":\"https:\/\/sagavinaestartit.com\/wp-content\/uploads\/2024\/12\/3-1.png\",\"contentUrl\":\"https:\/\/sagavinaestartit.com\/wp-content\/uploads\/2024\/12\/3-1.png\",\"width\":500,\"height\":200,\"caption\":\"Sa Gavina Apartaments\"},\"image\":{\"@id\":\"https:\/\/sagavinaestartit.com\/ca\/#\/schema\/logo\/image\/\"}},{\"@type\":\"Person\",\"@id\":\"https:\/\/sagavinaestartit.com\/ca\/#\/schema\/person\/72b3f9a420869474351007377bde83c0\",\"name\":\"tecnico_alojapro\",\"sameAs\":[\"https:\/\/sagavinaestartit.com\"]}]}<\/script>\n<!-- \/ Yoast SEO plugin. -->","yoast_head_json":{"title":"Un dia de Snorkel a l'Estartit | Apartaments a l'Estartit","description":"Descobreix l'snorkel a les Illes Medes, un parad\u00eds mar\u00ed davant de l'Estartit. Natura, tranquil\u00b7litat i allotjament a la Costa Brava.","robots":{"index":"index","follow":"follow","max-snippet":"max-snippet:-1","max-image-preview":"max-image-preview:large","max-video-preview":"max-video-preview:-1"},"canonical":"https:\/\/sagavinaestartit.com\/ca\/un-dia-snorkel-estartit\/","og_locale":"ca_ES","og_type":"article","og_title":"Un dia de Snorkel a l'Estartit | Apartaments a l'Estartit","og_description":"Descobreix l'snorkel a les Illes Medes, un parad\u00eds mar\u00ed davant de l'Estartit. Natura, tranquil\u00b7litat i allotjament a la Costa Brava.","og_url":"https:\/\/sagavinaestartit.com\/ca\/un-dia-snorkel-estartit\/","og_site_name":"Apartaments a l'Estartit","article_published_time":"2022-07-20T08:39:55+00:00","article_modified_time":"2025-10-20T11:49:36+00:00","og_image":[{"width":2560,"height":1280,"url":"https:\/\/sagavinaestartit.com\/wp-content\/uploads\/2022\/07\/Un-dia-de-Snorkel-en-el-Estartit-scaled.webp","type":"image\/webp"}],"author":"tecnico_alojapro","twitter_card":"summary_large_image","twitter_misc":{"Escrit per":"tecnico_alojapro","Temps estimat de lectura":"3 minuts"},"schema":{"@context":"https:\/\/schema.org","@graph":[{"@type":"Article","@id":"https:\/\/sagavinaestartit.com\/ca\/un-dia-snorkel-estartit\/#article","isPartOf":{"@id":"https:\/\/sagavinaestartit.com\/ca\/un-dia-snorkel-estartit\/"},"author":{"name":"tecnico_alojapro","@id":"https:\/\/sagavinaestartit.com\/ca\/#\/schema\/person\/72b3f9a420869474351007377bde83c0"},"headline":"Un dia de Snorkel a l&#8217;Estartit","datePublished":"2022-07-20T08:39:55+00:00","dateModified":"2025-10-20T11:49:36+00:00","mainEntityOfPage":{"@id":"https:\/\/sagavinaestartit.com\/ca\/un-dia-snorkel-estartit\/"},"wordCount":454,"publisher":{"@id":"https:\/\/sagavinaestartit.com\/ca\/#organization"},"image":{"@id":"https:\/\/sagavinaestartit.com\/ca\/un-dia-snorkel-estartit\/#primaryimage"},"thumbnailUrl":"https:\/\/sagavinaestartit.com\/wp-content\/uploads\/2022\/07\/Un-dia-de-Snorkel-en-el-Estartit-scaled.webp","keywords":["activitats a l'Estartit","Activitats familiars","apartament mascotes estartit","Busseig illes medes","Costa Brava","qu\u00e9 hacer en l'Estartit","snorkel costa brava","snorkel estartit","turisme de proximitat","turisme responsable"],"articleSection":["Activitats a l'Estartit","Costa Brava","Empord\u00e0","Excursi\u00f3n 1 d\u00eda","Turisme responsable"],"inLanguage":"ca"},{"@type":"WebPage","@id":"https:\/\/sagavinaestartit.com\/ca\/un-dia-snorkel-estartit\/","url":"https:\/\/sagavinaestartit.com\/ca\/un-dia-snorkel-estartit\/","name":"Un dia de Snorkel a l'Estartit | Apartaments a l'Estartit","isPartOf":{"@id":"https:\/\/sagavinaestartit.com\/ca\/#website"},"primaryImageOfPage":{"@id":"https:\/\/sagavinaestartit.com\/ca\/un-dia-snorkel-estartit\/#primaryimage"},"image":{"@id":"https:\/\/sagavinaestartit.com\/ca\/un-dia-snorkel-estartit\/#primaryimage"},"thumbnailUrl":"https:\/\/sagavinaestartit.com\/wp-content\/uploads\/2022\/07\/Un-dia-de-Snorkel-en-el-Estartit-scaled.webp","datePublished":"2022-07-20T08:39:55+00:00","dateModified":"2025-10-20T11:49:36+00:00","description":"Descobreix l'snorkel a les Illes Medes, un parad\u00eds mar\u00ed davant de l'Estartit. Natura, tranquil\u00b7litat i allotjament a la Costa Brava.","breadcrumb":{"@id":"https:\/\/sagavinaestartit.com\/ca\/un-dia-snorkel-estartit\/#breadcrumb"},"inLanguage":"ca","potentialAction":[{"@type":"ReadAction","target":["https:\/\/sagavinaestartit.com\/ca\/un-dia-snorkel-estartit\/"]}]},{"@type":"ImageObject","inLanguage":"ca","@id":"https:\/\/sagavinaestartit.com\/ca\/un-dia-snorkel-estartit\/#primaryimage","url":"https:\/\/sagavinaestartit.com\/wp-content\/uploads\/2022\/07\/Un-dia-de-Snorkel-en-el-Estartit-scaled.webp","contentUrl":"https:\/\/sagavinaestartit.com\/wp-content\/uploads\/2022\/07\/Un-dia-de-Snorkel-en-el-Estartit-scaled.webp","width":2560,"height":1280,"caption":"Un d\u00eda de Snorkel en el Estartit"},{"@type":"BreadcrumbList","@id":"https:\/\/sagavinaestartit.com\/ca\/un-dia-snorkel-estartit\/#breadcrumb","itemListElement":[{"@type":"ListItem","position":1,"name":"Portada","item":"https:\/\/sagavinaestartit.com\/ca\/home\/"},{"@type":"ListItem","position":2,"name":"Un dia de Snorkel a l&#8217;Estartit"}]},{"@type":"WebSite","@id":"https:\/\/sagavinaestartit.com\/ca\/#website","url":"https:\/\/sagavinaestartit.com\/ca\/","name":"Sa Gavina Apartaments","description":"Sa Gavina Apartaments","publisher":{"@id":"https:\/\/sagavinaestartit.com\/ca\/#organization"},"potentialAction":[{"@type":"SearchAction","target":{"@type":"EntryPoint","urlTemplate":"https:\/\/sagavinaestartit.com\/ca\/?s={search_term_string}"},"query-input":{"@type":"PropertyValueSpecification","valueRequired":true,"valueName":"search_term_string"}}],"inLanguage":"ca"},{"@type":"Organization","@id":"https:\/\/sagavinaestartit.com\/ca\/#organization","name":"Sa Gavina Apartaments","url":"https:\/\/sagavinaestartit.com\/ca\/","logo":{"@type":"ImageObject","inLanguage":"ca","@id":"https:\/\/sagavinaestartit.com\/ca\/#\/schema\/logo\/image\/","url":"https:\/\/sagavinaestartit.com\/wp-content\/uploads\/2024\/12\/3-1.png","contentUrl":"https:\/\/sagavinaestartit.com\/wp-content\/uploads\/2024\/12\/3-1.png","width":500,"height":200,"caption":"Sa Gavina Apartaments"},"image":{"@id":"https:\/\/sagavinaestartit.com\/ca\/#\/schema\/logo\/image\/"}},{"@type":"Person","@id":"https:\/\/sagavinaestartit.com\/ca\/#\/schema\/person\/72b3f9a420869474351007377bde83c0","name":"tecnico_alojapro","sameAs":["https:\/\/sagavinaestartit.com"]}]}},"_links":{"self":[{"href":"https:\/\/sagavinaestartit.com\/ca\/wp-json\/wp\/v2\/posts\/35136","targetHints":{"allow":["GET"]}}],"collection":[{"href":"https:\/\/sagavinaestartit.com\/ca\/wp-json\/wp\/v2\/posts"}],"about":[{"href":"https:\/\/sagavinaestartit.com\/ca\/wp-json\/wp\/v2\/types\/post"}],"author":[{"embeddable":true,"href":"https:\/\/sagavinaestartit.com\/ca\/wp-json\/wp\/v2\/users\/1"}],"replies":[{"embeddable":true,"href":"https:\/\/sagavinaestartit.com\/ca\/wp-json\/wp\/v2\/comments?post=35136"}],"version-history":[{"count":1,"href":"https:\/\/sagavinaestartit.com\/ca\/wp-json\/wp\/v2\/posts\/35136\/revisions"}],"predecessor-version":[{"id":35137,"href":"https:\/\/sagavinaestartit.com\/ca\/wp-json\/wp\/v2\/posts\/35136\/revisions\/35137"}],"wp:featuredmedia":[{"embeddable":true,"href":"https:\/\/sagavinaestartit.com\/ca\/wp-json\/wp\/v2\/media\/33578"}],"wp:attachment":[{"href":"https:\/\/sagavinaestartit.com\/ca\/wp-json\/wp\/v2\/media?parent=35136"}],"wp:term":[{"taxonomy":"category","embeddable":true,"href":"https:\/\/sagavinaestartit.com\/ca\/wp-json\/wp\/v2\/categories?post=35136"},{"taxonomy":"post_tag","embeddable":true,"href":"https:\/\/sagavinaestartit.com\/ca\/wp-json\/wp\/v2\/tags?post=35136"}],"curies":[{"name":"wp","href":"https:\/\/api.w.org\/{rel}","templated":true}]}}