{"id":34934,"date":"2022-10-26T09:22:41","date_gmt":"2022-10-26T07:22:41","guid":{"rendered":"https:\/\/sagavinaestartit.com\/sortides-de-sol-de-somni-a-lestartit\/"},"modified":"2025-10-16T11:13:57","modified_gmt":"2025-10-16T09:13:57","slug":"sortides-sol-de-somni-estartit","status":"publish","type":"post","link":"https:\/\/sagavinaestartit.com\/ca\/sortides-sol-de-somni-estartit\/","title":{"rendered":"Sortides de sol de somni a L&#8217;Estartit"},"content":{"rendered":"<h2><strong>Sortides de sol m\u00e0giques a L&#8217;Estartit: els millors llocs per gaudir de l&#8217;Empord\u00e0<\/strong><\/h2>\n<p>L&#8217;Estartit i els seus voltants ofereixen una gran diversitat de paisatges naturals \u00fanics que captiven tothom que els visita. La seva fesomia i el seu ecosistema privilegiat permeten viure albes de somni des de diferents punts del territori.<br \/>\nDurant la vostra estada als nostres <a href=\"https:\/\/sagavinaestartit.com\/ca\/\">apartaments a l&#8217;Estartit<\/a>, Sa Gavina Gaud\u00ed, us convidem a descobrir alguns dels millors llocs per gaudir d&#8217;aquest espectacle natural.<\/p>\n<h3><strong>Trenc d\u2019Alba a la Gola del Ter<\/strong><\/h3>\n<p>Si busqueu un moment de tranquil\u00b7litat amb vistes incomparables, la Gola del Ter \u00e9s una parada obligada.<br \/>\nSituada a la desembocadura del riu Ter al mar Mediterrani, aquesta extensa platja de sorra fina i daurada es troba immersa en un entorn natural de gran bellesa, lluny de l&#8217;enrenou urb\u00e0.<\/p>\n<p>Des d&#8217;aqu\u00ed podreu contemplar una de les sortides de sol m\u00e9s impressionants de la Costa Brava, amb el Castell del Montgr\u00ed i les Illes Medes com a tel\u00f3 de fons. Cap al tard, el mateix lloc ofereix una experi\u00e8ncia igual de m\u00e0gica: la posta de sol seguida per la sortida de la lluna sobre el mar.<\/p>\n<h3><strong>Trenc d\u2019Alba en vaixell per la badia de L\u2019Estartit<\/strong><\/h3>\n<p>Per als que busquen una experi\u00e8ncia diferent, un passeig amb vaixell a l&#8217;alba \u00e9s una opci\u00f3 inigualable.<br \/>\nPartint des del Port de l&#8217;Estartit, podreu navegar per la badia de Roses, apropar-vos a les Illes Medes i admirar el paisatge de la Costa Brava mentre el sol comen\u00e7a a il\u00b7luminar l&#8217;horitz\u00f3.<br \/>\nEl reflex daurat de l&#8217;alba sobre el mar i les siluetes de les muntanyes fan d&#8217;aquest moment un record inoblidable.<\/p>\n<h3><strong>Trenc d\u2019Alba entre camps de gira-sols a l&#8217;Empord\u00e0<\/strong><\/h3>\n<p>Als voltants de l\u00b4Estartit, l\u00b4<a href=\"https:\/\/empordaturisme.com\/es\/\">Empord\u00e0<\/a> ofereix un altre espectacle natural: els camps de gira-sols.<br \/>\nDurant la primavera i l&#8217;estiu, aquests paisatges es tenyeixen de groc intens i es converteixen en un lloc perfecte per gaudir dels primers raigs del sol.<\/p>\n<p>Us recomanem visitar les zones de Valldevia, Torroella de Fluvi\u00e0 o Albons, on les muntanyes i els camps es combinen en una escena de bellesa pura i serena.<\/p>\n<h3><strong>Visqui moments \u00fanics a L\u2019Estartit<\/strong><\/h3>\n<p>Tregui el m\u00e0xim profit de la seva visita a L&#8217;Estartit i gaudeixi d&#8217;alba m\u00e0gers que quedaran gravats a la seva mem\u00f2ria.<br \/>\nJa sigui des de la platja, amb vaixell o entre camps de gira-sols, cada clarejar a l&#8217;Empord\u00e0 us mostrar\u00e0 una nova forma de connectar amb la natura.<\/p>\n<p><strong>Us esperem als <a href=\"https:\/\/sagavinaestartit.com\/ca\/\">Apartaments Sa Gavina Gaud<\/a>\u00ed per viure aquesta experi\u00e8ncia inoblidable!<\/strong><\/p>\n","protected":false},"excerpt":{"rendered":"<p>Sortides de sol m\u00e0giques a L&#8217;Estartit: els millors llocs per gaudir de l&#8217;Empord\u00e0 L&#8217;Estartit i els seus voltants ofereixen una gran diversitat de paisatges naturals \u00fanics que captiven tothom que els visita. La seva fesomia i el seu ecosistema privilegiat  [&#8230;]<\/p>\n","protected":false},"author":1,"featured_media":33547,"comment_status":"closed","ping_status":"closed","sticky":false,"template":"","format":"standard","meta":{"footnotes":""},"categories":[116,675,676,439],"tags":[212,601,629,532,679,680,505],"class_list":["post-34934","post","type-post","status-publish","format-standard","has-post-thumbnail","hentry","category-activitats-a-lestartit","category-costa-brava","category-emporda","category-imprescindibles","tag-activitats-a-lestartit","tag-activitats-familiars-ca","tag-apartament-mascotes-estartit","tag-costa-brava-ca","tag-que-hacer-en-lestartit","tag-senderismo-ca","tag-turisme-de-proximitat"],"yoast_head":"<!-- This site is optimized with the Yoast SEO plugin v27.1.1 - https:\/\/yoast.com\/product\/yoast-seo-wordpress\/ -->\n<title>Sortides de sol de somni a L&#039;Estartit | Apartaments a l&#039;Estartit<\/title>\n<meta name=\"description\" content=\"Descobriu els millors llocs per veure l&#039;alba a L&#039;Estartit: la Gola del Ter, un passeig amb vaixell o els camps de gira-sols de l&#039;Empord\u00e0.\" \/>\n<meta name=\"robots\" content=\"index, follow, max-snippet:-1, max-image-preview:large, max-video-preview:-1\" \/>\n<link rel=\"canonical\" href=\"https:\/\/sagavinaestartit.com\/ca\/sortides-sol-de-somni-estartit\/\" \/>\n<meta property=\"og:locale\" content=\"ca_ES\" \/>\n<meta property=\"og:type\" content=\"article\" \/>\n<meta property=\"og:title\" content=\"Sortides de sol de somni a L&#039;Estartit | Apartaments a l&#039;Estartit\" \/>\n<meta property=\"og:description\" content=\"Descobriu els millors llocs per veure l&#039;alba a L&#039;Estartit: la Gola del Ter, un passeig amb vaixell o els camps de gira-sols de l&#039;Empord\u00e0.\" \/>\n<meta property=\"og:url\" content=\"https:\/\/sagavinaestartit.com\/ca\/sortides-sol-de-somni-estartit\/\" \/>\n<meta property=\"og:site_name\" content=\"Apartaments a l&#039;Estartit\" \/>\n<meta property=\"article:published_time\" content=\"2022-10-26T07:22:41+00:00\" \/>\n<meta property=\"article:modified_time\" content=\"2025-10-16T09:13:57+00:00\" \/>\n<meta property=\"og:image\" content=\"https:\/\/sagavinaestartit.com\/wp-content\/uploads\/2022\/10\/Amanecer-Estartit-scaled.webp\" \/>\n\t<meta property=\"og:image:width\" content=\"2560\" \/>\n\t<meta property=\"og:image:height\" content=\"1280\" \/>\n\t<meta property=\"og:image:type\" content=\"image\/webp\" \/>\n<meta name=\"author\" content=\"tecnico_alojapro\" \/>\n<meta name=\"twitter:card\" content=\"summary_large_image\" \/>\n<meta name=\"twitter:label1\" content=\"Escrit per\" \/>\n\t<meta name=\"twitter:data1\" content=\"tecnico_alojapro\" \/>\n\t<meta name=\"twitter:label2\" content=\"Temps estimat de lectura\" \/>\n\t<meta name=\"twitter:data2\" content=\"3 minuts\" \/>\n<script type=\"application\/ld+json\" class=\"yoast-schema-graph\">{\"@context\":\"https:\/\/schema.org\",\"@graph\":[{\"@type\":\"Article\",\"@id\":\"https:\/\/sagavinaestartit.com\/ca\/sortides-sol-de-somni-estartit\/#article\",\"isPartOf\":{\"@id\":\"https:\/\/sagavinaestartit.com\/ca\/sortides-sol-de-somni-estartit\/\"},\"author\":{\"name\":\"tecnico_alojapro\",\"@id\":\"https:\/\/sagavinaestartit.com\/ca\/#\/schema\/person\/72b3f9a420869474351007377bde83c0\"},\"headline\":\"Sortides de sol de somni a L&#8217;Estartit\",\"datePublished\":\"2022-10-26T07:22:41+00:00\",\"dateModified\":\"2025-10-16T09:13:57+00:00\",\"mainEntityOfPage\":{\"@id\":\"https:\/\/sagavinaestartit.com\/ca\/sortides-sol-de-somni-estartit\/\"},\"wordCount\":452,\"publisher\":{\"@id\":\"https:\/\/sagavinaestartit.com\/ca\/#organization\"},\"image\":{\"@id\":\"https:\/\/sagavinaestartit.com\/ca\/sortides-sol-de-somni-estartit\/#primaryimage\"},\"thumbnailUrl\":\"https:\/\/sagavinaestartit.com\/wp-content\/uploads\/2022\/10\/Amanecer-Estartit-scaled.webp\",\"keywords\":[\"activitats a l'Estartit\",\"Activitats familiars\",\"apartament mascotes estartit\",\"Costa Brava\",\"qu\u00e9 hacer en l'Estartit\",\"Senderismo\",\"turisme de proximitat\"],\"articleSection\":[\"Activitats a l'Estartit\",\"Costa Brava\",\"Empord\u00e0\",\"Imprescindibles\"],\"inLanguage\":\"ca\"},{\"@type\":\"WebPage\",\"@id\":\"https:\/\/sagavinaestartit.com\/ca\/sortides-sol-de-somni-estartit\/\",\"url\":\"https:\/\/sagavinaestartit.com\/ca\/sortides-sol-de-somni-estartit\/\",\"name\":\"Sortides de sol de somni a L'Estartit | Apartaments a l'Estartit\",\"isPartOf\":{\"@id\":\"https:\/\/sagavinaestartit.com\/ca\/#website\"},\"primaryImageOfPage\":{\"@id\":\"https:\/\/sagavinaestartit.com\/ca\/sortides-sol-de-somni-estartit\/#primaryimage\"},\"image\":{\"@id\":\"https:\/\/sagavinaestartit.com\/ca\/sortides-sol-de-somni-estartit\/#primaryimage\"},\"thumbnailUrl\":\"https:\/\/sagavinaestartit.com\/wp-content\/uploads\/2022\/10\/Amanecer-Estartit-scaled.webp\",\"datePublished\":\"2022-10-26T07:22:41+00:00\",\"dateModified\":\"2025-10-16T09:13:57+00:00\",\"description\":\"Descobriu els millors llocs per veure l'alba a L'Estartit: la Gola del Ter, un passeig amb vaixell o els camps de gira-sols de l'Empord\u00e0.\",\"breadcrumb\":{\"@id\":\"https:\/\/sagavinaestartit.com\/ca\/sortides-sol-de-somni-estartit\/#breadcrumb\"},\"inLanguage\":\"ca\",\"potentialAction\":[{\"@type\":\"ReadAction\",\"target\":[\"https:\/\/sagavinaestartit.com\/ca\/sortides-sol-de-somni-estartit\/\"]}]},{\"@type\":\"ImageObject\",\"inLanguage\":\"ca\",\"@id\":\"https:\/\/sagavinaestartit.com\/ca\/sortides-sol-de-somni-estartit\/#primaryimage\",\"url\":\"https:\/\/sagavinaestartit.com\/wp-content\/uploads\/2022\/10\/Amanecer-Estartit-scaled.webp\",\"contentUrl\":\"https:\/\/sagavinaestartit.com\/wp-content\/uploads\/2022\/10\/Amanecer-Estartit-scaled.webp\",\"width\":2560,\"height\":1280,\"caption\":\"Amanecer Estartit\"},{\"@type\":\"BreadcrumbList\",\"@id\":\"https:\/\/sagavinaestartit.com\/ca\/sortides-sol-de-somni-estartit\/#breadcrumb\",\"itemListElement\":[{\"@type\":\"ListItem\",\"position\":1,\"name\":\"Portada\",\"item\":\"https:\/\/sagavinaestartit.com\/ca\/home\/\"},{\"@type\":\"ListItem\",\"position\":2,\"name\":\"Sortides de sol de somni a L&#8217;Estartit\"}]},{\"@type\":\"WebSite\",\"@id\":\"https:\/\/sagavinaestartit.com\/ca\/#website\",\"url\":\"https:\/\/sagavinaestartit.com\/ca\/\",\"name\":\"Sa Gavina Apartaments\",\"description\":\"Sa Gavina Apartaments\",\"publisher\":{\"@id\":\"https:\/\/sagavinaestartit.com\/ca\/#organization\"},\"potentialAction\":[{\"@type\":\"SearchAction\",\"target\":{\"@type\":\"EntryPoint\",\"urlTemplate\":\"https:\/\/sagavinaestartit.com\/ca\/?s={search_term_string}\"},\"query-input\":{\"@type\":\"PropertyValueSpecification\",\"valueRequired\":true,\"valueName\":\"search_term_string\"}}],\"inLanguage\":\"ca\"},{\"@type\":\"Organization\",\"@id\":\"https:\/\/sagavinaestartit.com\/ca\/#organization\",\"name\":\"Sa Gavina Apartaments\",\"url\":\"https:\/\/sagavinaestartit.com\/ca\/\",\"logo\":{\"@type\":\"ImageObject\",\"inLanguage\":\"ca\",\"@id\":\"https:\/\/sagavinaestartit.com\/ca\/#\/schema\/logo\/image\/\",\"url\":\"https:\/\/sagavinaestartit.com\/wp-content\/uploads\/2024\/12\/3-1.png\",\"contentUrl\":\"https:\/\/sagavinaestartit.com\/wp-content\/uploads\/2024\/12\/3-1.png\",\"width\":500,\"height\":200,\"caption\":\"Sa Gavina Apartaments\"},\"image\":{\"@id\":\"https:\/\/sagavinaestartit.com\/ca\/#\/schema\/logo\/image\/\"}},{\"@type\":\"Person\",\"@id\":\"https:\/\/sagavinaestartit.com\/ca\/#\/schema\/person\/72b3f9a420869474351007377bde83c0\",\"name\":\"tecnico_alojapro\",\"sameAs\":[\"https:\/\/sagavinaestartit.com\"]}]}<\/script>\n<!-- \/ Yoast SEO plugin. -->","yoast_head_json":{"title":"Sortides de sol de somni a L'Estartit | Apartaments a l'Estartit","description":"Descobriu els millors llocs per veure l'alba a L'Estartit: la Gola del Ter, un passeig amb vaixell o els camps de gira-sols de l'Empord\u00e0.","robots":{"index":"index","follow":"follow","max-snippet":"max-snippet:-1","max-image-preview":"max-image-preview:large","max-video-preview":"max-video-preview:-1"},"canonical":"https:\/\/sagavinaestartit.com\/ca\/sortides-sol-de-somni-estartit\/","og_locale":"ca_ES","og_type":"article","og_title":"Sortides de sol de somni a L'Estartit | Apartaments a l'Estartit","og_description":"Descobriu els millors llocs per veure l'alba a L'Estartit: la Gola del Ter, un passeig amb vaixell o els camps de gira-sols de l'Empord\u00e0.","og_url":"https:\/\/sagavinaestartit.com\/ca\/sortides-sol-de-somni-estartit\/","og_site_name":"Apartaments a l'Estartit","article_published_time":"2022-10-26T07:22:41+00:00","article_modified_time":"2025-10-16T09:13:57+00:00","og_image":[{"width":2560,"height":1280,"url":"https:\/\/sagavinaestartit.com\/wp-content\/uploads\/2022\/10\/Amanecer-Estartit-scaled.webp","type":"image\/webp"}],"author":"tecnico_alojapro","twitter_card":"summary_large_image","twitter_misc":{"Escrit per":"tecnico_alojapro","Temps estimat de lectura":"3 minuts"},"schema":{"@context":"https:\/\/schema.org","@graph":[{"@type":"Article","@id":"https:\/\/sagavinaestartit.com\/ca\/sortides-sol-de-somni-estartit\/#article","isPartOf":{"@id":"https:\/\/sagavinaestartit.com\/ca\/sortides-sol-de-somni-estartit\/"},"author":{"name":"tecnico_alojapro","@id":"https:\/\/sagavinaestartit.com\/ca\/#\/schema\/person\/72b3f9a420869474351007377bde83c0"},"headline":"Sortides de sol de somni a L&#8217;Estartit","datePublished":"2022-10-26T07:22:41+00:00","dateModified":"2025-10-16T09:13:57+00:00","mainEntityOfPage":{"@id":"https:\/\/sagavinaestartit.com\/ca\/sortides-sol-de-somni-estartit\/"},"wordCount":452,"publisher":{"@id":"https:\/\/sagavinaestartit.com\/ca\/#organization"},"image":{"@id":"https:\/\/sagavinaestartit.com\/ca\/sortides-sol-de-somni-estartit\/#primaryimage"},"thumbnailUrl":"https:\/\/sagavinaestartit.com\/wp-content\/uploads\/2022\/10\/Amanecer-Estartit-scaled.webp","keywords":["activitats a l'Estartit","Activitats familiars","apartament mascotes estartit","Costa Brava","qu\u00e9 hacer en l'Estartit","Senderismo","turisme de proximitat"],"articleSection":["Activitats a l'Estartit","Costa Brava","Empord\u00e0","Imprescindibles"],"inLanguage":"ca"},{"@type":"WebPage","@id":"https:\/\/sagavinaestartit.com\/ca\/sortides-sol-de-somni-estartit\/","url":"https:\/\/sagavinaestartit.com\/ca\/sortides-sol-de-somni-estartit\/","name":"Sortides de sol de somni a L'Estartit | Apartaments a l'Estartit","isPartOf":{"@id":"https:\/\/sagavinaestartit.com\/ca\/#website"},"primaryImageOfPage":{"@id":"https:\/\/sagavinaestartit.com\/ca\/sortides-sol-de-somni-estartit\/#primaryimage"},"image":{"@id":"https:\/\/sagavinaestartit.com\/ca\/sortides-sol-de-somni-estartit\/#primaryimage"},"thumbnailUrl":"https:\/\/sagavinaestartit.com\/wp-content\/uploads\/2022\/10\/Amanecer-Estartit-scaled.webp","datePublished":"2022-10-26T07:22:41+00:00","dateModified":"2025-10-16T09:13:57+00:00","description":"Descobriu els millors llocs per veure l'alba a L'Estartit: la Gola del Ter, un passeig amb vaixell o els camps de gira-sols de l'Empord\u00e0.","breadcrumb":{"@id":"https:\/\/sagavinaestartit.com\/ca\/sortides-sol-de-somni-estartit\/#breadcrumb"},"inLanguage":"ca","potentialAction":[{"@type":"ReadAction","target":["https:\/\/sagavinaestartit.com\/ca\/sortides-sol-de-somni-estartit\/"]}]},{"@type":"ImageObject","inLanguage":"ca","@id":"https:\/\/sagavinaestartit.com\/ca\/sortides-sol-de-somni-estartit\/#primaryimage","url":"https:\/\/sagavinaestartit.com\/wp-content\/uploads\/2022\/10\/Amanecer-Estartit-scaled.webp","contentUrl":"https:\/\/sagavinaestartit.com\/wp-content\/uploads\/2022\/10\/Amanecer-Estartit-scaled.webp","width":2560,"height":1280,"caption":"Amanecer Estartit"},{"@type":"BreadcrumbList","@id":"https:\/\/sagavinaestartit.com\/ca\/sortides-sol-de-somni-estartit\/#breadcrumb","itemListElement":[{"@type":"ListItem","position":1,"name":"Portada","item":"https:\/\/sagavinaestartit.com\/ca\/home\/"},{"@type":"ListItem","position":2,"name":"Sortides de sol de somni a L&#8217;Estartit"}]},{"@type":"WebSite","@id":"https:\/\/sagavinaestartit.com\/ca\/#website","url":"https:\/\/sagavinaestartit.com\/ca\/","name":"Sa Gavina Apartaments","description":"Sa Gavina Apartaments","publisher":{"@id":"https:\/\/sagavinaestartit.com\/ca\/#organization"},"potentialAction":[{"@type":"SearchAction","target":{"@type":"EntryPoint","urlTemplate":"https:\/\/sagavinaestartit.com\/ca\/?s={search_term_string}"},"query-input":{"@type":"PropertyValueSpecification","valueRequired":true,"valueName":"search_term_string"}}],"inLanguage":"ca"},{"@type":"Organization","@id":"https:\/\/sagavinaestartit.com\/ca\/#organization","name":"Sa Gavina Apartaments","url":"https:\/\/sagavinaestartit.com\/ca\/","logo":{"@type":"ImageObject","inLanguage":"ca","@id":"https:\/\/sagavinaestartit.com\/ca\/#\/schema\/logo\/image\/","url":"https:\/\/sagavinaestartit.com\/wp-content\/uploads\/2024\/12\/3-1.png","contentUrl":"https:\/\/sagavinaestartit.com\/wp-content\/uploads\/2024\/12\/3-1.png","width":500,"height":200,"caption":"Sa Gavina Apartaments"},"image":{"@id":"https:\/\/sagavinaestartit.com\/ca\/#\/schema\/logo\/image\/"}},{"@type":"Person","@id":"https:\/\/sagavinaestartit.com\/ca\/#\/schema\/person\/72b3f9a420869474351007377bde83c0","name":"tecnico_alojapro","sameAs":["https:\/\/sagavinaestartit.com"]}]}},"_links":{"self":[{"href":"https:\/\/sagavinaestartit.com\/ca\/wp-json\/wp\/v2\/posts\/34934","targetHints":{"allow":["GET"]}}],"collection":[{"href":"https:\/\/sagavinaestartit.com\/ca\/wp-json\/wp\/v2\/posts"}],"about":[{"href":"https:\/\/sagavinaestartit.com\/ca\/wp-json\/wp\/v2\/types\/post"}],"author":[{"embeddable":true,"href":"https:\/\/sagavinaestartit.com\/ca\/wp-json\/wp\/v2\/users\/1"}],"replies":[{"embeddable":true,"href":"https:\/\/sagavinaestartit.com\/ca\/wp-json\/wp\/v2\/comments?post=34934"}],"version-history":[{"count":1,"href":"https:\/\/sagavinaestartit.com\/ca\/wp-json\/wp\/v2\/posts\/34934\/revisions"}],"predecessor-version":[{"id":34937,"href":"https:\/\/sagavinaestartit.com\/ca\/wp-json\/wp\/v2\/posts\/34934\/revisions\/34937"}],"wp:featuredmedia":[{"embeddable":true,"href":"https:\/\/sagavinaestartit.com\/ca\/wp-json\/wp\/v2\/media\/33547"}],"wp:attachment":[{"href":"https:\/\/sagavinaestartit.com\/ca\/wp-json\/wp\/v2\/media?parent=34934"}],"wp:term":[{"taxonomy":"category","embeddable":true,"href":"https:\/\/sagavinaestartit.com\/ca\/wp-json\/wp\/v2\/categories?post=34934"},{"taxonomy":"post_tag","embeddable":true,"href":"https:\/\/sagavinaestartit.com\/ca\/wp-json\/wp\/v2\/tags?post=34934"}],"curies":[{"name":"wp","href":"https:\/\/api.w.org\/{rel}","templated":true}]}}