{"id":34896,"date":"2023-04-18T15:54:34","date_gmt":"2023-04-18T13:54:34","guid":{"rendered":"https:\/\/sagavinaestartit.com\/descobreix-el-nou-parc-de-la-pineda-de-lestartit-2\/"},"modified":"2025-10-09T13:43:21","modified_gmt":"2025-10-09T11:43:21","slug":"parc-de-la-pineda-de-estartit","status":"publish","type":"post","link":"https:\/\/sagavinaestartit.com\/ca\/parc-de-la-pineda-de-estartit\/","title":{"rendered":"Descobreix el nou Parc de la Pineda de L\u2019Estartit"},"content":{"rendered":"<h2>Gaudeix del nou del Parc de la Pineda de L\u2019Estartit!<\/h2>\n<p><span style=\"font-weight: 400;\">Un cop finalitzades les obres que l\u2019ajuntament de Torroella de Montgr\u00ed va iniciar a finals del 2022, celebrem que s\u2019ha inaugurat de nou el Parc de la Pineda de L\u2019Estartit. Descobreix-lo durant la teva estada als <\/span><a href=\"https:\/\/sagavinaestartit.com\/ca\/\"><br \/>\n<b>Apartaments Sa Gavina<\/b><br \/>\n<\/a><span style=\"font-weight: 400;\">.<\/span><\/p>\n<p>Situat a primera l\u00ednia de mar, consta d\u2019una superf\u00edcie de <span style=\"font-weight: 400;\"><br \/>\n<b>13.143 metres quadrats. <\/b><br \/>\n<\/span><span style=\"font-weight: 400;\">. S\u2019ha reorganitzat per estructurar-se al voltant d\u2019una via principal que es connecta amb el passeig mar\u00edtim i dos camins transversals que connecten amb els edificis i la platja. <\/span><\/p>\n<p><span style=\"font-weight: 400;\">El cam\u00ed principal t\u00e9 un tra\u00e7at en forma zig zag per a aprofitar les vistes i una amplada de 3 metres per a garantir el tr\u00e0nsit compartit de vianants i ciclistes. El cam\u00ed transversal que passa al costat de la petanca tamb\u00e9 s\u2019ha dimensionat amb una amplitud de 3 metres per enlla\u00e7ar el carril bici del carrer Freu amb el passeig mar\u00edtim.<\/span><\/p>\n<p><span style=\"font-weight: 400;\">La funcionalitat de l\u2019espai es projecta a partir del cam\u00ed principal, que organitza els diferents espais d\u2019oci, rep\u00f2s contemplaci\u00f3. <\/span><\/p>\n<h3><b>Espais<\/b><\/h3>\n<ul>\n<li><b><br \/>\n<span style=\"font-weight: 400;\">Pla\u00e7a <\/span><br \/>\n<\/b>: No et perdis la pla\u00e7a amb s\u00f2l de fusta amb <b>vista a les Illes Medes<\/b> i <b>l&#8217;\u00e0rea de jocs<\/b> <b>situada en el centre de la pineda.<\/b><\/li>\n<li><b>La petanca: <\/b>Espai l\u00fadic situat en un segon pla, situat on es troben el cam\u00ed principal i un cam\u00ed transversal secundari.<\/li>\n<li><b>\u00c0rea de jocs<\/b><\/li>\n<li><b>Amfiteatre: <\/b>Gaudeix d\u2019un amfiteatre per a rep\u00f2s, lectura i contemplaci\u00f3 del paisatge.<\/li>\n<li><b>\u00c0rea de p\u00edcnic:<\/b> \u00c0rea recreativa situada a la part posterior de les dunes, amb vista a les Illes Medes i al riu Ter.<\/li>\n<\/ul>\n<p><span style=\"font-weight: 400;\">Durant la remodelaci\u00f3 no s\u2019ha fet can canvi a l\u2019\u00e0rea de les dunes, ja que es troba una esp\u00e8cie protegida. <\/span><\/p>\n<p><span style=\"font-weight: 400;\">Els accessos a la Pineda es troben en els camins sense vegetaci\u00f3. Es una zona apta para visitar y disfrutar con toda la familia durante tu estancia en L\u2019Estartit y en los Apartamentos Sa Gavina.<\/span><\/p>\n<p><span style=\"font-weight: 400;\">T\u2019 hi esperem! <\/span><\/p>\n","protected":false},"excerpt":{"rendered":"<p>Gaudeix del nou del Parc de la Pineda de L\u2019Estartit! Un cop finalitzades les obres que l\u2019ajuntament de Torroella de Montgr\u00ed va iniciar a finals del 2022, celebrem que s\u2019ha inaugurat de nou el Parc de la Pineda de L\u2019Estartit.  [&#8230;]<\/p>\n","protected":false},"author":1,"featured_media":33516,"comment_status":"closed","ping_status":"closed","sticky":false,"template":"","format":"standard","meta":{"footnotes":""},"categories":[675,676,439,119,600],"tags":[212,601,532,202,604,505],"class_list":["post-34896","post","type-post","status-publish","format-standard","has-post-thumbnail","hentry","category-costa-brava","category-emporda","category-imprescindibles","category-novetats","category-que-fer-amb-nens-ca","tag-activitats-a-lestartit","tag-activitats-familiars-ca","tag-costa-brava-ca","tag-llocs-dinteres","tag-sortir-en-familia-ca","tag-turisme-de-proximitat"],"yoast_head":"<!-- This site is optimized with the Yoast SEO plugin v27.1.1 - https:\/\/yoast.com\/product\/yoast-seo-wordpress\/ -->\n<title>Descobreix el nou Parc de la Pineda de L\u2019Estartit | Apartaments a l&#039;Estartit<\/title>\n<meta name=\"description\" content=\"Gaudeix del nou del Parc de la Pineda de L\u2019Estartit! \u00c9s una zona apta per visitar i gaudir amb tota la fam\u00edlia.\" \/>\n<meta name=\"robots\" content=\"index, follow, max-snippet:-1, max-image-preview:large, max-video-preview:-1\" \/>\n<link rel=\"canonical\" href=\"https:\/\/sagavinaestartit.com\/ca\/parc-de-la-pineda-de-estartit\/\" \/>\n<meta property=\"og:locale\" content=\"ca_ES\" \/>\n<meta property=\"og:type\" content=\"article\" \/>\n<meta property=\"og:title\" content=\"Descobreix el nou Parc de la Pineda de L\u2019Estartit | Apartaments a l&#039;Estartit\" \/>\n<meta property=\"og:description\" content=\"Gaudeix del nou del Parc de la Pineda de L\u2019Estartit! \u00c9s una zona apta per visitar i gaudir amb tota la fam\u00edlia.\" \/>\n<meta property=\"og:url\" content=\"https:\/\/sagavinaestartit.com\/ca\/parc-de-la-pineda-de-estartit\/\" \/>\n<meta property=\"og:site_name\" content=\"Apartaments a l&#039;Estartit\" \/>\n<meta property=\"article:published_time\" content=\"2023-04-18T13:54:34+00:00\" \/>\n<meta property=\"article:modified_time\" content=\"2025-10-09T11:43:21+00:00\" \/>\n<meta property=\"og:image\" content=\"https:\/\/sagavinaestartit.com\/wp-content\/uploads\/2023\/04\/Parc-la-Pineda-Estartit-scaled.webp\" \/>\n\t<meta property=\"og:image:width\" content=\"2560\" \/>\n\t<meta property=\"og:image:height\" content=\"1280\" \/>\n\t<meta property=\"og:image:type\" content=\"image\/webp\" \/>\n<meta name=\"author\" content=\"tecnico_alojapro\" \/>\n<meta name=\"twitter:card\" content=\"summary_large_image\" \/>\n<meta name=\"twitter:label1\" content=\"Escrit per\" \/>\n\t<meta name=\"twitter:data1\" content=\"tecnico_alojapro\" \/>\n\t<meta name=\"twitter:label2\" content=\"Temps estimat de lectura\" \/>\n\t<meta name=\"twitter:data2\" content=\"2 minuts\" \/>\n<script type=\"application\/ld+json\" class=\"yoast-schema-graph\">{\"@context\":\"https:\/\/schema.org\",\"@graph\":[{\"@type\":\"Article\",\"@id\":\"https:\/\/sagavinaestartit.com\/ca\/parc-de-la-pineda-de-estartit\/#article\",\"isPartOf\":{\"@id\":\"https:\/\/sagavinaestartit.com\/ca\/parc-de-la-pineda-de-estartit\/\"},\"author\":{\"name\":\"tecnico_alojapro\",\"@id\":\"https:\/\/sagavinaestartit.com\/ca\/#\/schema\/person\/72b3f9a420869474351007377bde83c0\"},\"headline\":\"Descobreix el nou Parc de la Pineda de L\u2019Estartit\",\"datePublished\":\"2023-04-18T13:54:34+00:00\",\"dateModified\":\"2025-10-09T11:43:21+00:00\",\"mainEntityOfPage\":{\"@id\":\"https:\/\/sagavinaestartit.com\/ca\/parc-de-la-pineda-de-estartit\/\"},\"wordCount\":352,\"publisher\":{\"@id\":\"https:\/\/sagavinaestartit.com\/ca\/#organization\"},\"image\":{\"@id\":\"https:\/\/sagavinaestartit.com\/ca\/parc-de-la-pineda-de-estartit\/#primaryimage\"},\"thumbnailUrl\":\"https:\/\/sagavinaestartit.com\/wp-content\/uploads\/2023\/04\/Parc-la-Pineda-Estartit-scaled.webp\",\"keywords\":[\"activitats a l'Estartit\",\"Activitats familiars\",\"Costa Brava\",\"llocs d'inter\u00e8s\",\"sortir en familia\",\"turisme de proximitat\"],\"articleSection\":[\"Costa Brava\",\"Empord\u00e0\",\"Imprescindibles\",\"Novetats\",\"Que fer amb nens\"],\"inLanguage\":\"ca\"},{\"@type\":\"WebPage\",\"@id\":\"https:\/\/sagavinaestartit.com\/ca\/parc-de-la-pineda-de-estartit\/\",\"url\":\"https:\/\/sagavinaestartit.com\/ca\/parc-de-la-pineda-de-estartit\/\",\"name\":\"Descobreix el nou Parc de la Pineda de L\u2019Estartit | Apartaments a l'Estartit\",\"isPartOf\":{\"@id\":\"https:\/\/sagavinaestartit.com\/ca\/#website\"},\"primaryImageOfPage\":{\"@id\":\"https:\/\/sagavinaestartit.com\/ca\/parc-de-la-pineda-de-estartit\/#primaryimage\"},\"image\":{\"@id\":\"https:\/\/sagavinaestartit.com\/ca\/parc-de-la-pineda-de-estartit\/#primaryimage\"},\"thumbnailUrl\":\"https:\/\/sagavinaestartit.com\/wp-content\/uploads\/2023\/04\/Parc-la-Pineda-Estartit-scaled.webp\",\"datePublished\":\"2023-04-18T13:54:34+00:00\",\"dateModified\":\"2025-10-09T11:43:21+00:00\",\"description\":\"Gaudeix del nou del Parc de la Pineda de L\u2019Estartit! \u00c9s una zona apta per visitar i gaudir amb tota la fam\u00edlia.\",\"breadcrumb\":{\"@id\":\"https:\/\/sagavinaestartit.com\/ca\/parc-de-la-pineda-de-estartit\/#breadcrumb\"},\"inLanguage\":\"ca\",\"potentialAction\":[{\"@type\":\"ReadAction\",\"target\":[\"https:\/\/sagavinaestartit.com\/ca\/parc-de-la-pineda-de-estartit\/\"]}]},{\"@type\":\"ImageObject\",\"inLanguage\":\"ca\",\"@id\":\"https:\/\/sagavinaestartit.com\/ca\/parc-de-la-pineda-de-estartit\/#primaryimage\",\"url\":\"https:\/\/sagavinaestartit.com\/wp-content\/uploads\/2023\/04\/Parc-la-Pineda-Estartit-scaled.webp\",\"contentUrl\":\"https:\/\/sagavinaestartit.com\/wp-content\/uploads\/2023\/04\/Parc-la-Pineda-Estartit-scaled.webp\",\"width\":2560,\"height\":1280,\"caption\":\"Parc la Pineda Estartit\"},{\"@type\":\"BreadcrumbList\",\"@id\":\"https:\/\/sagavinaestartit.com\/ca\/parc-de-la-pineda-de-estartit\/#breadcrumb\",\"itemListElement\":[{\"@type\":\"ListItem\",\"position\":1,\"name\":\"Portada\",\"item\":\"https:\/\/sagavinaestartit.com\/ca\/home\/\"},{\"@type\":\"ListItem\",\"position\":2,\"name\":\"Descobreix el nou Parc de la Pineda de L\u2019Estartit\"}]},{\"@type\":\"WebSite\",\"@id\":\"https:\/\/sagavinaestartit.com\/ca\/#website\",\"url\":\"https:\/\/sagavinaestartit.com\/ca\/\",\"name\":\"Sa Gavina Apartaments\",\"description\":\"Sa Gavina Apartaments\",\"publisher\":{\"@id\":\"https:\/\/sagavinaestartit.com\/ca\/#organization\"},\"potentialAction\":[{\"@type\":\"SearchAction\",\"target\":{\"@type\":\"EntryPoint\",\"urlTemplate\":\"https:\/\/sagavinaestartit.com\/ca\/?s={search_term_string}\"},\"query-input\":{\"@type\":\"PropertyValueSpecification\",\"valueRequired\":true,\"valueName\":\"search_term_string\"}}],\"inLanguage\":\"ca\"},{\"@type\":\"Organization\",\"@id\":\"https:\/\/sagavinaestartit.com\/ca\/#organization\",\"name\":\"Sa Gavina Apartaments\",\"url\":\"https:\/\/sagavinaestartit.com\/ca\/\",\"logo\":{\"@type\":\"ImageObject\",\"inLanguage\":\"ca\",\"@id\":\"https:\/\/sagavinaestartit.com\/ca\/#\/schema\/logo\/image\/\",\"url\":\"https:\/\/sagavinaestartit.com\/wp-content\/uploads\/2024\/12\/3-1.png\",\"contentUrl\":\"https:\/\/sagavinaestartit.com\/wp-content\/uploads\/2024\/12\/3-1.png\",\"width\":500,\"height\":200,\"caption\":\"Sa Gavina Apartaments\"},\"image\":{\"@id\":\"https:\/\/sagavinaestartit.com\/ca\/#\/schema\/logo\/image\/\"}},{\"@type\":\"Person\",\"@id\":\"https:\/\/sagavinaestartit.com\/ca\/#\/schema\/person\/72b3f9a420869474351007377bde83c0\",\"name\":\"tecnico_alojapro\",\"sameAs\":[\"https:\/\/sagavinaestartit.com\"]}]}<\/script>\n<!-- \/ Yoast SEO plugin. -->","yoast_head_json":{"title":"Descobreix el nou Parc de la Pineda de L\u2019Estartit | Apartaments a l'Estartit","description":"Gaudeix del nou del Parc de la Pineda de L\u2019Estartit! \u00c9s una zona apta per visitar i gaudir amb tota la fam\u00edlia.","robots":{"index":"index","follow":"follow","max-snippet":"max-snippet:-1","max-image-preview":"max-image-preview:large","max-video-preview":"max-video-preview:-1"},"canonical":"https:\/\/sagavinaestartit.com\/ca\/parc-de-la-pineda-de-estartit\/","og_locale":"ca_ES","og_type":"article","og_title":"Descobreix el nou Parc de la Pineda de L\u2019Estartit | Apartaments a l'Estartit","og_description":"Gaudeix del nou del Parc de la Pineda de L\u2019Estartit! \u00c9s una zona apta per visitar i gaudir amb tota la fam\u00edlia.","og_url":"https:\/\/sagavinaestartit.com\/ca\/parc-de-la-pineda-de-estartit\/","og_site_name":"Apartaments a l'Estartit","article_published_time":"2023-04-18T13:54:34+00:00","article_modified_time":"2025-10-09T11:43:21+00:00","og_image":[{"width":2560,"height":1280,"url":"https:\/\/sagavinaestartit.com\/wp-content\/uploads\/2023\/04\/Parc-la-Pineda-Estartit-scaled.webp","type":"image\/webp"}],"author":"tecnico_alojapro","twitter_card":"summary_large_image","twitter_misc":{"Escrit per":"tecnico_alojapro","Temps estimat de lectura":"2 minuts"},"schema":{"@context":"https:\/\/schema.org","@graph":[{"@type":"Article","@id":"https:\/\/sagavinaestartit.com\/ca\/parc-de-la-pineda-de-estartit\/#article","isPartOf":{"@id":"https:\/\/sagavinaestartit.com\/ca\/parc-de-la-pineda-de-estartit\/"},"author":{"name":"tecnico_alojapro","@id":"https:\/\/sagavinaestartit.com\/ca\/#\/schema\/person\/72b3f9a420869474351007377bde83c0"},"headline":"Descobreix el nou Parc de la Pineda de L\u2019Estartit","datePublished":"2023-04-18T13:54:34+00:00","dateModified":"2025-10-09T11:43:21+00:00","mainEntityOfPage":{"@id":"https:\/\/sagavinaestartit.com\/ca\/parc-de-la-pineda-de-estartit\/"},"wordCount":352,"publisher":{"@id":"https:\/\/sagavinaestartit.com\/ca\/#organization"},"image":{"@id":"https:\/\/sagavinaestartit.com\/ca\/parc-de-la-pineda-de-estartit\/#primaryimage"},"thumbnailUrl":"https:\/\/sagavinaestartit.com\/wp-content\/uploads\/2023\/04\/Parc-la-Pineda-Estartit-scaled.webp","keywords":["activitats a l'Estartit","Activitats familiars","Costa Brava","llocs d'inter\u00e8s","sortir en familia","turisme de proximitat"],"articleSection":["Costa Brava","Empord\u00e0","Imprescindibles","Novetats","Que fer amb nens"],"inLanguage":"ca"},{"@type":"WebPage","@id":"https:\/\/sagavinaestartit.com\/ca\/parc-de-la-pineda-de-estartit\/","url":"https:\/\/sagavinaestartit.com\/ca\/parc-de-la-pineda-de-estartit\/","name":"Descobreix el nou Parc de la Pineda de L\u2019Estartit | Apartaments a l'Estartit","isPartOf":{"@id":"https:\/\/sagavinaestartit.com\/ca\/#website"},"primaryImageOfPage":{"@id":"https:\/\/sagavinaestartit.com\/ca\/parc-de-la-pineda-de-estartit\/#primaryimage"},"image":{"@id":"https:\/\/sagavinaestartit.com\/ca\/parc-de-la-pineda-de-estartit\/#primaryimage"},"thumbnailUrl":"https:\/\/sagavinaestartit.com\/wp-content\/uploads\/2023\/04\/Parc-la-Pineda-Estartit-scaled.webp","datePublished":"2023-04-18T13:54:34+00:00","dateModified":"2025-10-09T11:43:21+00:00","description":"Gaudeix del nou del Parc de la Pineda de L\u2019Estartit! \u00c9s una zona apta per visitar i gaudir amb tota la fam\u00edlia.","breadcrumb":{"@id":"https:\/\/sagavinaestartit.com\/ca\/parc-de-la-pineda-de-estartit\/#breadcrumb"},"inLanguage":"ca","potentialAction":[{"@type":"ReadAction","target":["https:\/\/sagavinaestartit.com\/ca\/parc-de-la-pineda-de-estartit\/"]}]},{"@type":"ImageObject","inLanguage":"ca","@id":"https:\/\/sagavinaestartit.com\/ca\/parc-de-la-pineda-de-estartit\/#primaryimage","url":"https:\/\/sagavinaestartit.com\/wp-content\/uploads\/2023\/04\/Parc-la-Pineda-Estartit-scaled.webp","contentUrl":"https:\/\/sagavinaestartit.com\/wp-content\/uploads\/2023\/04\/Parc-la-Pineda-Estartit-scaled.webp","width":2560,"height":1280,"caption":"Parc la Pineda Estartit"},{"@type":"BreadcrumbList","@id":"https:\/\/sagavinaestartit.com\/ca\/parc-de-la-pineda-de-estartit\/#breadcrumb","itemListElement":[{"@type":"ListItem","position":1,"name":"Portada","item":"https:\/\/sagavinaestartit.com\/ca\/home\/"},{"@type":"ListItem","position":2,"name":"Descobreix el nou Parc de la Pineda de L\u2019Estartit"}]},{"@type":"WebSite","@id":"https:\/\/sagavinaestartit.com\/ca\/#website","url":"https:\/\/sagavinaestartit.com\/ca\/","name":"Sa Gavina Apartaments","description":"Sa Gavina Apartaments","publisher":{"@id":"https:\/\/sagavinaestartit.com\/ca\/#organization"},"potentialAction":[{"@type":"SearchAction","target":{"@type":"EntryPoint","urlTemplate":"https:\/\/sagavinaestartit.com\/ca\/?s={search_term_string}"},"query-input":{"@type":"PropertyValueSpecification","valueRequired":true,"valueName":"search_term_string"}}],"inLanguage":"ca"},{"@type":"Organization","@id":"https:\/\/sagavinaestartit.com\/ca\/#organization","name":"Sa Gavina Apartaments","url":"https:\/\/sagavinaestartit.com\/ca\/","logo":{"@type":"ImageObject","inLanguage":"ca","@id":"https:\/\/sagavinaestartit.com\/ca\/#\/schema\/logo\/image\/","url":"https:\/\/sagavinaestartit.com\/wp-content\/uploads\/2024\/12\/3-1.png","contentUrl":"https:\/\/sagavinaestartit.com\/wp-content\/uploads\/2024\/12\/3-1.png","width":500,"height":200,"caption":"Sa Gavina Apartaments"},"image":{"@id":"https:\/\/sagavinaestartit.com\/ca\/#\/schema\/logo\/image\/"}},{"@type":"Person","@id":"https:\/\/sagavinaestartit.com\/ca\/#\/schema\/person\/72b3f9a420869474351007377bde83c0","name":"tecnico_alojapro","sameAs":["https:\/\/sagavinaestartit.com"]}]}},"_links":{"self":[{"href":"https:\/\/sagavinaestartit.com\/ca\/wp-json\/wp\/v2\/posts\/34896","targetHints":{"allow":["GET"]}}],"collection":[{"href":"https:\/\/sagavinaestartit.com\/ca\/wp-json\/wp\/v2\/posts"}],"about":[{"href":"https:\/\/sagavinaestartit.com\/ca\/wp-json\/wp\/v2\/types\/post"}],"author":[{"embeddable":true,"href":"https:\/\/sagavinaestartit.com\/ca\/wp-json\/wp\/v2\/users\/1"}],"replies":[{"embeddable":true,"href":"https:\/\/sagavinaestartit.com\/ca\/wp-json\/wp\/v2\/comments?post=34896"}],"version-history":[{"count":1,"href":"https:\/\/sagavinaestartit.com\/ca\/wp-json\/wp\/v2\/posts\/34896\/revisions"}],"predecessor-version":[{"id":34899,"href":"https:\/\/sagavinaestartit.com\/ca\/wp-json\/wp\/v2\/posts\/34896\/revisions\/34899"}],"wp:featuredmedia":[{"embeddable":true,"href":"https:\/\/sagavinaestartit.com\/ca\/wp-json\/wp\/v2\/media\/33516"}],"wp:attachment":[{"href":"https:\/\/sagavinaestartit.com\/ca\/wp-json\/wp\/v2\/media?parent=34896"}],"wp:term":[{"taxonomy":"category","embeddable":true,"href":"https:\/\/sagavinaestartit.com\/ca\/wp-json\/wp\/v2\/categories?post=34896"},{"taxonomy":"post_tag","embeddable":true,"href":"https:\/\/sagavinaestartit.com\/ca\/wp-json\/wp\/v2\/tags?post=34896"}],"curies":[{"name":"wp","href":"https:\/\/api.w.org\/{rel}","templated":true}]}}