{"id":34887,"date":"2023-05-24T11:20:26","date_gmt":"2023-05-24T09:20:26","guid":{"rendered":"https:\/\/sagavinaestartit.com\/voleu-en-globus-a-l-estartit\/"},"modified":"2025-10-08T13:47:30","modified_gmt":"2025-10-08T11:47:30","slug":"vol-en-globus-estartit","status":"publish","type":"post","link":"https:\/\/sagavinaestartit.com\/ca\/vol-en-globus-estartit\/","title":{"rendered":"Voleu en globus a l\u2019 Estartit!"},"content":{"rendered":"<p><span style=\"font-weight: 400;\">Si esteu buscant una experi\u00e8ncia \u00fanica i original per gaudir durant la vostra estada als <a href=\"https:\/\/sagavinaestartit.com\/ca\/\">Apartaments Sa Gavina Gaud\u00ed a<strong> Estartit<\/strong><\/a>, res com un vol en globus sobre l&#8217;impressionant paisatge de l&#8217;<strong>Empord\u00e0<\/strong> i la <strong>Costa Brava<\/strong>. <\/span><\/p>\n<h2><b>Descobriu la m\u00e0gia d&#8217;Empord\u00e0 i d&#8217;Estartit des de l&#8217;aire<\/b><\/h2>\n<p><span style=\"font-weight: 400;\">Durant la vostra estada als <\/span><b>Apartaments Sa Gavina Gaud\u00ed<\/b><span style=\"font-weight: 400;\"> a l&#8217; <\/span><b>Estartit<\/b><span style=\"font-weight: 400;\"> trobareu una gran varietat d&#8217;activitats per realitzar. Una de les m\u00e9s emocionants i des de la qual podreu observar tot el territori a partir d&#8217;una perspectiva diferent i \u00fanica \u00e9s el vol en globus. L&#8217;empresa <strong><br \/>\n<a href=\"https:\/\/www.globusemporda.com\/\">Globus Empord\u00e0<\/a><br \/>\n<\/strong> compta amb m\u00e9s de 23 anys d&#8217;experi\u00e8ncia a la zona. <\/span><\/p>\n<h3><b><strong>Com ser\u00e0 el vol sobre Estartit i l&#8217;Empord\u00e0?<\/strong><\/b><\/h3>\n<p>L&#8217;aventura comen\u00e7a a primera hora del mat\u00ed, entre les 6.30 i les 8.00 h, des de Colomers, a pocs minuts d&#8217;Estartit. Podreu observar com es prepara el globus, com s&#8217;infla lentament fins a adoptar la seva majestuosa forma i, finalment, com s&#8217;eleva suaument cap al cel.<\/p>\n<p>Durant el vol, arribar\u00e0 a una altitud d&#8217;entre 500 i 1.200 metres, gaudint d&#8217;una sensaci\u00f3 indescriptible de llibertat i serenitat mentre el vent us guiar\u00e0 sobre el paisatge.<\/p>\n<h3><strong>Paisatges que us deixaran sense al\u00e8<\/strong><\/h3>\n<p>Flotar amb globus sobre l&#8217;Empord\u00e0 \u00e9s una experi\u00e8ncia que combina tranquil\u00b7litat, bellesa i emoci\u00f3. Des de l&#8217;aire podreu contemplar:<\/p>\n<ul>\n<li>Muntanyes, camps i boscos que s&#8217;estenen fins a l&#8217;horitz\u00f3.<\/li>\n<li>Encantadors pobles medievals, vinyes i oliverars que formen part de l&#8217;\u00e0nima de l&#8217;Empord\u00e0.<\/li>\n<li>I, en apropar-se a la costa, les platges i cales cristal\u00b7lines d&#8217;Estartit i les Illes Medes, que completen un panorama de somni.<\/li>\n<\/ul>\n<p>Cada minut de vol es converteix en una postal viva: un espectacle de colors, llum i silenci que us connectar\u00e0 amb la natura d&#8217;una manera m\u00e0gica.<\/p>\n<h3><strong>Una experi\u00e8ncia per recordar<\/strong><\/h3>\n<p>Un vol amb globus sobre l&#8217;Empord\u00e0 \u00e9s molt m\u00e9s que una activitat: \u00e9s una experi\u00e8ncia que quedar\u00e0 gravada a la mem\u00f2ria. Perfecta per a parelles, fam\u00edlies o aventurers, combina l\u00b4emoci\u00f3 de volar amb la calma de contemplar un dels paisatges m\u00e9s bells de Catalunya.<\/p>\n<p>Si busqueu una experi\u00e8ncia inoblidable, plena de bellesa natural i aventura, no perdeu l&#8217;oportunitat de descobrir l&#8217;Empord\u00e0 des de les altures.<\/p>\n<p>\u00a1Prepareu-vos per viure un moment \u00fanic durant la vostra estada als nostres <a href=\"https:\/\/sagavinaestartit.com\/ca\/\">Apartaments a l&#8217;Estartit<\/a>, Sa Gavina Gaud\u00ed a Estartit!<\/p>\n","protected":false},"excerpt":{"rendered":"<p>Si esteu buscant una experi\u00e8ncia \u00fanica i original per gaudir durant la vostra estada als Apartaments Sa Gavina Gaud\u00ed a Estartit, res com un vol en globus sobre l&#8217;impressionant paisatge de l&#8217;Empord\u00e0 i la Costa Brava. Descobriu la m\u00e0gia d&#8217;Empord\u00e0  [&#8230;]<\/p>\n","protected":false},"author":1,"featured_media":33496,"comment_status":"closed","ping_status":"closed","sticky":false,"template":"","format":"standard","meta":{"footnotes":""},"categories":[116,675,676,677,439],"tags":[212,532,634,202,508,505,790],"class_list":["post-34887","post","type-post","status-publish","format-standard","has-post-thumbnail","hentry","category-activitats-a-lestartit","category-costa-brava","category-emporda","category-excursion-1-dia","category-imprescindibles","tag-activitats-a-lestartit","tag-costa-brava-ca","tag-illes-medes-ca","tag-llocs-dinteres","tag-sa-gavina-ca","tag-turisme-de-proximitat","tag-vol-en-globus"],"yoast_head":"<!-- This site is optimized with the Yoast SEO plugin v27.1.1 - https:\/\/yoast.com\/product\/yoast-seo-wordpress\/ -->\n<title>Voleu en globus a l\u2019 Estartit! | Apartaments a l&#039;Estartit<\/title>\n<meta name=\"description\" content=\"Visqui una experi\u00e8ncia \u00fanica a Estartit: un vol amb globus sobre l&#039;Empord\u00e0 i la Costa Brava Descobriu paisatges incre\u00efbles des de l&#039;aire.\" \/>\n<meta name=\"robots\" content=\"index, follow, max-snippet:-1, max-image-preview:large, max-video-preview:-1\" \/>\n<link rel=\"canonical\" href=\"https:\/\/sagavinaestartit.com\/ca\/vol-en-globus-estartit\/\" \/>\n<meta property=\"og:locale\" content=\"ca_ES\" \/>\n<meta property=\"og:type\" content=\"article\" \/>\n<meta property=\"og:title\" content=\"Voleu en globus a l\u2019 Estartit! | Apartaments a l&#039;Estartit\" \/>\n<meta property=\"og:description\" content=\"Visqui una experi\u00e8ncia \u00fanica a Estartit: un vol amb globus sobre l&#039;Empord\u00e0 i la Costa Brava Descobriu paisatges incre\u00efbles des de l&#039;aire.\" \/>\n<meta property=\"og:url\" content=\"https:\/\/sagavinaestartit.com\/ca\/vol-en-globus-estartit\/\" \/>\n<meta property=\"og:site_name\" content=\"Apartaments a l&#039;Estartit\" \/>\n<meta property=\"article:published_time\" content=\"2023-05-24T09:20:26+00:00\" \/>\n<meta property=\"article:modified_time\" content=\"2025-10-08T11:47:30+00:00\" \/>\n<meta property=\"og:image\" content=\"https:\/\/sagavinaestartit.com\/wp-content\/uploads\/2023\/05\/Vuelo-en-globo-800x518-1.webp\" \/>\n\t<meta property=\"og:image:width\" content=\"800\" \/>\n\t<meta property=\"og:image:height\" content=\"518\" \/>\n\t<meta property=\"og:image:type\" content=\"image\/webp\" \/>\n<meta name=\"author\" content=\"tecnico_alojapro\" \/>\n<meta name=\"twitter:card\" content=\"summary_large_image\" \/>\n<meta name=\"twitter:label1\" content=\"Escrit per\" \/>\n\t<meta name=\"twitter:data1\" content=\"tecnico_alojapro\" \/>\n\t<meta name=\"twitter:label2\" content=\"Temps estimat de lectura\" \/>\n\t<meta name=\"twitter:data2\" content=\"2 minuts\" \/>\n<script type=\"application\/ld+json\" class=\"yoast-schema-graph\">{\"@context\":\"https:\/\/schema.org\",\"@graph\":[{\"@type\":\"Article\",\"@id\":\"https:\/\/sagavinaestartit.com\/ca\/vol-en-globus-estartit\/#article\",\"isPartOf\":{\"@id\":\"https:\/\/sagavinaestartit.com\/ca\/vol-en-globus-estartit\/\"},\"author\":{\"name\":\"tecnico_alojapro\",\"@id\":\"https:\/\/sagavinaestartit.com\/ca\/#\/schema\/person\/72b3f9a420869474351007377bde83c0\"},\"headline\":\"Voleu en globus a l\u2019 Estartit!\",\"datePublished\":\"2023-05-24T09:20:26+00:00\",\"dateModified\":\"2025-10-08T11:47:30+00:00\",\"mainEntityOfPage\":{\"@id\":\"https:\/\/sagavinaestartit.com\/ca\/vol-en-globus-estartit\/\"},\"wordCount\":417,\"publisher\":{\"@id\":\"https:\/\/sagavinaestartit.com\/ca\/#organization\"},\"image\":{\"@id\":\"https:\/\/sagavinaestartit.com\/ca\/vol-en-globus-estartit\/#primaryimage\"},\"thumbnailUrl\":\"https:\/\/sagavinaestartit.com\/wp-content\/uploads\/2023\/05\/Vuelo-en-globo-800x518-1.webp\",\"keywords\":[\"activitats a l'Estartit\",\"Costa Brava\",\"illes medes\",\"llocs d'inter\u00e8s\",\"Sa gavina\",\"turisme de proximitat\",\"vol en globus\"],\"articleSection\":[\"Activitats a l'Estartit\",\"Costa Brava\",\"Empord\u00e0\",\"Excursi\u00f3n 1 d\u00eda\",\"Imprescindibles\"],\"inLanguage\":\"ca\"},{\"@type\":\"WebPage\",\"@id\":\"https:\/\/sagavinaestartit.com\/ca\/vol-en-globus-estartit\/\",\"url\":\"https:\/\/sagavinaestartit.com\/ca\/vol-en-globus-estartit\/\",\"name\":\"Voleu en globus a l\u2019 Estartit! | Apartaments a l'Estartit\",\"isPartOf\":{\"@id\":\"https:\/\/sagavinaestartit.com\/ca\/#website\"},\"primaryImageOfPage\":{\"@id\":\"https:\/\/sagavinaestartit.com\/ca\/vol-en-globus-estartit\/#primaryimage\"},\"image\":{\"@id\":\"https:\/\/sagavinaestartit.com\/ca\/vol-en-globus-estartit\/#primaryimage\"},\"thumbnailUrl\":\"https:\/\/sagavinaestartit.com\/wp-content\/uploads\/2023\/05\/Vuelo-en-globo-800x518-1.webp\",\"datePublished\":\"2023-05-24T09:20:26+00:00\",\"dateModified\":\"2025-10-08T11:47:30+00:00\",\"description\":\"Visqui una experi\u00e8ncia \u00fanica a Estartit: un vol amb globus sobre l'Empord\u00e0 i la Costa Brava Descobriu paisatges incre\u00efbles des de l'aire.\",\"breadcrumb\":{\"@id\":\"https:\/\/sagavinaestartit.com\/ca\/vol-en-globus-estartit\/#breadcrumb\"},\"inLanguage\":\"ca\",\"potentialAction\":[{\"@type\":\"ReadAction\",\"target\":[\"https:\/\/sagavinaestartit.com\/ca\/vol-en-globus-estartit\/\"]}]},{\"@type\":\"ImageObject\",\"inLanguage\":\"ca\",\"@id\":\"https:\/\/sagavinaestartit.com\/ca\/vol-en-globus-estartit\/#primaryimage\",\"url\":\"https:\/\/sagavinaestartit.com\/wp-content\/uploads\/2023\/05\/Vuelo-en-globo-800x518-1.webp\",\"contentUrl\":\"https:\/\/sagavinaestartit.com\/wp-content\/uploads\/2023\/05\/Vuelo-en-globo-800x518-1.webp\",\"width\":800,\"height\":518,\"caption\":\"Vuelo-en-globo\"},{\"@type\":\"BreadcrumbList\",\"@id\":\"https:\/\/sagavinaestartit.com\/ca\/vol-en-globus-estartit\/#breadcrumb\",\"itemListElement\":[{\"@type\":\"ListItem\",\"position\":1,\"name\":\"Portada\",\"item\":\"https:\/\/sagavinaestartit.com\/ca\/home\/\"},{\"@type\":\"ListItem\",\"position\":2,\"name\":\"Voleu en globus a l\u2019 Estartit!\"}]},{\"@type\":\"WebSite\",\"@id\":\"https:\/\/sagavinaestartit.com\/ca\/#website\",\"url\":\"https:\/\/sagavinaestartit.com\/ca\/\",\"name\":\"Sa Gavina Apartaments\",\"description\":\"Sa Gavina Apartaments\",\"publisher\":{\"@id\":\"https:\/\/sagavinaestartit.com\/ca\/#organization\"},\"potentialAction\":[{\"@type\":\"SearchAction\",\"target\":{\"@type\":\"EntryPoint\",\"urlTemplate\":\"https:\/\/sagavinaestartit.com\/ca\/?s={search_term_string}\"},\"query-input\":{\"@type\":\"PropertyValueSpecification\",\"valueRequired\":true,\"valueName\":\"search_term_string\"}}],\"inLanguage\":\"ca\"},{\"@type\":\"Organization\",\"@id\":\"https:\/\/sagavinaestartit.com\/ca\/#organization\",\"name\":\"Sa Gavina Apartaments\",\"url\":\"https:\/\/sagavinaestartit.com\/ca\/\",\"logo\":{\"@type\":\"ImageObject\",\"inLanguage\":\"ca\",\"@id\":\"https:\/\/sagavinaestartit.com\/ca\/#\/schema\/logo\/image\/\",\"url\":\"https:\/\/sagavinaestartit.com\/wp-content\/uploads\/2024\/12\/3-1.png\",\"contentUrl\":\"https:\/\/sagavinaestartit.com\/wp-content\/uploads\/2024\/12\/3-1.png\",\"width\":500,\"height\":200,\"caption\":\"Sa Gavina Apartaments\"},\"image\":{\"@id\":\"https:\/\/sagavinaestartit.com\/ca\/#\/schema\/logo\/image\/\"}},{\"@type\":\"Person\",\"@id\":\"https:\/\/sagavinaestartit.com\/ca\/#\/schema\/person\/72b3f9a420869474351007377bde83c0\",\"name\":\"tecnico_alojapro\",\"sameAs\":[\"https:\/\/sagavinaestartit.com\"]}]}<\/script>\n<!-- \/ Yoast SEO plugin. -->","yoast_head_json":{"title":"Voleu en globus a l\u2019 Estartit! | Apartaments a l'Estartit","description":"Visqui una experi\u00e8ncia \u00fanica a Estartit: un vol amb globus sobre l'Empord\u00e0 i la Costa Brava Descobriu paisatges incre\u00efbles des de l'aire.","robots":{"index":"index","follow":"follow","max-snippet":"max-snippet:-1","max-image-preview":"max-image-preview:large","max-video-preview":"max-video-preview:-1"},"canonical":"https:\/\/sagavinaestartit.com\/ca\/vol-en-globus-estartit\/","og_locale":"ca_ES","og_type":"article","og_title":"Voleu en globus a l\u2019 Estartit! | Apartaments a l'Estartit","og_description":"Visqui una experi\u00e8ncia \u00fanica a Estartit: un vol amb globus sobre l'Empord\u00e0 i la Costa Brava Descobriu paisatges incre\u00efbles des de l'aire.","og_url":"https:\/\/sagavinaestartit.com\/ca\/vol-en-globus-estartit\/","og_site_name":"Apartaments a l'Estartit","article_published_time":"2023-05-24T09:20:26+00:00","article_modified_time":"2025-10-08T11:47:30+00:00","og_image":[{"width":800,"height":518,"url":"https:\/\/sagavinaestartit.com\/wp-content\/uploads\/2023\/05\/Vuelo-en-globo-800x518-1.webp","type":"image\/webp"}],"author":"tecnico_alojapro","twitter_card":"summary_large_image","twitter_misc":{"Escrit per":"tecnico_alojapro","Temps estimat de lectura":"2 minuts"},"schema":{"@context":"https:\/\/schema.org","@graph":[{"@type":"Article","@id":"https:\/\/sagavinaestartit.com\/ca\/vol-en-globus-estartit\/#article","isPartOf":{"@id":"https:\/\/sagavinaestartit.com\/ca\/vol-en-globus-estartit\/"},"author":{"name":"tecnico_alojapro","@id":"https:\/\/sagavinaestartit.com\/ca\/#\/schema\/person\/72b3f9a420869474351007377bde83c0"},"headline":"Voleu en globus a l\u2019 Estartit!","datePublished":"2023-05-24T09:20:26+00:00","dateModified":"2025-10-08T11:47:30+00:00","mainEntityOfPage":{"@id":"https:\/\/sagavinaestartit.com\/ca\/vol-en-globus-estartit\/"},"wordCount":417,"publisher":{"@id":"https:\/\/sagavinaestartit.com\/ca\/#organization"},"image":{"@id":"https:\/\/sagavinaestartit.com\/ca\/vol-en-globus-estartit\/#primaryimage"},"thumbnailUrl":"https:\/\/sagavinaestartit.com\/wp-content\/uploads\/2023\/05\/Vuelo-en-globo-800x518-1.webp","keywords":["activitats a l'Estartit","Costa Brava","illes medes","llocs d'inter\u00e8s","Sa gavina","turisme de proximitat","vol en globus"],"articleSection":["Activitats a l'Estartit","Costa Brava","Empord\u00e0","Excursi\u00f3n 1 d\u00eda","Imprescindibles"],"inLanguage":"ca"},{"@type":"WebPage","@id":"https:\/\/sagavinaestartit.com\/ca\/vol-en-globus-estartit\/","url":"https:\/\/sagavinaestartit.com\/ca\/vol-en-globus-estartit\/","name":"Voleu en globus a l\u2019 Estartit! | Apartaments a l'Estartit","isPartOf":{"@id":"https:\/\/sagavinaestartit.com\/ca\/#website"},"primaryImageOfPage":{"@id":"https:\/\/sagavinaestartit.com\/ca\/vol-en-globus-estartit\/#primaryimage"},"image":{"@id":"https:\/\/sagavinaestartit.com\/ca\/vol-en-globus-estartit\/#primaryimage"},"thumbnailUrl":"https:\/\/sagavinaestartit.com\/wp-content\/uploads\/2023\/05\/Vuelo-en-globo-800x518-1.webp","datePublished":"2023-05-24T09:20:26+00:00","dateModified":"2025-10-08T11:47:30+00:00","description":"Visqui una experi\u00e8ncia \u00fanica a Estartit: un vol amb globus sobre l'Empord\u00e0 i la Costa Brava Descobriu paisatges incre\u00efbles des de l'aire.","breadcrumb":{"@id":"https:\/\/sagavinaestartit.com\/ca\/vol-en-globus-estartit\/#breadcrumb"},"inLanguage":"ca","potentialAction":[{"@type":"ReadAction","target":["https:\/\/sagavinaestartit.com\/ca\/vol-en-globus-estartit\/"]}]},{"@type":"ImageObject","inLanguage":"ca","@id":"https:\/\/sagavinaestartit.com\/ca\/vol-en-globus-estartit\/#primaryimage","url":"https:\/\/sagavinaestartit.com\/wp-content\/uploads\/2023\/05\/Vuelo-en-globo-800x518-1.webp","contentUrl":"https:\/\/sagavinaestartit.com\/wp-content\/uploads\/2023\/05\/Vuelo-en-globo-800x518-1.webp","width":800,"height":518,"caption":"Vuelo-en-globo"},{"@type":"BreadcrumbList","@id":"https:\/\/sagavinaestartit.com\/ca\/vol-en-globus-estartit\/#breadcrumb","itemListElement":[{"@type":"ListItem","position":1,"name":"Portada","item":"https:\/\/sagavinaestartit.com\/ca\/home\/"},{"@type":"ListItem","position":2,"name":"Voleu en globus a l\u2019 Estartit!"}]},{"@type":"WebSite","@id":"https:\/\/sagavinaestartit.com\/ca\/#website","url":"https:\/\/sagavinaestartit.com\/ca\/","name":"Sa Gavina Apartaments","description":"Sa Gavina Apartaments","publisher":{"@id":"https:\/\/sagavinaestartit.com\/ca\/#organization"},"potentialAction":[{"@type":"SearchAction","target":{"@type":"EntryPoint","urlTemplate":"https:\/\/sagavinaestartit.com\/ca\/?s={search_term_string}"},"query-input":{"@type":"PropertyValueSpecification","valueRequired":true,"valueName":"search_term_string"}}],"inLanguage":"ca"},{"@type":"Organization","@id":"https:\/\/sagavinaestartit.com\/ca\/#organization","name":"Sa Gavina Apartaments","url":"https:\/\/sagavinaestartit.com\/ca\/","logo":{"@type":"ImageObject","inLanguage":"ca","@id":"https:\/\/sagavinaestartit.com\/ca\/#\/schema\/logo\/image\/","url":"https:\/\/sagavinaestartit.com\/wp-content\/uploads\/2024\/12\/3-1.png","contentUrl":"https:\/\/sagavinaestartit.com\/wp-content\/uploads\/2024\/12\/3-1.png","width":500,"height":200,"caption":"Sa Gavina Apartaments"},"image":{"@id":"https:\/\/sagavinaestartit.com\/ca\/#\/schema\/logo\/image\/"}},{"@type":"Person","@id":"https:\/\/sagavinaestartit.com\/ca\/#\/schema\/person\/72b3f9a420869474351007377bde83c0","name":"tecnico_alojapro","sameAs":["https:\/\/sagavinaestartit.com"]}]}},"_links":{"self":[{"href":"https:\/\/sagavinaestartit.com\/ca\/wp-json\/wp\/v2\/posts\/34887","targetHints":{"allow":["GET"]}}],"collection":[{"href":"https:\/\/sagavinaestartit.com\/ca\/wp-json\/wp\/v2\/posts"}],"about":[{"href":"https:\/\/sagavinaestartit.com\/ca\/wp-json\/wp\/v2\/types\/post"}],"author":[{"embeddable":true,"href":"https:\/\/sagavinaestartit.com\/ca\/wp-json\/wp\/v2\/users\/1"}],"replies":[{"embeddable":true,"href":"https:\/\/sagavinaestartit.com\/ca\/wp-json\/wp\/v2\/comments?post=34887"}],"version-history":[{"count":1,"href":"https:\/\/sagavinaestartit.com\/ca\/wp-json\/wp\/v2\/posts\/34887\/revisions"}],"predecessor-version":[{"id":34892,"href":"https:\/\/sagavinaestartit.com\/ca\/wp-json\/wp\/v2\/posts\/34887\/revisions\/34892"}],"wp:featuredmedia":[{"embeddable":true,"href":"https:\/\/sagavinaestartit.com\/ca\/wp-json\/wp\/v2\/media\/33496"}],"wp:attachment":[{"href":"https:\/\/sagavinaestartit.com\/ca\/wp-json\/wp\/v2\/media?parent=34887"}],"wp:term":[{"taxonomy":"category","embeddable":true,"href":"https:\/\/sagavinaestartit.com\/ca\/wp-json\/wp\/v2\/categories?post=34887"},{"taxonomy":"post_tag","embeddable":true,"href":"https:\/\/sagavinaestartit.com\/ca\/wp-json\/wp\/v2\/tags?post=34887"}],"curies":[{"name":"wp","href":"https:\/\/api.w.org\/{rel}","templated":true}]}}